{"id":28620,"date":"2022-05-30T14:53:20","date_gmt":"2022-05-30T12:53:20","guid":{"rendered":"https:\/\/kulturonline.tv\/?p=28620"},"modified":"2022-06-18T20:22:16","modified_gmt":"2022-06-18T18:22:16","slug":"schriftsteller-boris-pahor-mit-108-jahren-gestorben","status":"publish","type":"post","link":"https:\/\/kulturonline.tv\/at\/schriftsteller-boris-pahor-mit-108-jahren-gestorben\/","title":{"rendered":"Schriftsteller Boris Pahor mit 108 Jahren gestorben"},"content":{"rendered":"\n<p><strong>Der der slowenischen Minderheit zugeh\u00f6rige italienische Schriftsteller Boris Pahor ist im Alter von 108 Jahren gestorben.<\/strong><\/p>\n\n\n\n<figure class=\"wp-block-image size-full is-resized\"><img decoding=\"async\" src=\"https:\/\/kulturonline.tv\/wp-content\/uploads\/2022\/05\/Kultur-news-edited.jpg\" alt=\"\" class=\"wp-image-28677\" width=\"842\" srcset=\"https:\/\/kulturonline.tv\/wp-content\/uploads\/2022\/05\/Kultur-news-edited.jpg 599w, https:\/\/kulturonline.tv\/wp-content\/uploads\/2022\/05\/Kultur-news-edited-416x234.jpg 416w\" sizes=\"(max-width: 599px) 100vw, 599px\" \/><\/figure>\n\n\n\n<p>Der in Triest geborene Literat war noch im Zeitalter der Habsburger im Jahr 1913 zur Welt gekommen ist. Zuletzt hatte sich Pahors Gesundheitszustand wesentlich verschlechtert.<\/p>\n\n\n\n<p>Boris Pahor, der in dem Triester Vorort Prosecco lebte, gilt als der international bekanntester Vertreter der kritischen slowenischen Gegenwartsliteratur. Nach dem Anschluss Triests an Italien 1918 musste der zur slowenischen Minderheit geh\u00f6rende Pahor 1920 mit ansehen, wie die Faschisten das slowenische Kulturhaus (Narodni Dom) anz\u00fcndeten. Nach dem Besuch der slowenischen Volksschule war ihm der Gebrauch der Muttersprache unter dem faschistischen Diktator Benito Mussolini verboten.<\/p>\n\n\n\n<p>Pahor besuchte das Gymnasium in Koper und das Priesterseminar in G\u00f6rz, wo er zwei Jahre lang Theologie studierte. Er war w\u00e4hrend des Zweiten Weltkriegs in vier NS-Konzentrationslagern interniert. Seine damaligen Erlebnisse hat er in dem von Literaturkritikern hochgelobten Werk &#8222;Nekropolis&#8220; verarbeitet. Zu seinen Werken, die in deutscher \u00dcbersetzung vorliegen, z\u00e4hlen &#8222;Villa am See&#8220;, &#8222;Die Verdunkelung&#8220;, &#8222;Nomaden ohne Oase&#8220;, &#8222;Im Labyrinth&#8220; und &#8222;Geheime Sprachgeschenke&#8220;.<\/p>\n\n\n\n<p>\u00dcber viele Jahre war er Herausgeber der Zeitschrift &#8222;Zaliv&#8220; (&#8222;Die Bucht&#8220;). 2004 begann der Kitab-Verlag in Klagenfurt mit der systematischen Herausgabe seines Werks in deutscher \u00dcbersetzung. Novellen wurden auch ins Ungarische und Serbokroatische \u00fcbersetzt.<\/p>\n\n\n\n<p>Im Jahr 2007 wurde Pahor vom damaligen franz\u00f6sischen Pr\u00e4sidenten Jacques Chirac zum Ritter der Ehrenlegion geschlagen. Das ist die rangh\u00f6chste Auszeichnung des Landes. Seit 2009 war er ordentliches Mitglied der Slowenischen Akademie der Wissenschaften und K\u00fcnste. 2010 wurde er mit dem \u00d6sterreichischen Ehrenkreuz f\u00fcr Wissenschaft und Kunst ausgezeichnet. Anl\u00e4sslich seines 108. Geburtstags im vergangenen August hatte er einen Besuch des italienischen Journalisten Walter Chiereghin, der ihm sein neu erschienenes Buch mit dem Titel &#8222;Boris Pahor, Schriftsteller ohne Grenzen&#8220; \u00fcberreichte.<\/p>\n\n\n\n<p>Kultur Online TV<\/p>\n\n\n\n<p>#news #kunst #kultur<\/p>\n\n\n\n<p><\/p>\n\n\n\n<p><\/p>\n","protected":false},"excerpt":{"rendered":"<p>Der der slowenischen Minderheit zugeh\u00f6rige italienische Schriftsteller Boris Pahor ist im Alter von 108 Jahren gestorben. Der in Triest geborene Literat war noch im Zeitalter der Habsburger im Jahr 1913 zur Welt gekommen ist. Zuletzt hatte sich Pahors Gesundheitszustand wesentlich verschlechtert. Boris Pahor, der in dem Triester Vorort Prosecco lebte, gilt als der international bekanntester [&hellip;]<\/p>\n","protected":false},"author":2,"featured_media":28677,"comment_status":"closed","ping_status":"closed","sticky":false,"template":"","format":"standard","meta":{"_acf_changed":false,"footnotes":""},"categories":[133,118],"tags":[],"class_list":["post-28620","post","type-post","status-publish","format-standard","has-post-thumbnail","hentry","category-literatur","category-uncategorized"],"acf":[],"yoast_head":"<!-- This site is optimized with the Yoast SEO plugin v26.1.1 - https:\/\/yoast.com\/wordpress\/plugins\/seo\/ -->\n<title>Schriftsteller Boris Pahor mit 108 Jahren gestorben - Kultur Online TV &amp; FM<\/title>\n<meta name=\"description\" content=\"Der in Triest geborene Literat war noch im Zeitalter der Habsburger im Jahr 1913 zur Welt gekommen ist.\" \/>\n<meta name=\"robots\" content=\"index, follow, max-snippet:-1, max-image-preview:large, max-video-preview:-1\" \/>\n<link rel=\"canonical\" href=\"https:\/\/kulturonline.tv\/at\/schriftsteller-boris-pahor-mit-108-jahren-gestorben\/\" \/>\n<meta property=\"og:locale\" content=\"de_DE\" \/>\n<meta property=\"og:type\" content=\"article\" \/>\n<meta property=\"og:title\" content=\"Schriftsteller Boris Pahor mit 108 Jahren gestorben - Kultur Online TV &amp; FM\" \/>\n<meta property=\"og:description\" content=\"Der in Triest geborene Literat war noch im Zeitalter der Habsburger im Jahr 1913 zur Welt gekommen ist.\" \/>\n<meta property=\"og:url\" content=\"https:\/\/kulturonline.tv\/at\/schriftsteller-boris-pahor-mit-108-jahren-gestorben\/\" \/>\n<meta property=\"og:site_name\" content=\"Kultur Online TV &amp; FM\" \/>\n<meta property=\"article:publisher\" content=\"https:\/\/www.facebook.com\/kulturonline.tv\" \/>\n<meta property=\"article:published_time\" content=\"2022-05-30T12:53:20+00:00\" \/>\n<meta property=\"article:modified_time\" content=\"2022-06-18T18:22:16+00:00\" \/>\n<meta property=\"og:image\" content=\"https:\/\/kulturonline.tv\/wp-content\/uploads\/2022\/05\/Kultur-news-edited.jpg\" \/>\n\t<meta property=\"og:image:width\" content=\"599\" \/>\n\t<meta property=\"og:image:height\" content=\"337\" \/>\n\t<meta property=\"og:image:type\" content=\"image\/jpeg\" \/>\n<meta name=\"author\" content=\"guenter.wolfgang\" \/>\n<meta name=\"twitter:card\" content=\"summary_large_image\" \/>\n<meta name=\"twitter:label1\" content=\"Verfasst von\" \/>\n\t<meta name=\"twitter:data1\" content=\"guenter.wolfgang\" \/>\n\t<meta name=\"twitter:label2\" content=\"Gesch\u00e4tzte Lesezeit\" \/>\n\t<meta name=\"twitter:data2\" content=\"2 Minuten\" \/>\n<script type=\"application\/ld+json\" class=\"yoast-schema-graph\">{\"@context\":\"https:\/\/schema.org\",\"@graph\":[{\"@type\":\"Article\",\"@id\":\"https:\/\/kulturonline.tv\/at\/schriftsteller-boris-pahor-mit-108-jahren-gestorben\/#article\",\"isPartOf\":{\"@id\":\"https:\/\/kulturonline.tv\/at\/schriftsteller-boris-pahor-mit-108-jahren-gestorben\/\"},\"author\":{\"name\":\"guenter.wolfgang\",\"@id\":\"https:\/\/kulturonline.tv\/at\/#\/schema\/person\/b0fac729bb9a0c193fb1df23449df4fe\"},\"headline\":\"Schriftsteller Boris Pahor mit 108 Jahren gestorben\",\"datePublished\":\"2022-05-30T12:53:20+00:00\",\"dateModified\":\"2022-06-18T18:22:16+00:00\",\"mainEntityOfPage\":{\"@id\":\"https:\/\/kulturonline.tv\/at\/schriftsteller-boris-pahor-mit-108-jahren-gestorben\/\"},\"wordCount\":296,\"publisher\":{\"@id\":\"https:\/\/kulturonline.tv\/at\/#organization\"},\"image\":{\"@id\":\"https:\/\/kulturonline.tv\/at\/schriftsteller-boris-pahor-mit-108-jahren-gestorben\/#primaryimage\"},\"thumbnailUrl\":\"https:\/\/kulturonline.tv\/wp-content\/uploads\/2022\/05\/Kultur-news-edited.jpg\",\"articleSection\":[\"Literatur\",\"Uncategorized @at\"],\"inLanguage\":\"de-AT\"},{\"@type\":\"WebPage\",\"@id\":\"https:\/\/kulturonline.tv\/at\/schriftsteller-boris-pahor-mit-108-jahren-gestorben\/\",\"url\":\"https:\/\/kulturonline.tv\/at\/schriftsteller-boris-pahor-mit-108-jahren-gestorben\/\",\"name\":\"Schriftsteller Boris Pahor mit 108 Jahren gestorben - Kultur Online TV &amp; FM\",\"isPartOf\":{\"@id\":\"https:\/\/kulturonline.tv\/at\/#website\"},\"primaryImageOfPage\":{\"@id\":\"https:\/\/kulturonline.tv\/at\/schriftsteller-boris-pahor-mit-108-jahren-gestorben\/#primaryimage\"},\"image\":{\"@id\":\"https:\/\/kulturonline.tv\/at\/schriftsteller-boris-pahor-mit-108-jahren-gestorben\/#primaryimage\"},\"thumbnailUrl\":\"https:\/\/kulturonline.tv\/wp-content\/uploads\/2022\/05\/Kultur-news-edited.jpg\",\"datePublished\":\"2022-05-30T12:53:20+00:00\",\"dateModified\":\"2022-06-18T18:22:16+00:00\",\"description\":\"Der in Triest geborene Literat war noch im Zeitalter der Habsburger im Jahr 1913 zur Welt gekommen ist.\",\"breadcrumb\":{\"@id\":\"https:\/\/kulturonline.tv\/at\/schriftsteller-boris-pahor-mit-108-jahren-gestorben\/#breadcrumb\"},\"inLanguage\":\"de-AT\",\"potentialAction\":[{\"@type\":\"ReadAction\",\"target\":[\"https:\/\/kulturonline.tv\/at\/schriftsteller-boris-pahor-mit-108-jahren-gestorben\/\"]}]},{\"@type\":\"ImageObject\",\"inLanguage\":\"de-AT\",\"@id\":\"https:\/\/kulturonline.tv\/at\/schriftsteller-boris-pahor-mit-108-jahren-gestorben\/#primaryimage\",\"url\":\"https:\/\/kulturonline.tv\/wp-content\/uploads\/2022\/05\/Kultur-news-edited.jpg\",\"contentUrl\":\"https:\/\/kulturonline.tv\/wp-content\/uploads\/2022\/05\/Kultur-news-edited.jpg\",\"width\":599,\"height\":337},{\"@type\":\"BreadcrumbList\",\"@id\":\"https:\/\/kulturonline.tv\/at\/schriftsteller-boris-pahor-mit-108-jahren-gestorben\/#breadcrumb\",\"itemListElement\":[{\"@type\":\"ListItem\",\"position\":1,\"name\":\"Startseite\",\"item\":\"https:\/\/kulturonline.tv\/at\/\"},{\"@type\":\"ListItem\",\"position\":2,\"name\":\"Schriftsteller Boris Pahor mit 108 Jahren gestorben\"}]},{\"@type\":\"WebSite\",\"@id\":\"https:\/\/kulturonline.tv\/at\/#website\",\"url\":\"https:\/\/kulturonline.tv\/at\/\",\"name\":\"Kultur Online TV &amp; FM\",\"description\":\"Wir sind Kultur 2.0 zum sehen &amp; h\u00f6ren\",\"publisher\":{\"@id\":\"https:\/\/kulturonline.tv\/at\/#organization\"},\"potentialAction\":[{\"@type\":\"SearchAction\",\"target\":{\"@type\":\"EntryPoint\",\"urlTemplate\":\"https:\/\/kulturonline.tv\/at\/?s={search_term_string}\"},\"query-input\":{\"@type\":\"PropertyValueSpecification\",\"valueRequired\":true,\"valueName\":\"search_term_string\"}}],\"inLanguage\":\"de-AT\"},{\"@type\":\"Organization\",\"@id\":\"https:\/\/kulturonline.tv\/at\/#organization\",\"name\":\"Kultur Online TV\",\"url\":\"https:\/\/kulturonline.tv\/at\/\",\"logo\":{\"@type\":\"ImageObject\",\"inLanguage\":\"de-AT\",\"@id\":\"https:\/\/kulturonline.tv\/at\/#\/schema\/logo\/image\/\",\"url\":\"https:\/\/kulturonline.tv\/wp-content\/uploads\/2021\/08\/Kultur-Online-Tv-Logo-Endversion-neu.png\",\"contentUrl\":\"https:\/\/kulturonline.tv\/wp-content\/uploads\/2021\/08\/Kultur-Online-Tv-Logo-Endversion-neu.png\",\"width\":200,\"height\":200,\"caption\":\"Kultur Online TV\"},\"image\":{\"@id\":\"https:\/\/kulturonline.tv\/at\/#\/schema\/logo\/image\/\"},\"sameAs\":[\"https:\/\/www.facebook.com\/kulturonline.tv\",\"https:\/\/www.instagram.com\/kulturonline.tv\"]},{\"@type\":\"Person\",\"@id\":\"https:\/\/kulturonline.tv\/at\/#\/schema\/person\/b0fac729bb9a0c193fb1df23449df4fe\",\"name\":\"guenter.wolfgang\"}]}<\/script>\n<!-- \/ Yoast SEO plugin. -->","yoast_head_json":{"title":"Schriftsteller Boris Pahor mit 108 Jahren gestorben - Kultur Online TV &amp; FM","description":"Der in Triest geborene Literat war noch im Zeitalter der Habsburger im Jahr 1913 zur Welt gekommen ist.","robots":{"index":"index","follow":"follow","max-snippet":"max-snippet:-1","max-image-preview":"max-image-preview:large","max-video-preview":"max-video-preview:-1"},"canonical":"https:\/\/kulturonline.tv\/at\/schriftsteller-boris-pahor-mit-108-jahren-gestorben\/","og_locale":"de_DE","og_type":"article","og_title":"Schriftsteller Boris Pahor mit 108 Jahren gestorben - Kultur Online TV &amp; FM","og_description":"Der in Triest geborene Literat war noch im Zeitalter der Habsburger im Jahr 1913 zur Welt gekommen ist.","og_url":"https:\/\/kulturonline.tv\/at\/schriftsteller-boris-pahor-mit-108-jahren-gestorben\/","og_site_name":"Kultur Online TV &amp; FM","article_publisher":"https:\/\/www.facebook.com\/kulturonline.tv","article_published_time":"2022-05-30T12:53:20+00:00","article_modified_time":"2022-06-18T18:22:16+00:00","og_image":[{"width":599,"height":337,"url":"https:\/\/kulturonline.tv\/wp-content\/uploads\/2022\/05\/Kultur-news-edited.jpg","type":"image\/jpeg"}],"author":"guenter.wolfgang","twitter_card":"summary_large_image","twitter_misc":{"Verfasst von":"guenter.wolfgang","Gesch\u00e4tzte Lesezeit":"2 Minuten"},"schema":{"@context":"https:\/\/schema.org","@graph":[{"@type":"Article","@id":"https:\/\/kulturonline.tv\/at\/schriftsteller-boris-pahor-mit-108-jahren-gestorben\/#article","isPartOf":{"@id":"https:\/\/kulturonline.tv\/at\/schriftsteller-boris-pahor-mit-108-jahren-gestorben\/"},"author":{"name":"guenter.wolfgang","@id":"https:\/\/kulturonline.tv\/at\/#\/schema\/person\/b0fac729bb9a0c193fb1df23449df4fe"},"headline":"Schriftsteller Boris Pahor mit 108 Jahren gestorben","datePublished":"2022-05-30T12:53:20+00:00","dateModified":"2022-06-18T18:22:16+00:00","mainEntityOfPage":{"@id":"https:\/\/kulturonline.tv\/at\/schriftsteller-boris-pahor-mit-108-jahren-gestorben\/"},"wordCount":296,"publisher":{"@id":"https:\/\/kulturonline.tv\/at\/#organization"},"image":{"@id":"https:\/\/kulturonline.tv\/at\/schriftsteller-boris-pahor-mit-108-jahren-gestorben\/#primaryimage"},"thumbnailUrl":"https:\/\/kulturonline.tv\/wp-content\/uploads\/2022\/05\/Kultur-news-edited.jpg","articleSection":["Literatur","Uncategorized @at"],"inLanguage":"de-AT"},{"@type":"WebPage","@id":"https:\/\/kulturonline.tv\/at\/schriftsteller-boris-pahor-mit-108-jahren-gestorben\/","url":"https:\/\/kulturonline.tv\/at\/schriftsteller-boris-pahor-mit-108-jahren-gestorben\/","name":"Schriftsteller Boris Pahor mit 108 Jahren gestorben - Kultur Online TV &amp; FM","isPartOf":{"@id":"https:\/\/kulturonline.tv\/at\/#website"},"primaryImageOfPage":{"@id":"https:\/\/kulturonline.tv\/at\/schriftsteller-boris-pahor-mit-108-jahren-gestorben\/#primaryimage"},"image":{"@id":"https:\/\/kulturonline.tv\/at\/schriftsteller-boris-pahor-mit-108-jahren-gestorben\/#primaryimage"},"thumbnailUrl":"https:\/\/kulturonline.tv\/wp-content\/uploads\/2022\/05\/Kultur-news-edited.jpg","datePublished":"2022-05-30T12:53:20+00:00","dateModified":"2022-06-18T18:22:16+00:00","description":"Der in Triest geborene Literat war noch im Zeitalter der Habsburger im Jahr 1913 zur Welt gekommen ist.","breadcrumb":{"@id":"https:\/\/kulturonline.tv\/at\/schriftsteller-boris-pahor-mit-108-jahren-gestorben\/#breadcrumb"},"inLanguage":"de-AT","potentialAction":[{"@type":"ReadAction","target":["https:\/\/kulturonline.tv\/at\/schriftsteller-boris-pahor-mit-108-jahren-gestorben\/"]}]},{"@type":"ImageObject","inLanguage":"de-AT","@id":"https:\/\/kulturonline.tv\/at\/schriftsteller-boris-pahor-mit-108-jahren-gestorben\/#primaryimage","url":"https:\/\/kulturonline.tv\/wp-content\/uploads\/2022\/05\/Kultur-news-edited.jpg","contentUrl":"https:\/\/kulturonline.tv\/wp-content\/uploads\/2022\/05\/Kultur-news-edited.jpg","width":599,"height":337},{"@type":"BreadcrumbList","@id":"https:\/\/kulturonline.tv\/at\/schriftsteller-boris-pahor-mit-108-jahren-gestorben\/#breadcrumb","itemListElement":[{"@type":"ListItem","position":1,"name":"Startseite","item":"https:\/\/kulturonline.tv\/at\/"},{"@type":"ListItem","position":2,"name":"Schriftsteller Boris Pahor mit 108 Jahren gestorben"}]},{"@type":"WebSite","@id":"https:\/\/kulturonline.tv\/at\/#website","url":"https:\/\/kulturonline.tv\/at\/","name":"Kultur Online TV &amp; FM","description":"Wir sind Kultur 2.0 zum sehen &amp; h\u00f6ren","publisher":{"@id":"https:\/\/kulturonline.tv\/at\/#organization"},"potentialAction":[{"@type":"SearchAction","target":{"@type":"EntryPoint","urlTemplate":"https:\/\/kulturonline.tv\/at\/?s={search_term_string}"},"query-input":{"@type":"PropertyValueSpecification","valueRequired":true,"valueName":"search_term_string"}}],"inLanguage":"de-AT"},{"@type":"Organization","@id":"https:\/\/kulturonline.tv\/at\/#organization","name":"Kultur Online TV","url":"https:\/\/kulturonline.tv\/at\/","logo":{"@type":"ImageObject","inLanguage":"de-AT","@id":"https:\/\/kulturonline.tv\/at\/#\/schema\/logo\/image\/","url":"https:\/\/kulturonline.tv\/wp-content\/uploads\/2021\/08\/Kultur-Online-Tv-Logo-Endversion-neu.png","contentUrl":"https:\/\/kulturonline.tv\/wp-content\/uploads\/2021\/08\/Kultur-Online-Tv-Logo-Endversion-neu.png","width":200,"height":200,"caption":"Kultur Online TV"},"image":{"@id":"https:\/\/kulturonline.tv\/at\/#\/schema\/logo\/image\/"},"sameAs":["https:\/\/www.facebook.com\/kulturonline.tv","https:\/\/www.instagram.com\/kulturonline.tv"]},{"@type":"Person","@id":"https:\/\/kulturonline.tv\/at\/#\/schema\/person\/b0fac729bb9a0c193fb1df23449df4fe","name":"guenter.wolfgang"}]}},"_links":{"self":[{"href":"https:\/\/kulturonline.tv\/at\/wp-json\/wp\/v2\/posts\/28620","targetHints":{"allow":["GET"]}}],"collection":[{"href":"https:\/\/kulturonline.tv\/at\/wp-json\/wp\/v2\/posts"}],"about":[{"href":"https:\/\/kulturonline.tv\/at\/wp-json\/wp\/v2\/types\/post"}],"author":[{"embeddable":true,"href":"https:\/\/kulturonline.tv\/at\/wp-json\/wp\/v2\/users\/2"}],"replies":[{"embeddable":true,"href":"https:\/\/kulturonline.tv\/at\/wp-json\/wp\/v2\/comments?post=28620"}],"version-history":[{"count":0,"href":"https:\/\/kulturonline.tv\/at\/wp-json\/wp\/v2\/posts\/28620\/revisions"}],"wp:featuredmedia":[{"embeddable":true,"href":"https:\/\/kulturonline.tv\/at\/wp-json\/wp\/v2\/media\/28677"}],"wp:attachment":[{"href":"https:\/\/kulturonline.tv\/at\/wp-json\/wp\/v2\/media?parent=28620"}],"wp:term":[{"taxonomy":"category","embeddable":true,"href":"https:\/\/kulturonline.tv\/at\/wp-json\/wp\/v2\/categories?post=28620"},{"taxonomy":"post_tag","embeddable":true,"href":"https:\/\/kulturonline.tv\/at\/wp-json\/wp\/v2\/tags?post=28620"}],"curies":[{"name":"wp","href":"https:\/\/api.w.org\/{rel}","templated":true}]}}