{"id":28680,"date":"2022-05-30T15:04:28","date_gmt":"2022-05-30T13:04:28","guid":{"rendered":"https:\/\/kulturonline.tv\/?p=28680"},"modified":"2022-05-30T15:04:31","modified_gmt":"2022-05-30T13:04:31","slug":"erfolgreiches-comeback-der-solothurner-literaturtage","status":"publish","type":"post","link":"https:\/\/kulturonline.tv\/at\/erfolgreiches-comeback-der-solothurner-literaturtage\/","title":{"rendered":"Erfolgreiches Comeback der Solothurner Literaturtage"},"content":{"rendered":"\n<p>Am Sonntagnachmittag ist die 44. Ausgabe zu Ende gegangen, mit der die Literaturtage in die Stadt an der Aare zur\u00fcckgekehrt sind.<\/p>\n\n\n\n<p><\/p>\n\n\n\n<figure class=\"wp-block-image size-full is-resized\"><img decoding=\"async\" src=\"https:\/\/kulturonline.tv\/wp-content\/uploads\/2022\/05\/Kultur-news-edited.png\" alt=\"\" class=\"wp-image-28683\" width=\"842\" srcset=\"https:\/\/kulturonline.tv\/wp-content\/uploads\/2022\/05\/Kultur-news-edited.png 587w, https:\/\/kulturonline.tv\/wp-content\/uploads\/2022\/05\/Kultur-news-edited-416x234.png 416w\" sizes=\"(max-width: 587px) 100vw, 587px\" \/><\/figure>\n\n\n\n<p>Am Sichtbarsten f\u00fcr die Menschen in Solothurn wurde diese R\u00fcckeroberung mit der neuen Au\u00dfenb\u00fchne vor der St. Ursen-Kathedrale. Dort haben an den Nachmittagen Autorinnen und Autoren gratis gelesen und viele Platz nehmen lassen, die eigentlich zum Shoppen in die Stadt gekommen waren.<\/p>\n\n\n\n<p>Doch diese 44. Ausgabe war auch f\u00fcr das treue zahlende Publikum anders. An die Stelle von Partystimmung in den Vorjahren, ist vielerorts das Bewusstsein von Verletzlichkeit getreten, Nachdenklichkeit, gar Emotionalit\u00e4t bis zu Tr\u00e4nen.<\/p>\n\n\n\n<p>Kultur Online TV<\/p>\n\n\n\n<p>#news #kunst #kultur<\/p>\n","protected":false},"excerpt":{"rendered":"<p>Am Sonntagnachmittag ist die 44. Ausgabe zu Ende gegangen, mit der die Literaturtage in die Stadt an der Aare zur\u00fcckgekehrt sind. Am Sichtbarsten f\u00fcr die Menschen in Solothurn wurde diese R\u00fcckeroberung mit der neuen Au\u00dfenb\u00fchne vor der St. Ursen-Kathedrale. Dort haben an den Nachmittagen Autorinnen und Autoren gratis gelesen und viele Platz nehmen lassen, die [&hellip;]<\/p>\n","protected":false},"author":2,"featured_media":28683,"comment_status":"closed","ping_status":"closed","sticky":false,"template":"","format":"standard","meta":{"_acf_changed":false,"footnotes":""},"categories":[133],"tags":[],"class_list":["post-28680","post","type-post","status-publish","format-standard","has-post-thumbnail","hentry","category-literatur"],"acf":[],"yoast_head":"<!-- This site is optimized with the Yoast SEO plugin v26.1.1 - https:\/\/yoast.com\/wordpress\/plugins\/seo\/ -->\n<title>Erfolgreiches Comeback der Solothurner Literaturtage - Kultur Online TV &amp; FM<\/title>\n<meta name=\"description\" content=\"Kultur sehen und H\u00f6ren\" \/>\n<meta name=\"robots\" content=\"index, follow, max-snippet:-1, max-image-preview:large, max-video-preview:-1\" \/>\n<link rel=\"canonical\" href=\"https:\/\/kulturonline.tv\/at\/erfolgreiches-comeback-der-solothurner-literaturtage\/\" \/>\n<meta property=\"og:locale\" content=\"de_DE\" \/>\n<meta property=\"og:type\" content=\"article\" \/>\n<meta property=\"og:title\" content=\"Erfolgreiches Comeback der Solothurner Literaturtage - Kultur Online TV &amp; FM\" \/>\n<meta property=\"og:description\" content=\"Kultur sehen und H\u00f6ren\" \/>\n<meta property=\"og:url\" content=\"https:\/\/kulturonline.tv\/at\/erfolgreiches-comeback-der-solothurner-literaturtage\/\" \/>\n<meta property=\"og:site_name\" content=\"Kultur Online TV &amp; FM\" \/>\n<meta property=\"article:publisher\" content=\"https:\/\/www.facebook.com\/kulturonline.tv\" \/>\n<meta property=\"article:published_time\" content=\"2022-05-30T13:04:28+00:00\" \/>\n<meta property=\"article:modified_time\" content=\"2022-05-30T13:04:31+00:00\" \/>\n<meta property=\"og:image\" content=\"https:\/\/kulturonline.tv\/wp-content\/uploads\/2022\/05\/Kultur-news-edited.png\" \/>\n\t<meta property=\"og:image:width\" content=\"587\" \/>\n\t<meta property=\"og:image:height\" content=\"330\" \/>\n\t<meta property=\"og:image:type\" content=\"image\/png\" \/>\n<meta name=\"author\" content=\"guenter.wolfgang\" \/>\n<meta name=\"twitter:card\" content=\"summary_large_image\" \/>\n<meta name=\"twitter:label1\" content=\"Verfasst von\" \/>\n\t<meta name=\"twitter:data1\" content=\"guenter.wolfgang\" \/>\n\t<meta name=\"twitter:label2\" content=\"Gesch\u00e4tzte Lesezeit\" \/>\n\t<meta name=\"twitter:data2\" content=\"1 Minute\" \/>\n<script type=\"application\/ld+json\" class=\"yoast-schema-graph\">{\"@context\":\"https:\/\/schema.org\",\"@graph\":[{\"@type\":\"Article\",\"@id\":\"https:\/\/kulturonline.tv\/at\/erfolgreiches-comeback-der-solothurner-literaturtage\/#article\",\"isPartOf\":{\"@id\":\"https:\/\/kulturonline.tv\/at\/erfolgreiches-comeback-der-solothurner-literaturtage\/\"},\"author\":{\"name\":\"guenter.wolfgang\",\"@id\":\"https:\/\/kulturonline.tv\/at\/#\/schema\/person\/b0fac729bb9a0c193fb1df23449df4fe\"},\"headline\":\"Erfolgreiches Comeback der Solothurner Literaturtage\",\"datePublished\":\"2022-05-30T13:04:28+00:00\",\"dateModified\":\"2022-05-30T13:04:31+00:00\",\"mainEntityOfPage\":{\"@id\":\"https:\/\/kulturonline.tv\/at\/erfolgreiches-comeback-der-solothurner-literaturtage\/\"},\"wordCount\":113,\"publisher\":{\"@id\":\"https:\/\/kulturonline.tv\/at\/#organization\"},\"image\":{\"@id\":\"https:\/\/kulturonline.tv\/at\/erfolgreiches-comeback-der-solothurner-literaturtage\/#primaryimage\"},\"thumbnailUrl\":\"https:\/\/kulturonline.tv\/wp-content\/uploads\/2022\/05\/Kultur-news-edited.png\",\"articleSection\":[\"Literatur\"],\"inLanguage\":\"de-AT\"},{\"@type\":\"WebPage\",\"@id\":\"https:\/\/kulturonline.tv\/at\/erfolgreiches-comeback-der-solothurner-literaturtage\/\",\"url\":\"https:\/\/kulturonline.tv\/at\/erfolgreiches-comeback-der-solothurner-literaturtage\/\",\"name\":\"Erfolgreiches Comeback der Solothurner Literaturtage - Kultur Online TV &amp; FM\",\"isPartOf\":{\"@id\":\"https:\/\/kulturonline.tv\/at\/#website\"},\"primaryImageOfPage\":{\"@id\":\"https:\/\/kulturonline.tv\/at\/erfolgreiches-comeback-der-solothurner-literaturtage\/#primaryimage\"},\"image\":{\"@id\":\"https:\/\/kulturonline.tv\/at\/erfolgreiches-comeback-der-solothurner-literaturtage\/#primaryimage\"},\"thumbnailUrl\":\"https:\/\/kulturonline.tv\/wp-content\/uploads\/2022\/05\/Kultur-news-edited.png\",\"datePublished\":\"2022-05-30T13:04:28+00:00\",\"dateModified\":\"2022-05-30T13:04:31+00:00\",\"description\":\"Kultur sehen und H\u00f6ren\",\"breadcrumb\":{\"@id\":\"https:\/\/kulturonline.tv\/at\/erfolgreiches-comeback-der-solothurner-literaturtage\/#breadcrumb\"},\"inLanguage\":\"de-AT\",\"potentialAction\":[{\"@type\":\"ReadAction\",\"target\":[\"https:\/\/kulturonline.tv\/at\/erfolgreiches-comeback-der-solothurner-literaturtage\/\"]}]},{\"@type\":\"ImageObject\",\"inLanguage\":\"de-AT\",\"@id\":\"https:\/\/kulturonline.tv\/at\/erfolgreiches-comeback-der-solothurner-literaturtage\/#primaryimage\",\"url\":\"https:\/\/kulturonline.tv\/wp-content\/uploads\/2022\/05\/Kultur-news-edited.png\",\"contentUrl\":\"https:\/\/kulturonline.tv\/wp-content\/uploads\/2022\/05\/Kultur-news-edited.png\",\"width\":587,\"height\":330},{\"@type\":\"BreadcrumbList\",\"@id\":\"https:\/\/kulturonline.tv\/at\/erfolgreiches-comeback-der-solothurner-literaturtage\/#breadcrumb\",\"itemListElement\":[{\"@type\":\"ListItem\",\"position\":1,\"name\":\"Startseite\",\"item\":\"https:\/\/kulturonline.tv\/at\/\"},{\"@type\":\"ListItem\",\"position\":2,\"name\":\"Erfolgreiches Comeback der Solothurner Literaturtage\"}]},{\"@type\":\"WebSite\",\"@id\":\"https:\/\/kulturonline.tv\/at\/#website\",\"url\":\"https:\/\/kulturonline.tv\/at\/\",\"name\":\"Kultur Online TV &amp; FM\",\"description\":\"Wir sind Kultur 2.0 zum sehen &amp; h\u00f6ren\",\"publisher\":{\"@id\":\"https:\/\/kulturonline.tv\/at\/#organization\"},\"potentialAction\":[{\"@type\":\"SearchAction\",\"target\":{\"@type\":\"EntryPoint\",\"urlTemplate\":\"https:\/\/kulturonline.tv\/at\/?s={search_term_string}\"},\"query-input\":{\"@type\":\"PropertyValueSpecification\",\"valueRequired\":true,\"valueName\":\"search_term_string\"}}],\"inLanguage\":\"de-AT\"},{\"@type\":\"Organization\",\"@id\":\"https:\/\/kulturonline.tv\/at\/#organization\",\"name\":\"Kultur Online TV\",\"url\":\"https:\/\/kulturonline.tv\/at\/\",\"logo\":{\"@type\":\"ImageObject\",\"inLanguage\":\"de-AT\",\"@id\":\"https:\/\/kulturonline.tv\/at\/#\/schema\/logo\/image\/\",\"url\":\"https:\/\/kulturonline.tv\/wp-content\/uploads\/2021\/08\/Kultur-Online-Tv-Logo-Endversion-neu.png\",\"contentUrl\":\"https:\/\/kulturonline.tv\/wp-content\/uploads\/2021\/08\/Kultur-Online-Tv-Logo-Endversion-neu.png\",\"width\":200,\"height\":200,\"caption\":\"Kultur Online TV\"},\"image\":{\"@id\":\"https:\/\/kulturonline.tv\/at\/#\/schema\/logo\/image\/\"},\"sameAs\":[\"https:\/\/www.facebook.com\/kulturonline.tv\",\"https:\/\/www.instagram.com\/kulturonline.tv\"]},{\"@type\":\"Person\",\"@id\":\"https:\/\/kulturonline.tv\/at\/#\/schema\/person\/b0fac729bb9a0c193fb1df23449df4fe\",\"name\":\"guenter.wolfgang\"}]}<\/script>\n<!-- \/ Yoast SEO plugin. -->","yoast_head_json":{"title":"Erfolgreiches Comeback der Solothurner Literaturtage - Kultur Online TV &amp; FM","description":"Kultur sehen und H\u00f6ren","robots":{"index":"index","follow":"follow","max-snippet":"max-snippet:-1","max-image-preview":"max-image-preview:large","max-video-preview":"max-video-preview:-1"},"canonical":"https:\/\/kulturonline.tv\/at\/erfolgreiches-comeback-der-solothurner-literaturtage\/","og_locale":"de_DE","og_type":"article","og_title":"Erfolgreiches Comeback der Solothurner Literaturtage - Kultur Online TV &amp; FM","og_description":"Kultur sehen und H\u00f6ren","og_url":"https:\/\/kulturonline.tv\/at\/erfolgreiches-comeback-der-solothurner-literaturtage\/","og_site_name":"Kultur Online TV &amp; FM","article_publisher":"https:\/\/www.facebook.com\/kulturonline.tv","article_published_time":"2022-05-30T13:04:28+00:00","article_modified_time":"2022-05-30T13:04:31+00:00","og_image":[{"width":587,"height":330,"url":"https:\/\/kulturonline.tv\/wp-content\/uploads\/2022\/05\/Kultur-news-edited.png","type":"image\/png"}],"author":"guenter.wolfgang","twitter_card":"summary_large_image","twitter_misc":{"Verfasst von":"guenter.wolfgang","Gesch\u00e4tzte Lesezeit":"1 Minute"},"schema":{"@context":"https:\/\/schema.org","@graph":[{"@type":"Article","@id":"https:\/\/kulturonline.tv\/at\/erfolgreiches-comeback-der-solothurner-literaturtage\/#article","isPartOf":{"@id":"https:\/\/kulturonline.tv\/at\/erfolgreiches-comeback-der-solothurner-literaturtage\/"},"author":{"name":"guenter.wolfgang","@id":"https:\/\/kulturonline.tv\/at\/#\/schema\/person\/b0fac729bb9a0c193fb1df23449df4fe"},"headline":"Erfolgreiches Comeback der Solothurner Literaturtage","datePublished":"2022-05-30T13:04:28+00:00","dateModified":"2022-05-30T13:04:31+00:00","mainEntityOfPage":{"@id":"https:\/\/kulturonline.tv\/at\/erfolgreiches-comeback-der-solothurner-literaturtage\/"},"wordCount":113,"publisher":{"@id":"https:\/\/kulturonline.tv\/at\/#organization"},"image":{"@id":"https:\/\/kulturonline.tv\/at\/erfolgreiches-comeback-der-solothurner-literaturtage\/#primaryimage"},"thumbnailUrl":"https:\/\/kulturonline.tv\/wp-content\/uploads\/2022\/05\/Kultur-news-edited.png","articleSection":["Literatur"],"inLanguage":"de-AT"},{"@type":"WebPage","@id":"https:\/\/kulturonline.tv\/at\/erfolgreiches-comeback-der-solothurner-literaturtage\/","url":"https:\/\/kulturonline.tv\/at\/erfolgreiches-comeback-der-solothurner-literaturtage\/","name":"Erfolgreiches Comeback der Solothurner Literaturtage - Kultur Online TV &amp; FM","isPartOf":{"@id":"https:\/\/kulturonline.tv\/at\/#website"},"primaryImageOfPage":{"@id":"https:\/\/kulturonline.tv\/at\/erfolgreiches-comeback-der-solothurner-literaturtage\/#primaryimage"},"image":{"@id":"https:\/\/kulturonline.tv\/at\/erfolgreiches-comeback-der-solothurner-literaturtage\/#primaryimage"},"thumbnailUrl":"https:\/\/kulturonline.tv\/wp-content\/uploads\/2022\/05\/Kultur-news-edited.png","datePublished":"2022-05-30T13:04:28+00:00","dateModified":"2022-05-30T13:04:31+00:00","description":"Kultur sehen und H\u00f6ren","breadcrumb":{"@id":"https:\/\/kulturonline.tv\/at\/erfolgreiches-comeback-der-solothurner-literaturtage\/#breadcrumb"},"inLanguage":"de-AT","potentialAction":[{"@type":"ReadAction","target":["https:\/\/kulturonline.tv\/at\/erfolgreiches-comeback-der-solothurner-literaturtage\/"]}]},{"@type":"ImageObject","inLanguage":"de-AT","@id":"https:\/\/kulturonline.tv\/at\/erfolgreiches-comeback-der-solothurner-literaturtage\/#primaryimage","url":"https:\/\/kulturonline.tv\/wp-content\/uploads\/2022\/05\/Kultur-news-edited.png","contentUrl":"https:\/\/kulturonline.tv\/wp-content\/uploads\/2022\/05\/Kultur-news-edited.png","width":587,"height":330},{"@type":"BreadcrumbList","@id":"https:\/\/kulturonline.tv\/at\/erfolgreiches-comeback-der-solothurner-literaturtage\/#breadcrumb","itemListElement":[{"@type":"ListItem","position":1,"name":"Startseite","item":"https:\/\/kulturonline.tv\/at\/"},{"@type":"ListItem","position":2,"name":"Erfolgreiches Comeback der Solothurner Literaturtage"}]},{"@type":"WebSite","@id":"https:\/\/kulturonline.tv\/at\/#website","url":"https:\/\/kulturonline.tv\/at\/","name":"Kultur Online TV &amp; FM","description":"Wir sind Kultur 2.0 zum sehen &amp; h\u00f6ren","publisher":{"@id":"https:\/\/kulturonline.tv\/at\/#organization"},"potentialAction":[{"@type":"SearchAction","target":{"@type":"EntryPoint","urlTemplate":"https:\/\/kulturonline.tv\/at\/?s={search_term_string}"},"query-input":{"@type":"PropertyValueSpecification","valueRequired":true,"valueName":"search_term_string"}}],"inLanguage":"de-AT"},{"@type":"Organization","@id":"https:\/\/kulturonline.tv\/at\/#organization","name":"Kultur Online TV","url":"https:\/\/kulturonline.tv\/at\/","logo":{"@type":"ImageObject","inLanguage":"de-AT","@id":"https:\/\/kulturonline.tv\/at\/#\/schema\/logo\/image\/","url":"https:\/\/kulturonline.tv\/wp-content\/uploads\/2021\/08\/Kultur-Online-Tv-Logo-Endversion-neu.png","contentUrl":"https:\/\/kulturonline.tv\/wp-content\/uploads\/2021\/08\/Kultur-Online-Tv-Logo-Endversion-neu.png","width":200,"height":200,"caption":"Kultur Online TV"},"image":{"@id":"https:\/\/kulturonline.tv\/at\/#\/schema\/logo\/image\/"},"sameAs":["https:\/\/www.facebook.com\/kulturonline.tv","https:\/\/www.instagram.com\/kulturonline.tv"]},{"@type":"Person","@id":"https:\/\/kulturonline.tv\/at\/#\/schema\/person\/b0fac729bb9a0c193fb1df23449df4fe","name":"guenter.wolfgang"}]}},"_links":{"self":[{"href":"https:\/\/kulturonline.tv\/at\/wp-json\/wp\/v2\/posts\/28680","targetHints":{"allow":["GET"]}}],"collection":[{"href":"https:\/\/kulturonline.tv\/at\/wp-json\/wp\/v2\/posts"}],"about":[{"href":"https:\/\/kulturonline.tv\/at\/wp-json\/wp\/v2\/types\/post"}],"author":[{"embeddable":true,"href":"https:\/\/kulturonline.tv\/at\/wp-json\/wp\/v2\/users\/2"}],"replies":[{"embeddable":true,"href":"https:\/\/kulturonline.tv\/at\/wp-json\/wp\/v2\/comments?post=28680"}],"version-history":[{"count":0,"href":"https:\/\/kulturonline.tv\/at\/wp-json\/wp\/v2\/posts\/28680\/revisions"}],"wp:featuredmedia":[{"embeddable":true,"href":"https:\/\/kulturonline.tv\/at\/wp-json\/wp\/v2\/media\/28683"}],"wp:attachment":[{"href":"https:\/\/kulturonline.tv\/at\/wp-json\/wp\/v2\/media?parent=28680"}],"wp:term":[{"taxonomy":"category","embeddable":true,"href":"https:\/\/kulturonline.tv\/at\/wp-json\/wp\/v2\/categories?post=28680"},{"taxonomy":"post_tag","embeddable":true,"href":"https:\/\/kulturonline.tv\/at\/wp-json\/wp\/v2\/tags?post=28680"}],"curies":[{"name":"wp","href":"https:\/\/api.w.org\/{rel}","templated":true}]}}