{"id":29882,"date":"2022-06-09T21:41:33","date_gmt":"2022-06-09T19:41:33","guid":{"rendered":"https:\/\/kulturonline.tv\/?p=29882"},"modified":"2022-06-09T21:41:33","modified_gmt":"2022-06-09T19:41:33","slug":"expertin-informiert-ueber-spanische-literatur","status":"publish","type":"post","link":"https:\/\/kulturonline.tv\/at\/expertin-informiert-ueber-spanische-literatur\/","title":{"rendered":"Expertin informiert \u00fcber spanische Literatur"},"content":{"rendered":"\n<p>Das Bezirksmuseum Alsergrund in Wien war heute Donnerstag, (9. Juni 2022) der Schauplatz eines Vortrages der Literaturwissenschaftlerin Elisabeth Berger.<\/p>\n\n\n\n<figure class=\"wp-block-image size-full is-resized\"><img decoding=\"async\" src=\"https:\/\/kulturonline.tv\/wp-content\/uploads\/2022\/06\/Literaturwissenschaftlerin-Elisabeth-Berger.-edited.jpg\" alt=\"\" class=\"wp-image-29885\" width=\"840\"\/><\/figure>\n\n\n\n<p>Dieser Abend geh\u00f6rt zur Veranstaltungsreihe \u201eIn 80 Minuten um die Welt. Literatur rund um den Globus im \u201aLiteraturSalon\u2018\u201c. In jedem Monat widmet sich die Fachfrau einem anderen Land. Berger nimmt sowohl \u201eKlassiker\u201c als auch j\u00fcngst ver\u00f6ffentlichte B\u00e4nde unter die Lupe. Beim Spanien-Schwerpunkt im Juni unterzieht die Kennerin zum Beispiel Don Quixote, Sancho Pansa, Idealismus und volkst\u00fcmliche Bauernschl\u00e4ue einer aufschlussreichen Betrachtung und kl\u00e4rt ihre Zuh\u00f6rer*innen \u00fcber ein \u201eGoldenes Zeitalter\u201c auf. Die G\u00e4ste haben die geltenden Corona-Vorgaben zu beachten. Seit geraumer Zeit firmiert das Bezirksmuseum Alsergrund vereint mit weiteren Museen im Bezirk unter dem Namen \u201eAlseum\u201c. Details im Internet: www.bezirksmuseum-alsergrund.at.<\/p>\n\n\n\n<p>Kultur Online TV<\/p>\n\n\n\n<p>#news #kunst #kultur #literatur<\/p>\n","protected":false},"excerpt":{"rendered":"<p>Das Bezirksmuseum Alsergrund in Wien war heute Donnerstag, (9. Juni 2022) der Schauplatz eines Vortrages der Literaturwissenschaftlerin Elisabeth Berger. Dieser Abend geh\u00f6rt zur Veranstaltungsreihe \u201eIn 80 Minuten um die Welt. Literatur rund um den Globus im \u201aLiteraturSalon\u2018\u201c. In jedem Monat widmet sich die Fachfrau einem anderen Land. Berger nimmt sowohl \u201eKlassiker\u201c als auch j\u00fcngst ver\u00f6ffentlichte [&hellip;]<\/p>\n","protected":false},"author":2,"featured_media":29885,"comment_status":"closed","ping_status":"closed","sticky":false,"template":"","format":"standard","meta":{"_acf_changed":false,"footnotes":""},"categories":[133],"tags":[],"class_list":["post-29882","post","type-post","status-publish","format-standard","has-post-thumbnail","hentry","category-literatur"],"acf":[],"yoast_head":"<!-- This site is optimized with the Yoast SEO plugin v26.1.1 - https:\/\/yoast.com\/wordpress\/plugins\/seo\/ -->\n<title>Expertin informiert \u00fcber spanische Literatur - Kultur Online TV &amp; FM<\/title>\n<meta name=\"description\" content=\"Dieser Abend geh\u00f6rt zur Veranstaltungsreihe \u201eIn 80 Minuten um die Welt.\" \/>\n<meta name=\"robots\" content=\"index, follow, max-snippet:-1, max-image-preview:large, max-video-preview:-1\" \/>\n<link rel=\"canonical\" href=\"https:\/\/kulturonline.tv\/at\/expertin-informiert-ueber-spanische-literatur\/\" \/>\n<meta property=\"og:locale\" content=\"de_DE\" \/>\n<meta property=\"og:type\" content=\"article\" \/>\n<meta property=\"og:title\" content=\"Expertin informiert \u00fcber spanische Literatur - Kultur Online TV &amp; FM\" \/>\n<meta property=\"og:description\" content=\"Dieser Abend geh\u00f6rt zur Veranstaltungsreihe \u201eIn 80 Minuten um die Welt.\" \/>\n<meta property=\"og:url\" content=\"https:\/\/kulturonline.tv\/at\/expertin-informiert-ueber-spanische-literatur\/\" \/>\n<meta property=\"og:site_name\" content=\"Kultur Online TV &amp; FM\" \/>\n<meta property=\"article:publisher\" content=\"https:\/\/www.facebook.com\/kulturonline.tv\" \/>\n<meta property=\"article:published_time\" content=\"2022-06-09T19:41:33+00:00\" \/>\n<meta property=\"og:image\" content=\"https:\/\/kulturonline.tv\/wp-content\/uploads\/2022\/06\/Literaturwissenschaftlerin-Elisabeth-Berger.-edited.jpg\" \/>\n\t<meta property=\"og:image:width\" content=\"400\" \/>\n\t<meta property=\"og:image:height\" content=\"225\" \/>\n\t<meta property=\"og:image:type\" content=\"image\/jpeg\" \/>\n<meta name=\"author\" content=\"guenter.wolfgang\" \/>\n<meta name=\"twitter:card\" content=\"summary_large_image\" \/>\n<meta name=\"twitter:label1\" content=\"Verfasst von\" \/>\n\t<meta name=\"twitter:data1\" content=\"guenter.wolfgang\" \/>\n\t<meta name=\"twitter:label2\" content=\"Gesch\u00e4tzte Lesezeit\" \/>\n\t<meta name=\"twitter:data2\" content=\"1 Minute\" \/>\n<script type=\"application\/ld+json\" class=\"yoast-schema-graph\">{\"@context\":\"https:\/\/schema.org\",\"@graph\":[{\"@type\":\"Article\",\"@id\":\"https:\/\/kulturonline.tv\/at\/expertin-informiert-ueber-spanische-literatur\/#article\",\"isPartOf\":{\"@id\":\"https:\/\/kulturonline.tv\/at\/expertin-informiert-ueber-spanische-literatur\/\"},\"author\":{\"name\":\"guenter.wolfgang\",\"@id\":\"https:\/\/kulturonline.tv\/at\/#\/schema\/person\/b0fac729bb9a0c193fb1df23449df4fe\"},\"headline\":\"Expertin informiert \u00fcber spanische Literatur\",\"datePublished\":\"2022-06-09T19:41:33+00:00\",\"mainEntityOfPage\":{\"@id\":\"https:\/\/kulturonline.tv\/at\/expertin-informiert-ueber-spanische-literatur\/\"},\"wordCount\":138,\"publisher\":{\"@id\":\"https:\/\/kulturonline.tv\/at\/#organization\"},\"image\":{\"@id\":\"https:\/\/kulturonline.tv\/at\/expertin-informiert-ueber-spanische-literatur\/#primaryimage\"},\"thumbnailUrl\":\"https:\/\/kulturonline.tv\/wp-content\/uploads\/2022\/06\/Literaturwissenschaftlerin-Elisabeth-Berger.-edited.jpg\",\"articleSection\":[\"Literatur\"],\"inLanguage\":\"de-AT\"},{\"@type\":\"WebPage\",\"@id\":\"https:\/\/kulturonline.tv\/at\/expertin-informiert-ueber-spanische-literatur\/\",\"url\":\"https:\/\/kulturonline.tv\/at\/expertin-informiert-ueber-spanische-literatur\/\",\"name\":\"Expertin informiert \u00fcber spanische Literatur - Kultur Online TV &amp; FM\",\"isPartOf\":{\"@id\":\"https:\/\/kulturonline.tv\/at\/#website\"},\"primaryImageOfPage\":{\"@id\":\"https:\/\/kulturonline.tv\/at\/expertin-informiert-ueber-spanische-literatur\/#primaryimage\"},\"image\":{\"@id\":\"https:\/\/kulturonline.tv\/at\/expertin-informiert-ueber-spanische-literatur\/#primaryimage\"},\"thumbnailUrl\":\"https:\/\/kulturonline.tv\/wp-content\/uploads\/2022\/06\/Literaturwissenschaftlerin-Elisabeth-Berger.-edited.jpg\",\"datePublished\":\"2022-06-09T19:41:33+00:00\",\"description\":\"Dieser Abend geh\u00f6rt zur Veranstaltungsreihe \u201eIn 80 Minuten um die Welt.\",\"breadcrumb\":{\"@id\":\"https:\/\/kulturonline.tv\/at\/expertin-informiert-ueber-spanische-literatur\/#breadcrumb\"},\"inLanguage\":\"de-AT\",\"potentialAction\":[{\"@type\":\"ReadAction\",\"target\":[\"https:\/\/kulturonline.tv\/at\/expertin-informiert-ueber-spanische-literatur\/\"]}]},{\"@type\":\"ImageObject\",\"inLanguage\":\"de-AT\",\"@id\":\"https:\/\/kulturonline.tv\/at\/expertin-informiert-ueber-spanische-literatur\/#primaryimage\",\"url\":\"https:\/\/kulturonline.tv\/wp-content\/uploads\/2022\/06\/Literaturwissenschaftlerin-Elisabeth-Berger.-edited.jpg\",\"contentUrl\":\"https:\/\/kulturonline.tv\/wp-content\/uploads\/2022\/06\/Literaturwissenschaftlerin-Elisabeth-Berger.-edited.jpg\",\"width\":400,\"height\":225},{\"@type\":\"BreadcrumbList\",\"@id\":\"https:\/\/kulturonline.tv\/at\/expertin-informiert-ueber-spanische-literatur\/#breadcrumb\",\"itemListElement\":[{\"@type\":\"ListItem\",\"position\":1,\"name\":\"Startseite\",\"item\":\"https:\/\/kulturonline.tv\/at\/\"},{\"@type\":\"ListItem\",\"position\":2,\"name\":\"Expertin informiert \u00fcber spanische Literatur\"}]},{\"@type\":\"WebSite\",\"@id\":\"https:\/\/kulturonline.tv\/at\/#website\",\"url\":\"https:\/\/kulturonline.tv\/at\/\",\"name\":\"Kultur Online TV &amp; FM\",\"description\":\"Wir sind Kultur 2.0 zum sehen &amp; h\u00f6ren\",\"publisher\":{\"@id\":\"https:\/\/kulturonline.tv\/at\/#organization\"},\"potentialAction\":[{\"@type\":\"SearchAction\",\"target\":{\"@type\":\"EntryPoint\",\"urlTemplate\":\"https:\/\/kulturonline.tv\/at\/?s={search_term_string}\"},\"query-input\":{\"@type\":\"PropertyValueSpecification\",\"valueRequired\":true,\"valueName\":\"search_term_string\"}}],\"inLanguage\":\"de-AT\"},{\"@type\":\"Organization\",\"@id\":\"https:\/\/kulturonline.tv\/at\/#organization\",\"name\":\"Kultur Online TV\",\"url\":\"https:\/\/kulturonline.tv\/at\/\",\"logo\":{\"@type\":\"ImageObject\",\"inLanguage\":\"de-AT\",\"@id\":\"https:\/\/kulturonline.tv\/at\/#\/schema\/logo\/image\/\",\"url\":\"https:\/\/kulturonline.tv\/wp-content\/uploads\/2021\/08\/Kultur-Online-Tv-Logo-Endversion-neu.png\",\"contentUrl\":\"https:\/\/kulturonline.tv\/wp-content\/uploads\/2021\/08\/Kultur-Online-Tv-Logo-Endversion-neu.png\",\"width\":200,\"height\":200,\"caption\":\"Kultur Online TV\"},\"image\":{\"@id\":\"https:\/\/kulturonline.tv\/at\/#\/schema\/logo\/image\/\"},\"sameAs\":[\"https:\/\/www.facebook.com\/kulturonline.tv\",\"https:\/\/www.instagram.com\/kulturonline.tv\"]},{\"@type\":\"Person\",\"@id\":\"https:\/\/kulturonline.tv\/at\/#\/schema\/person\/b0fac729bb9a0c193fb1df23449df4fe\",\"name\":\"guenter.wolfgang\"}]}<\/script>\n<!-- \/ Yoast SEO plugin. -->","yoast_head_json":{"title":"Expertin informiert \u00fcber spanische Literatur - Kultur Online TV &amp; FM","description":"Dieser Abend geh\u00f6rt zur Veranstaltungsreihe \u201eIn 80 Minuten um die Welt.","robots":{"index":"index","follow":"follow","max-snippet":"max-snippet:-1","max-image-preview":"max-image-preview:large","max-video-preview":"max-video-preview:-1"},"canonical":"https:\/\/kulturonline.tv\/at\/expertin-informiert-ueber-spanische-literatur\/","og_locale":"de_DE","og_type":"article","og_title":"Expertin informiert \u00fcber spanische Literatur - Kultur Online TV &amp; FM","og_description":"Dieser Abend geh\u00f6rt zur Veranstaltungsreihe \u201eIn 80 Minuten um die Welt.","og_url":"https:\/\/kulturonline.tv\/at\/expertin-informiert-ueber-spanische-literatur\/","og_site_name":"Kultur Online TV &amp; FM","article_publisher":"https:\/\/www.facebook.com\/kulturonline.tv","article_published_time":"2022-06-09T19:41:33+00:00","og_image":[{"width":400,"height":225,"url":"https:\/\/kulturonline.tv\/wp-content\/uploads\/2022\/06\/Literaturwissenschaftlerin-Elisabeth-Berger.-edited.jpg","type":"image\/jpeg"}],"author":"guenter.wolfgang","twitter_card":"summary_large_image","twitter_misc":{"Verfasst von":"guenter.wolfgang","Gesch\u00e4tzte Lesezeit":"1 Minute"},"schema":{"@context":"https:\/\/schema.org","@graph":[{"@type":"Article","@id":"https:\/\/kulturonline.tv\/at\/expertin-informiert-ueber-spanische-literatur\/#article","isPartOf":{"@id":"https:\/\/kulturonline.tv\/at\/expertin-informiert-ueber-spanische-literatur\/"},"author":{"name":"guenter.wolfgang","@id":"https:\/\/kulturonline.tv\/at\/#\/schema\/person\/b0fac729bb9a0c193fb1df23449df4fe"},"headline":"Expertin informiert \u00fcber spanische Literatur","datePublished":"2022-06-09T19:41:33+00:00","mainEntityOfPage":{"@id":"https:\/\/kulturonline.tv\/at\/expertin-informiert-ueber-spanische-literatur\/"},"wordCount":138,"publisher":{"@id":"https:\/\/kulturonline.tv\/at\/#organization"},"image":{"@id":"https:\/\/kulturonline.tv\/at\/expertin-informiert-ueber-spanische-literatur\/#primaryimage"},"thumbnailUrl":"https:\/\/kulturonline.tv\/wp-content\/uploads\/2022\/06\/Literaturwissenschaftlerin-Elisabeth-Berger.-edited.jpg","articleSection":["Literatur"],"inLanguage":"de-AT"},{"@type":"WebPage","@id":"https:\/\/kulturonline.tv\/at\/expertin-informiert-ueber-spanische-literatur\/","url":"https:\/\/kulturonline.tv\/at\/expertin-informiert-ueber-spanische-literatur\/","name":"Expertin informiert \u00fcber spanische Literatur - Kultur Online TV &amp; FM","isPartOf":{"@id":"https:\/\/kulturonline.tv\/at\/#website"},"primaryImageOfPage":{"@id":"https:\/\/kulturonline.tv\/at\/expertin-informiert-ueber-spanische-literatur\/#primaryimage"},"image":{"@id":"https:\/\/kulturonline.tv\/at\/expertin-informiert-ueber-spanische-literatur\/#primaryimage"},"thumbnailUrl":"https:\/\/kulturonline.tv\/wp-content\/uploads\/2022\/06\/Literaturwissenschaftlerin-Elisabeth-Berger.-edited.jpg","datePublished":"2022-06-09T19:41:33+00:00","description":"Dieser Abend geh\u00f6rt zur Veranstaltungsreihe \u201eIn 80 Minuten um die Welt.","breadcrumb":{"@id":"https:\/\/kulturonline.tv\/at\/expertin-informiert-ueber-spanische-literatur\/#breadcrumb"},"inLanguage":"de-AT","potentialAction":[{"@type":"ReadAction","target":["https:\/\/kulturonline.tv\/at\/expertin-informiert-ueber-spanische-literatur\/"]}]},{"@type":"ImageObject","inLanguage":"de-AT","@id":"https:\/\/kulturonline.tv\/at\/expertin-informiert-ueber-spanische-literatur\/#primaryimage","url":"https:\/\/kulturonline.tv\/wp-content\/uploads\/2022\/06\/Literaturwissenschaftlerin-Elisabeth-Berger.-edited.jpg","contentUrl":"https:\/\/kulturonline.tv\/wp-content\/uploads\/2022\/06\/Literaturwissenschaftlerin-Elisabeth-Berger.-edited.jpg","width":400,"height":225},{"@type":"BreadcrumbList","@id":"https:\/\/kulturonline.tv\/at\/expertin-informiert-ueber-spanische-literatur\/#breadcrumb","itemListElement":[{"@type":"ListItem","position":1,"name":"Startseite","item":"https:\/\/kulturonline.tv\/at\/"},{"@type":"ListItem","position":2,"name":"Expertin informiert \u00fcber spanische Literatur"}]},{"@type":"WebSite","@id":"https:\/\/kulturonline.tv\/at\/#website","url":"https:\/\/kulturonline.tv\/at\/","name":"Kultur Online TV &amp; FM","description":"Wir sind Kultur 2.0 zum sehen &amp; h\u00f6ren","publisher":{"@id":"https:\/\/kulturonline.tv\/at\/#organization"},"potentialAction":[{"@type":"SearchAction","target":{"@type":"EntryPoint","urlTemplate":"https:\/\/kulturonline.tv\/at\/?s={search_term_string}"},"query-input":{"@type":"PropertyValueSpecification","valueRequired":true,"valueName":"search_term_string"}}],"inLanguage":"de-AT"},{"@type":"Organization","@id":"https:\/\/kulturonline.tv\/at\/#organization","name":"Kultur Online TV","url":"https:\/\/kulturonline.tv\/at\/","logo":{"@type":"ImageObject","inLanguage":"de-AT","@id":"https:\/\/kulturonline.tv\/at\/#\/schema\/logo\/image\/","url":"https:\/\/kulturonline.tv\/wp-content\/uploads\/2021\/08\/Kultur-Online-Tv-Logo-Endversion-neu.png","contentUrl":"https:\/\/kulturonline.tv\/wp-content\/uploads\/2021\/08\/Kultur-Online-Tv-Logo-Endversion-neu.png","width":200,"height":200,"caption":"Kultur Online TV"},"image":{"@id":"https:\/\/kulturonline.tv\/at\/#\/schema\/logo\/image\/"},"sameAs":["https:\/\/www.facebook.com\/kulturonline.tv","https:\/\/www.instagram.com\/kulturonline.tv"]},{"@type":"Person","@id":"https:\/\/kulturonline.tv\/at\/#\/schema\/person\/b0fac729bb9a0c193fb1df23449df4fe","name":"guenter.wolfgang"}]}},"_links":{"self":[{"href":"https:\/\/kulturonline.tv\/at\/wp-json\/wp\/v2\/posts\/29882","targetHints":{"allow":["GET"]}}],"collection":[{"href":"https:\/\/kulturonline.tv\/at\/wp-json\/wp\/v2\/posts"}],"about":[{"href":"https:\/\/kulturonline.tv\/at\/wp-json\/wp\/v2\/types\/post"}],"author":[{"embeddable":true,"href":"https:\/\/kulturonline.tv\/at\/wp-json\/wp\/v2\/users\/2"}],"replies":[{"embeddable":true,"href":"https:\/\/kulturonline.tv\/at\/wp-json\/wp\/v2\/comments?post=29882"}],"version-history":[{"count":0,"href":"https:\/\/kulturonline.tv\/at\/wp-json\/wp\/v2\/posts\/29882\/revisions"}],"wp:featuredmedia":[{"embeddable":true,"href":"https:\/\/kulturonline.tv\/at\/wp-json\/wp\/v2\/media\/29885"}],"wp:attachment":[{"href":"https:\/\/kulturonline.tv\/at\/wp-json\/wp\/v2\/media?parent=29882"}],"wp:term":[{"taxonomy":"category","embeddable":true,"href":"https:\/\/kulturonline.tv\/at\/wp-json\/wp\/v2\/categories?post=29882"},{"taxonomy":"post_tag","embeddable":true,"href":"https:\/\/kulturonline.tv\/at\/wp-json\/wp\/v2\/tags?post=29882"}],"curies":[{"name":"wp","href":"https:\/\/api.w.org\/{rel}","templated":true}]}}