{"id":29888,"date":"2022-06-09T21:46:38","date_gmt":"2022-06-09T19:46:38","guid":{"rendered":"https:\/\/kulturonline.tv\/?p=29888"},"modified":"2022-06-09T21:46:39","modified_gmt":"2022-06-09T19:46:39","slug":"h-c-artmann-preis-2022-geht-an-schriftsteller-julian-schutting","status":"publish","type":"post","link":"https:\/\/kulturonline.tv\/at\/h-c-artmann-preis-2022-geht-an-schriftsteller-julian-schutting\/","title":{"rendered":"H.C.-Artmann-Preis 2022 geht an Schriftsteller Julian Schutting"},"content":{"rendered":"\n<p>Die Kulturabteilung der Stadt Wien ehrt den 1937 in Amstetten geborenen Schriftsteller Julian Schutting<\/p>\n\n\n\n<figure class=\"wp-block-image size-full\"><img fetchpriority=\"high\" decoding=\"async\" width=\"830\" height=\"467\" src=\"https:\/\/kulturonline.tv\/wp-content\/uploads\/2022\/06\/Julian-Schutting-copyright-Christoph-Luger-830x553-1-edited.jpg\" alt=\"\" class=\"wp-image-29891\" srcset=\"https:\/\/kulturonline.tv\/wp-content\/uploads\/2022\/06\/Julian-Schutting-copyright-Christoph-Luger-830x553-1-edited.jpg 830w, https:\/\/kulturonline.tv\/wp-content\/uploads\/2022\/06\/Julian-Schutting-copyright-Christoph-Luger-830x553-1-edited-600x338.jpg 600w, https:\/\/kulturonline.tv\/wp-content\/uploads\/2022\/06\/Julian-Schutting-copyright-Christoph-Luger-830x553-1-edited-800x450.jpg 800w, https:\/\/kulturonline.tv\/wp-content\/uploads\/2022\/06\/Julian-Schutting-copyright-Christoph-Luger-830x553-1-edited-768x432.jpg 768w\" sizes=\"(max-width: 830px) 100vw, 830px\" \/><figcaption>copyright-Christoph-Luger<\/figcaption><\/figure>\n\n\n\n<p>\u201eJulian Schuttings umfangreiches Werk, das mittlerweile mehr als 60 Titel umfasst \u2013 der Schriftsteller publiziert seit 1973 \u2013, ist in h\u00f6chstem Ma\u00df gepr\u00e4gt von einem poetischen Grundgestus, der sich auch in der Prosa widerspiegelt. Der Autor, zwar hochgesch\u00e4tzt, aber immer bescheiden an den R\u00e4ndern des \u201agro\u00dfen Literaturbetriebs\u2018 zugange, beweist \u00fcber die Jahrzehnte eine ebenso souver\u00e4ne wie kontinuierliche Auseinandersetzung mit Dichtung, die er in seiner unverwechselbaren, pr\u00e4zisen, geschliffenen Sprache pr\u00e4sentiert. Wer sich auf Julian Schuttings Kunst einl\u00e4sst, wird gefordert und beschenkt. Sein j\u00fcngster Gedichtband \u201aWinterreise\u2018 (Otto M\u00fcller, 2021) l\u00e4sst \u201aden Lyriker auf dem H\u00f6hepunkt seines Schaffens\u2018 gl\u00e4nzen, dieser Rezeption ist ebenso zuzustimmen wie zu widersprechen: Von Julian Schutting ist weiterhin Brillantes zu erwarten.\u201c<\/p>\n\n\n\n<p>Julian Schutting wurde 1937 in Amstetten geboren. Er absolvierte eine Fotografie-Ausbildung und studierte anschlie\u00dfend Geschichte und Germanistik in Wien. In den 1970er Jahren ver\u00f6ffentlichte er seine ersten Gedichtb\u00e4nde. Inzwischen erstreckt sich sein umfangreiches Werk sowohl auf Prosa als auch auf Lyrik. Thematisch greift Schutting h\u00e4ufig auf die Themen Liebe, Trauer und die Lebenswelt von Kindern zur\u00fcck, wagt sich aber auch an experimentelle Prosa. Er z\u00e4hlt zu den interessantesten Gegenwartsautoren.<\/p>\n\n\n\n<p>Der H.C.-Artmann-Preis f\u00fcr herausragende Werke im Bereich der Lyrik wird im Zwei-Jahres-Rhythmus von der Stadt Wien vergeben. Der Preis richtet sich an Wiener Autor*innen und ist mit 10.000 Euro dotiert. Die Entscheidung wird von einer regelm\u00e4\u00dfig wechselnden Jury getroffen, die in diesem Jahr aus Dr. J\u00fcrgen Thaler, Dr.in Sylvia Treudl und Univ.-Prof. Dr. Klaus Zeyringer bestand.<\/p>\n\n\n\n<p>#literatur #news #kultur<\/p>\n","protected":false},"excerpt":{"rendered":"<p>Die Kulturabteilung der Stadt Wien ehrt den 1937 in Amstetten geborenen Schriftsteller Julian Schutting \u201eJulian Schuttings umfangreiches Werk, das mittlerweile mehr als 60 Titel umfasst \u2013 der Schriftsteller publiziert seit 1973 \u2013, ist in h\u00f6chstem Ma\u00df gepr\u00e4gt von einem poetischen Grundgestus, der sich auch in der Prosa widerspiegelt. Der Autor, zwar hochgesch\u00e4tzt, aber immer bescheiden [&hellip;]<\/p>\n","protected":false},"author":2,"featured_media":29891,"comment_status":"closed","ping_status":"closed","sticky":false,"template":"","format":"standard","meta":{"_acf_changed":false,"footnotes":""},"categories":[133],"tags":[],"class_list":["post-29888","post","type-post","status-publish","format-standard","has-post-thumbnail","hentry","category-literatur"],"acf":[],"yoast_head":"<!-- This site is optimized with the Yoast SEO plugin v26.1.1 - https:\/\/yoast.com\/wordpress\/plugins\/seo\/ -->\n<title>H.C.-Artmann-Preis 2022 geht an Schriftsteller Julian Schutting - Kultur Online TV &amp; FM<\/title>\n<meta name=\"description\" content=\"Julian Schutting wurde 1937 in Amstetten geboren. Er absolvierte eine Fotografie-Ausbildung und studierte anschlie\u00dfend Geschichte und Germanistik in Wien.\" \/>\n<meta name=\"robots\" content=\"index, follow, max-snippet:-1, max-image-preview:large, max-video-preview:-1\" \/>\n<link rel=\"canonical\" href=\"https:\/\/kulturonline.tv\/at\/h-c-artmann-preis-2022-geht-an-schriftsteller-julian-schutting\/\" \/>\n<meta property=\"og:locale\" content=\"de_DE\" \/>\n<meta property=\"og:type\" content=\"article\" \/>\n<meta property=\"og:title\" content=\"H.C.-Artmann-Preis 2022 geht an Schriftsteller Julian Schutting - Kultur Online TV &amp; FM\" \/>\n<meta property=\"og:description\" content=\"Julian Schutting wurde 1937 in Amstetten geboren. Er absolvierte eine Fotografie-Ausbildung und studierte anschlie\u00dfend Geschichte und Germanistik in Wien.\" \/>\n<meta property=\"og:url\" content=\"https:\/\/kulturonline.tv\/at\/h-c-artmann-preis-2022-geht-an-schriftsteller-julian-schutting\/\" \/>\n<meta property=\"og:site_name\" content=\"Kultur Online TV &amp; FM\" \/>\n<meta property=\"article:publisher\" content=\"https:\/\/www.facebook.com\/kulturonline.tv\" \/>\n<meta property=\"article:published_time\" content=\"2022-06-09T19:46:38+00:00\" \/>\n<meta property=\"article:modified_time\" content=\"2022-06-09T19:46:39+00:00\" \/>\n<meta property=\"og:image\" content=\"https:\/\/kulturonline.tv\/wp-content\/uploads\/2022\/06\/Julian-Schutting-copyright-Christoph-Luger-830x553-1-edited.jpg\" \/>\n\t<meta property=\"og:image:width\" content=\"830\" \/>\n\t<meta property=\"og:image:height\" content=\"467\" \/>\n\t<meta property=\"og:image:type\" content=\"image\/jpeg\" \/>\n<meta name=\"author\" content=\"guenter.wolfgang\" \/>\n<meta name=\"twitter:card\" content=\"summary_large_image\" \/>\n<meta name=\"twitter:label1\" content=\"Verfasst von\" \/>\n\t<meta name=\"twitter:data1\" content=\"guenter.wolfgang\" \/>\n\t<meta name=\"twitter:label2\" content=\"Gesch\u00e4tzte Lesezeit\" \/>\n\t<meta name=\"twitter:data2\" content=\"2 Minuten\" \/>\n<script type=\"application\/ld+json\" class=\"yoast-schema-graph\">{\"@context\":\"https:\/\/schema.org\",\"@graph\":[{\"@type\":\"Article\",\"@id\":\"https:\/\/kulturonline.tv\/at\/h-c-artmann-preis-2022-geht-an-schriftsteller-julian-schutting\/#article\",\"isPartOf\":{\"@id\":\"https:\/\/kulturonline.tv\/at\/h-c-artmann-preis-2022-geht-an-schriftsteller-julian-schutting\/\"},\"author\":{\"name\":\"guenter.wolfgang\",\"@id\":\"https:\/\/kulturonline.tv\/at\/#\/schema\/person\/b0fac729bb9a0c193fb1df23449df4fe\"},\"headline\":\"H.C.-Artmann-Preis 2022 geht an Schriftsteller Julian Schutting\",\"datePublished\":\"2022-06-09T19:46:38+00:00\",\"dateModified\":\"2022-06-09T19:46:39+00:00\",\"mainEntityOfPage\":{\"@id\":\"https:\/\/kulturonline.tv\/at\/h-c-artmann-preis-2022-geht-an-schriftsteller-julian-schutting\/\"},\"wordCount\":283,\"publisher\":{\"@id\":\"https:\/\/kulturonline.tv\/at\/#organization\"},\"image\":{\"@id\":\"https:\/\/kulturonline.tv\/at\/h-c-artmann-preis-2022-geht-an-schriftsteller-julian-schutting\/#primaryimage\"},\"thumbnailUrl\":\"https:\/\/kulturonline.tv\/wp-content\/uploads\/2022\/06\/Julian-Schutting-copyright-Christoph-Luger-830x553-1-edited.jpg\",\"articleSection\":[\"Literatur\"],\"inLanguage\":\"de-AT\"},{\"@type\":\"WebPage\",\"@id\":\"https:\/\/kulturonline.tv\/at\/h-c-artmann-preis-2022-geht-an-schriftsteller-julian-schutting\/\",\"url\":\"https:\/\/kulturonline.tv\/at\/h-c-artmann-preis-2022-geht-an-schriftsteller-julian-schutting\/\",\"name\":\"H.C.-Artmann-Preis 2022 geht an Schriftsteller Julian Schutting - Kultur Online TV &amp; FM\",\"isPartOf\":{\"@id\":\"https:\/\/kulturonline.tv\/at\/#website\"},\"primaryImageOfPage\":{\"@id\":\"https:\/\/kulturonline.tv\/at\/h-c-artmann-preis-2022-geht-an-schriftsteller-julian-schutting\/#primaryimage\"},\"image\":{\"@id\":\"https:\/\/kulturonline.tv\/at\/h-c-artmann-preis-2022-geht-an-schriftsteller-julian-schutting\/#primaryimage\"},\"thumbnailUrl\":\"https:\/\/kulturonline.tv\/wp-content\/uploads\/2022\/06\/Julian-Schutting-copyright-Christoph-Luger-830x553-1-edited.jpg\",\"datePublished\":\"2022-06-09T19:46:38+00:00\",\"dateModified\":\"2022-06-09T19:46:39+00:00\",\"description\":\"Julian Schutting wurde 1937 in Amstetten geboren. Er absolvierte eine Fotografie-Ausbildung und studierte anschlie\u00dfend Geschichte und Germanistik in Wien.\",\"breadcrumb\":{\"@id\":\"https:\/\/kulturonline.tv\/at\/h-c-artmann-preis-2022-geht-an-schriftsteller-julian-schutting\/#breadcrumb\"},\"inLanguage\":\"de-AT\",\"potentialAction\":[{\"@type\":\"ReadAction\",\"target\":[\"https:\/\/kulturonline.tv\/at\/h-c-artmann-preis-2022-geht-an-schriftsteller-julian-schutting\/\"]}]},{\"@type\":\"ImageObject\",\"inLanguage\":\"de-AT\",\"@id\":\"https:\/\/kulturonline.tv\/at\/h-c-artmann-preis-2022-geht-an-schriftsteller-julian-schutting\/#primaryimage\",\"url\":\"https:\/\/kulturonline.tv\/wp-content\/uploads\/2022\/06\/Julian-Schutting-copyright-Christoph-Luger-830x553-1-edited.jpg\",\"contentUrl\":\"https:\/\/kulturonline.tv\/wp-content\/uploads\/2022\/06\/Julian-Schutting-copyright-Christoph-Luger-830x553-1-edited.jpg\",\"width\":830,\"height\":467},{\"@type\":\"BreadcrumbList\",\"@id\":\"https:\/\/kulturonline.tv\/at\/h-c-artmann-preis-2022-geht-an-schriftsteller-julian-schutting\/#breadcrumb\",\"itemListElement\":[{\"@type\":\"ListItem\",\"position\":1,\"name\":\"Startseite\",\"item\":\"https:\/\/kulturonline.tv\/at\/\"},{\"@type\":\"ListItem\",\"position\":2,\"name\":\"H.C.-Artmann-Preis 2022 geht an Schriftsteller Julian Schutting\"}]},{\"@type\":\"WebSite\",\"@id\":\"https:\/\/kulturonline.tv\/at\/#website\",\"url\":\"https:\/\/kulturonline.tv\/at\/\",\"name\":\"Kultur Online TV &amp; FM\",\"description\":\"Wir sind Kultur 2.0 zum sehen &amp; h\u00f6ren\",\"publisher\":{\"@id\":\"https:\/\/kulturonline.tv\/at\/#organization\"},\"potentialAction\":[{\"@type\":\"SearchAction\",\"target\":{\"@type\":\"EntryPoint\",\"urlTemplate\":\"https:\/\/kulturonline.tv\/at\/?s={search_term_string}\"},\"query-input\":{\"@type\":\"PropertyValueSpecification\",\"valueRequired\":true,\"valueName\":\"search_term_string\"}}],\"inLanguage\":\"de-AT\"},{\"@type\":\"Organization\",\"@id\":\"https:\/\/kulturonline.tv\/at\/#organization\",\"name\":\"Kultur Online TV\",\"url\":\"https:\/\/kulturonline.tv\/at\/\",\"logo\":{\"@type\":\"ImageObject\",\"inLanguage\":\"de-AT\",\"@id\":\"https:\/\/kulturonline.tv\/at\/#\/schema\/logo\/image\/\",\"url\":\"https:\/\/kulturonline.tv\/wp-content\/uploads\/2021\/08\/Kultur-Online-Tv-Logo-Endversion-neu.png\",\"contentUrl\":\"https:\/\/kulturonline.tv\/wp-content\/uploads\/2021\/08\/Kultur-Online-Tv-Logo-Endversion-neu.png\",\"width\":200,\"height\":200,\"caption\":\"Kultur Online TV\"},\"image\":{\"@id\":\"https:\/\/kulturonline.tv\/at\/#\/schema\/logo\/image\/\"},\"sameAs\":[\"https:\/\/www.facebook.com\/kulturonline.tv\",\"https:\/\/www.instagram.com\/kulturonline.tv\"]},{\"@type\":\"Person\",\"@id\":\"https:\/\/kulturonline.tv\/at\/#\/schema\/person\/b0fac729bb9a0c193fb1df23449df4fe\",\"name\":\"guenter.wolfgang\"}]}<\/script>\n<!-- \/ Yoast SEO plugin. -->","yoast_head_json":{"title":"H.C.-Artmann-Preis 2022 geht an Schriftsteller Julian Schutting - Kultur Online TV &amp; FM","description":"Julian Schutting wurde 1937 in Amstetten geboren. Er absolvierte eine Fotografie-Ausbildung und studierte anschlie\u00dfend Geschichte und Germanistik in Wien.","robots":{"index":"index","follow":"follow","max-snippet":"max-snippet:-1","max-image-preview":"max-image-preview:large","max-video-preview":"max-video-preview:-1"},"canonical":"https:\/\/kulturonline.tv\/at\/h-c-artmann-preis-2022-geht-an-schriftsteller-julian-schutting\/","og_locale":"de_DE","og_type":"article","og_title":"H.C.-Artmann-Preis 2022 geht an Schriftsteller Julian Schutting - Kultur Online TV &amp; FM","og_description":"Julian Schutting wurde 1937 in Amstetten geboren. Er absolvierte eine Fotografie-Ausbildung und studierte anschlie\u00dfend Geschichte und Germanistik in Wien.","og_url":"https:\/\/kulturonline.tv\/at\/h-c-artmann-preis-2022-geht-an-schriftsteller-julian-schutting\/","og_site_name":"Kultur Online TV &amp; FM","article_publisher":"https:\/\/www.facebook.com\/kulturonline.tv","article_published_time":"2022-06-09T19:46:38+00:00","article_modified_time":"2022-06-09T19:46:39+00:00","og_image":[{"width":830,"height":467,"url":"https:\/\/kulturonline.tv\/wp-content\/uploads\/2022\/06\/Julian-Schutting-copyright-Christoph-Luger-830x553-1-edited.jpg","type":"image\/jpeg"}],"author":"guenter.wolfgang","twitter_card":"summary_large_image","twitter_misc":{"Verfasst von":"guenter.wolfgang","Gesch\u00e4tzte Lesezeit":"2 Minuten"},"schema":{"@context":"https:\/\/schema.org","@graph":[{"@type":"Article","@id":"https:\/\/kulturonline.tv\/at\/h-c-artmann-preis-2022-geht-an-schriftsteller-julian-schutting\/#article","isPartOf":{"@id":"https:\/\/kulturonline.tv\/at\/h-c-artmann-preis-2022-geht-an-schriftsteller-julian-schutting\/"},"author":{"name":"guenter.wolfgang","@id":"https:\/\/kulturonline.tv\/at\/#\/schema\/person\/b0fac729bb9a0c193fb1df23449df4fe"},"headline":"H.C.-Artmann-Preis 2022 geht an Schriftsteller Julian Schutting","datePublished":"2022-06-09T19:46:38+00:00","dateModified":"2022-06-09T19:46:39+00:00","mainEntityOfPage":{"@id":"https:\/\/kulturonline.tv\/at\/h-c-artmann-preis-2022-geht-an-schriftsteller-julian-schutting\/"},"wordCount":283,"publisher":{"@id":"https:\/\/kulturonline.tv\/at\/#organization"},"image":{"@id":"https:\/\/kulturonline.tv\/at\/h-c-artmann-preis-2022-geht-an-schriftsteller-julian-schutting\/#primaryimage"},"thumbnailUrl":"https:\/\/kulturonline.tv\/wp-content\/uploads\/2022\/06\/Julian-Schutting-copyright-Christoph-Luger-830x553-1-edited.jpg","articleSection":["Literatur"],"inLanguage":"de-AT"},{"@type":"WebPage","@id":"https:\/\/kulturonline.tv\/at\/h-c-artmann-preis-2022-geht-an-schriftsteller-julian-schutting\/","url":"https:\/\/kulturonline.tv\/at\/h-c-artmann-preis-2022-geht-an-schriftsteller-julian-schutting\/","name":"H.C.-Artmann-Preis 2022 geht an Schriftsteller Julian Schutting - Kultur Online TV &amp; FM","isPartOf":{"@id":"https:\/\/kulturonline.tv\/at\/#website"},"primaryImageOfPage":{"@id":"https:\/\/kulturonline.tv\/at\/h-c-artmann-preis-2022-geht-an-schriftsteller-julian-schutting\/#primaryimage"},"image":{"@id":"https:\/\/kulturonline.tv\/at\/h-c-artmann-preis-2022-geht-an-schriftsteller-julian-schutting\/#primaryimage"},"thumbnailUrl":"https:\/\/kulturonline.tv\/wp-content\/uploads\/2022\/06\/Julian-Schutting-copyright-Christoph-Luger-830x553-1-edited.jpg","datePublished":"2022-06-09T19:46:38+00:00","dateModified":"2022-06-09T19:46:39+00:00","description":"Julian Schutting wurde 1937 in Amstetten geboren. Er absolvierte eine Fotografie-Ausbildung und studierte anschlie\u00dfend Geschichte und Germanistik in Wien.","breadcrumb":{"@id":"https:\/\/kulturonline.tv\/at\/h-c-artmann-preis-2022-geht-an-schriftsteller-julian-schutting\/#breadcrumb"},"inLanguage":"de-AT","potentialAction":[{"@type":"ReadAction","target":["https:\/\/kulturonline.tv\/at\/h-c-artmann-preis-2022-geht-an-schriftsteller-julian-schutting\/"]}]},{"@type":"ImageObject","inLanguage":"de-AT","@id":"https:\/\/kulturonline.tv\/at\/h-c-artmann-preis-2022-geht-an-schriftsteller-julian-schutting\/#primaryimage","url":"https:\/\/kulturonline.tv\/wp-content\/uploads\/2022\/06\/Julian-Schutting-copyright-Christoph-Luger-830x553-1-edited.jpg","contentUrl":"https:\/\/kulturonline.tv\/wp-content\/uploads\/2022\/06\/Julian-Schutting-copyright-Christoph-Luger-830x553-1-edited.jpg","width":830,"height":467},{"@type":"BreadcrumbList","@id":"https:\/\/kulturonline.tv\/at\/h-c-artmann-preis-2022-geht-an-schriftsteller-julian-schutting\/#breadcrumb","itemListElement":[{"@type":"ListItem","position":1,"name":"Startseite","item":"https:\/\/kulturonline.tv\/at\/"},{"@type":"ListItem","position":2,"name":"H.C.-Artmann-Preis 2022 geht an Schriftsteller Julian Schutting"}]},{"@type":"WebSite","@id":"https:\/\/kulturonline.tv\/at\/#website","url":"https:\/\/kulturonline.tv\/at\/","name":"Kultur Online TV &amp; FM","description":"Wir sind Kultur 2.0 zum sehen &amp; h\u00f6ren","publisher":{"@id":"https:\/\/kulturonline.tv\/at\/#organization"},"potentialAction":[{"@type":"SearchAction","target":{"@type":"EntryPoint","urlTemplate":"https:\/\/kulturonline.tv\/at\/?s={search_term_string}"},"query-input":{"@type":"PropertyValueSpecification","valueRequired":true,"valueName":"search_term_string"}}],"inLanguage":"de-AT"},{"@type":"Organization","@id":"https:\/\/kulturonline.tv\/at\/#organization","name":"Kultur Online TV","url":"https:\/\/kulturonline.tv\/at\/","logo":{"@type":"ImageObject","inLanguage":"de-AT","@id":"https:\/\/kulturonline.tv\/at\/#\/schema\/logo\/image\/","url":"https:\/\/kulturonline.tv\/wp-content\/uploads\/2021\/08\/Kultur-Online-Tv-Logo-Endversion-neu.png","contentUrl":"https:\/\/kulturonline.tv\/wp-content\/uploads\/2021\/08\/Kultur-Online-Tv-Logo-Endversion-neu.png","width":200,"height":200,"caption":"Kultur Online TV"},"image":{"@id":"https:\/\/kulturonline.tv\/at\/#\/schema\/logo\/image\/"},"sameAs":["https:\/\/www.facebook.com\/kulturonline.tv","https:\/\/www.instagram.com\/kulturonline.tv"]},{"@type":"Person","@id":"https:\/\/kulturonline.tv\/at\/#\/schema\/person\/b0fac729bb9a0c193fb1df23449df4fe","name":"guenter.wolfgang"}]}},"_links":{"self":[{"href":"https:\/\/kulturonline.tv\/at\/wp-json\/wp\/v2\/posts\/29888","targetHints":{"allow":["GET"]}}],"collection":[{"href":"https:\/\/kulturonline.tv\/at\/wp-json\/wp\/v2\/posts"}],"about":[{"href":"https:\/\/kulturonline.tv\/at\/wp-json\/wp\/v2\/types\/post"}],"author":[{"embeddable":true,"href":"https:\/\/kulturonline.tv\/at\/wp-json\/wp\/v2\/users\/2"}],"replies":[{"embeddable":true,"href":"https:\/\/kulturonline.tv\/at\/wp-json\/wp\/v2\/comments?post=29888"}],"version-history":[{"count":0,"href":"https:\/\/kulturonline.tv\/at\/wp-json\/wp\/v2\/posts\/29888\/revisions"}],"wp:featuredmedia":[{"embeddable":true,"href":"https:\/\/kulturonline.tv\/at\/wp-json\/wp\/v2\/media\/29891"}],"wp:attachment":[{"href":"https:\/\/kulturonline.tv\/at\/wp-json\/wp\/v2\/media?parent=29888"}],"wp:term":[{"taxonomy":"category","embeddable":true,"href":"https:\/\/kulturonline.tv\/at\/wp-json\/wp\/v2\/categories?post=29888"},{"taxonomy":"post_tag","embeddable":true,"href":"https:\/\/kulturonline.tv\/at\/wp-json\/wp\/v2\/tags?post=29888"}],"curies":[{"name":"wp","href":"https:\/\/api.w.org\/{rel}","templated":true}]}}