{"id":30271,"date":"2022-06-27T08:53:18","date_gmt":"2022-06-27T06:53:18","guid":{"rendered":"https:\/\/kulturonline.tv\/uncategorized\/ingeborg-bachmann-preis-geht-an-ana-marwan"},"modified":"2022-06-27T08:53:18","modified_gmt":"2022-06-27T06:53:18","slug":"ingeborg-bachmann-preis-geht-an-ana-marwan","status":"publish","type":"post","link":"https:\/\/kulturonline.tv\/at\/ingeborg-bachmann-preis-geht-an-ana-marwan\/","title":{"rendered":"Ingeborg Bachmann-Preis geht an Ana Marwan"},"content":{"rendered":"\n<p>Die Schriftstellerin Ana Marwan ist mit dem 46. Ingeborg-Bachmann-Preis ausgezeichnet worden.<\/p>\n\n<figure class=\"wp-block-image size-full\"><img fetchpriority=\"high\" decoding=\"async\" width=\"965\" height=\"542\" src=\"https:\/\/kulturonline.tv\/wp-content\/uploads\/2022\/06\/Ingeborg-Bachman-Preis-edited.jpg\" alt=\"\" class=\"wp-image-30232\" srcset=\"https:\/\/kulturonline.tv\/wp-content\/uploads\/2022\/06\/Ingeborg-Bachman-Preis-edited.jpg 965w, https:\/\/kulturonline.tv\/wp-content\/uploads\/2022\/06\/Ingeborg-Bachman-Preis-edited-600x337.jpg 600w, https:\/\/kulturonline.tv\/wp-content\/uploads\/2022\/06\/Ingeborg-Bachman-Preis-edited-800x449.jpg 800w, https:\/\/kulturonline.tv\/wp-content\/uploads\/2022\/06\/Ingeborg-Bachman-Preis-edited-768x431.jpg 768w\" sizes=\"(max-width: 965px) 100vw, 965px\" \/><figcaption>Quelle: dpa\/APA\/Harald Schneider<\/figcaption><\/figure>\n\n<p>Marwan wurde am Sonntag 26. Juni 2022 in Klagenfurt in \u00d6sterreich f\u00fcr ihren lakonisch-hintergr\u00fcndigen Text &#8222;Wechselkr\u00f6te&#8220; ausgezeichnet. Die aus Slowenien stammende Schriftstellerin lebt in Wien und erhielt von der Jury die h\u00f6chste Punktzahl f\u00fcr ihre Erz\u00e4hlung \u00fcber eine Frau, deren zur\u00fcckgezogenes Leben mit Mann, Einfamilienhaus und Pool von einer Amphibie und einer Schwangerschaft durcheinandergebracht wird. Die Jury erkl\u00e4rte, es sei ein zarter und leiser Text, der mit der Sprache einen eigenwilligen Tanz auff\u00fchre. <\/p>\n\n<p>Jedes Jahr ist der Blick nach Klagenfurt wieder spannend und aufregend, wenn die Stadt zum lebendigen Mittelpunkt der deutschsprachigen Gegenwartsliteratur wird. Kunst- und Kulturstaatssekret\u00e4rin Andrea Mayer: Bachmann-Preis &#8222;weit mehr als eine Ehrung&#8220;. Ich gratuliere allen Autorinnen und Autoren zu ihrem Mut, ihre Texte live dem Publikum und der Kritik anzuvertrauen. Lesen ist essentiell f\u00fcr unsere Gesellschaft und ein Tor zu demokratischer Teilhabe &#8211; gerade in Zeiten wie diesen\u201c, so Kunst- und Kulturstaatssekret\u00e4rin Andrea Mayer.<\/p>\n\n<figure class=\"wp-block-embed is-type-video is-provider-youtube wp-block-embed-youtube wp-embed-aspect-16-9 wp-has-aspect-ratio\"><div class=\"wp-block-embed__wrapper\">\r\n<iframe title=\"45. Tage der deutschsprachigen Literatur - Ingeborg Bachmann Preis 1. Lesetag Doku (2021)\" width=\"800\" height=\"450\" src=\"https:\/\/www.youtube.com\/embed\/S0gaJ4RT9Vg?feature=oembed\" frameborder=\"0\" allow=\"accelerometer; autoplay; clipboard-write; encrypted-media; gyroscope; picture-in-picture; web-share\" referrerpolicy=\"strict-origin-when-cross-origin\" allowfullscreen><\/iframe>\r\n<\/div><\/figure>\r\n\n<p>\u201eL\u00e4ngst ist der Bachmann-Preis mehr als ein Literaturwettbewerb. Dank ORF und 3sat wird den Autorinnen und Autoren eine gro\u00dfe B\u00fchne gegeben. Die besondere Aufmerksamkeit, die damit der deutschsprachigen Literaturszene zu Teil wird und den Leserinnen und Lesern die mediale Teilnahme an diesem renommierten Wettbewerb erm\u00f6glicht, ist nicht genug wertzusch\u00e4tzen&#8220;, so Mayer abschlie\u00dfend.<\/p>\n\n<p>Kultur Online TV<\/p>\n\n<p>#literatur #news #kunst #preise<\/p>\n","protected":false},"excerpt":{"rendered":"<p>Die Schriftstellerin Ana Marwan ist mit dem 46. Ingeborg-Bachmann-Preis ausgezeichnet worden. Marwan wurde am Sonntag 26. Juni 2022 in Klagenfurt in \u00d6sterreich f\u00fcr ihren lakonisch-hintergr\u00fcndigen Text &#8222;Wechselkr\u00f6te&#8220; ausgezeichnet. Die aus Slowenien stammende Schriftstellerin lebt in Wien und erhielt von der Jury die h\u00f6chste Punktzahl f\u00fcr ihre Erz\u00e4hlung \u00fcber eine Frau, deren zur\u00fcckgezogenes Leben mit Mann, [&hellip;]<\/p>\n","protected":false},"author":2,"featured_media":30233,"comment_status":"closed","ping_status":"closed","sticky":false,"template":"","format":"standard","meta":{"_acf_changed":false,"footnotes":""},"categories":[133,123],"tags":[],"class_list":["post-30271","post","type-post","status-publish","format-standard","has-post-thumbnail","hentry","category-literatur","category-newsflash"],"acf":[],"yoast_head":"<!-- This site is optimized with the Yoast SEO plugin v26.1.1 - https:\/\/yoast.com\/wordpress\/plugins\/seo\/ -->\n<title>Ingeborg Bachmann-Preis geht an Ana Marwan - Kultur Online TV &amp; FM<\/title>\n<meta name=\"description\" content=\"Die Schriftstellerin Ana Marwan ist mit dem 46. Ingeborg-Bachmann-Preis ausgezeichnet worden.\" \/>\n<meta name=\"robots\" content=\"index, follow, max-snippet:-1, max-image-preview:large, max-video-preview:-1\" \/>\n<link rel=\"canonical\" href=\"https:\/\/kulturonline.tv\/at\/ingeborg-bachmann-preis-geht-an-ana-marwan\/\" \/>\n<meta property=\"og:locale\" content=\"de_DE\" \/>\n<meta property=\"og:type\" content=\"article\" \/>\n<meta property=\"og:title\" content=\"Ingeborg Bachmann-Preis geht an Ana Marwan - Kultur Online TV &amp; FM\" \/>\n<meta property=\"og:description\" content=\"Die Schriftstellerin Ana Marwan ist mit dem 46. Ingeborg-Bachmann-Preis ausgezeichnet worden.\" \/>\n<meta property=\"og:url\" content=\"https:\/\/kulturonline.tv\/at\/ingeborg-bachmann-preis-geht-an-ana-marwan\/\" \/>\n<meta property=\"og:site_name\" content=\"Kultur Online TV &amp; FM\" \/>\n<meta property=\"article:publisher\" content=\"https:\/\/www.facebook.com\/kulturonline.tv\" \/>\n<meta property=\"article:published_time\" content=\"2022-06-27T06:53:18+00:00\" \/>\n<meta property=\"og:image\" content=\"https:\/\/kulturonline.tv\/wp-content\/uploads\/2022\/06\/Ingeborg-Bachman-Preis-edited.jpg\" \/>\n\t<meta property=\"og:image:width\" content=\"965\" \/>\n\t<meta property=\"og:image:height\" content=\"542\" \/>\n\t<meta property=\"og:image:type\" content=\"image\/jpeg\" \/>\n<meta name=\"author\" content=\"guenter.wolfgang\" \/>\n<meta name=\"twitter:card\" content=\"summary_large_image\" \/>\n<meta name=\"twitter:label1\" content=\"Verfasst von\" \/>\n\t<meta name=\"twitter:data1\" content=\"guenter.wolfgang\" \/>\n\t<meta name=\"twitter:label2\" content=\"Gesch\u00e4tzte Lesezeit\" \/>\n\t<meta name=\"twitter:data2\" content=\"1 Minute\" \/>\n<script type=\"application\/ld+json\" class=\"yoast-schema-graph\">{\"@context\":\"https:\/\/schema.org\",\"@graph\":[{\"@type\":\"Article\",\"@id\":\"https:\/\/kulturonline.tv\/at\/ingeborg-bachmann-preis-geht-an-ana-marwan\/#article\",\"isPartOf\":{\"@id\":\"https:\/\/kulturonline.tv\/at\/ingeborg-bachmann-preis-geht-an-ana-marwan\/\"},\"author\":{\"name\":\"guenter.wolfgang\",\"@id\":\"https:\/\/kulturonline.tv\/at\/#\/schema\/person\/b0fac729bb9a0c193fb1df23449df4fe\"},\"headline\":\"Ingeborg Bachmann-Preis geht an Ana Marwan\",\"datePublished\":\"2022-06-27T06:53:18+00:00\",\"mainEntityOfPage\":{\"@id\":\"https:\/\/kulturonline.tv\/at\/ingeborg-bachmann-preis-geht-an-ana-marwan\/\"},\"wordCount\":253,\"publisher\":{\"@id\":\"https:\/\/kulturonline.tv\/at\/#organization\"},\"image\":{\"@id\":\"https:\/\/kulturonline.tv\/at\/ingeborg-bachmann-preis-geht-an-ana-marwan\/#primaryimage\"},\"thumbnailUrl\":\"https:\/\/kulturonline.tv\/wp-content\/uploads\/2022\/06\/Ingeborg-Bachman-Preis-edited.jpg\",\"articleSection\":[\"Literatur\",\"Newsflash\"],\"inLanguage\":\"de-AT\"},{\"@type\":\"WebPage\",\"@id\":\"https:\/\/kulturonline.tv\/at\/ingeborg-bachmann-preis-geht-an-ana-marwan\/\",\"url\":\"https:\/\/kulturonline.tv\/at\/ingeborg-bachmann-preis-geht-an-ana-marwan\/\",\"name\":\"Ingeborg Bachmann-Preis geht an Ana Marwan - Kultur Online TV &amp; FM\",\"isPartOf\":{\"@id\":\"https:\/\/kulturonline.tv\/at\/#website\"},\"primaryImageOfPage\":{\"@id\":\"https:\/\/kulturonline.tv\/at\/ingeborg-bachmann-preis-geht-an-ana-marwan\/#primaryimage\"},\"image\":{\"@id\":\"https:\/\/kulturonline.tv\/at\/ingeborg-bachmann-preis-geht-an-ana-marwan\/#primaryimage\"},\"thumbnailUrl\":\"https:\/\/kulturonline.tv\/wp-content\/uploads\/2022\/06\/Ingeborg-Bachman-Preis-edited.jpg\",\"datePublished\":\"2022-06-27T06:53:18+00:00\",\"description\":\"Die Schriftstellerin Ana Marwan ist mit dem 46. Ingeborg-Bachmann-Preis ausgezeichnet worden.\",\"breadcrumb\":{\"@id\":\"https:\/\/kulturonline.tv\/at\/ingeborg-bachmann-preis-geht-an-ana-marwan\/#breadcrumb\"},\"inLanguage\":\"de-AT\",\"potentialAction\":[{\"@type\":\"ReadAction\",\"target\":[\"https:\/\/kulturonline.tv\/at\/ingeborg-bachmann-preis-geht-an-ana-marwan\/\"]}]},{\"@type\":\"ImageObject\",\"inLanguage\":\"de-AT\",\"@id\":\"https:\/\/kulturonline.tv\/at\/ingeborg-bachmann-preis-geht-an-ana-marwan\/#primaryimage\",\"url\":\"https:\/\/kulturonline.tv\/wp-content\/uploads\/2022\/06\/Ingeborg-Bachman-Preis-edited.jpg\",\"contentUrl\":\"https:\/\/kulturonline.tv\/wp-content\/uploads\/2022\/06\/Ingeborg-Bachman-Preis-edited.jpg\",\"width\":965,\"height\":542},{\"@type\":\"BreadcrumbList\",\"@id\":\"https:\/\/kulturonline.tv\/at\/ingeborg-bachmann-preis-geht-an-ana-marwan\/#breadcrumb\",\"itemListElement\":[{\"@type\":\"ListItem\",\"position\":1,\"name\":\"Startseite\",\"item\":\"https:\/\/kulturonline.tv\/at\/\"},{\"@type\":\"ListItem\",\"position\":2,\"name\":\"Ingeborg Bachmann-Preis geht an Ana Marwan\"}]},{\"@type\":\"WebSite\",\"@id\":\"https:\/\/kulturonline.tv\/at\/#website\",\"url\":\"https:\/\/kulturonline.tv\/at\/\",\"name\":\"Kultur Online TV &amp; FM\",\"description\":\"Wir sind Kultur 2.0 zum sehen &amp; h\u00f6ren\",\"publisher\":{\"@id\":\"https:\/\/kulturonline.tv\/at\/#organization\"},\"potentialAction\":[{\"@type\":\"SearchAction\",\"target\":{\"@type\":\"EntryPoint\",\"urlTemplate\":\"https:\/\/kulturonline.tv\/at\/?s={search_term_string}\"},\"query-input\":{\"@type\":\"PropertyValueSpecification\",\"valueRequired\":true,\"valueName\":\"search_term_string\"}}],\"inLanguage\":\"de-AT\"},{\"@type\":\"Organization\",\"@id\":\"https:\/\/kulturonline.tv\/at\/#organization\",\"name\":\"Kultur Online TV\",\"url\":\"https:\/\/kulturonline.tv\/at\/\",\"logo\":{\"@type\":\"ImageObject\",\"inLanguage\":\"de-AT\",\"@id\":\"https:\/\/kulturonline.tv\/at\/#\/schema\/logo\/image\/\",\"url\":\"https:\/\/kulturonline.tv\/wp-content\/uploads\/2021\/08\/Kultur-Online-Tv-Logo-Endversion-neu.png\",\"contentUrl\":\"https:\/\/kulturonline.tv\/wp-content\/uploads\/2021\/08\/Kultur-Online-Tv-Logo-Endversion-neu.png\",\"width\":200,\"height\":200,\"caption\":\"Kultur Online TV\"},\"image\":{\"@id\":\"https:\/\/kulturonline.tv\/at\/#\/schema\/logo\/image\/\"},\"sameAs\":[\"https:\/\/www.facebook.com\/kulturonline.tv\",\"https:\/\/www.instagram.com\/kulturonline.tv\"]},{\"@type\":\"Person\",\"@id\":\"https:\/\/kulturonline.tv\/at\/#\/schema\/person\/b0fac729bb9a0c193fb1df23449df4fe\",\"name\":\"guenter.wolfgang\"}]}<\/script>\n<!-- \/ Yoast SEO plugin. -->","yoast_head_json":{"title":"Ingeborg Bachmann-Preis geht an Ana Marwan - Kultur Online TV &amp; FM","description":"Die Schriftstellerin Ana Marwan ist mit dem 46. Ingeborg-Bachmann-Preis ausgezeichnet worden.","robots":{"index":"index","follow":"follow","max-snippet":"max-snippet:-1","max-image-preview":"max-image-preview:large","max-video-preview":"max-video-preview:-1"},"canonical":"https:\/\/kulturonline.tv\/at\/ingeborg-bachmann-preis-geht-an-ana-marwan\/","og_locale":"de_DE","og_type":"article","og_title":"Ingeborg Bachmann-Preis geht an Ana Marwan - Kultur Online TV &amp; FM","og_description":"Die Schriftstellerin Ana Marwan ist mit dem 46. Ingeborg-Bachmann-Preis ausgezeichnet worden.","og_url":"https:\/\/kulturonline.tv\/at\/ingeborg-bachmann-preis-geht-an-ana-marwan\/","og_site_name":"Kultur Online TV &amp; FM","article_publisher":"https:\/\/www.facebook.com\/kulturonline.tv","article_published_time":"2022-06-27T06:53:18+00:00","og_image":[{"width":965,"height":542,"url":"https:\/\/kulturonline.tv\/wp-content\/uploads\/2022\/06\/Ingeborg-Bachman-Preis-edited.jpg","type":"image\/jpeg"}],"author":"guenter.wolfgang","twitter_card":"summary_large_image","twitter_misc":{"Verfasst von":"guenter.wolfgang","Gesch\u00e4tzte Lesezeit":"1 Minute"},"schema":{"@context":"https:\/\/schema.org","@graph":[{"@type":"Article","@id":"https:\/\/kulturonline.tv\/at\/ingeborg-bachmann-preis-geht-an-ana-marwan\/#article","isPartOf":{"@id":"https:\/\/kulturonline.tv\/at\/ingeborg-bachmann-preis-geht-an-ana-marwan\/"},"author":{"name":"guenter.wolfgang","@id":"https:\/\/kulturonline.tv\/at\/#\/schema\/person\/b0fac729bb9a0c193fb1df23449df4fe"},"headline":"Ingeborg Bachmann-Preis geht an Ana Marwan","datePublished":"2022-06-27T06:53:18+00:00","mainEntityOfPage":{"@id":"https:\/\/kulturonline.tv\/at\/ingeborg-bachmann-preis-geht-an-ana-marwan\/"},"wordCount":253,"publisher":{"@id":"https:\/\/kulturonline.tv\/at\/#organization"},"image":{"@id":"https:\/\/kulturonline.tv\/at\/ingeborg-bachmann-preis-geht-an-ana-marwan\/#primaryimage"},"thumbnailUrl":"https:\/\/kulturonline.tv\/wp-content\/uploads\/2022\/06\/Ingeborg-Bachman-Preis-edited.jpg","articleSection":["Literatur","Newsflash"],"inLanguage":"de-AT"},{"@type":"WebPage","@id":"https:\/\/kulturonline.tv\/at\/ingeborg-bachmann-preis-geht-an-ana-marwan\/","url":"https:\/\/kulturonline.tv\/at\/ingeborg-bachmann-preis-geht-an-ana-marwan\/","name":"Ingeborg Bachmann-Preis geht an Ana Marwan - Kultur Online TV &amp; FM","isPartOf":{"@id":"https:\/\/kulturonline.tv\/at\/#website"},"primaryImageOfPage":{"@id":"https:\/\/kulturonline.tv\/at\/ingeborg-bachmann-preis-geht-an-ana-marwan\/#primaryimage"},"image":{"@id":"https:\/\/kulturonline.tv\/at\/ingeborg-bachmann-preis-geht-an-ana-marwan\/#primaryimage"},"thumbnailUrl":"https:\/\/kulturonline.tv\/wp-content\/uploads\/2022\/06\/Ingeborg-Bachman-Preis-edited.jpg","datePublished":"2022-06-27T06:53:18+00:00","description":"Die Schriftstellerin Ana Marwan ist mit dem 46. Ingeborg-Bachmann-Preis ausgezeichnet worden.","breadcrumb":{"@id":"https:\/\/kulturonline.tv\/at\/ingeborg-bachmann-preis-geht-an-ana-marwan\/#breadcrumb"},"inLanguage":"de-AT","potentialAction":[{"@type":"ReadAction","target":["https:\/\/kulturonline.tv\/at\/ingeborg-bachmann-preis-geht-an-ana-marwan\/"]}]},{"@type":"ImageObject","inLanguage":"de-AT","@id":"https:\/\/kulturonline.tv\/at\/ingeborg-bachmann-preis-geht-an-ana-marwan\/#primaryimage","url":"https:\/\/kulturonline.tv\/wp-content\/uploads\/2022\/06\/Ingeborg-Bachman-Preis-edited.jpg","contentUrl":"https:\/\/kulturonline.tv\/wp-content\/uploads\/2022\/06\/Ingeborg-Bachman-Preis-edited.jpg","width":965,"height":542},{"@type":"BreadcrumbList","@id":"https:\/\/kulturonline.tv\/at\/ingeborg-bachmann-preis-geht-an-ana-marwan\/#breadcrumb","itemListElement":[{"@type":"ListItem","position":1,"name":"Startseite","item":"https:\/\/kulturonline.tv\/at\/"},{"@type":"ListItem","position":2,"name":"Ingeborg Bachmann-Preis geht an Ana Marwan"}]},{"@type":"WebSite","@id":"https:\/\/kulturonline.tv\/at\/#website","url":"https:\/\/kulturonline.tv\/at\/","name":"Kultur Online TV &amp; FM","description":"Wir sind Kultur 2.0 zum sehen &amp; h\u00f6ren","publisher":{"@id":"https:\/\/kulturonline.tv\/at\/#organization"},"potentialAction":[{"@type":"SearchAction","target":{"@type":"EntryPoint","urlTemplate":"https:\/\/kulturonline.tv\/at\/?s={search_term_string}"},"query-input":{"@type":"PropertyValueSpecification","valueRequired":true,"valueName":"search_term_string"}}],"inLanguage":"de-AT"},{"@type":"Organization","@id":"https:\/\/kulturonline.tv\/at\/#organization","name":"Kultur Online TV","url":"https:\/\/kulturonline.tv\/at\/","logo":{"@type":"ImageObject","inLanguage":"de-AT","@id":"https:\/\/kulturonline.tv\/at\/#\/schema\/logo\/image\/","url":"https:\/\/kulturonline.tv\/wp-content\/uploads\/2021\/08\/Kultur-Online-Tv-Logo-Endversion-neu.png","contentUrl":"https:\/\/kulturonline.tv\/wp-content\/uploads\/2021\/08\/Kultur-Online-Tv-Logo-Endversion-neu.png","width":200,"height":200,"caption":"Kultur Online TV"},"image":{"@id":"https:\/\/kulturonline.tv\/at\/#\/schema\/logo\/image\/"},"sameAs":["https:\/\/www.facebook.com\/kulturonline.tv","https:\/\/www.instagram.com\/kulturonline.tv"]},{"@type":"Person","@id":"https:\/\/kulturonline.tv\/at\/#\/schema\/person\/b0fac729bb9a0c193fb1df23449df4fe","name":"guenter.wolfgang"}]}},"_links":{"self":[{"href":"https:\/\/kulturonline.tv\/at\/wp-json\/wp\/v2\/posts\/30271","targetHints":{"allow":["GET"]}}],"collection":[{"href":"https:\/\/kulturonline.tv\/at\/wp-json\/wp\/v2\/posts"}],"about":[{"href":"https:\/\/kulturonline.tv\/at\/wp-json\/wp\/v2\/types\/post"}],"author":[{"embeddable":true,"href":"https:\/\/kulturonline.tv\/at\/wp-json\/wp\/v2\/users\/2"}],"replies":[{"embeddable":true,"href":"https:\/\/kulturonline.tv\/at\/wp-json\/wp\/v2\/comments?post=30271"}],"version-history":[{"count":0,"href":"https:\/\/kulturonline.tv\/at\/wp-json\/wp\/v2\/posts\/30271\/revisions"}],"wp:featuredmedia":[{"embeddable":true,"href":"https:\/\/kulturonline.tv\/at\/wp-json\/wp\/v2\/media\/30233"}],"wp:attachment":[{"href":"https:\/\/kulturonline.tv\/at\/wp-json\/wp\/v2\/media?parent=30271"}],"wp:term":[{"taxonomy":"category","embeddable":true,"href":"https:\/\/kulturonline.tv\/at\/wp-json\/wp\/v2\/categories?post=30271"},{"taxonomy":"post_tag","embeddable":true,"href":"https:\/\/kulturonline.tv\/at\/wp-json\/wp\/v2\/tags?post=30271"}],"curies":[{"name":"wp","href":"https:\/\/api.w.org\/{rel}","templated":true}]}}