{"id":30316,"date":"2022-06-27T10:28:10","date_gmt":"2022-06-27T08:28:10","guid":{"rendered":"https:\/\/kulturonline.tv\/?p=30316"},"modified":"2022-06-27T10:28:11","modified_gmt":"2022-06-27T08:28:11","slug":"platinbuch-fuer-thomas-stipsits-und-das-eierkratz-komplott","status":"publish","type":"post","link":"https:\/\/kulturonline.tv\/at\/platinbuch-fuer-thomas-stipsits-und-das-eierkratz-komplott\/","title":{"rendered":"Platinbuch f\u00fcr Thomas Stipsits und das \u201eEierkratz-Komplott\u201c"},"content":{"rendered":"\n<p>Der neue Stinatz-Krimi verkauft sich mehr als 60.000-mal<\/p>\n\n\n\n<figure class=\"wp-block-image size-large\"><img fetchpriority=\"high\" decoding=\"async\" width=\"2560\" height=\"1440\" src=\"https:\/\/kulturonline.tv\/wp-content\/uploads\/2022\/06\/Kultur-Online-TV-5-edited-scaled.jpg\" alt=\"\" class=\"wp-image-30319\" srcset=\"https:\/\/kulturonline.tv\/wp-content\/uploads\/2022\/06\/Kultur-Online-TV-5-edited-scaled.jpg 2560w, https:\/\/kulturonline.tv\/wp-content\/uploads\/2022\/06\/Kultur-Online-TV-5-edited-600x338.jpg 600w, https:\/\/kulturonline.tv\/wp-content\/uploads\/2022\/06\/Kultur-Online-TV-5-edited-800x450.jpg 800w, https:\/\/kulturonline.tv\/wp-content\/uploads\/2022\/06\/Kultur-Online-TV-5-edited-1600x900.jpg 1600w, https:\/\/kulturonline.tv\/wp-content\/uploads\/2022\/06\/Kultur-Online-TV-5-edited-768x432.jpg 768w, https:\/\/kulturonline.tv\/wp-content\/uploads\/2022\/06\/Kultur-Online-TV-5-edited-1536x864.jpg 1536w, https:\/\/kulturonline.tv\/wp-content\/uploads\/2022\/06\/Kultur-Online-TV-5-edited-2048x1152.jpg 2048w\" sizes=\"(max-width: 2560px) 100vw, 2560px\" \/><figcaption>BILD zu OTS &#8211; Ueberreuter Gesch\u008aftsf\u009fhrer Kommerzialrat Georg Gl\u009ackler \u009fbergibt Thomas Stipsits die Auszeichnung &#8222;Platinbuch des Hauptverbandes des \u0085sterreichischen Buchhandels&#8220; f\u009fr mehr als 60.000 verkaufte &#8222;Eierkratz-Komplott&#8220;.<\/figcaption><\/figure>\n\n\n\n<p>Es kommt nicht oft vor, dass drei Titel eines Autors gleichzeitig in den Top Ten der \u00f6sterreichischen Buchcharts aufscheinen \u2013 Thomas Stipsits ist genau das gelungen! Mit seinem Stinatz-Krimi \u201eEierkratz-Komplott\u201c hat er erneut einen Bestseller vorgelegt und auch die \u201eKopftuch-Mafia\u201c und die \u201eUhudler-Verschw\u00f6rung\u201c zu neuen Verkaufserfolgen und Bestseller-Platzierungen gef\u00fchrt.<br>Und wie bei den Vorg\u00e4ngern kann sich der erfolgreiche Kabarettist und Autor jetzt f\u00fcr sein neues Werk wieder \u00fcber die Auszeichnung \u201ePlatinbuch\u201c des Hauptverbandes des \u00d6sterreichischen Buchhandels freuen.<\/p>\n\n\n\n<p>Dieses wurde am Freitag stilgerecht, im Vorfeld seines Auftrittes mit dem Programm \u201eStinatzer Delikatessen &#8211; Quasi ein Best of&#8220; auf der Donaub\u00fchne Tulln, von Ueberreuter-Gesch\u00e4ftsf\u00fchrer Kommerzialrat Georg Gl\u00f6ckler an Thomas Stipsits \u00fcberreicht: \u201eNachdem eine gro\u00dfe \u00dcbergabe beim letzten Titel coronabedingt ausfallen musste, freuen wir uns umso mehr, unseren Autor vor so vielen Fans und Buchlesern auszeichnen zu k\u00f6nnen. Sie alle haben mit Ihrem gro\u00dfen Enthusiasmus zum Erfolg der Krimireihe beigetragen. Daf\u00fcr ein herzliches Dankesch\u00f6n!\u201c<\/p>\n\n\n\n<p>Verlagsleiterin Birgit Francan freut sich dar\u00fcber, dass Thomas Stipsits \u201enicht nur unserem Verlagshaus, sondern dem gesamten \u00f6sterreichischen Krimigenre zu so gro\u00dfartigen Erfolgen verhilft. Das Umfeld ist h\u00f6chst kompetitiv, dass sich so viele \u00f6sterreichische Autoren beim Publikum durchsetzen k\u00f6nnen, ist keine Selbstverst\u00e4ndlichkeit. Darauf k\u00f6nnen wir zurecht stolz sein.\u201c<\/p>\n\n\n\n<p>Autor Thomas Stipsits zeigt sich einmal mehr \u00fcberw\u00e4ltigt und bedankt sich bei seinen Leserinnen und Lesern. Und wie immer denkt er auch an die Buchh\u00e4ndlerinnen und Buchh\u00e4ndler, die sich f\u00fcr das \u201eEierkratz-Komplott\u201c diesmal auch mit ganz wunderbaren Dekoideen rund um das Buch gewaltig engagiert haben. \u201eIch m\u00f6chte mich bei allen Beteiligten f\u00fcr den gro\u00dfartigen Einsatz bedanken, das viele tolle Feedback und die jahrelange Treue.\u201c<\/p>\n\n\n\n<p>Inspektor Sifkovits ermittelt in seinem Heimatort Stinatz mit stets tatkr\u00e4ftiger Unterst\u00fctzung der \u201eKopftuchmafia\u201c \u2013 so wird das alteingesessene Trio, die Resetarits Hilda, die dicke Grandits Resl und seine Mutter Baba, liebevoll genannt.<br>Der \u201eburgenl\u00e4ndische Columbo\u201c, schrullig aber liebenswert, gem\u00fctlich aber trotzdem effizient, hat bereits seine eigene eingeschworene Fangemeinde und dem s\u00fcdburgenl\u00e4ndischen Ort zu noch mehr Ber\u00fchmtheit verholfen.<\/p>\n\n\n\n<p>Die im Ueberreuter Verlag erschienenen Krimis sind seit Erscheinen durchgehend auf den Bestseller-Listen zu finden und insgesamt fast 250.000-mal verkauft worden.<\/p>\n\n\n\n<p>Thomas Stipsits: Eierkratz-Komplott &#8211; Ein Stinatz-Krimi<br>176 Seiten, Ueberreuter, ISBN 978-3-8000- 9009-9, \u20ac 18,-<\/p>\n\n\n\n<p>*Das Platinbuch des Hauptverbandes des \u00d6sterreichischen Buchhandels wird f\u00fcr mehr als 25.000 verkaufte Exemplare vergeben.<\/p>\n\n\n\n<p>Kultur Online TV<\/p>\n\n\n\n<p>#literatur #kunst #kultur #news<\/p>\n","protected":false},"excerpt":{"rendered":"<p>Der neue Stinatz-Krimi verkauft sich mehr als 60.000-mal Es kommt nicht oft vor, dass drei Titel eines Autors gleichzeitig in den Top Ten der \u00f6sterreichischen Buchcharts aufscheinen \u2013 Thomas Stipsits ist genau das gelungen! Mit seinem Stinatz-Krimi \u201eEierkratz-Komplott\u201c hat er erneut einen Bestseller vorgelegt und auch die \u201eKopftuch-Mafia\u201c und die \u201eUhudler-Verschw\u00f6rung\u201c zu neuen Verkaufserfolgen und [&hellip;]<\/p>\n","protected":false},"author":2,"featured_media":30319,"comment_status":"closed","ping_status":"closed","sticky":false,"template":"","format":"standard","meta":{"_acf_changed":false,"footnotes":""},"categories":[133],"tags":[],"class_list":["post-30316","post","type-post","status-publish","format-standard","has-post-thumbnail","hentry","category-literatur"],"acf":[],"yoast_head":"<!-- This site is optimized with the Yoast SEO plugin v26.1.1 - https:\/\/yoast.com\/wordpress\/plugins\/seo\/ -->\n<title>Platinbuch f\u00fcr Thomas Stipsits und das \u201eEierkratz-Komplott\u201c - Kultur Online TV &amp; FM<\/title>\n<meta name=\"description\" content=\"Der neue Stinatz-Krimi verkauft sich mehr als 60.000-mal\" \/>\n<meta name=\"robots\" content=\"index, follow, max-snippet:-1, max-image-preview:large, max-video-preview:-1\" \/>\n<link rel=\"canonical\" href=\"https:\/\/kulturonline.tv\/at\/platinbuch-fuer-thomas-stipsits-und-das-eierkratz-komplott\/\" \/>\n<meta property=\"og:locale\" content=\"de_DE\" \/>\n<meta property=\"og:type\" content=\"article\" \/>\n<meta property=\"og:title\" content=\"Platinbuch f\u00fcr Thomas Stipsits und das \u201eEierkratz-Komplott\u201c - Kultur Online TV &amp; FM\" \/>\n<meta property=\"og:description\" content=\"Der neue Stinatz-Krimi verkauft sich mehr als 60.000-mal\" \/>\n<meta property=\"og:url\" content=\"https:\/\/kulturonline.tv\/at\/platinbuch-fuer-thomas-stipsits-und-das-eierkratz-komplott\/\" \/>\n<meta property=\"og:site_name\" content=\"Kultur Online TV &amp; FM\" \/>\n<meta property=\"article:publisher\" content=\"https:\/\/www.facebook.com\/kulturonline.tv\" \/>\n<meta property=\"article:published_time\" content=\"2022-06-27T08:28:10+00:00\" \/>\n<meta property=\"article:modified_time\" content=\"2022-06-27T08:28:11+00:00\" \/>\n<meta property=\"og:image\" content=\"https:\/\/kulturonline.tv\/wp-content\/uploads\/2022\/06\/Kultur-Online-TV-5-edited-scaled.jpg\" \/>\n\t<meta property=\"og:image:width\" content=\"2560\" \/>\n\t<meta property=\"og:image:height\" content=\"1440\" \/>\n\t<meta property=\"og:image:type\" content=\"image\/jpeg\" \/>\n<meta name=\"author\" content=\"guenter.wolfgang\" \/>\n<meta name=\"twitter:card\" content=\"summary_large_image\" \/>\n<meta name=\"twitter:label1\" content=\"Verfasst von\" \/>\n\t<meta name=\"twitter:data1\" content=\"guenter.wolfgang\" \/>\n\t<meta name=\"twitter:label2\" content=\"Gesch\u00e4tzte Lesezeit\" \/>\n\t<meta name=\"twitter:data2\" content=\"3 Minuten\" \/>\n<script type=\"application\/ld+json\" class=\"yoast-schema-graph\">{\"@context\":\"https:\/\/schema.org\",\"@graph\":[{\"@type\":\"Article\",\"@id\":\"https:\/\/kulturonline.tv\/at\/platinbuch-fuer-thomas-stipsits-und-das-eierkratz-komplott\/#article\",\"isPartOf\":{\"@id\":\"https:\/\/kulturonline.tv\/at\/platinbuch-fuer-thomas-stipsits-und-das-eierkratz-komplott\/\"},\"author\":{\"name\":\"guenter.wolfgang\",\"@id\":\"https:\/\/kulturonline.tv\/at\/#\/schema\/person\/b0fac729bb9a0c193fb1df23449df4fe\"},\"headline\":\"Platinbuch f\u00fcr Thomas Stipsits und das \u201eEierkratz-Komplott\u201c\",\"datePublished\":\"2022-06-27T08:28:10+00:00\",\"dateModified\":\"2022-06-27T08:28:11+00:00\",\"mainEntityOfPage\":{\"@id\":\"https:\/\/kulturonline.tv\/at\/platinbuch-fuer-thomas-stipsits-und-das-eierkratz-komplott\/\"},\"wordCount\":452,\"publisher\":{\"@id\":\"https:\/\/kulturonline.tv\/at\/#organization\"},\"image\":{\"@id\":\"https:\/\/kulturonline.tv\/at\/platinbuch-fuer-thomas-stipsits-und-das-eierkratz-komplott\/#primaryimage\"},\"thumbnailUrl\":\"https:\/\/kulturonline.tv\/wp-content\/uploads\/2022\/06\/Kultur-Online-TV-5-edited-scaled.jpg\",\"articleSection\":[\"Literatur\"],\"inLanguage\":\"de-AT\"},{\"@type\":\"WebPage\",\"@id\":\"https:\/\/kulturonline.tv\/at\/platinbuch-fuer-thomas-stipsits-und-das-eierkratz-komplott\/\",\"url\":\"https:\/\/kulturonline.tv\/at\/platinbuch-fuer-thomas-stipsits-und-das-eierkratz-komplott\/\",\"name\":\"Platinbuch f\u00fcr Thomas Stipsits und das \u201eEierkratz-Komplott\u201c - Kultur Online TV &amp; FM\",\"isPartOf\":{\"@id\":\"https:\/\/kulturonline.tv\/at\/#website\"},\"primaryImageOfPage\":{\"@id\":\"https:\/\/kulturonline.tv\/at\/platinbuch-fuer-thomas-stipsits-und-das-eierkratz-komplott\/#primaryimage\"},\"image\":{\"@id\":\"https:\/\/kulturonline.tv\/at\/platinbuch-fuer-thomas-stipsits-und-das-eierkratz-komplott\/#primaryimage\"},\"thumbnailUrl\":\"https:\/\/kulturonline.tv\/wp-content\/uploads\/2022\/06\/Kultur-Online-TV-5-edited-scaled.jpg\",\"datePublished\":\"2022-06-27T08:28:10+00:00\",\"dateModified\":\"2022-06-27T08:28:11+00:00\",\"description\":\"Der neue Stinatz-Krimi verkauft sich mehr als 60.000-mal\",\"breadcrumb\":{\"@id\":\"https:\/\/kulturonline.tv\/at\/platinbuch-fuer-thomas-stipsits-und-das-eierkratz-komplott\/#breadcrumb\"},\"inLanguage\":\"de-AT\",\"potentialAction\":[{\"@type\":\"ReadAction\",\"target\":[\"https:\/\/kulturonline.tv\/at\/platinbuch-fuer-thomas-stipsits-und-das-eierkratz-komplott\/\"]}]},{\"@type\":\"ImageObject\",\"inLanguage\":\"de-AT\",\"@id\":\"https:\/\/kulturonline.tv\/at\/platinbuch-fuer-thomas-stipsits-und-das-eierkratz-komplott\/#primaryimage\",\"url\":\"https:\/\/kulturonline.tv\/wp-content\/uploads\/2022\/06\/Kultur-Online-TV-5-edited-scaled.jpg\",\"contentUrl\":\"https:\/\/kulturonline.tv\/wp-content\/uploads\/2022\/06\/Kultur-Online-TV-5-edited-scaled.jpg\",\"width\":2560,\"height\":1440,\"caption\":\"BILD zu OTS - Ueberreuter Gesch\u008aftsf\u009fhrer Kommerzialrat Georg Gl\u009ackler \u009fbergibt Thomas Stipsits die Auszeichnung \\\"Platinbuch des Hauptverbandes des \u0085sterreichischen Buchhandels\\\" f\u009fr mehr als 60.000 verkaufte \\\"Eierkratz-Komplott\\\".\"},{\"@type\":\"BreadcrumbList\",\"@id\":\"https:\/\/kulturonline.tv\/at\/platinbuch-fuer-thomas-stipsits-und-das-eierkratz-komplott\/#breadcrumb\",\"itemListElement\":[{\"@type\":\"ListItem\",\"position\":1,\"name\":\"Startseite\",\"item\":\"https:\/\/kulturonline.tv\/at\/\"},{\"@type\":\"ListItem\",\"position\":2,\"name\":\"Platinbuch f\u00fcr Thomas Stipsits und das \u201eEierkratz-Komplott\u201c\"}]},{\"@type\":\"WebSite\",\"@id\":\"https:\/\/kulturonline.tv\/at\/#website\",\"url\":\"https:\/\/kulturonline.tv\/at\/\",\"name\":\"Kultur Online TV &amp; FM\",\"description\":\"Wir sind Kultur 2.0 zum sehen &amp; h\u00f6ren\",\"publisher\":{\"@id\":\"https:\/\/kulturonline.tv\/at\/#organization\"},\"potentialAction\":[{\"@type\":\"SearchAction\",\"target\":{\"@type\":\"EntryPoint\",\"urlTemplate\":\"https:\/\/kulturonline.tv\/at\/?s={search_term_string}\"},\"query-input\":{\"@type\":\"PropertyValueSpecification\",\"valueRequired\":true,\"valueName\":\"search_term_string\"}}],\"inLanguage\":\"de-AT\"},{\"@type\":\"Organization\",\"@id\":\"https:\/\/kulturonline.tv\/at\/#organization\",\"name\":\"Kultur Online TV\",\"url\":\"https:\/\/kulturonline.tv\/at\/\",\"logo\":{\"@type\":\"ImageObject\",\"inLanguage\":\"de-AT\",\"@id\":\"https:\/\/kulturonline.tv\/at\/#\/schema\/logo\/image\/\",\"url\":\"https:\/\/kulturonline.tv\/wp-content\/uploads\/2021\/08\/Kultur-Online-Tv-Logo-Endversion-neu.png\",\"contentUrl\":\"https:\/\/kulturonline.tv\/wp-content\/uploads\/2021\/08\/Kultur-Online-Tv-Logo-Endversion-neu.png\",\"width\":200,\"height\":200,\"caption\":\"Kultur Online TV\"},\"image\":{\"@id\":\"https:\/\/kulturonline.tv\/at\/#\/schema\/logo\/image\/\"},\"sameAs\":[\"https:\/\/www.facebook.com\/kulturonline.tv\",\"https:\/\/www.instagram.com\/kulturonline.tv\"]},{\"@type\":\"Person\",\"@id\":\"https:\/\/kulturonline.tv\/at\/#\/schema\/person\/b0fac729bb9a0c193fb1df23449df4fe\",\"name\":\"guenter.wolfgang\"}]}<\/script>\n<!-- \/ Yoast SEO plugin. -->","yoast_head_json":{"title":"Platinbuch f\u00fcr Thomas Stipsits und das \u201eEierkratz-Komplott\u201c - Kultur Online TV &amp; FM","description":"Der neue Stinatz-Krimi verkauft sich mehr als 60.000-mal","robots":{"index":"index","follow":"follow","max-snippet":"max-snippet:-1","max-image-preview":"max-image-preview:large","max-video-preview":"max-video-preview:-1"},"canonical":"https:\/\/kulturonline.tv\/at\/platinbuch-fuer-thomas-stipsits-und-das-eierkratz-komplott\/","og_locale":"de_DE","og_type":"article","og_title":"Platinbuch f\u00fcr Thomas Stipsits und das \u201eEierkratz-Komplott\u201c - Kultur Online TV &amp; FM","og_description":"Der neue Stinatz-Krimi verkauft sich mehr als 60.000-mal","og_url":"https:\/\/kulturonline.tv\/at\/platinbuch-fuer-thomas-stipsits-und-das-eierkratz-komplott\/","og_site_name":"Kultur Online TV &amp; FM","article_publisher":"https:\/\/www.facebook.com\/kulturonline.tv","article_published_time":"2022-06-27T08:28:10+00:00","article_modified_time":"2022-06-27T08:28:11+00:00","og_image":[{"width":2560,"height":1440,"url":"https:\/\/kulturonline.tv\/wp-content\/uploads\/2022\/06\/Kultur-Online-TV-5-edited-scaled.jpg","type":"image\/jpeg"}],"author":"guenter.wolfgang","twitter_card":"summary_large_image","twitter_misc":{"Verfasst von":"guenter.wolfgang","Gesch\u00e4tzte Lesezeit":"3 Minuten"},"schema":{"@context":"https:\/\/schema.org","@graph":[{"@type":"Article","@id":"https:\/\/kulturonline.tv\/at\/platinbuch-fuer-thomas-stipsits-und-das-eierkratz-komplott\/#article","isPartOf":{"@id":"https:\/\/kulturonline.tv\/at\/platinbuch-fuer-thomas-stipsits-und-das-eierkratz-komplott\/"},"author":{"name":"guenter.wolfgang","@id":"https:\/\/kulturonline.tv\/at\/#\/schema\/person\/b0fac729bb9a0c193fb1df23449df4fe"},"headline":"Platinbuch f\u00fcr Thomas Stipsits und das \u201eEierkratz-Komplott\u201c","datePublished":"2022-06-27T08:28:10+00:00","dateModified":"2022-06-27T08:28:11+00:00","mainEntityOfPage":{"@id":"https:\/\/kulturonline.tv\/at\/platinbuch-fuer-thomas-stipsits-und-das-eierkratz-komplott\/"},"wordCount":452,"publisher":{"@id":"https:\/\/kulturonline.tv\/at\/#organization"},"image":{"@id":"https:\/\/kulturonline.tv\/at\/platinbuch-fuer-thomas-stipsits-und-das-eierkratz-komplott\/#primaryimage"},"thumbnailUrl":"https:\/\/kulturonline.tv\/wp-content\/uploads\/2022\/06\/Kultur-Online-TV-5-edited-scaled.jpg","articleSection":["Literatur"],"inLanguage":"de-AT"},{"@type":"WebPage","@id":"https:\/\/kulturonline.tv\/at\/platinbuch-fuer-thomas-stipsits-und-das-eierkratz-komplott\/","url":"https:\/\/kulturonline.tv\/at\/platinbuch-fuer-thomas-stipsits-und-das-eierkratz-komplott\/","name":"Platinbuch f\u00fcr Thomas Stipsits und das \u201eEierkratz-Komplott\u201c - Kultur Online TV &amp; FM","isPartOf":{"@id":"https:\/\/kulturonline.tv\/at\/#website"},"primaryImageOfPage":{"@id":"https:\/\/kulturonline.tv\/at\/platinbuch-fuer-thomas-stipsits-und-das-eierkratz-komplott\/#primaryimage"},"image":{"@id":"https:\/\/kulturonline.tv\/at\/platinbuch-fuer-thomas-stipsits-und-das-eierkratz-komplott\/#primaryimage"},"thumbnailUrl":"https:\/\/kulturonline.tv\/wp-content\/uploads\/2022\/06\/Kultur-Online-TV-5-edited-scaled.jpg","datePublished":"2022-06-27T08:28:10+00:00","dateModified":"2022-06-27T08:28:11+00:00","description":"Der neue Stinatz-Krimi verkauft sich mehr als 60.000-mal","breadcrumb":{"@id":"https:\/\/kulturonline.tv\/at\/platinbuch-fuer-thomas-stipsits-und-das-eierkratz-komplott\/#breadcrumb"},"inLanguage":"de-AT","potentialAction":[{"@type":"ReadAction","target":["https:\/\/kulturonline.tv\/at\/platinbuch-fuer-thomas-stipsits-und-das-eierkratz-komplott\/"]}]},{"@type":"ImageObject","inLanguage":"de-AT","@id":"https:\/\/kulturonline.tv\/at\/platinbuch-fuer-thomas-stipsits-und-das-eierkratz-komplott\/#primaryimage","url":"https:\/\/kulturonline.tv\/wp-content\/uploads\/2022\/06\/Kultur-Online-TV-5-edited-scaled.jpg","contentUrl":"https:\/\/kulturonline.tv\/wp-content\/uploads\/2022\/06\/Kultur-Online-TV-5-edited-scaled.jpg","width":2560,"height":1440,"caption":"BILD zu OTS - Ueberreuter Gesch\u008aftsf\u009fhrer Kommerzialrat Georg Gl\u009ackler \u009fbergibt Thomas Stipsits die Auszeichnung \"Platinbuch des Hauptverbandes des \u0085sterreichischen Buchhandels\" f\u009fr mehr als 60.000 verkaufte \"Eierkratz-Komplott\"."},{"@type":"BreadcrumbList","@id":"https:\/\/kulturonline.tv\/at\/platinbuch-fuer-thomas-stipsits-und-das-eierkratz-komplott\/#breadcrumb","itemListElement":[{"@type":"ListItem","position":1,"name":"Startseite","item":"https:\/\/kulturonline.tv\/at\/"},{"@type":"ListItem","position":2,"name":"Platinbuch f\u00fcr Thomas Stipsits und das \u201eEierkratz-Komplott\u201c"}]},{"@type":"WebSite","@id":"https:\/\/kulturonline.tv\/at\/#website","url":"https:\/\/kulturonline.tv\/at\/","name":"Kultur Online TV &amp; FM","description":"Wir sind Kultur 2.0 zum sehen &amp; h\u00f6ren","publisher":{"@id":"https:\/\/kulturonline.tv\/at\/#organization"},"potentialAction":[{"@type":"SearchAction","target":{"@type":"EntryPoint","urlTemplate":"https:\/\/kulturonline.tv\/at\/?s={search_term_string}"},"query-input":{"@type":"PropertyValueSpecification","valueRequired":true,"valueName":"search_term_string"}}],"inLanguage":"de-AT"},{"@type":"Organization","@id":"https:\/\/kulturonline.tv\/at\/#organization","name":"Kultur Online TV","url":"https:\/\/kulturonline.tv\/at\/","logo":{"@type":"ImageObject","inLanguage":"de-AT","@id":"https:\/\/kulturonline.tv\/at\/#\/schema\/logo\/image\/","url":"https:\/\/kulturonline.tv\/wp-content\/uploads\/2021\/08\/Kultur-Online-Tv-Logo-Endversion-neu.png","contentUrl":"https:\/\/kulturonline.tv\/wp-content\/uploads\/2021\/08\/Kultur-Online-Tv-Logo-Endversion-neu.png","width":200,"height":200,"caption":"Kultur Online TV"},"image":{"@id":"https:\/\/kulturonline.tv\/at\/#\/schema\/logo\/image\/"},"sameAs":["https:\/\/www.facebook.com\/kulturonline.tv","https:\/\/www.instagram.com\/kulturonline.tv"]},{"@type":"Person","@id":"https:\/\/kulturonline.tv\/at\/#\/schema\/person\/b0fac729bb9a0c193fb1df23449df4fe","name":"guenter.wolfgang"}]}},"_links":{"self":[{"href":"https:\/\/kulturonline.tv\/at\/wp-json\/wp\/v2\/posts\/30316","targetHints":{"allow":["GET"]}}],"collection":[{"href":"https:\/\/kulturonline.tv\/at\/wp-json\/wp\/v2\/posts"}],"about":[{"href":"https:\/\/kulturonline.tv\/at\/wp-json\/wp\/v2\/types\/post"}],"author":[{"embeddable":true,"href":"https:\/\/kulturonline.tv\/at\/wp-json\/wp\/v2\/users\/2"}],"replies":[{"embeddable":true,"href":"https:\/\/kulturonline.tv\/at\/wp-json\/wp\/v2\/comments?post=30316"}],"version-history":[{"count":0,"href":"https:\/\/kulturonline.tv\/at\/wp-json\/wp\/v2\/posts\/30316\/revisions"}],"wp:featuredmedia":[{"embeddable":true,"href":"https:\/\/kulturonline.tv\/at\/wp-json\/wp\/v2\/media\/30319"}],"wp:attachment":[{"href":"https:\/\/kulturonline.tv\/at\/wp-json\/wp\/v2\/media?parent=30316"}],"wp:term":[{"taxonomy":"category","embeddable":true,"href":"https:\/\/kulturonline.tv\/at\/wp-json\/wp\/v2\/categories?post=30316"},{"taxonomy":"post_tag","embeddable":true,"href":"https:\/\/kulturonline.tv\/at\/wp-json\/wp\/v2\/tags?post=30316"}],"curies":[{"name":"wp","href":"https:\/\/api.w.org\/{rel}","templated":true}]}}