{"id":30421,"date":"2022-07-04T20:58:14","date_gmt":"2022-07-04T18:58:14","guid":{"rendered":"https:\/\/kulturonline.tv\/?p=30421"},"modified":"2022-07-04T20:58:15","modified_gmt":"2022-07-04T18:58:15","slug":"langzeitstipendien-fuer-literatur","status":"publish","type":"post","link":"https:\/\/kulturonline.tv\/at\/langzeitstipendien-fuer-literatur\/","title":{"rendered":"Langzeitstipendien f\u00fcr Literatur"},"content":{"rendered":"\n<p>Die Juryentscheidungen f\u00fcr die diesj\u00e4hrigen Langzeitstipendien f\u00fcr Literatur stehen fest und erm\u00f6glichen AutorInnen \u201esich konzentriert ihrem kreativen Schaffen zu widmen\u201c.<\/p>\n\n\n\n<figure class=\"wp-block-image size-full\"><img fetchpriority=\"high\" decoding=\"async\" width=\"1280\" height=\"720\" src=\"https:\/\/kulturonline.tv\/wp-content\/uploads\/2021\/09\/Kultur-Online-TV-Literatur.jpg\" alt=\"\" class=\"wp-image-7271\" srcset=\"https:\/\/kulturonline.tv\/wp-content\/uploads\/2021\/09\/Kultur-Online-TV-Literatur.jpg 1280w, https:\/\/kulturonline.tv\/wp-content\/uploads\/2021\/09\/Kultur-Online-TV-Literatur-600x338.jpg 600w, https:\/\/kulturonline.tv\/wp-content\/uploads\/2021\/09\/Kultur-Online-TV-Literatur-800x450.jpg 800w, https:\/\/kulturonline.tv\/wp-content\/uploads\/2021\/09\/Kultur-Online-TV-Literatur-768x432.jpg 768w\" sizes=\"(max-width: 1280px) 100vw, 1280px\" \/><figcaption>Bild Pixabay<\/figcaption><\/figure>\n\n\n\n<p>Aus insgesamt 456 Einreichungen vergibt das BMK\u00d6S dieses Jahr 81 Stipendien mit einer Laufzeit von sechs und zw\u00f6lf Monaten an \u00f6sterreichische Autor:innen. Monatlich erhalten die Stipendiat:innen 1.400 Euro. Mit den Langzeitstipendien gehen damit 1,1 Millionen Euro in die direkte F\u00f6rderung \u00f6sterreichischer Autor:innen und ihrer literarischen Arbeit.<\/p>\n\n\n\n<p>\u201eDie \u00f6sterreichische Gegenwartsliteratur ist unverzichtbarer Impulsgeberin und \u00fcberrascht immer wieder mit ihrer Diversit\u00e4t. Unsere Langzeitstipendien sollen unseren Autorinnen und Autoren eines schenken: n\u00e4mlich Zeit. Zeit, sich konzentriert ihrem kreativen Schaffen widmen zu k\u00f6nnen; Zeit, die im besten Fall eine Idee, ein Projekt oder einen Plan zu einem Buch werden l\u00e4sst, mit dem wir Leserinnen und Leser bereichert werden. Herzliche Gratulation an alle Stipendiatinnen und Stipendiaten und viel Erfolg f\u00fcr ihre Vorhaben\u201c, so Kunst- und Kulturstaatssekret\u00e4rin Mayer anl\u00e4sslich der Vergabe der Langzeitstipendien.<\/p>\n\n\n\n<p>Unter den 50 Projektstipendiat:innen (Laufzeit: zw\u00f6lf Monate) finden sich zahlreiche bekannte Namen, aber auch Autor:innen, die dem Lesepublikum noch nicht so gel\u00e4ufig sind. F\u00fcr die Kinder- und Jugendliteratur (Mira-Lobe-Stipendium ) und f\u00fcr Theatertexte (Dramatiker:innenstipendium) waren eigene Stipendienprogramme mit sechs bzw. zehn Stipendien ausgeschrieben. Und auch der literarische Nachwuchs wurde heuer wieder mit 15 Startstipendium f\u00fcr Literatur ber\u00fccksichtigt.<\/p>\n\n\n\n<p>Langzeitstipendium f\u00fcr Literatur 2022\/23<\/p>\n\n\n\n<p>Kultur Online TV<\/p>\n\n\n\n<p>#news #literatur <\/p>\n","protected":false},"excerpt":{"rendered":"<p>Die Juryentscheidungen f\u00fcr die diesj\u00e4hrigen Langzeitstipendien f\u00fcr Literatur stehen fest und erm\u00f6glichen AutorInnen \u201esich konzentriert ihrem kreativen Schaffen zu widmen\u201c. Aus insgesamt 456 Einreichungen vergibt das BMK\u00d6S dieses Jahr 81 Stipendien mit einer Laufzeit von sechs und zw\u00f6lf Monaten an \u00f6sterreichische Autor:innen. Monatlich erhalten die Stipendiat:innen 1.400 Euro. Mit den Langzeitstipendien gehen damit 1,1 Millionen [&hellip;]<\/p>\n","protected":false},"author":2,"featured_media":7271,"comment_status":"closed","ping_status":"closed","sticky":false,"template":"","format":"standard","meta":{"_acf_changed":false,"footnotes":""},"categories":[133],"tags":[],"class_list":["post-30421","post","type-post","status-publish","format-standard","has-post-thumbnail","hentry","category-literatur"],"acf":[],"yoast_head":"<!-- This site is optimized with the Yoast SEO plugin v26.1.1 - https:\/\/yoast.com\/wordpress\/plugins\/seo\/ -->\n<title>Langzeitstipendien f\u00fcr Literatur - Kultur Online TV &amp; FM<\/title>\n<meta name=\"description\" content=\"Die Juryentscheidungen f\u00fcr die diesj\u00e4hrigen Langzeitstipendien f\u00fcr Literatur stehen fest und erm\u00f6glichen AutorInnen \u201esich konzentriert ihrem kreativen Schaffen zu widmen\u201c.\" \/>\n<meta name=\"robots\" content=\"index, follow, max-snippet:-1, max-image-preview:large, max-video-preview:-1\" \/>\n<link rel=\"canonical\" href=\"https:\/\/kulturonline.tv\/at\/langzeitstipendien-fuer-literatur\/\" \/>\n<meta property=\"og:locale\" content=\"de_DE\" \/>\n<meta property=\"og:type\" content=\"article\" \/>\n<meta property=\"og:title\" content=\"Langzeitstipendien f\u00fcr Literatur - Kultur Online TV &amp; FM\" \/>\n<meta property=\"og:description\" content=\"Die Juryentscheidungen f\u00fcr die diesj\u00e4hrigen Langzeitstipendien f\u00fcr Literatur stehen fest und erm\u00f6glichen AutorInnen \u201esich konzentriert ihrem kreativen Schaffen zu widmen\u201c.\" \/>\n<meta property=\"og:url\" content=\"https:\/\/kulturonline.tv\/at\/langzeitstipendien-fuer-literatur\/\" \/>\n<meta property=\"og:site_name\" content=\"Kultur Online TV &amp; FM\" \/>\n<meta property=\"article:publisher\" content=\"https:\/\/www.facebook.com\/kulturonline.tv\" \/>\n<meta property=\"article:published_time\" content=\"2022-07-04T18:58:14+00:00\" \/>\n<meta property=\"article:modified_time\" content=\"2022-07-04T18:58:15+00:00\" \/>\n<meta property=\"og:image\" content=\"https:\/\/kulturonline.tv\/wp-content\/uploads\/2021\/09\/Kultur-Online-TV-Literatur.jpg\" \/>\n\t<meta property=\"og:image:width\" content=\"1280\" \/>\n\t<meta property=\"og:image:height\" content=\"720\" \/>\n\t<meta property=\"og:image:type\" content=\"image\/jpeg\" \/>\n<meta name=\"author\" content=\"guenter.wolfgang\" \/>\n<meta name=\"twitter:card\" content=\"summary_large_image\" \/>\n<meta name=\"twitter:label1\" content=\"Verfasst von\" \/>\n\t<meta name=\"twitter:data1\" content=\"guenter.wolfgang\" \/>\n\t<meta name=\"twitter:label2\" content=\"Gesch\u00e4tzte Lesezeit\" \/>\n\t<meta name=\"twitter:data2\" content=\"2 Minuten\" \/>\n<script type=\"application\/ld+json\" class=\"yoast-schema-graph\">{\"@context\":\"https:\/\/schema.org\",\"@graph\":[{\"@type\":\"Article\",\"@id\":\"https:\/\/kulturonline.tv\/at\/langzeitstipendien-fuer-literatur\/#article\",\"isPartOf\":{\"@id\":\"https:\/\/kulturonline.tv\/at\/langzeitstipendien-fuer-literatur\/\"},\"author\":{\"name\":\"guenter.wolfgang\",\"@id\":\"https:\/\/kulturonline.tv\/at\/#\/schema\/person\/b0fac729bb9a0c193fb1df23449df4fe\"},\"headline\":\"Langzeitstipendien f\u00fcr Literatur\",\"datePublished\":\"2022-07-04T18:58:14+00:00\",\"dateModified\":\"2022-07-04T18:58:15+00:00\",\"mainEntityOfPage\":{\"@id\":\"https:\/\/kulturonline.tv\/at\/langzeitstipendien-fuer-literatur\/\"},\"wordCount\":238,\"publisher\":{\"@id\":\"https:\/\/kulturonline.tv\/at\/#organization\"},\"image\":{\"@id\":\"https:\/\/kulturonline.tv\/at\/langzeitstipendien-fuer-literatur\/#primaryimage\"},\"thumbnailUrl\":\"https:\/\/kulturonline.tv\/wp-content\/uploads\/2021\/09\/Kultur-Online-TV-Literatur.jpg\",\"articleSection\":[\"Literatur\"],\"inLanguage\":\"de-AT\"},{\"@type\":\"WebPage\",\"@id\":\"https:\/\/kulturonline.tv\/at\/langzeitstipendien-fuer-literatur\/\",\"url\":\"https:\/\/kulturonline.tv\/at\/langzeitstipendien-fuer-literatur\/\",\"name\":\"Langzeitstipendien f\u00fcr Literatur - Kultur Online TV &amp; FM\",\"isPartOf\":{\"@id\":\"https:\/\/kulturonline.tv\/at\/#website\"},\"primaryImageOfPage\":{\"@id\":\"https:\/\/kulturonline.tv\/at\/langzeitstipendien-fuer-literatur\/#primaryimage\"},\"image\":{\"@id\":\"https:\/\/kulturonline.tv\/at\/langzeitstipendien-fuer-literatur\/#primaryimage\"},\"thumbnailUrl\":\"https:\/\/kulturonline.tv\/wp-content\/uploads\/2021\/09\/Kultur-Online-TV-Literatur.jpg\",\"datePublished\":\"2022-07-04T18:58:14+00:00\",\"dateModified\":\"2022-07-04T18:58:15+00:00\",\"description\":\"Die Juryentscheidungen f\u00fcr die diesj\u00e4hrigen Langzeitstipendien f\u00fcr Literatur stehen fest und erm\u00f6glichen AutorInnen \u201esich konzentriert ihrem kreativen Schaffen zu widmen\u201c.\",\"breadcrumb\":{\"@id\":\"https:\/\/kulturonline.tv\/at\/langzeitstipendien-fuer-literatur\/#breadcrumb\"},\"inLanguage\":\"de-AT\",\"potentialAction\":[{\"@type\":\"ReadAction\",\"target\":[\"https:\/\/kulturonline.tv\/at\/langzeitstipendien-fuer-literatur\/\"]}]},{\"@type\":\"ImageObject\",\"inLanguage\":\"de-AT\",\"@id\":\"https:\/\/kulturonline.tv\/at\/langzeitstipendien-fuer-literatur\/#primaryimage\",\"url\":\"https:\/\/kulturonline.tv\/wp-content\/uploads\/2021\/09\/Kultur-Online-TV-Literatur.jpg\",\"contentUrl\":\"https:\/\/kulturonline.tv\/wp-content\/uploads\/2021\/09\/Kultur-Online-TV-Literatur.jpg\",\"width\":1280,\"height\":720},{\"@type\":\"BreadcrumbList\",\"@id\":\"https:\/\/kulturonline.tv\/at\/langzeitstipendien-fuer-literatur\/#breadcrumb\",\"itemListElement\":[{\"@type\":\"ListItem\",\"position\":1,\"name\":\"Startseite\",\"item\":\"https:\/\/kulturonline.tv\/at\/\"},{\"@type\":\"ListItem\",\"position\":2,\"name\":\"Langzeitstipendien f\u00fcr Literatur\"}]},{\"@type\":\"WebSite\",\"@id\":\"https:\/\/kulturonline.tv\/at\/#website\",\"url\":\"https:\/\/kulturonline.tv\/at\/\",\"name\":\"Kultur Online TV &amp; FM\",\"description\":\"Wir sind Kultur 2.0 zum sehen &amp; h\u00f6ren\",\"publisher\":{\"@id\":\"https:\/\/kulturonline.tv\/at\/#organization\"},\"potentialAction\":[{\"@type\":\"SearchAction\",\"target\":{\"@type\":\"EntryPoint\",\"urlTemplate\":\"https:\/\/kulturonline.tv\/at\/?s={search_term_string}\"},\"query-input\":{\"@type\":\"PropertyValueSpecification\",\"valueRequired\":true,\"valueName\":\"search_term_string\"}}],\"inLanguage\":\"de-AT\"},{\"@type\":\"Organization\",\"@id\":\"https:\/\/kulturonline.tv\/at\/#organization\",\"name\":\"Kultur Online TV\",\"url\":\"https:\/\/kulturonline.tv\/at\/\",\"logo\":{\"@type\":\"ImageObject\",\"inLanguage\":\"de-AT\",\"@id\":\"https:\/\/kulturonline.tv\/at\/#\/schema\/logo\/image\/\",\"url\":\"https:\/\/kulturonline.tv\/wp-content\/uploads\/2021\/08\/Kultur-Online-Tv-Logo-Endversion-neu.png\",\"contentUrl\":\"https:\/\/kulturonline.tv\/wp-content\/uploads\/2021\/08\/Kultur-Online-Tv-Logo-Endversion-neu.png\",\"width\":200,\"height\":200,\"caption\":\"Kultur Online TV\"},\"image\":{\"@id\":\"https:\/\/kulturonline.tv\/at\/#\/schema\/logo\/image\/\"},\"sameAs\":[\"https:\/\/www.facebook.com\/kulturonline.tv\",\"https:\/\/www.instagram.com\/kulturonline.tv\"]},{\"@type\":\"Person\",\"@id\":\"https:\/\/kulturonline.tv\/at\/#\/schema\/person\/b0fac729bb9a0c193fb1df23449df4fe\",\"name\":\"guenter.wolfgang\"}]}<\/script>\n<!-- \/ Yoast SEO plugin. -->","yoast_head_json":{"title":"Langzeitstipendien f\u00fcr Literatur - Kultur Online TV &amp; FM","description":"Die Juryentscheidungen f\u00fcr die diesj\u00e4hrigen Langzeitstipendien f\u00fcr Literatur stehen fest und erm\u00f6glichen AutorInnen \u201esich konzentriert ihrem kreativen Schaffen zu widmen\u201c.","robots":{"index":"index","follow":"follow","max-snippet":"max-snippet:-1","max-image-preview":"max-image-preview:large","max-video-preview":"max-video-preview:-1"},"canonical":"https:\/\/kulturonline.tv\/at\/langzeitstipendien-fuer-literatur\/","og_locale":"de_DE","og_type":"article","og_title":"Langzeitstipendien f\u00fcr Literatur - Kultur Online TV &amp; FM","og_description":"Die Juryentscheidungen f\u00fcr die diesj\u00e4hrigen Langzeitstipendien f\u00fcr Literatur stehen fest und erm\u00f6glichen AutorInnen \u201esich konzentriert ihrem kreativen Schaffen zu widmen\u201c.","og_url":"https:\/\/kulturonline.tv\/at\/langzeitstipendien-fuer-literatur\/","og_site_name":"Kultur Online TV &amp; FM","article_publisher":"https:\/\/www.facebook.com\/kulturonline.tv","article_published_time":"2022-07-04T18:58:14+00:00","article_modified_time":"2022-07-04T18:58:15+00:00","og_image":[{"width":1280,"height":720,"url":"https:\/\/kulturonline.tv\/wp-content\/uploads\/2021\/09\/Kultur-Online-TV-Literatur.jpg","type":"image\/jpeg"}],"author":"guenter.wolfgang","twitter_card":"summary_large_image","twitter_misc":{"Verfasst von":"guenter.wolfgang","Gesch\u00e4tzte Lesezeit":"2 Minuten"},"schema":{"@context":"https:\/\/schema.org","@graph":[{"@type":"Article","@id":"https:\/\/kulturonline.tv\/at\/langzeitstipendien-fuer-literatur\/#article","isPartOf":{"@id":"https:\/\/kulturonline.tv\/at\/langzeitstipendien-fuer-literatur\/"},"author":{"name":"guenter.wolfgang","@id":"https:\/\/kulturonline.tv\/at\/#\/schema\/person\/b0fac729bb9a0c193fb1df23449df4fe"},"headline":"Langzeitstipendien f\u00fcr Literatur","datePublished":"2022-07-04T18:58:14+00:00","dateModified":"2022-07-04T18:58:15+00:00","mainEntityOfPage":{"@id":"https:\/\/kulturonline.tv\/at\/langzeitstipendien-fuer-literatur\/"},"wordCount":238,"publisher":{"@id":"https:\/\/kulturonline.tv\/at\/#organization"},"image":{"@id":"https:\/\/kulturonline.tv\/at\/langzeitstipendien-fuer-literatur\/#primaryimage"},"thumbnailUrl":"https:\/\/kulturonline.tv\/wp-content\/uploads\/2021\/09\/Kultur-Online-TV-Literatur.jpg","articleSection":["Literatur"],"inLanguage":"de-AT"},{"@type":"WebPage","@id":"https:\/\/kulturonline.tv\/at\/langzeitstipendien-fuer-literatur\/","url":"https:\/\/kulturonline.tv\/at\/langzeitstipendien-fuer-literatur\/","name":"Langzeitstipendien f\u00fcr Literatur - Kultur Online TV &amp; FM","isPartOf":{"@id":"https:\/\/kulturonline.tv\/at\/#website"},"primaryImageOfPage":{"@id":"https:\/\/kulturonline.tv\/at\/langzeitstipendien-fuer-literatur\/#primaryimage"},"image":{"@id":"https:\/\/kulturonline.tv\/at\/langzeitstipendien-fuer-literatur\/#primaryimage"},"thumbnailUrl":"https:\/\/kulturonline.tv\/wp-content\/uploads\/2021\/09\/Kultur-Online-TV-Literatur.jpg","datePublished":"2022-07-04T18:58:14+00:00","dateModified":"2022-07-04T18:58:15+00:00","description":"Die Juryentscheidungen f\u00fcr die diesj\u00e4hrigen Langzeitstipendien f\u00fcr Literatur stehen fest und erm\u00f6glichen AutorInnen \u201esich konzentriert ihrem kreativen Schaffen zu widmen\u201c.","breadcrumb":{"@id":"https:\/\/kulturonline.tv\/at\/langzeitstipendien-fuer-literatur\/#breadcrumb"},"inLanguage":"de-AT","potentialAction":[{"@type":"ReadAction","target":["https:\/\/kulturonline.tv\/at\/langzeitstipendien-fuer-literatur\/"]}]},{"@type":"ImageObject","inLanguage":"de-AT","@id":"https:\/\/kulturonline.tv\/at\/langzeitstipendien-fuer-literatur\/#primaryimage","url":"https:\/\/kulturonline.tv\/wp-content\/uploads\/2021\/09\/Kultur-Online-TV-Literatur.jpg","contentUrl":"https:\/\/kulturonline.tv\/wp-content\/uploads\/2021\/09\/Kultur-Online-TV-Literatur.jpg","width":1280,"height":720},{"@type":"BreadcrumbList","@id":"https:\/\/kulturonline.tv\/at\/langzeitstipendien-fuer-literatur\/#breadcrumb","itemListElement":[{"@type":"ListItem","position":1,"name":"Startseite","item":"https:\/\/kulturonline.tv\/at\/"},{"@type":"ListItem","position":2,"name":"Langzeitstipendien f\u00fcr Literatur"}]},{"@type":"WebSite","@id":"https:\/\/kulturonline.tv\/at\/#website","url":"https:\/\/kulturonline.tv\/at\/","name":"Kultur Online TV &amp; FM","description":"Wir sind Kultur 2.0 zum sehen &amp; h\u00f6ren","publisher":{"@id":"https:\/\/kulturonline.tv\/at\/#organization"},"potentialAction":[{"@type":"SearchAction","target":{"@type":"EntryPoint","urlTemplate":"https:\/\/kulturonline.tv\/at\/?s={search_term_string}"},"query-input":{"@type":"PropertyValueSpecification","valueRequired":true,"valueName":"search_term_string"}}],"inLanguage":"de-AT"},{"@type":"Organization","@id":"https:\/\/kulturonline.tv\/at\/#organization","name":"Kultur Online TV","url":"https:\/\/kulturonline.tv\/at\/","logo":{"@type":"ImageObject","inLanguage":"de-AT","@id":"https:\/\/kulturonline.tv\/at\/#\/schema\/logo\/image\/","url":"https:\/\/kulturonline.tv\/wp-content\/uploads\/2021\/08\/Kultur-Online-Tv-Logo-Endversion-neu.png","contentUrl":"https:\/\/kulturonline.tv\/wp-content\/uploads\/2021\/08\/Kultur-Online-Tv-Logo-Endversion-neu.png","width":200,"height":200,"caption":"Kultur Online TV"},"image":{"@id":"https:\/\/kulturonline.tv\/at\/#\/schema\/logo\/image\/"},"sameAs":["https:\/\/www.facebook.com\/kulturonline.tv","https:\/\/www.instagram.com\/kulturonline.tv"]},{"@type":"Person","@id":"https:\/\/kulturonline.tv\/at\/#\/schema\/person\/b0fac729bb9a0c193fb1df23449df4fe","name":"guenter.wolfgang"}]}},"_links":{"self":[{"href":"https:\/\/kulturonline.tv\/at\/wp-json\/wp\/v2\/posts\/30421","targetHints":{"allow":["GET"]}}],"collection":[{"href":"https:\/\/kulturonline.tv\/at\/wp-json\/wp\/v2\/posts"}],"about":[{"href":"https:\/\/kulturonline.tv\/at\/wp-json\/wp\/v2\/types\/post"}],"author":[{"embeddable":true,"href":"https:\/\/kulturonline.tv\/at\/wp-json\/wp\/v2\/users\/2"}],"replies":[{"embeddable":true,"href":"https:\/\/kulturonline.tv\/at\/wp-json\/wp\/v2\/comments?post=30421"}],"version-history":[{"count":0,"href":"https:\/\/kulturonline.tv\/at\/wp-json\/wp\/v2\/posts\/30421\/revisions"}],"wp:featuredmedia":[{"embeddable":true,"href":"https:\/\/kulturonline.tv\/at\/wp-json\/wp\/v2\/media\/7271"}],"wp:attachment":[{"href":"https:\/\/kulturonline.tv\/at\/wp-json\/wp\/v2\/media?parent=30421"}],"wp:term":[{"taxonomy":"category","embeddable":true,"href":"https:\/\/kulturonline.tv\/at\/wp-json\/wp\/v2\/categories?post=30421"},{"taxonomy":"post_tag","embeddable":true,"href":"https:\/\/kulturonline.tv\/at\/wp-json\/wp\/v2\/tags?post=30421"}],"curies":[{"name":"wp","href":"https:\/\/api.w.org\/{rel}","templated":true}]}}