{"id":30441,"date":"2022-07-05T16:04:29","date_gmt":"2022-07-05T14:04:29","guid":{"rendered":"https:\/\/kulturonline.tv\/?p=30441"},"modified":"2025-11-06T00:05:11","modified_gmt":"2025-11-05T23:05:11","slug":"mieming-der-kulturort-im-tiroler-oberland","status":"publish","type":"post","link":"https:\/\/kulturonline.tv\/at\/mieming-der-kulturort-im-tiroler-oberland\/","title":{"rendered":"Mieming: Der Kulturort im Tiroler Oberland"},"content":{"rendered":"\n<p>Kultur am Land bedeutet sowohl Traditionen zu pflegen, als auch den Weg f\u00fcr Neues zu bereiten.<\/p>\n\n\n\n<figure class=\"wp-block-image size-large\"><img fetchpriority=\"high\" decoding=\"async\" width=\"2560\" height=\"1440\" src=\"https:\/\/kulturonline.tv\/wp-content\/uploads\/2022\/07\/OBS_20220703_OBS0007-edited-scaled.jpg\" alt=\"\" class=\"wp-image-30445\" srcset=\"https:\/\/kulturonline.tv\/wp-content\/uploads\/2022\/07\/OBS_20220703_OBS0007-edited-scaled.jpg 2560w, https:\/\/kulturonline.tv\/wp-content\/uploads\/2022\/07\/OBS_20220703_OBS0007-edited-600x338.jpg 600w, https:\/\/kulturonline.tv\/wp-content\/uploads\/2022\/07\/OBS_20220703_OBS0007-edited-800x450.jpg 800w, https:\/\/kulturonline.tv\/wp-content\/uploads\/2022\/07\/OBS_20220703_OBS0007-edited-1600x900.jpg 1600w, https:\/\/kulturonline.tv\/wp-content\/uploads\/2022\/07\/OBS_20220703_OBS0007-edited-768x432.jpg 768w, https:\/\/kulturonline.tv\/wp-content\/uploads\/2022\/07\/OBS_20220703_OBS0007-edited-1536x864.jpg 1536w, https:\/\/kulturonline.tv\/wp-content\/uploads\/2022\/07\/OBS_20220703_OBS0007-edited-2048x1152.jpg 2048w\" sizes=\"(max-width: 2560px) 100vw, 2560px\" \/><figcaption>Nina Pr\u00f6ll &amp; Ulli Br\u00e9e, Tirol Premiere, Roman Debut von Uli Br\u00e9e &#8222;Du wirst mit t\u00f6ten&#8220;<\/figcaption><\/figure>\n\n\n\n<p>Nach sechs Jahren intensivem Engagements zieht sich Maria Thurnwalder aus dem Gemeinderat zur\u00fcck, nicht aber aus der Kulturarbeit.<\/p>\n\n\n\n<p>Dass Mieming sich schon lange zu dem Kulturort im Tiroler Oberland etabliert hat, steht au\u00dfer Frage. Denn das Programm hat es stets in sich: Allj\u00e4hrlich wird an den beiden Spielst\u00e4tten, Gemeindesaal und Kulturstadl, gefragten Musiker<em>innen verschiedener Genres, \u00fcber hochkar\u00e4tigen Autor<\/em>innen, bis hin zu beliebten Kabarettist*innen eine B\u00fchne geboten.<\/p>\n\n\n\n<p>Verantwortlich f\u00fcr die erfolgreiche Arbeit zeichnet sich Miemings Kultur-Lady Maria Thurnwalder. Die Unternehmerin leitet sowohl eine Werbe- als auch eine Event- und K\u00fcnstleragentur und war langj\u00e4hriges Mitglied des Mieminger Gemeinderats. Aus diesem hat sie sich nun zur\u00fcckgezogen, wird aber weiterhin die Kulturarbeit \u00fcbernehmen &#8211; allerdings nicht mehr in gewohnter Form.<\/p>\n\n\n\n<p>Das st\u00e4ndig wachsende Programm und der allj\u00e4hrliche Mehraufwand waren f\u00fcr Maria Thurnwalder und die zahlreichen unerm\u00fcdlichen Helfer*innen in dieser ehrenamtlichen Funktion irgendwann kaum mehr zu stemmen. \u201eKulturarbeit bedeutet n\u00e4mlich: Organisation, Planung, laufende K\u00fcnstler-Recherche, Unterst\u00fctzung der Kulturvereine, Werbung und Pressearbeit, Kartenverkauf, Betreuung w\u00e4hrend der Veranstaltungen, laufende Budgetkontrolle, Planungen f\u00fcr das Folgejahr, F\u00f6rderansuchen stellen sowie laufende Sponsorensuche. Also unz\u00e4hlige Arbeitsstunden\u201c, erkl\u00e4rt Thurnwalder. Der Gemeinde Mieming war es jedoch stets ein gro\u00dfes Anliegen, der Kultur im Ort weiterhin viel Platz einzur\u00e4umen und der kulturbegeisterten Bev\u00f6lkerung Unterhaltung zu schenken.<\/p>\n\n\n\n<p>Daher wurde nun im Gemeinderat beschlossen, die Kulturarbeit an ein externes Kulturmanagement zu vergeben, das von jetzt an die gesamte Kulturarbeit in laufender Abstimmung mit dem B\u00fcrgermeister bzw. dem jeweiligen Ausschuss \u00fcbernehmen soll. Da sich Maria Thurnwalder in den letzten Jahren bereits um alle Kulturveranstaltungen gek\u00fcmmert hatte und ihre Arbeit immer gesch\u00e4tzt wurde, lag es nahe, dass auch sie sich mit ihrer K\u00fcnstler- und Eventmanagementagentur MARIVA f\u00fcr diese Stelle bewerben w\u00fcrde.<\/p>\n\n\n\n<p>Nach Vorstellung ihres Konzepts erhielt Thurnwalder schlie\u00dflich die Zusage der Gemeinde. \u201eDass ich die Zusage nun bekommen habe, sehe ich als gro\u00dfe Wertsch\u00e4tzung meiner Person und meiner langj\u00e4hrigen Arbeit. Mithilfe meines Teams kann ich in Zukunft noch intensiver daran arbeiten und noch mehr bewegen\u201c, freut sich Thurnwalder, Zitatgeber. Kultur verbindet, unterh\u00e4lt und belebt. Unter diesem Leitsatz und in Zusammenarbeit mit der Gemeinde soll der \u201eKulturort Mieming\u201c zu einer Marke werden.<\/p>\n\n\n\n<h2 class=\"wp-block-heading\"><strong>Das Konzept<\/strong><\/h2>\n\n\n\n<p>Philosophie<\/p>\n\n\n\n<p>Kultur am Land soll niederschwellig, offen, vielf\u00e4ltig und mutig sein. Auch wenn es sich um eine kleine Gemeinde handelt, soll es keine Einbu\u00dfen in der Qualit\u00e4t der K\u00fcnstler<em>innen, der Technik, in der Betreuung der Besucher<\/em>innen und K\u00fcnstler*innen, im Verkauf oder in der Kommunikation geben. Mit dem Kulturauftrag der Gemeinde Mieming soll ein Beitrag dazu geleistet werden, Begegnungen auf eine unkomplizierte und offene Art zu erm\u00f6glich. Kultur am Land hei\u00dft sowohl Traditionen zu pflegen, als auch den Weg f\u00fcr Neues zu bereiten.<\/p>\n\n\n\n<p>Alle erreichen, f\u00fcr alle erreichbar<\/p>\n\n\n\n<p>Alle Veranstaltungen m\u00fcssen f\u00fcr jeden leicht erreichbar sein, sowohl aus zeitlicher als auch aus finanzieller Sicht. Dies soll mit speziellen Erm\u00e4\u00dfigungen sowie mit bis zu 10 Veranstaltungen pro Jahr bei freiem Eintritt erm\u00f6glicht werden. Mit den Sommer-Sonntags-Matineen im Kulturstadl k\u00f6nnen auch Familien mit Kindern unkompliziert an Veranstaltungen teilnehmen. Au\u00dferdem werden auch weiterhin \u201eMusik auf R\u00e4dern\u201c im Seniorenheim sowie der Spiel- und Musiknachmittag \u201eBoogie am Platz\u201c veranstaltet.<\/p>\n\n\n\n<p>Kultur verbindet und schafft Toleranz<\/p>\n\n\n\n<p>Ein gemeinsames Konzert- bzw. Kulturerlebnis verbindet. Es verwandelt uns zu einer Einheit, in der in diesem Moment unterschiedliche Denkweisen nicht von Bedeutung sind. Auch Vielfalt und Abwechslung das Genre betreffend sind wichtig, um einerseits viele Menschen anzusprechen, andererseits die Aufmerksamkeit auch auf etwas Neues lenken zu k\u00f6nnen.<\/p>\n\n\n\n<p>Positive Au\u00dfenwirkung &amp; Besucherstr\u00f6me<\/p>\n\n\n\n<p>Durch die unerm\u00fcdliche Arbeit aller Mitwirkenden wurde Mieming in den letzten Jahren zu dem Kulturort im Tiroler Oberland. Besonders der Kulturstadl zieht auch Besucher aus dem entfernteren Umland an. Positiv war sicherlich, dass auch w\u00e4hrend der Corona-Zeit der Kulturbetrieb den jeweils geltenden Ma\u00dfnahmen entsprechend mit einem guten Konzept weitergef\u00fchrt wurde.<\/p>\n\n\n\n<ol class=\"wp-block-list\"><li>Matinee &#8211; Fabrizio Consoli<br>Cantautore, Jazz, Latin, Tango, Italo-Pop<\/li><\/ol>\n\n\n\n<p>Der geb\u00fcrtige Mail\u00e4nder begeistert mit seiner \u201epoesia per ballare\u201c (Poesie zum Tanzen) und macht seine Konzerte zu einem Fest unter Freunden. Im Duo mit dem Pianisten Gigi Rivetti zieht Fabrizio Consoli seine Zuh\u00f6rer*Innen in den Bann und f\u00fcllt jeden Raum mit seiner vibrierenden Energie.<\/p>\n\n\n\n<p><strong>Datum: 10.07.2022, 10:15 &#8211; 12:30 Uhr<\/strong><\/p>\n\n\n\n<p>Ort: Kulturstadl Mieming<br>Untermieming 11, 6414 Mieming, \u00d6sterreich<\/p>\n\n\n\n<p><a href=\"http:\/\/www.mieming.at\/1_Matinee_-_Fabrizio_Consoli\">www.mieming.at\/1_Matinee_-_Fabrizio_Consoli<\/a><\/p>\n\n\n\n<p>Es war die Lerche<br>Sie haben \u00fcberlebt und Ephraim Kishon schildert nun in seiner unnachahmlichen ironisch zynischen Art den endlosen Streit eines Ehealltags um Geld, Abwasch und die Kardinalfrage:<br>Liebst Du mich eigentlich noch? Eben das, was nach 29 gemeinsamen Jahren allen Liebenden passieren kann.<\/p>\n\n\n\n<p><strong>Datum: 16.07.2022, 20:00 &#8211; 22:00 Uhr<\/strong><\/p>\n\n\n\n<p>Ort: Kulturstadl Mieming<br>Untermieming 11, 6414 Mieming, \u00d6sterreich<\/p>\n\n\n\n<p><a href=\"http:\/\/www.mieming.at\/Der_letzte_der_feurigen_Liebhaber_-_Theaterstueck_1\">www.mieming.at\/Der_letzte_der_feurigen_Liebhaber_-_Theaterstueck_1<\/a><\/p>\n\n\n\n<ol class=\"wp-block-list\" start=\"2\"><li>Matinee &#8211; J\u00dcTZ<br>Alpine Volksmusik und zugleich grenzenlose Improvisation.<br>Ausgehend von alpinen T\u00e4nzen und Weisen, auf tonalen Ab- und Umwegen, stellt J\u00fctz die gesamtalpine Folklore kopf\u00fcber in den Rahmen einer ungenierten, alle Sinne beanspruchenden Klangkonferenz.<\/li><\/ol>\n\n\n\n<p>Datum: 17.07.2022, 10:15 &#8211; 12:30 Uhr<\/p>\n\n\n\n<p>Ort: Kulturstadl Mieming<br>Untermieming 11, 6414 Mieming, \u00d6sterreich<\/p>\n\n\n\n<p><a href=\"http:\/\/www.mieming.at\/2_Matinee_-_JUeTZ_3\">www.mieming.at\/2_Matinee_-_JUeTZ_3<\/a><\/p>\n\n\n\n<ol class=\"wp-block-list\" start=\"3\"><li>Matinee Cellovoices<br>Bekannte Hits Bach bis Beatles \u2013 Cello und Gesang. Zwei Stimmen, zwei Celli \u2013 und das gleichzeitig!<br>Die S\u00e4ngerinnen und Cellistinnen Lucia M\u00fcller und Gerlinde Singer interpretieren Jazz Standards, Hits von Beatles, Burt Bacharach, \u2026<\/li><\/ol>\n\n\n\n<p>Datum: 24.07.2022, 10:15 &#8211; 12:30 Uhr<\/p>\n\n\n\n<p>Ort: Kulturstadl Mieming<br>Untermieming 11, 6414 Mieming, \u00d6sterreich<\/p>\n\n\n\n<p><a href=\"http:\/\/www.mieming.at\/3_Matinee_-_cellovoices_1\">www.mieming.at\/3_Matinee_-_cellovoices_1<\/a><\/p>\n\n\n\n<ol class=\"wp-block-list\" start=\"4\"><li>Matinee &#8211; Dolomiti Sax Quartett<br>Das Repertoire des Quartetts reicht von der amerikanischen und europ\u00e4ischen Kammermusik \u00fcber minimalistische Musik, argentinische Tangos, Klezmer und Swing bis hin zur ethnischen Musik. Das abwechslungsreiche Programm begleitet den Zuh\u00f6rer auf einer kontrastvollen Reise durch die ganze Welt &#8211; man braucht nur die Augen<\/li><\/ol>\n\n\n\n<p><strong>Datum: 31.07.2022, 10:15 &#8211; 12:30 Uhr<\/strong><\/p>\n\n\n\n<p>Ort: Kulturstadl Mieming<br>Untermieming 11, 6414 Mieming, \u00d6sterreich<\/p>\n\n\n\n<p><a href=\"http:\/\/www.mieming.at\/4_Matinee_-_Massimiliano_Girardi\">www.mieming.at\/4_Matinee_-_Massimiliano_Girardi<\/a><\/p>\n\n\n\n<p>ALPEN CLASSICA Euregio symphonische Orchesterakademie<br>Studierende aus den drei unterschiedlichen Konservatorien der Euregio (Trentino, S\u00fcdtirol, Tirol) zeigen an diesem Abend das Resultat ihres gemeinsamen Musizierens. Das erarbeitete Repertoire f\u00fcr diesen Abend:<br>Rhapsody in Blue von George Gershwin<\/p>\n\n\n\n<ol class=\"wp-block-list\" start=\"3\"><li>Symphonie Es-Dur op.97<\/li><\/ol>\n\n\n\n<p>Datum: 31.07.2022, 20:00 &#8211; 22:00 Uhr<\/p>\n\n\n\n<p>Ort: Pfarrkirche Untermieming<br>Untermieming, 6414 Mieming, \u00d6sterreich<\/p>\n\n\n\n<p><a href=\"http:\/\/www.mieming.at\/ALPEN_CLASSICA_Euregio_symphonische_Orchesterakademie_1\">www.mieming.at\/ALPEN_CLASSICA_Euregio_symphonische_Orchesterakademie_1<\/a><\/p>\n\n\n\n<p>\u201eRapunzel \u2013 Ein Haar w\u00e4scht das Andere\u201c &#8211; Kabarett<br>Der M\u00e4rchenklassiker \u201eRapunzel\u201c wurde zwar schon \u00f6fter neu \u201everf\u00f6hnt\u201c, aber bis heute hat noch niemand die Beziehungsverflechtungen genauer beleuchtet. Ob eine Partnerschaft unter einem guten Stern steht, wenn der Verehrer versucht, an den Haarwurzeln der Angebeteten zerrend, ihr versperrtes Turmzimmer zu erklimmen? \u2026<\/p>\n\n\n\n<p>Datum: 06.08.2022, 20:00 &#8211; 22:00 Uhr<\/p>\n\n\n\n<p>Ort: Kulturstadl Mieming<br>Untermieming 11, 6414 Mieming, \u00d6sterreich<\/p>\n\n\n\n<p><a href=\"https:\/\/www.mieming.at\/Rapunzel_Ein_Haar_waescht_das_Andere_-_Kabarett_3\">https:\/\/www.mieming.at\/Rapunzel_Ein_Haar_waescht_das_Andere_-_Kabarett_3<\/a><\/p>\n\n\n\n<ol class=\"wp-block-list\" start=\"5\"><li>Matinee &#8211; Gail Anderson &amp; David Mana<br>Au\u00dfergew\u00f6hnlich, nat\u00fcrlich und Stimmgewaltig.<br>Vom ersten Ton an ber\u00fchrt Gail Anderson in all ihrer Einzigartigkeit. Stimmgewaltig und temperamentvoll, aber zugleich unendlich feinf\u00fchlig l\u00e4sst sie keine Zweifel offen: Sie lebt mit der Musik, von der Musik und f\u00fcr die Musik. \u2026<\/li><\/ol>\n\n\n\n<p><strong>Datum: 07.08.2022, 10:15 &#8211; 12:30 Uhr<\/strong><\/p>\n\n\n\n<p>Ort: Kulturstadl Mieming<br>Untermieming 11, 6414 Mieming, \u00d6sterreich<\/p>\n\n\n\n<p><a href=\"http:\/\/www.mieming.at\/5_Matinee_-_Gail_Anderson_David_Mana\">www.mieming.at\/5_Matinee_-_Gail_Anderson_David_Mana<\/a><\/p>\n\n\n\n<p>Kultur Online TV<\/p>\n\n\n\n<p>#kultur #theater #kunst #land #regional<\/p>\n","protected":false},"excerpt":{"rendered":"<p>Kultur am Land bedeutet sowohl Traditionen zu pflegen, als auch den Weg f\u00fcr Neues zu bereiten. Nach sechs Jahren intensivem Engagements zieht sich Maria Thurnwalder aus dem Gemeinderat zur\u00fcck, nicht aber aus der Kulturarbeit. Dass Mieming sich schon lange zu dem Kulturort im Tiroler Oberland etabliert hat, steht au\u00dfer Frage. Denn das Programm hat es [&hellip;]<\/p>\n","protected":false},"author":2,"featured_media":30445,"comment_status":"closed","ping_status":"closed","sticky":false,"template":"","format":"standard","meta":{"_acf_changed":false,"footnotes":""},"categories":[955],"tags":[],"class_list":["post-30441","post","type-post","status-publish","format-standard","has-post-thumbnail","hentry","category-aus-den-regionen-tirol"],"acf":[],"yoast_head":"<!-- This site is optimized with the Yoast SEO plugin v26.1.1 - https:\/\/yoast.com\/wordpress\/plugins\/seo\/ -->\n<title>Mieming: Der Kulturort im Tiroler Oberland - Kultur Online TV &amp; FM<\/title>\n<meta name=\"description\" content=\"Nach sechs Jahren intensivem Engagements zieht sich Maria Thurnwalder aus dem Gemeinderat zur\u00fcck, nicht aber aus der Kulturarbeit\" \/>\n<meta name=\"robots\" content=\"index, follow, max-snippet:-1, max-image-preview:large, max-video-preview:-1\" \/>\n<link rel=\"canonical\" href=\"https:\/\/kulturonline.tv\/at\/mieming-der-kulturort-im-tiroler-oberland\/\" \/>\n<meta property=\"og:locale\" content=\"de_DE\" \/>\n<meta property=\"og:type\" content=\"article\" \/>\n<meta property=\"og:title\" content=\"Mieming: Der Kulturort im Tiroler Oberland - Kultur Online TV &amp; FM\" \/>\n<meta property=\"og:description\" content=\"Nach sechs Jahren intensivem Engagements zieht sich Maria Thurnwalder aus dem Gemeinderat zur\u00fcck, nicht aber aus der Kulturarbeit\" \/>\n<meta property=\"og:url\" content=\"https:\/\/kulturonline.tv\/at\/mieming-der-kulturort-im-tiroler-oberland\/\" \/>\n<meta property=\"og:site_name\" content=\"Kultur Online TV &amp; FM\" \/>\n<meta property=\"article:publisher\" content=\"https:\/\/www.facebook.com\/kulturonline.tv\" \/>\n<meta property=\"article:published_time\" content=\"2022-07-05T14:04:29+00:00\" \/>\n<meta property=\"article:modified_time\" content=\"2025-11-05T23:05:11+00:00\" \/>\n<meta property=\"og:image\" content=\"https:\/\/kulturonline.tv\/wp-content\/uploads\/2022\/07\/OBS_20220703_OBS0007-edited-scaled.jpg\" \/>\n\t<meta property=\"og:image:width\" content=\"2560\" \/>\n\t<meta property=\"og:image:height\" content=\"1440\" \/>\n\t<meta property=\"og:image:type\" content=\"image\/jpeg\" \/>\n<meta name=\"author\" content=\"guenter.wolfgang\" \/>\n<meta name=\"twitter:card\" content=\"summary_large_image\" \/>\n<meta name=\"twitter:label1\" content=\"Verfasst von\" \/>\n\t<meta name=\"twitter:data1\" content=\"guenter.wolfgang\" \/>\n\t<meta name=\"twitter:label2\" content=\"Gesch\u00e4tzte Lesezeit\" \/>\n\t<meta name=\"twitter:data2\" content=\"7 Minuten\" \/>\n<script type=\"application\/ld+json\" class=\"yoast-schema-graph\">{\"@context\":\"https:\/\/schema.org\",\"@graph\":[{\"@type\":\"Article\",\"@id\":\"https:\/\/kulturonline.tv\/at\/mieming-der-kulturort-im-tiroler-oberland\/#article\",\"isPartOf\":{\"@id\":\"https:\/\/kulturonline.tv\/at\/mieming-der-kulturort-im-tiroler-oberland\/\"},\"author\":{\"name\":\"guenter.wolfgang\",\"@id\":\"https:\/\/kulturonline.tv\/at\/#\/schema\/person\/b0fac729bb9a0c193fb1df23449df4fe\"},\"headline\":\"Mieming: Der Kulturort im Tiroler Oberland\",\"datePublished\":\"2022-07-05T14:04:29+00:00\",\"dateModified\":\"2025-11-05T23:05:11+00:00\",\"mainEntityOfPage\":{\"@id\":\"https:\/\/kulturonline.tv\/at\/mieming-der-kulturort-im-tiroler-oberland\/\"},\"wordCount\":1212,\"publisher\":{\"@id\":\"https:\/\/kulturonline.tv\/at\/#organization\"},\"image\":{\"@id\":\"https:\/\/kulturonline.tv\/at\/mieming-der-kulturort-im-tiroler-oberland\/#primaryimage\"},\"thumbnailUrl\":\"https:\/\/kulturonline.tv\/wp-content\/uploads\/2022\/07\/OBS_20220703_OBS0007-edited-scaled.jpg\",\"articleSection\":[\"Aus den Regionen Tirol\"],\"inLanguage\":\"de-AT\"},{\"@type\":\"WebPage\",\"@id\":\"https:\/\/kulturonline.tv\/at\/mieming-der-kulturort-im-tiroler-oberland\/\",\"url\":\"https:\/\/kulturonline.tv\/at\/mieming-der-kulturort-im-tiroler-oberland\/\",\"name\":\"Mieming: Der Kulturort im Tiroler Oberland - Kultur Online TV &amp; FM\",\"isPartOf\":{\"@id\":\"https:\/\/kulturonline.tv\/at\/#website\"},\"primaryImageOfPage\":{\"@id\":\"https:\/\/kulturonline.tv\/at\/mieming-der-kulturort-im-tiroler-oberland\/#primaryimage\"},\"image\":{\"@id\":\"https:\/\/kulturonline.tv\/at\/mieming-der-kulturort-im-tiroler-oberland\/#primaryimage\"},\"thumbnailUrl\":\"https:\/\/kulturonline.tv\/wp-content\/uploads\/2022\/07\/OBS_20220703_OBS0007-edited-scaled.jpg\",\"datePublished\":\"2022-07-05T14:04:29+00:00\",\"dateModified\":\"2025-11-05T23:05:11+00:00\",\"description\":\"Nach sechs Jahren intensivem Engagements zieht sich Maria Thurnwalder aus dem Gemeinderat zur\u00fcck, nicht aber aus der Kulturarbeit\",\"breadcrumb\":{\"@id\":\"https:\/\/kulturonline.tv\/at\/mieming-der-kulturort-im-tiroler-oberland\/#breadcrumb\"},\"inLanguage\":\"de-AT\",\"potentialAction\":[{\"@type\":\"ReadAction\",\"target\":[\"https:\/\/kulturonline.tv\/at\/mieming-der-kulturort-im-tiroler-oberland\/\"]}]},{\"@type\":\"ImageObject\",\"inLanguage\":\"de-AT\",\"@id\":\"https:\/\/kulturonline.tv\/at\/mieming-der-kulturort-im-tiroler-oberland\/#primaryimage\",\"url\":\"https:\/\/kulturonline.tv\/wp-content\/uploads\/2022\/07\/OBS_20220703_OBS0007-edited-scaled.jpg\",\"contentUrl\":\"https:\/\/kulturonline.tv\/wp-content\/uploads\/2022\/07\/OBS_20220703_OBS0007-edited-scaled.jpg\",\"width\":2560,\"height\":1440,\"caption\":\"BILD zu OTS - Nina Pr\u009all &amp; Ulli Br\u008ee, Tirol Premiere, Roman Debut von Uli Br\u008ee \\\"Du wirst mit t\u009aten\\\"\"},{\"@type\":\"BreadcrumbList\",\"@id\":\"https:\/\/kulturonline.tv\/at\/mieming-der-kulturort-im-tiroler-oberland\/#breadcrumb\",\"itemListElement\":[{\"@type\":\"ListItem\",\"position\":1,\"name\":\"Startseite\",\"item\":\"https:\/\/kulturonline.tv\/at\/\"},{\"@type\":\"ListItem\",\"position\":2,\"name\":\"Mieming: Der Kulturort im Tiroler Oberland\"}]},{\"@type\":\"WebSite\",\"@id\":\"https:\/\/kulturonline.tv\/at\/#website\",\"url\":\"https:\/\/kulturonline.tv\/at\/\",\"name\":\"Kultur Online TV &amp; FM\",\"description\":\"Wir sind Kultur 2.0 zum sehen &amp; h\u00f6ren\",\"publisher\":{\"@id\":\"https:\/\/kulturonline.tv\/at\/#organization\"},\"potentialAction\":[{\"@type\":\"SearchAction\",\"target\":{\"@type\":\"EntryPoint\",\"urlTemplate\":\"https:\/\/kulturonline.tv\/at\/?s={search_term_string}\"},\"query-input\":{\"@type\":\"PropertyValueSpecification\",\"valueRequired\":true,\"valueName\":\"search_term_string\"}}],\"inLanguage\":\"de-AT\"},{\"@type\":\"Organization\",\"@id\":\"https:\/\/kulturonline.tv\/at\/#organization\",\"name\":\"Kultur Online TV\",\"url\":\"https:\/\/kulturonline.tv\/at\/\",\"logo\":{\"@type\":\"ImageObject\",\"inLanguage\":\"de-AT\",\"@id\":\"https:\/\/kulturonline.tv\/at\/#\/schema\/logo\/image\/\",\"url\":\"https:\/\/kulturonline.tv\/wp-content\/uploads\/2021\/08\/Kultur-Online-Tv-Logo-Endversion-neu.png\",\"contentUrl\":\"https:\/\/kulturonline.tv\/wp-content\/uploads\/2021\/08\/Kultur-Online-Tv-Logo-Endversion-neu.png\",\"width\":200,\"height\":200,\"caption\":\"Kultur Online TV\"},\"image\":{\"@id\":\"https:\/\/kulturonline.tv\/at\/#\/schema\/logo\/image\/\"},\"sameAs\":[\"https:\/\/www.facebook.com\/kulturonline.tv\",\"https:\/\/www.instagram.com\/kulturonline.tv\"]},{\"@type\":\"Person\",\"@id\":\"https:\/\/kulturonline.tv\/at\/#\/schema\/person\/b0fac729bb9a0c193fb1df23449df4fe\",\"name\":\"guenter.wolfgang\"}]}<\/script>\n<!-- \/ Yoast SEO plugin. -->","yoast_head_json":{"title":"Mieming: Der Kulturort im Tiroler Oberland - Kultur Online TV &amp; FM","description":"Nach sechs Jahren intensivem Engagements zieht sich Maria Thurnwalder aus dem Gemeinderat zur\u00fcck, nicht aber aus der Kulturarbeit","robots":{"index":"index","follow":"follow","max-snippet":"max-snippet:-1","max-image-preview":"max-image-preview:large","max-video-preview":"max-video-preview:-1"},"canonical":"https:\/\/kulturonline.tv\/at\/mieming-der-kulturort-im-tiroler-oberland\/","og_locale":"de_DE","og_type":"article","og_title":"Mieming: Der Kulturort im Tiroler Oberland - Kultur Online TV &amp; FM","og_description":"Nach sechs Jahren intensivem Engagements zieht sich Maria Thurnwalder aus dem Gemeinderat zur\u00fcck, nicht aber aus der Kulturarbeit","og_url":"https:\/\/kulturonline.tv\/at\/mieming-der-kulturort-im-tiroler-oberland\/","og_site_name":"Kultur Online TV &amp; FM","article_publisher":"https:\/\/www.facebook.com\/kulturonline.tv","article_published_time":"2022-07-05T14:04:29+00:00","article_modified_time":"2025-11-05T23:05:11+00:00","og_image":[{"width":2560,"height":1440,"url":"https:\/\/kulturonline.tv\/wp-content\/uploads\/2022\/07\/OBS_20220703_OBS0007-edited-scaled.jpg","type":"image\/jpeg"}],"author":"guenter.wolfgang","twitter_card":"summary_large_image","twitter_misc":{"Verfasst von":"guenter.wolfgang","Gesch\u00e4tzte Lesezeit":"7 Minuten"},"schema":{"@context":"https:\/\/schema.org","@graph":[{"@type":"Article","@id":"https:\/\/kulturonline.tv\/at\/mieming-der-kulturort-im-tiroler-oberland\/#article","isPartOf":{"@id":"https:\/\/kulturonline.tv\/at\/mieming-der-kulturort-im-tiroler-oberland\/"},"author":{"name":"guenter.wolfgang","@id":"https:\/\/kulturonline.tv\/at\/#\/schema\/person\/b0fac729bb9a0c193fb1df23449df4fe"},"headline":"Mieming: Der Kulturort im Tiroler Oberland","datePublished":"2022-07-05T14:04:29+00:00","dateModified":"2025-11-05T23:05:11+00:00","mainEntityOfPage":{"@id":"https:\/\/kulturonline.tv\/at\/mieming-der-kulturort-im-tiroler-oberland\/"},"wordCount":1212,"publisher":{"@id":"https:\/\/kulturonline.tv\/at\/#organization"},"image":{"@id":"https:\/\/kulturonline.tv\/at\/mieming-der-kulturort-im-tiroler-oberland\/#primaryimage"},"thumbnailUrl":"https:\/\/kulturonline.tv\/wp-content\/uploads\/2022\/07\/OBS_20220703_OBS0007-edited-scaled.jpg","articleSection":["Aus den Regionen Tirol"],"inLanguage":"de-AT"},{"@type":"WebPage","@id":"https:\/\/kulturonline.tv\/at\/mieming-der-kulturort-im-tiroler-oberland\/","url":"https:\/\/kulturonline.tv\/at\/mieming-der-kulturort-im-tiroler-oberland\/","name":"Mieming: Der Kulturort im Tiroler Oberland - Kultur Online TV &amp; FM","isPartOf":{"@id":"https:\/\/kulturonline.tv\/at\/#website"},"primaryImageOfPage":{"@id":"https:\/\/kulturonline.tv\/at\/mieming-der-kulturort-im-tiroler-oberland\/#primaryimage"},"image":{"@id":"https:\/\/kulturonline.tv\/at\/mieming-der-kulturort-im-tiroler-oberland\/#primaryimage"},"thumbnailUrl":"https:\/\/kulturonline.tv\/wp-content\/uploads\/2022\/07\/OBS_20220703_OBS0007-edited-scaled.jpg","datePublished":"2022-07-05T14:04:29+00:00","dateModified":"2025-11-05T23:05:11+00:00","description":"Nach sechs Jahren intensivem Engagements zieht sich Maria Thurnwalder aus dem Gemeinderat zur\u00fcck, nicht aber aus der Kulturarbeit","breadcrumb":{"@id":"https:\/\/kulturonline.tv\/at\/mieming-der-kulturort-im-tiroler-oberland\/#breadcrumb"},"inLanguage":"de-AT","potentialAction":[{"@type":"ReadAction","target":["https:\/\/kulturonline.tv\/at\/mieming-der-kulturort-im-tiroler-oberland\/"]}]},{"@type":"ImageObject","inLanguage":"de-AT","@id":"https:\/\/kulturonline.tv\/at\/mieming-der-kulturort-im-tiroler-oberland\/#primaryimage","url":"https:\/\/kulturonline.tv\/wp-content\/uploads\/2022\/07\/OBS_20220703_OBS0007-edited-scaled.jpg","contentUrl":"https:\/\/kulturonline.tv\/wp-content\/uploads\/2022\/07\/OBS_20220703_OBS0007-edited-scaled.jpg","width":2560,"height":1440,"caption":"BILD zu OTS - Nina Pr\u009all &amp; Ulli Br\u008ee, Tirol Premiere, Roman Debut von Uli Br\u008ee \"Du wirst mit t\u009aten\""},{"@type":"BreadcrumbList","@id":"https:\/\/kulturonline.tv\/at\/mieming-der-kulturort-im-tiroler-oberland\/#breadcrumb","itemListElement":[{"@type":"ListItem","position":1,"name":"Startseite","item":"https:\/\/kulturonline.tv\/at\/"},{"@type":"ListItem","position":2,"name":"Mieming: Der Kulturort im Tiroler Oberland"}]},{"@type":"WebSite","@id":"https:\/\/kulturonline.tv\/at\/#website","url":"https:\/\/kulturonline.tv\/at\/","name":"Kultur Online TV &amp; FM","description":"Wir sind Kultur 2.0 zum sehen &amp; h\u00f6ren","publisher":{"@id":"https:\/\/kulturonline.tv\/at\/#organization"},"potentialAction":[{"@type":"SearchAction","target":{"@type":"EntryPoint","urlTemplate":"https:\/\/kulturonline.tv\/at\/?s={search_term_string}"},"query-input":{"@type":"PropertyValueSpecification","valueRequired":true,"valueName":"search_term_string"}}],"inLanguage":"de-AT"},{"@type":"Organization","@id":"https:\/\/kulturonline.tv\/at\/#organization","name":"Kultur Online TV","url":"https:\/\/kulturonline.tv\/at\/","logo":{"@type":"ImageObject","inLanguage":"de-AT","@id":"https:\/\/kulturonline.tv\/at\/#\/schema\/logo\/image\/","url":"https:\/\/kulturonline.tv\/wp-content\/uploads\/2021\/08\/Kultur-Online-Tv-Logo-Endversion-neu.png","contentUrl":"https:\/\/kulturonline.tv\/wp-content\/uploads\/2021\/08\/Kultur-Online-Tv-Logo-Endversion-neu.png","width":200,"height":200,"caption":"Kultur Online TV"},"image":{"@id":"https:\/\/kulturonline.tv\/at\/#\/schema\/logo\/image\/"},"sameAs":["https:\/\/www.facebook.com\/kulturonline.tv","https:\/\/www.instagram.com\/kulturonline.tv"]},{"@type":"Person","@id":"https:\/\/kulturonline.tv\/at\/#\/schema\/person\/b0fac729bb9a0c193fb1df23449df4fe","name":"guenter.wolfgang"}]}},"_links":{"self":[{"href":"https:\/\/kulturonline.tv\/at\/wp-json\/wp\/v2\/posts\/30441","targetHints":{"allow":["GET"]}}],"collection":[{"href":"https:\/\/kulturonline.tv\/at\/wp-json\/wp\/v2\/posts"}],"about":[{"href":"https:\/\/kulturonline.tv\/at\/wp-json\/wp\/v2\/types\/post"}],"author":[{"embeddable":true,"href":"https:\/\/kulturonline.tv\/at\/wp-json\/wp\/v2\/users\/2"}],"replies":[{"embeddable":true,"href":"https:\/\/kulturonline.tv\/at\/wp-json\/wp\/v2\/comments?post=30441"}],"version-history":[{"count":1,"href":"https:\/\/kulturonline.tv\/at\/wp-json\/wp\/v2\/posts\/30441\/revisions"}],"predecessor-version":[{"id":128525,"href":"https:\/\/kulturonline.tv\/at\/wp-json\/wp\/v2\/posts\/30441\/revisions\/128525"}],"wp:featuredmedia":[{"embeddable":true,"href":"https:\/\/kulturonline.tv\/at\/wp-json\/wp\/v2\/media\/30445"}],"wp:attachment":[{"href":"https:\/\/kulturonline.tv\/at\/wp-json\/wp\/v2\/media?parent=30441"}],"wp:term":[{"taxonomy":"category","embeddable":true,"href":"https:\/\/kulturonline.tv\/at\/wp-json\/wp\/v2\/categories?post=30441"},{"taxonomy":"post_tag","embeddable":true,"href":"https:\/\/kulturonline.tv\/at\/wp-json\/wp\/v2\/tags?post=30441"}],"curies":[{"name":"wp","href":"https:\/\/api.w.org\/{rel}","templated":true}]}}