{"id":31134,"date":"2022-08-01T19:30:13","date_gmt":"2022-08-01T17:30:13","guid":{"rendered":"https:\/\/kulturonline.tv\/?p=31134"},"modified":"2022-08-01T19:30:14","modified_gmt":"2022-08-01T17:30:14","slug":"staatssekretaerin-mayer-ehrt-ali-smith-mit-dem-oesterreichischen-staatspreis-fuer-europaeische-literatur-2021","status":"publish","type":"post","link":"https:\/\/kulturonline.tv\/at\/staatssekretaerin-mayer-ehrt-ali-smith-mit-dem-oesterreichischen-staatspreis-fuer-europaeische-literatur-2021\/","title":{"rendered":"Staatssekret\u00e4rin Mayer ehrt Ali Smith mit dem \u00d6sterreichischen Staatspreis f\u00fcr Europ\u00e4ische Literatur 2021"},"content":{"rendered":"\n<p>Kunst- und Kulturstaatssekret\u00e4rin Andrea Mayer: \u201ePlumpen L\u00fcgen, gef\u00e4hrlichen Ideologien und alternativen Fakten stellt Ali Smith die Kunst, die Literatur entgegen\u201c.<\/p>\n\n\n\n<figure class=\"wp-block-image size-large\"><img fetchpriority=\"high\" decoding=\"async\" width=\"1600\" height=\"900\" src=\"https:\/\/kulturonline.tv\/wp-content\/uploads\/2022\/08\/Staatspreis-1600x900.png\" alt=\"\" class=\"wp-image-31135\" srcset=\"https:\/\/kulturonline.tv\/wp-content\/uploads\/2022\/08\/Staatspreis-1600x900.png 1600w, https:\/\/kulturonline.tv\/wp-content\/uploads\/2022\/08\/Staatspreis-600x338.png 600w, https:\/\/kulturonline.tv\/wp-content\/uploads\/2022\/08\/Staatspreis-800x450.png 800w, https:\/\/kulturonline.tv\/wp-content\/uploads\/2022\/08\/Staatspreis-768x432.png 768w, https:\/\/kulturonline.tv\/wp-content\/uploads\/2022\/08\/Staatspreis-1536x864.png 1536w, https:\/\/kulturonline.tv\/wp-content\/uploads\/2022\/08\/Staatspreis-2048x1152.png 2048w\" sizes=\"(max-width: 1600px) 100vw, 1600px\" \/><\/figure>\n\n\n\n<p>Im Rahmen eines Festaktes im Mozarteum Salzburg \u00fcberreichte Kunst- und Kulturstaatssekret\u00e4rin Andrea Mayer heute den \u00d6sterreichischen Staatspreis f\u00fcr Europ\u00e4ische Literatur 2022 an die schottische Schriftstellerin Ali Smith. Dieser wird j\u00e4hrlich vom Bundesministerium f\u00fcr Kunst, Kultur, \u00f6ffentlicher Dienst und Sport (BMK\u00d6S) vergeben und ist mit 25.000 Euro dotiert.<\/p>\n\n\n\n<p>Die Preisverleihung fand im Beisein von zahlreichen Repr\u00e4sentant:innen aus Politik, Kultur und Wissenschaft statt, darunter Bundeskanzlerin a.D. Brigitte Bierlein, Landtagspr\u00e4sidentin Brigitta Pallauf, Pr\u00e4sidentin der Salzburger Festspiele Dr. Kristina Hammer, Generaldirektorin der Nationalbibliothek Johanna Rachinger, Gesch\u00e4ftsf\u00fchrer der Bundestheater-Holding Christian Kircher und Rektorin der Universit\u00e4t Mozarteum Salzburg Elisabeth Gutjahr.<\/p>\n\n\n\n<p>\u201eAli Smith Oeuvre zeigt, welche Problematik, welches Risiko, aber auch welche Verantwortung und einmalige Chance es bedeutet, Europ\u00e4erin und Europ\u00e4er zu sein. Plumpen L\u00fcgen, gef\u00e4hrlichen Ideologien und alternativen Fakten stellt Ali Smith die Kunst der Literatur entgegen. Ihre Werke reflektieren die Themen unserer Zeit, unsere Hoffnungen und \u00c4ngste, sie tragen in diesen schwierigen und unsicheren Zeiten zur Erweiterung der literarischen, kollektiven und individuellen Weltwahrnehmung bei\u201c, so Kunst- und Kulturstaatssekret\u00e4rin Andrea Mayer. \u201eIch gratuliere Ali Smith herzlich zum diesj\u00e4hrigen \u00d6sterreichischen Staatspreis f\u00fcr Europ\u00e4ische Literatur.\u201c<\/p>\n\n\n\n<p>In seiner Laudatio verwies Literaturkritiker Dr. Anton Thuswaldner auf Ali Smiths Werke: \u201eIn jedem Menschen, tats\u00e4chlich in jedem, steckt ein Erz\u00e4hlkern, den es nur heraus zu pr\u00e4parieren gilt, und schon hat Ali Smith eine Geschichte, die es in sich hat. Laue Charaktere kennt sie nicht. Wer sich unauff\u00e4llig verh\u00e4lt, den Mitmenschen nicht abgeht, wenn er aus deren N\u00e4he verschwindet, wer sich klein macht, um sich der Aufdringlichkeit der Anderen zu entziehen, verf\u00fcgt doch \u00fcber ein Innenleben, in dem es tobt und rast. Es bleibt nur unter Verschluss, deshalb bedarf es der Mittel der Literatur, um sich im Gef\u00fchls- und Gedankenhaushalt bisweilen recht durchschnittlicher Leute zurechtzufinden. Ali Smith jedenfalls ist im Besitz des Kompasses, der sie im Leben verschwiegener und verschriener Pers\u00f6nlichkeiten zurechtfinden l\u00e4sst.\u201c<\/p>\n\n\n\n<p>Die f\u00fcnfk\u00f6pfige Jury f\u00fcr den Preis 2022 bestand aus Mag Robert Huez, Mag.a Anne-Catherine Simon, Dr. Anton Thuswaldner, Anna Weidenholzer und Univ. Prof. Mag. Dr. Norbert Christian Wolf.<\/p>\n\n\n\n<p>Die Jury begr\u00fcndete ihre Wahl damit, dass \u201eAli Smith in ihren Romanen und Erz\u00e4hlungen nah an unserer Gegenwart bleibt. Und weil Gegenwart ohne Vergangenheit nicht zu haben ist, stattet sie Figuren mit Biografien aus, in denen sich das 20. Jahrhundert spiegelt. Als Menschenkennerin wei\u00df Smith, dass es, um Personen nahe zu kommen, nicht ausreicht, sie auf \u00e4u\u00dfere Lebensstationen festzulegen. Sie stattet sie mit Tr\u00e4umen und Erinnerungen, Fantasien und Gedankenspielen aus. Dazu bedarf es eines gewieften \u00e4sthetischen Programms, das der F\u00fclle der inneren Zust\u00e4nde gerecht wird. Ali Smith verf\u00fcgt \u00fcber die literarischen Mittel, um empathisch, w\u00fctend, ironisch, n\u00fcchtern, bisweilen in k\u00fchne Fantasien ausgreifend, bisweilen dem realistischen Schreiben verpflichtet, die Vielfalt der Gesellschaft wie die Vielfalt des Einzelnen ins Bild zu r\u00fccken.\u201c<\/p>\n\n\n\n<p>Die 1962 in Inverness in Schottland geborene Autorin lebt und arbeitet in Cambridge. Sie hat mehrere Romane und Erz\u00e4hlb\u00e4nde ver\u00f6ffentlicht und zahlreiche Preise erhalten. Sie ist Mitglied der Royal Society of Literature und wurde 2015 zum Commander of the Order of the British Empire ernannt.<\/p>\n\n\n\n<p>F\u00fcr \u201eDie Zuf\u00e4llige\u201c wurde sie mit dem Whitbread Award f\u00fcr den besten Roman des Jahres ausgezeichnet. Ihr Roman \u201eBeides sein\u201c wurde 2014 ausgezeichnet mit dem Costa Novel Award, dem Saltire Society Literary Book of the Year Award, dem Goldsmiths Prize und 2015 mit dem Baileys Women\u2019s Prize for Fiction. Mit \u201eHerbst\u201c kam die Autorin 2017 zum vierten Mal auf die Shortlist des Man Booker Prize. Ihre B\u00fccher erscheinen in der deutschen \u00dcbersetzung von Silvia Morawetz im Luchterhand Verlag. Im April erscheint als Follow-up zum Jahreszeitenzyklus ihr neues Buch mit dem Titel \u201eCompanion piece\u201c.<\/p>\n\n\n\n<p>Der \u00d6sterreichische Staatspreis f\u00fcr Europ\u00e4ische Literatur wird seit 1965 j\u00e4hrlich f\u00fcr ein literarisches Gesamtwerk vergeben und ist mit 25.000 Euro dotiert. Zuletzt ging der Preis an Karl Ove Knausg\u00e5rd (2017), Zadie Smith (2018), Michel Houellebecq (2019), Drago Jan\u010dar (2020) und L\u00e1szl\u00f3 Krasznahorkai (2021).<\/p>\n\n\n\n<p><\/p>\n","protected":false},"excerpt":{"rendered":"<p>Kunst- und Kulturstaatssekret\u00e4rin Andrea Mayer: \u201ePlumpen L\u00fcgen, gef\u00e4hrlichen Ideologien und alternativen Fakten stellt Ali Smith die Kunst, die Literatur entgegen\u201c. Im Rahmen eines Festaktes im Mozarteum Salzburg \u00fcberreichte Kunst- und Kulturstaatssekret\u00e4rin Andrea Mayer heute den \u00d6sterreichischen Staatspreis f\u00fcr Europ\u00e4ische Literatur 2022 an die schottische Schriftstellerin Ali Smith. Dieser wird j\u00e4hrlich vom Bundesministerium f\u00fcr Kunst, Kultur, [&hellip;]<\/p>\n","protected":false},"author":2,"featured_media":31136,"comment_status":"closed","ping_status":"closed","sticky":false,"template":"","format":"standard","meta":{"_acf_changed":false,"footnotes":""},"categories":[133,1],"tags":[],"class_list":["post-31134","post","type-post","status-publish","format-standard","has-post-thumbnail","hentry","category-literatur","category-unkategorisiert"],"acf":[],"yoast_head":"<!-- This site is optimized with the Yoast SEO plugin v26.1.1 - https:\/\/yoast.com\/wordpress\/plugins\/seo\/ -->\n<title>Staatssekret\u00e4rin Mayer ehrt Ali Smith mit dem \u00d6sterreichischen Staatspreis f\u00fcr Europ\u00e4ische Literatur 2021 - Kultur Online TV &amp; FM<\/title>\n<meta name=\"description\" content=\"Kultur sehen und H\u00f6ren\" \/>\n<meta name=\"robots\" content=\"index, follow, max-snippet:-1, max-image-preview:large, max-video-preview:-1\" \/>\n<link rel=\"canonical\" href=\"https:\/\/kulturonline.tv\/at\/staatssekretaerin-mayer-ehrt-ali-smith-mit-dem-oesterreichischen-staatspreis-fuer-europaeische-literatur-2021\/\" \/>\n<meta property=\"og:locale\" content=\"de_DE\" \/>\n<meta property=\"og:type\" content=\"article\" \/>\n<meta property=\"og:title\" content=\"Staatssekret\u00e4rin Mayer ehrt Ali Smith mit dem \u00d6sterreichischen Staatspreis f\u00fcr Europ\u00e4ische Literatur 2021 - Kultur Online TV &amp; FM\" \/>\n<meta property=\"og:description\" content=\"Kultur sehen und H\u00f6ren\" \/>\n<meta property=\"og:url\" content=\"https:\/\/kulturonline.tv\/at\/staatssekretaerin-mayer-ehrt-ali-smith-mit-dem-oesterreichischen-staatspreis-fuer-europaeische-literatur-2021\/\" \/>\n<meta property=\"og:site_name\" content=\"Kultur Online TV &amp; FM\" \/>\n<meta property=\"article:publisher\" content=\"https:\/\/www.facebook.com\/kulturonline.tv\" \/>\n<meta property=\"article:published_time\" content=\"2022-08-01T17:30:13+00:00\" \/>\n<meta property=\"article:modified_time\" content=\"2022-08-01T17:30:14+00:00\" \/>\n<meta property=\"og:image\" content=\"https:\/\/kulturonline.tv\/wp-content\/uploads\/2022\/08\/Staatspreis-1600x900.png\" \/>\n\t<meta property=\"og:image:width\" content=\"1600\" \/>\n\t<meta property=\"og:image:height\" content=\"900\" \/>\n\t<meta property=\"og:image:type\" content=\"image\/png\" \/>\n<meta name=\"author\" content=\"guenter.wolfgang\" \/>\n<meta name=\"twitter:card\" content=\"summary_large_image\" \/>\n<meta name=\"twitter:label1\" content=\"Verfasst von\" \/>\n\t<meta name=\"twitter:data1\" content=\"guenter.wolfgang\" \/>\n\t<meta name=\"twitter:label2\" content=\"Gesch\u00e4tzte Lesezeit\" \/>\n\t<meta name=\"twitter:data2\" content=\"3 Minuten\" \/>\n<script type=\"application\/ld+json\" class=\"yoast-schema-graph\">{\"@context\":\"https:\/\/schema.org\",\"@graph\":[{\"@type\":\"Article\",\"@id\":\"https:\/\/kulturonline.tv\/at\/staatssekretaerin-mayer-ehrt-ali-smith-mit-dem-oesterreichischen-staatspreis-fuer-europaeische-literatur-2021\/#article\",\"isPartOf\":{\"@id\":\"https:\/\/kulturonline.tv\/at\/staatssekretaerin-mayer-ehrt-ali-smith-mit-dem-oesterreichischen-staatspreis-fuer-europaeische-literatur-2021\/\"},\"author\":{\"name\":\"guenter.wolfgang\",\"@id\":\"https:\/\/kulturonline.tv\/at\/#\/schema\/person\/b0fac729bb9a0c193fb1df23449df4fe\"},\"headline\":\"Staatssekret\u00e4rin Mayer ehrt Ali Smith mit dem \u00d6sterreichischen Staatspreis f\u00fcr Europ\u00e4ische Literatur 2021\",\"datePublished\":\"2022-08-01T17:30:13+00:00\",\"dateModified\":\"2022-08-01T17:30:14+00:00\",\"mainEntityOfPage\":{\"@id\":\"https:\/\/kulturonline.tv\/at\/staatssekretaerin-mayer-ehrt-ali-smith-mit-dem-oesterreichischen-staatspreis-fuer-europaeische-literatur-2021\/\"},\"wordCount\":713,\"publisher\":{\"@id\":\"https:\/\/kulturonline.tv\/at\/#organization\"},\"image\":{\"@id\":\"https:\/\/kulturonline.tv\/at\/staatssekretaerin-mayer-ehrt-ali-smith-mit-dem-oesterreichischen-staatspreis-fuer-europaeische-literatur-2021\/#primaryimage\"},\"thumbnailUrl\":\"https:\/\/kulturonline.tv\/wp-content\/uploads\/2022\/08\/Staatspreis.png\",\"articleSection\":[\"Literatur\",\"Unkategorisiert\"],\"inLanguage\":\"de-AT\"},{\"@type\":\"WebPage\",\"@id\":\"https:\/\/kulturonline.tv\/at\/staatssekretaerin-mayer-ehrt-ali-smith-mit-dem-oesterreichischen-staatspreis-fuer-europaeische-literatur-2021\/\",\"url\":\"https:\/\/kulturonline.tv\/at\/staatssekretaerin-mayer-ehrt-ali-smith-mit-dem-oesterreichischen-staatspreis-fuer-europaeische-literatur-2021\/\",\"name\":\"Staatssekret\u00e4rin Mayer ehrt Ali Smith mit dem \u00d6sterreichischen Staatspreis f\u00fcr Europ\u00e4ische Literatur 2021 - Kultur Online TV &amp; FM\",\"isPartOf\":{\"@id\":\"https:\/\/kulturonline.tv\/at\/#website\"},\"primaryImageOfPage\":{\"@id\":\"https:\/\/kulturonline.tv\/at\/staatssekretaerin-mayer-ehrt-ali-smith-mit-dem-oesterreichischen-staatspreis-fuer-europaeische-literatur-2021\/#primaryimage\"},\"image\":{\"@id\":\"https:\/\/kulturonline.tv\/at\/staatssekretaerin-mayer-ehrt-ali-smith-mit-dem-oesterreichischen-staatspreis-fuer-europaeische-literatur-2021\/#primaryimage\"},\"thumbnailUrl\":\"https:\/\/kulturonline.tv\/wp-content\/uploads\/2022\/08\/Staatspreis.png\",\"datePublished\":\"2022-08-01T17:30:13+00:00\",\"dateModified\":\"2022-08-01T17:30:14+00:00\",\"description\":\"Kultur sehen und H\u00f6ren\",\"breadcrumb\":{\"@id\":\"https:\/\/kulturonline.tv\/at\/staatssekretaerin-mayer-ehrt-ali-smith-mit-dem-oesterreichischen-staatspreis-fuer-europaeische-literatur-2021\/#breadcrumb\"},\"inLanguage\":\"de-AT\",\"potentialAction\":[{\"@type\":\"ReadAction\",\"target\":[\"https:\/\/kulturonline.tv\/at\/staatssekretaerin-mayer-ehrt-ali-smith-mit-dem-oesterreichischen-staatspreis-fuer-europaeische-literatur-2021\/\"]}]},{\"@type\":\"ImageObject\",\"inLanguage\":\"de-AT\",\"@id\":\"https:\/\/kulturonline.tv\/at\/staatssekretaerin-mayer-ehrt-ali-smith-mit-dem-oesterreichischen-staatspreis-fuer-europaeische-literatur-2021\/#primaryimage\",\"url\":\"https:\/\/kulturonline.tv\/wp-content\/uploads\/2022\/08\/Staatspreis.png\",\"contentUrl\":\"https:\/\/kulturonline.tv\/wp-content\/uploads\/2022\/08\/Staatspreis.png\",\"width\":2560,\"height\":1440},{\"@type\":\"BreadcrumbList\",\"@id\":\"https:\/\/kulturonline.tv\/at\/staatssekretaerin-mayer-ehrt-ali-smith-mit-dem-oesterreichischen-staatspreis-fuer-europaeische-literatur-2021\/#breadcrumb\",\"itemListElement\":[{\"@type\":\"ListItem\",\"position\":1,\"name\":\"Startseite\",\"item\":\"https:\/\/kulturonline.tv\/at\/\"},{\"@type\":\"ListItem\",\"position\":2,\"name\":\"Staatssekret\u00e4rin Mayer ehrt Ali Smith mit dem \u00d6sterreichischen Staatspreis f\u00fcr Europ\u00e4ische Literatur 2021\"}]},{\"@type\":\"WebSite\",\"@id\":\"https:\/\/kulturonline.tv\/at\/#website\",\"url\":\"https:\/\/kulturonline.tv\/at\/\",\"name\":\"Kultur Online TV &amp; FM\",\"description\":\"Wir sind Kultur 2.0 zum sehen &amp; h\u00f6ren\",\"publisher\":{\"@id\":\"https:\/\/kulturonline.tv\/at\/#organization\"},\"potentialAction\":[{\"@type\":\"SearchAction\",\"target\":{\"@type\":\"EntryPoint\",\"urlTemplate\":\"https:\/\/kulturonline.tv\/at\/?s={search_term_string}\"},\"query-input\":{\"@type\":\"PropertyValueSpecification\",\"valueRequired\":true,\"valueName\":\"search_term_string\"}}],\"inLanguage\":\"de-AT\"},{\"@type\":\"Organization\",\"@id\":\"https:\/\/kulturonline.tv\/at\/#organization\",\"name\":\"Kultur Online TV\",\"url\":\"https:\/\/kulturonline.tv\/at\/\",\"logo\":{\"@type\":\"ImageObject\",\"inLanguage\":\"de-AT\",\"@id\":\"https:\/\/kulturonline.tv\/at\/#\/schema\/logo\/image\/\",\"url\":\"https:\/\/kulturonline.tv\/wp-content\/uploads\/2021\/08\/Kultur-Online-Tv-Logo-Endversion-neu.png\",\"contentUrl\":\"https:\/\/kulturonline.tv\/wp-content\/uploads\/2021\/08\/Kultur-Online-Tv-Logo-Endversion-neu.png\",\"width\":200,\"height\":200,\"caption\":\"Kultur Online TV\"},\"image\":{\"@id\":\"https:\/\/kulturonline.tv\/at\/#\/schema\/logo\/image\/\"},\"sameAs\":[\"https:\/\/www.facebook.com\/kulturonline.tv\",\"https:\/\/www.instagram.com\/kulturonline.tv\"]},{\"@type\":\"Person\",\"@id\":\"https:\/\/kulturonline.tv\/at\/#\/schema\/person\/b0fac729bb9a0c193fb1df23449df4fe\",\"name\":\"guenter.wolfgang\"}]}<\/script>\n<!-- \/ Yoast SEO plugin. -->","yoast_head_json":{"title":"Staatssekret\u00e4rin Mayer ehrt Ali Smith mit dem \u00d6sterreichischen Staatspreis f\u00fcr Europ\u00e4ische Literatur 2021 - Kultur Online TV &amp; FM","description":"Kultur sehen und H\u00f6ren","robots":{"index":"index","follow":"follow","max-snippet":"max-snippet:-1","max-image-preview":"max-image-preview:large","max-video-preview":"max-video-preview:-1"},"canonical":"https:\/\/kulturonline.tv\/at\/staatssekretaerin-mayer-ehrt-ali-smith-mit-dem-oesterreichischen-staatspreis-fuer-europaeische-literatur-2021\/","og_locale":"de_DE","og_type":"article","og_title":"Staatssekret\u00e4rin Mayer ehrt Ali Smith mit dem \u00d6sterreichischen Staatspreis f\u00fcr Europ\u00e4ische Literatur 2021 - Kultur Online TV &amp; FM","og_description":"Kultur sehen und H\u00f6ren","og_url":"https:\/\/kulturonline.tv\/at\/staatssekretaerin-mayer-ehrt-ali-smith-mit-dem-oesterreichischen-staatspreis-fuer-europaeische-literatur-2021\/","og_site_name":"Kultur Online TV &amp; FM","article_publisher":"https:\/\/www.facebook.com\/kulturonline.tv","article_published_time":"2022-08-01T17:30:13+00:00","article_modified_time":"2022-08-01T17:30:14+00:00","og_image":[{"width":1600,"height":900,"url":"https:\/\/kulturonline.tv\/wp-content\/uploads\/2022\/08\/Staatspreis-1600x900.png","type":"image\/png"}],"author":"guenter.wolfgang","twitter_card":"summary_large_image","twitter_misc":{"Verfasst von":"guenter.wolfgang","Gesch\u00e4tzte Lesezeit":"3 Minuten"},"schema":{"@context":"https:\/\/schema.org","@graph":[{"@type":"Article","@id":"https:\/\/kulturonline.tv\/at\/staatssekretaerin-mayer-ehrt-ali-smith-mit-dem-oesterreichischen-staatspreis-fuer-europaeische-literatur-2021\/#article","isPartOf":{"@id":"https:\/\/kulturonline.tv\/at\/staatssekretaerin-mayer-ehrt-ali-smith-mit-dem-oesterreichischen-staatspreis-fuer-europaeische-literatur-2021\/"},"author":{"name":"guenter.wolfgang","@id":"https:\/\/kulturonline.tv\/at\/#\/schema\/person\/b0fac729bb9a0c193fb1df23449df4fe"},"headline":"Staatssekret\u00e4rin Mayer ehrt Ali Smith mit dem \u00d6sterreichischen Staatspreis f\u00fcr Europ\u00e4ische Literatur 2021","datePublished":"2022-08-01T17:30:13+00:00","dateModified":"2022-08-01T17:30:14+00:00","mainEntityOfPage":{"@id":"https:\/\/kulturonline.tv\/at\/staatssekretaerin-mayer-ehrt-ali-smith-mit-dem-oesterreichischen-staatspreis-fuer-europaeische-literatur-2021\/"},"wordCount":713,"publisher":{"@id":"https:\/\/kulturonline.tv\/at\/#organization"},"image":{"@id":"https:\/\/kulturonline.tv\/at\/staatssekretaerin-mayer-ehrt-ali-smith-mit-dem-oesterreichischen-staatspreis-fuer-europaeische-literatur-2021\/#primaryimage"},"thumbnailUrl":"https:\/\/kulturonline.tv\/wp-content\/uploads\/2022\/08\/Staatspreis.png","articleSection":["Literatur","Unkategorisiert"],"inLanguage":"de-AT"},{"@type":"WebPage","@id":"https:\/\/kulturonline.tv\/at\/staatssekretaerin-mayer-ehrt-ali-smith-mit-dem-oesterreichischen-staatspreis-fuer-europaeische-literatur-2021\/","url":"https:\/\/kulturonline.tv\/at\/staatssekretaerin-mayer-ehrt-ali-smith-mit-dem-oesterreichischen-staatspreis-fuer-europaeische-literatur-2021\/","name":"Staatssekret\u00e4rin Mayer ehrt Ali Smith mit dem \u00d6sterreichischen Staatspreis f\u00fcr Europ\u00e4ische Literatur 2021 - Kultur Online TV &amp; FM","isPartOf":{"@id":"https:\/\/kulturonline.tv\/at\/#website"},"primaryImageOfPage":{"@id":"https:\/\/kulturonline.tv\/at\/staatssekretaerin-mayer-ehrt-ali-smith-mit-dem-oesterreichischen-staatspreis-fuer-europaeische-literatur-2021\/#primaryimage"},"image":{"@id":"https:\/\/kulturonline.tv\/at\/staatssekretaerin-mayer-ehrt-ali-smith-mit-dem-oesterreichischen-staatspreis-fuer-europaeische-literatur-2021\/#primaryimage"},"thumbnailUrl":"https:\/\/kulturonline.tv\/wp-content\/uploads\/2022\/08\/Staatspreis.png","datePublished":"2022-08-01T17:30:13+00:00","dateModified":"2022-08-01T17:30:14+00:00","description":"Kultur sehen und H\u00f6ren","breadcrumb":{"@id":"https:\/\/kulturonline.tv\/at\/staatssekretaerin-mayer-ehrt-ali-smith-mit-dem-oesterreichischen-staatspreis-fuer-europaeische-literatur-2021\/#breadcrumb"},"inLanguage":"de-AT","potentialAction":[{"@type":"ReadAction","target":["https:\/\/kulturonline.tv\/at\/staatssekretaerin-mayer-ehrt-ali-smith-mit-dem-oesterreichischen-staatspreis-fuer-europaeische-literatur-2021\/"]}]},{"@type":"ImageObject","inLanguage":"de-AT","@id":"https:\/\/kulturonline.tv\/at\/staatssekretaerin-mayer-ehrt-ali-smith-mit-dem-oesterreichischen-staatspreis-fuer-europaeische-literatur-2021\/#primaryimage","url":"https:\/\/kulturonline.tv\/wp-content\/uploads\/2022\/08\/Staatspreis.png","contentUrl":"https:\/\/kulturonline.tv\/wp-content\/uploads\/2022\/08\/Staatspreis.png","width":2560,"height":1440},{"@type":"BreadcrumbList","@id":"https:\/\/kulturonline.tv\/at\/staatssekretaerin-mayer-ehrt-ali-smith-mit-dem-oesterreichischen-staatspreis-fuer-europaeische-literatur-2021\/#breadcrumb","itemListElement":[{"@type":"ListItem","position":1,"name":"Startseite","item":"https:\/\/kulturonline.tv\/at\/"},{"@type":"ListItem","position":2,"name":"Staatssekret\u00e4rin Mayer ehrt Ali Smith mit dem \u00d6sterreichischen Staatspreis f\u00fcr Europ\u00e4ische Literatur 2021"}]},{"@type":"WebSite","@id":"https:\/\/kulturonline.tv\/at\/#website","url":"https:\/\/kulturonline.tv\/at\/","name":"Kultur Online TV &amp; FM","description":"Wir sind Kultur 2.0 zum sehen &amp; h\u00f6ren","publisher":{"@id":"https:\/\/kulturonline.tv\/at\/#organization"},"potentialAction":[{"@type":"SearchAction","target":{"@type":"EntryPoint","urlTemplate":"https:\/\/kulturonline.tv\/at\/?s={search_term_string}"},"query-input":{"@type":"PropertyValueSpecification","valueRequired":true,"valueName":"search_term_string"}}],"inLanguage":"de-AT"},{"@type":"Organization","@id":"https:\/\/kulturonline.tv\/at\/#organization","name":"Kultur Online TV","url":"https:\/\/kulturonline.tv\/at\/","logo":{"@type":"ImageObject","inLanguage":"de-AT","@id":"https:\/\/kulturonline.tv\/at\/#\/schema\/logo\/image\/","url":"https:\/\/kulturonline.tv\/wp-content\/uploads\/2021\/08\/Kultur-Online-Tv-Logo-Endversion-neu.png","contentUrl":"https:\/\/kulturonline.tv\/wp-content\/uploads\/2021\/08\/Kultur-Online-Tv-Logo-Endversion-neu.png","width":200,"height":200,"caption":"Kultur Online TV"},"image":{"@id":"https:\/\/kulturonline.tv\/at\/#\/schema\/logo\/image\/"},"sameAs":["https:\/\/www.facebook.com\/kulturonline.tv","https:\/\/www.instagram.com\/kulturonline.tv"]},{"@type":"Person","@id":"https:\/\/kulturonline.tv\/at\/#\/schema\/person\/b0fac729bb9a0c193fb1df23449df4fe","name":"guenter.wolfgang"}]}},"_links":{"self":[{"href":"https:\/\/kulturonline.tv\/at\/wp-json\/wp\/v2\/posts\/31134","targetHints":{"allow":["GET"]}}],"collection":[{"href":"https:\/\/kulturonline.tv\/at\/wp-json\/wp\/v2\/posts"}],"about":[{"href":"https:\/\/kulturonline.tv\/at\/wp-json\/wp\/v2\/types\/post"}],"author":[{"embeddable":true,"href":"https:\/\/kulturonline.tv\/at\/wp-json\/wp\/v2\/users\/2"}],"replies":[{"embeddable":true,"href":"https:\/\/kulturonline.tv\/at\/wp-json\/wp\/v2\/comments?post=31134"}],"version-history":[{"count":0,"href":"https:\/\/kulturonline.tv\/at\/wp-json\/wp\/v2\/posts\/31134\/revisions"}],"wp:featuredmedia":[{"embeddable":true,"href":"https:\/\/kulturonline.tv\/at\/wp-json\/wp\/v2\/media\/31136"}],"wp:attachment":[{"href":"https:\/\/kulturonline.tv\/at\/wp-json\/wp\/v2\/media?parent=31134"}],"wp:term":[{"taxonomy":"category","embeddable":true,"href":"https:\/\/kulturonline.tv\/at\/wp-json\/wp\/v2\/categories?post=31134"},{"taxonomy":"post_tag","embeddable":true,"href":"https:\/\/kulturonline.tv\/at\/wp-json\/wp\/v2\/tags?post=31134"}],"curies":[{"name":"wp","href":"https:\/\/api.w.org\/{rel}","templated":true}]}}