{"id":31496,"date":"2022-08-08T18:44:31","date_gmt":"2022-08-08T16:44:31","guid":{"rendered":"https:\/\/kulturonline.tv\/?p=31496"},"modified":"2022-08-08T18:54:22","modified_gmt":"2022-08-08T16:54:22","slug":"ak-kaernten-sommerbibliotheken-lesespass-fuer-badegaeste","status":"publish","type":"post","link":"https:\/\/kulturonline.tv\/at\/ak-kaernten-sommerbibliotheken-lesespass-fuer-badegaeste\/","title":{"rendered":"Sommerbibliotheken: Lesespa\u00df f\u00fcr Badeg\u00e4ste"},"content":{"rendered":"\n<p>Bis zum 3. September versorgen die AK-Sommerbibliotheken Badeg\u00e4ste am W\u00f6rthersee wieder mit Lesestoff. 1.500 B\u00fccher zum Verleih bietet die B\u00fccherinsel im Strandbad Klagenfurt. Vom AK-B\u00fccherboot werden vier Strandb\u00e4der und die Anlegestelle bei der Gewerkschaft in Krumpendorf, best\u00fcckt mit jeder Menge Lesestoff aus unterschiedlichen Genres, angesteuert.<\/p>\n\n\n\n<figure class=\"wp-block-image size-large\"><img fetchpriority=\"high\" decoding=\"async\" width=\"2560\" height=\"1440\" src=\"https:\/\/kulturonline.tv\/wp-content\/uploads\/2022\/08\/Literatur-Kultur-Online-TV-edited-scaled.jpg\" alt=\"\" class=\"wp-image-31499\" srcset=\"https:\/\/kulturonline.tv\/wp-content\/uploads\/2022\/08\/Literatur-Kultur-Online-TV-edited-scaled.jpg 2560w, https:\/\/kulturonline.tv\/wp-content\/uploads\/2022\/08\/Literatur-Kultur-Online-TV-edited-600x338.jpg 600w, https:\/\/kulturonline.tv\/wp-content\/uploads\/2022\/08\/Literatur-Kultur-Online-TV-edited-800x450.jpg 800w, https:\/\/kulturonline.tv\/wp-content\/uploads\/2022\/08\/Literatur-Kultur-Online-TV-edited-1600x900.jpg 1600w, https:\/\/kulturonline.tv\/wp-content\/uploads\/2022\/08\/Literatur-Kultur-Online-TV-edited-768x432.jpg 768w, https:\/\/kulturonline.tv\/wp-content\/uploads\/2022\/08\/Literatur-Kultur-Online-TV-edited-1536x864.jpg 1536w, https:\/\/kulturonline.tv\/wp-content\/uploads\/2022\/08\/Literatur-Kultur-Online-TV-edited-2048x1152.jpg 2048w\" sizes=\"(max-width: 2560px) 100vw, 2560px\" \/><figcaption>\u00a9 AK B\u009fcherboot <\/figcaption><\/figure>\n\n\n\n<p>\u201eMit den AK-Sommerbibliotheken \u2013 dem B\u00fccherboot und der B\u00fccherinsel wird den K\u00e4rntner:innen  einen einzigartigen Service bei herrlichem Ambiente direkt am See\u201c, so AK-Pr\u00e4sident G\u00fcnther Goach. Das AK-B\u00fccherboot macht mit einer gro\u00dfen Auswahl an Literatur auch heuer wieder bei den Strandb\u00e4dern in Klagenfurt, Loretto, beim Parkbad sowie Bad Stich in Krumpendorf und bei der Anlegestelle der Gewerkschaft in Krumpendorf Halt. Jeweils eine Stunde k\u00f6nnen Badeg\u00e4ste auf der schwimmenden Bibliothek nach Lust und Laune schm\u00f6kern und sich mit B\u00fcchern und Magazinen eindecken. Die AK-B\u00fccherinsel am Mittelsteg steht den Badeg\u00e4sten im Strandbad Klagenfurt von Montag bis Sonntag von zehn bis einschlie\u00dflich 18 Uhr zur Verf\u00fcgung.<\/p>\n\n\n\n<p><strong>Digitaler Lesespa\u00df<\/strong><br>\u201eDas B\u00fccherangebot des AK-B\u00fccherbootes und der AK-B\u00fccherinsel ist so vielseitig, dass f\u00fcr jeden etwas dabei ist. Und wer doch nichts findet, kann online in \u00fcber 100.000 Titeln st\u00f6bern und sich die gew\u00fcnschte Literatur schnell und unkompliziert bestellen\u201c, erkl\u00e4rt Roman Huditsch, Leiter der AK-Bibliotheken K\u00e4rnten. Auch eine riesige Auswahl an eBooks, H\u00f6rb\u00fcchern und das Streaming-Angebot filmfriend stehen f\u00fcr alle K\u00e4rntner mit Lesekarte bereit. Und wer in das \u201edigitale Lesen\u201c von eBooks erst einmal reinschnuppern m\u00f6chte, kann sich ganz einfach einen eBook-Reader f\u00fcr zwei Wochen ausborgen.<\/p>\n\n\n\n<p><strong>Mit Lesekarte zum Lesevergn\u00fcgen<\/strong><br>\u201eWer die AK-Sommerbibliotheken nutzen m\u00f6chte, aber noch keine Lesekarte hat, kann sich ganz einfach bei unserem Team vor Ort anmelden\u201c, so Huditsch. Kinder und Jugendliche bis 18 Jahren (mit g\u00fcltigem Sch\u00fclerausweis l\u00e4nger) nutzen das Angebot kostenlos. Erwachsene zahlen einmalig nur zehn Euro \u2013 f\u00fcr ein lebenslanges Lesevergn\u00fcgen. Die B\u00fccher k\u00f6nnen direkt am Boot, bei der B\u00fccherinsel oder bei der automatische R\u00fcckgabestation vor der AK-Bibliothek am Bahnhofplatz in Klagenfurt zur\u00fcckgegeben werden.<\/p>\n\n\n\n<p><strong>Fahrplan B\u00fccherboot<\/strong><\/p>\n\n\n\n<p>Um 10.15 Uhr wird der Anker im Strandbad Klagenfurt gelichtet und ab 10.30 Uhr im Strandbad Loretto wieder f\u00fcr eine Stunde ausgefahren. Um 12.30 Uhr macht das B\u00fccherboot Halt beim Parkbad Krumpendorf und f\u00e4hrt dann weiter zur Anlegestelle der Gewerkschaft in Krumpendorf \u2013 hier wird nur f\u00fcr 45 Minuten Halt gemacht. Letzte Station ist Bad Stich wo Badende um 15 Uhr mit dem umfangreichen Literaturangebot versorgt werden.<\/p>\n\n\n\n<p>Kultur Online TV<\/p>\n\n\n\n<p>#news #kunst #kultur #musik<\/p>\n","protected":false},"excerpt":{"rendered":"<p>Bis zum 3. September versorgen die AK-Sommerbibliotheken Badeg\u00e4ste am W\u00f6rthersee wieder mit Lesestoff. 1.500 B\u00fccher zum Verleih bietet die B\u00fccherinsel im Strandbad Klagenfurt. Vom AK-B\u00fccherboot werden vier Strandb\u00e4der und die Anlegestelle bei der Gewerkschaft in Krumpendorf, best\u00fcckt mit jeder Menge Lesestoff aus unterschiedlichen Genres, angesteuert. \u201eMit den AK-Sommerbibliotheken \u2013 dem B\u00fccherboot und der B\u00fccherinsel wird [&hellip;]<\/p>\n","protected":false},"author":2,"featured_media":31499,"comment_status":"closed","ping_status":"closed","sticky":false,"template":"","format":"standard","meta":{"_acf_changed":false,"footnotes":""},"categories":[133],"tags":[],"class_list":["post-31496","post","type-post","status-publish","format-standard","has-post-thumbnail","hentry","category-literatur"],"acf":[],"yoast_head":"<!-- This site is optimized with the Yoast SEO plugin v26.1.1 - https:\/\/yoast.com\/wordpress\/plugins\/seo\/ -->\n<title>Sommerbibliotheken: Lesespa\u00df f\u00fcr Badeg\u00e4ste - Kultur Online TV &amp; FM<\/title>\n<meta name=\"description\" content=\"Bis zum 3. September versorgen die AK-Sommerbibliotheken Badeg\u00e4ste am W\u00f6rthersee wieder mit Lesestoff.\" \/>\n<meta name=\"robots\" content=\"index, follow, max-snippet:-1, max-image-preview:large, max-video-preview:-1\" \/>\n<link rel=\"canonical\" href=\"https:\/\/kulturonline.tv\/at\/ak-kaernten-sommerbibliotheken-lesespass-fuer-badegaeste\/\" \/>\n<meta property=\"og:locale\" content=\"de_DE\" \/>\n<meta property=\"og:type\" content=\"article\" \/>\n<meta property=\"og:title\" content=\"Sommerbibliotheken: Lesespa\u00df f\u00fcr Badeg\u00e4ste - Kultur Online TV &amp; FM\" \/>\n<meta property=\"og:description\" content=\"Bis zum 3. September versorgen die AK-Sommerbibliotheken Badeg\u00e4ste am W\u00f6rthersee wieder mit Lesestoff.\" \/>\n<meta property=\"og:url\" content=\"https:\/\/kulturonline.tv\/at\/ak-kaernten-sommerbibliotheken-lesespass-fuer-badegaeste\/\" \/>\n<meta property=\"og:site_name\" content=\"Kultur Online TV &amp; FM\" \/>\n<meta property=\"article:publisher\" content=\"https:\/\/www.facebook.com\/kulturonline.tv\" \/>\n<meta property=\"article:published_time\" content=\"2022-08-08T16:44:31+00:00\" \/>\n<meta property=\"article:modified_time\" content=\"2022-08-08T16:54:22+00:00\" \/>\n<meta property=\"og:image\" content=\"https:\/\/kulturonline.tv\/wp-content\/uploads\/2022\/08\/Literatur-Kultur-Online-TV-edited-scaled.jpg\" \/>\n\t<meta property=\"og:image:width\" content=\"2560\" \/>\n\t<meta property=\"og:image:height\" content=\"1440\" \/>\n\t<meta property=\"og:image:type\" content=\"image\/jpeg\" \/>\n<meta name=\"author\" content=\"guenter.wolfgang\" \/>\n<meta name=\"twitter:card\" content=\"summary_large_image\" \/>\n<meta name=\"twitter:label1\" content=\"Verfasst von\" \/>\n\t<meta name=\"twitter:data1\" content=\"guenter.wolfgang\" \/>\n\t<meta name=\"twitter:label2\" content=\"Gesch\u00e4tzte Lesezeit\" \/>\n\t<meta name=\"twitter:data2\" content=\"2 Minuten\" \/>\n<script type=\"application\/ld+json\" class=\"yoast-schema-graph\">{\"@context\":\"https:\/\/schema.org\",\"@graph\":[{\"@type\":\"Article\",\"@id\":\"https:\/\/kulturonline.tv\/at\/ak-kaernten-sommerbibliotheken-lesespass-fuer-badegaeste\/#article\",\"isPartOf\":{\"@id\":\"https:\/\/kulturonline.tv\/at\/ak-kaernten-sommerbibliotheken-lesespass-fuer-badegaeste\/\"},\"author\":{\"name\":\"guenter.wolfgang\",\"@id\":\"https:\/\/kulturonline.tv\/at\/#\/schema\/person\/b0fac729bb9a0c193fb1df23449df4fe\"},\"headline\":\"Sommerbibliotheken: Lesespa\u00df f\u00fcr Badeg\u00e4ste\",\"datePublished\":\"2022-08-08T16:44:31+00:00\",\"dateModified\":\"2022-08-08T16:54:22+00:00\",\"mainEntityOfPage\":{\"@id\":\"https:\/\/kulturonline.tv\/at\/ak-kaernten-sommerbibliotheken-lesespass-fuer-badegaeste\/\"},\"wordCount\":434,\"publisher\":{\"@id\":\"https:\/\/kulturonline.tv\/at\/#organization\"},\"image\":{\"@id\":\"https:\/\/kulturonline.tv\/at\/ak-kaernten-sommerbibliotheken-lesespass-fuer-badegaeste\/#primaryimage\"},\"thumbnailUrl\":\"https:\/\/kulturonline.tv\/wp-content\/uploads\/2022\/08\/Literatur-Kultur-Online-TV-edited-scaled.jpg\",\"articleSection\":[\"Literatur\"],\"inLanguage\":\"de-AT\"},{\"@type\":\"WebPage\",\"@id\":\"https:\/\/kulturonline.tv\/at\/ak-kaernten-sommerbibliotheken-lesespass-fuer-badegaeste\/\",\"url\":\"https:\/\/kulturonline.tv\/at\/ak-kaernten-sommerbibliotheken-lesespass-fuer-badegaeste\/\",\"name\":\"Sommerbibliotheken: Lesespa\u00df f\u00fcr Badeg\u00e4ste - Kultur Online TV &amp; FM\",\"isPartOf\":{\"@id\":\"https:\/\/kulturonline.tv\/at\/#website\"},\"primaryImageOfPage\":{\"@id\":\"https:\/\/kulturonline.tv\/at\/ak-kaernten-sommerbibliotheken-lesespass-fuer-badegaeste\/#primaryimage\"},\"image\":{\"@id\":\"https:\/\/kulturonline.tv\/at\/ak-kaernten-sommerbibliotheken-lesespass-fuer-badegaeste\/#primaryimage\"},\"thumbnailUrl\":\"https:\/\/kulturonline.tv\/wp-content\/uploads\/2022\/08\/Literatur-Kultur-Online-TV-edited-scaled.jpg\",\"datePublished\":\"2022-08-08T16:44:31+00:00\",\"dateModified\":\"2022-08-08T16:54:22+00:00\",\"description\":\"Bis zum 3. September versorgen die AK-Sommerbibliotheken Badeg\u00e4ste am W\u00f6rthersee wieder mit Lesestoff.\",\"breadcrumb\":{\"@id\":\"https:\/\/kulturonline.tv\/at\/ak-kaernten-sommerbibliotheken-lesespass-fuer-badegaeste\/#breadcrumb\"},\"inLanguage\":\"de-AT\",\"potentialAction\":[{\"@type\":\"ReadAction\",\"target\":[\"https:\/\/kulturonline.tv\/at\/ak-kaernten-sommerbibliotheken-lesespass-fuer-badegaeste\/\"]}]},{\"@type\":\"ImageObject\",\"inLanguage\":\"de-AT\",\"@id\":\"https:\/\/kulturonline.tv\/at\/ak-kaernten-sommerbibliotheken-lesespass-fuer-badegaeste\/#primaryimage\",\"url\":\"https:\/\/kulturonline.tv\/wp-content\/uploads\/2022\/08\/Literatur-Kultur-Online-TV-edited-scaled.jpg\",\"contentUrl\":\"https:\/\/kulturonline.tv\/wp-content\/uploads\/2022\/08\/Literatur-Kultur-Online-TV-edited-scaled.jpg\",\"width\":2560,\"height\":1440,\"caption\":\"AK B\u009fcherboot \\\"Sellie\\\" f\u008ahrt wieder\"},{\"@type\":\"BreadcrumbList\",\"@id\":\"https:\/\/kulturonline.tv\/at\/ak-kaernten-sommerbibliotheken-lesespass-fuer-badegaeste\/#breadcrumb\",\"itemListElement\":[{\"@type\":\"ListItem\",\"position\":1,\"name\":\"Startseite\",\"item\":\"https:\/\/kulturonline.tv\/at\/\"},{\"@type\":\"ListItem\",\"position\":2,\"name\":\"Sommerbibliotheken: Lesespa\u00df f\u00fcr Badeg\u00e4ste\"}]},{\"@type\":\"WebSite\",\"@id\":\"https:\/\/kulturonline.tv\/at\/#website\",\"url\":\"https:\/\/kulturonline.tv\/at\/\",\"name\":\"Kultur Online TV &amp; FM\",\"description\":\"Wir sind Kultur 2.0 zum sehen &amp; h\u00f6ren\",\"publisher\":{\"@id\":\"https:\/\/kulturonline.tv\/at\/#organization\"},\"potentialAction\":[{\"@type\":\"SearchAction\",\"target\":{\"@type\":\"EntryPoint\",\"urlTemplate\":\"https:\/\/kulturonline.tv\/at\/?s={search_term_string}\"},\"query-input\":{\"@type\":\"PropertyValueSpecification\",\"valueRequired\":true,\"valueName\":\"search_term_string\"}}],\"inLanguage\":\"de-AT\"},{\"@type\":\"Organization\",\"@id\":\"https:\/\/kulturonline.tv\/at\/#organization\",\"name\":\"Kultur Online TV\",\"url\":\"https:\/\/kulturonline.tv\/at\/\",\"logo\":{\"@type\":\"ImageObject\",\"inLanguage\":\"de-AT\",\"@id\":\"https:\/\/kulturonline.tv\/at\/#\/schema\/logo\/image\/\",\"url\":\"https:\/\/kulturonline.tv\/wp-content\/uploads\/2021\/08\/Kultur-Online-Tv-Logo-Endversion-neu.png\",\"contentUrl\":\"https:\/\/kulturonline.tv\/wp-content\/uploads\/2021\/08\/Kultur-Online-Tv-Logo-Endversion-neu.png\",\"width\":200,\"height\":200,\"caption\":\"Kultur Online TV\"},\"image\":{\"@id\":\"https:\/\/kulturonline.tv\/at\/#\/schema\/logo\/image\/\"},\"sameAs\":[\"https:\/\/www.facebook.com\/kulturonline.tv\",\"https:\/\/www.instagram.com\/kulturonline.tv\"]},{\"@type\":\"Person\",\"@id\":\"https:\/\/kulturonline.tv\/at\/#\/schema\/person\/b0fac729bb9a0c193fb1df23449df4fe\",\"name\":\"guenter.wolfgang\"}]}<\/script>\n<!-- \/ Yoast SEO plugin. -->","yoast_head_json":{"title":"Sommerbibliotheken: Lesespa\u00df f\u00fcr Badeg\u00e4ste - Kultur Online TV &amp; FM","description":"Bis zum 3. September versorgen die AK-Sommerbibliotheken Badeg\u00e4ste am W\u00f6rthersee wieder mit Lesestoff.","robots":{"index":"index","follow":"follow","max-snippet":"max-snippet:-1","max-image-preview":"max-image-preview:large","max-video-preview":"max-video-preview:-1"},"canonical":"https:\/\/kulturonline.tv\/at\/ak-kaernten-sommerbibliotheken-lesespass-fuer-badegaeste\/","og_locale":"de_DE","og_type":"article","og_title":"Sommerbibliotheken: Lesespa\u00df f\u00fcr Badeg\u00e4ste - Kultur Online TV &amp; FM","og_description":"Bis zum 3. September versorgen die AK-Sommerbibliotheken Badeg\u00e4ste am W\u00f6rthersee wieder mit Lesestoff.","og_url":"https:\/\/kulturonline.tv\/at\/ak-kaernten-sommerbibliotheken-lesespass-fuer-badegaeste\/","og_site_name":"Kultur Online TV &amp; FM","article_publisher":"https:\/\/www.facebook.com\/kulturonline.tv","article_published_time":"2022-08-08T16:44:31+00:00","article_modified_time":"2022-08-08T16:54:22+00:00","og_image":[{"width":2560,"height":1440,"url":"https:\/\/kulturonline.tv\/wp-content\/uploads\/2022\/08\/Literatur-Kultur-Online-TV-edited-scaled.jpg","type":"image\/jpeg"}],"author":"guenter.wolfgang","twitter_card":"summary_large_image","twitter_misc":{"Verfasst von":"guenter.wolfgang","Gesch\u00e4tzte Lesezeit":"2 Minuten"},"schema":{"@context":"https:\/\/schema.org","@graph":[{"@type":"Article","@id":"https:\/\/kulturonline.tv\/at\/ak-kaernten-sommerbibliotheken-lesespass-fuer-badegaeste\/#article","isPartOf":{"@id":"https:\/\/kulturonline.tv\/at\/ak-kaernten-sommerbibliotheken-lesespass-fuer-badegaeste\/"},"author":{"name":"guenter.wolfgang","@id":"https:\/\/kulturonline.tv\/at\/#\/schema\/person\/b0fac729bb9a0c193fb1df23449df4fe"},"headline":"Sommerbibliotheken: Lesespa\u00df f\u00fcr Badeg\u00e4ste","datePublished":"2022-08-08T16:44:31+00:00","dateModified":"2022-08-08T16:54:22+00:00","mainEntityOfPage":{"@id":"https:\/\/kulturonline.tv\/at\/ak-kaernten-sommerbibliotheken-lesespass-fuer-badegaeste\/"},"wordCount":434,"publisher":{"@id":"https:\/\/kulturonline.tv\/at\/#organization"},"image":{"@id":"https:\/\/kulturonline.tv\/at\/ak-kaernten-sommerbibliotheken-lesespass-fuer-badegaeste\/#primaryimage"},"thumbnailUrl":"https:\/\/kulturonline.tv\/wp-content\/uploads\/2022\/08\/Literatur-Kultur-Online-TV-edited-scaled.jpg","articleSection":["Literatur"],"inLanguage":"de-AT"},{"@type":"WebPage","@id":"https:\/\/kulturonline.tv\/at\/ak-kaernten-sommerbibliotheken-lesespass-fuer-badegaeste\/","url":"https:\/\/kulturonline.tv\/at\/ak-kaernten-sommerbibliotheken-lesespass-fuer-badegaeste\/","name":"Sommerbibliotheken: Lesespa\u00df f\u00fcr Badeg\u00e4ste - Kultur Online TV &amp; FM","isPartOf":{"@id":"https:\/\/kulturonline.tv\/at\/#website"},"primaryImageOfPage":{"@id":"https:\/\/kulturonline.tv\/at\/ak-kaernten-sommerbibliotheken-lesespass-fuer-badegaeste\/#primaryimage"},"image":{"@id":"https:\/\/kulturonline.tv\/at\/ak-kaernten-sommerbibliotheken-lesespass-fuer-badegaeste\/#primaryimage"},"thumbnailUrl":"https:\/\/kulturonline.tv\/wp-content\/uploads\/2022\/08\/Literatur-Kultur-Online-TV-edited-scaled.jpg","datePublished":"2022-08-08T16:44:31+00:00","dateModified":"2022-08-08T16:54:22+00:00","description":"Bis zum 3. September versorgen die AK-Sommerbibliotheken Badeg\u00e4ste am W\u00f6rthersee wieder mit Lesestoff.","breadcrumb":{"@id":"https:\/\/kulturonline.tv\/at\/ak-kaernten-sommerbibliotheken-lesespass-fuer-badegaeste\/#breadcrumb"},"inLanguage":"de-AT","potentialAction":[{"@type":"ReadAction","target":["https:\/\/kulturonline.tv\/at\/ak-kaernten-sommerbibliotheken-lesespass-fuer-badegaeste\/"]}]},{"@type":"ImageObject","inLanguage":"de-AT","@id":"https:\/\/kulturonline.tv\/at\/ak-kaernten-sommerbibliotheken-lesespass-fuer-badegaeste\/#primaryimage","url":"https:\/\/kulturonline.tv\/wp-content\/uploads\/2022\/08\/Literatur-Kultur-Online-TV-edited-scaled.jpg","contentUrl":"https:\/\/kulturonline.tv\/wp-content\/uploads\/2022\/08\/Literatur-Kultur-Online-TV-edited-scaled.jpg","width":2560,"height":1440,"caption":"AK B\u009fcherboot \"Sellie\" f\u008ahrt wieder"},{"@type":"BreadcrumbList","@id":"https:\/\/kulturonline.tv\/at\/ak-kaernten-sommerbibliotheken-lesespass-fuer-badegaeste\/#breadcrumb","itemListElement":[{"@type":"ListItem","position":1,"name":"Startseite","item":"https:\/\/kulturonline.tv\/at\/"},{"@type":"ListItem","position":2,"name":"Sommerbibliotheken: Lesespa\u00df f\u00fcr Badeg\u00e4ste"}]},{"@type":"WebSite","@id":"https:\/\/kulturonline.tv\/at\/#website","url":"https:\/\/kulturonline.tv\/at\/","name":"Kultur Online TV &amp; FM","description":"Wir sind Kultur 2.0 zum sehen &amp; h\u00f6ren","publisher":{"@id":"https:\/\/kulturonline.tv\/at\/#organization"},"potentialAction":[{"@type":"SearchAction","target":{"@type":"EntryPoint","urlTemplate":"https:\/\/kulturonline.tv\/at\/?s={search_term_string}"},"query-input":{"@type":"PropertyValueSpecification","valueRequired":true,"valueName":"search_term_string"}}],"inLanguage":"de-AT"},{"@type":"Organization","@id":"https:\/\/kulturonline.tv\/at\/#organization","name":"Kultur Online TV","url":"https:\/\/kulturonline.tv\/at\/","logo":{"@type":"ImageObject","inLanguage":"de-AT","@id":"https:\/\/kulturonline.tv\/at\/#\/schema\/logo\/image\/","url":"https:\/\/kulturonline.tv\/wp-content\/uploads\/2021\/08\/Kultur-Online-Tv-Logo-Endversion-neu.png","contentUrl":"https:\/\/kulturonline.tv\/wp-content\/uploads\/2021\/08\/Kultur-Online-Tv-Logo-Endversion-neu.png","width":200,"height":200,"caption":"Kultur Online TV"},"image":{"@id":"https:\/\/kulturonline.tv\/at\/#\/schema\/logo\/image\/"},"sameAs":["https:\/\/www.facebook.com\/kulturonline.tv","https:\/\/www.instagram.com\/kulturonline.tv"]},{"@type":"Person","@id":"https:\/\/kulturonline.tv\/at\/#\/schema\/person\/b0fac729bb9a0c193fb1df23449df4fe","name":"guenter.wolfgang"}]}},"_links":{"self":[{"href":"https:\/\/kulturonline.tv\/at\/wp-json\/wp\/v2\/posts\/31496","targetHints":{"allow":["GET"]}}],"collection":[{"href":"https:\/\/kulturonline.tv\/at\/wp-json\/wp\/v2\/posts"}],"about":[{"href":"https:\/\/kulturonline.tv\/at\/wp-json\/wp\/v2\/types\/post"}],"author":[{"embeddable":true,"href":"https:\/\/kulturonline.tv\/at\/wp-json\/wp\/v2\/users\/2"}],"replies":[{"embeddable":true,"href":"https:\/\/kulturonline.tv\/at\/wp-json\/wp\/v2\/comments?post=31496"}],"version-history":[{"count":0,"href":"https:\/\/kulturonline.tv\/at\/wp-json\/wp\/v2\/posts\/31496\/revisions"}],"wp:featuredmedia":[{"embeddable":true,"href":"https:\/\/kulturonline.tv\/at\/wp-json\/wp\/v2\/media\/31499"}],"wp:attachment":[{"href":"https:\/\/kulturonline.tv\/at\/wp-json\/wp\/v2\/media?parent=31496"}],"wp:term":[{"taxonomy":"category","embeddable":true,"href":"https:\/\/kulturonline.tv\/at\/wp-json\/wp\/v2\/categories?post=31496"},{"taxonomy":"post_tag","embeddable":true,"href":"https:\/\/kulturonline.tv\/at\/wp-json\/wp\/v2\/tags?post=31496"}],"curies":[{"name":"wp","href":"https:\/\/api.w.org\/{rel}","templated":true}]}}