{"id":33376,"date":"2022-08-15T17:04:33","date_gmt":"2022-08-15T15:04:33","guid":{"rendered":"https:\/\/kulturonline.tv\/?p=33376"},"modified":"2025-11-06T00:04:37","modified_gmt":"2025-11-05T23:04:37","slug":"people-margaritha-wanitschek-freischaffende-kuenstlerin-aus-schwaz-in-tirol","status":"publish","type":"post","link":"https:\/\/kulturonline.tv\/at\/people-margaritha-wanitschek-freischaffende-kuenstlerin-aus-schwaz-in-tirol\/","title":{"rendered":"People: Margaritha Wanitschek, freischaffende K\u00fcnstlerin, aus Schwaz in Tirol"},"content":{"rendered":"\n<p>Nach dem Matura Studium in Paris und Wien zu Malerei, Theologie, Philosophie sowie Erfahrungen am Theater am Petersplatz in Wien arbeitete Margaritha Wanitschek nach ihrer R\u00fcckkehr wieder in Schwaz in Tirol u.\u2009a. als Werbegraphikerin bei der Firma Swarovski.<\/p>\n\n\n\n<figure class=\"wp-block-image size-large\"><img fetchpriority=\"high\" decoding=\"async\" width=\"1600\" height=\"900\" src=\"https:\/\/kulturonline.tv\/wp-content\/uploads\/2022\/08\/Margaritha-Wanitschek-Kultur-Online-FM-1600x900.png\" alt=\"\" class=\"wp-image-31332\" srcset=\"https:\/\/kulturonline.tv\/wp-content\/uploads\/2022\/08\/Margaritha-Wanitschek-Kultur-Online-FM-1600x900.png 1600w, https:\/\/kulturonline.tv\/wp-content\/uploads\/2022\/08\/Margaritha-Wanitschek-Kultur-Online-FM-600x338.png 600w, https:\/\/kulturonline.tv\/wp-content\/uploads\/2022\/08\/Margaritha-Wanitschek-Kultur-Online-FM-800x450.png 800w, https:\/\/kulturonline.tv\/wp-content\/uploads\/2022\/08\/Margaritha-Wanitschek-Kultur-Online-FM-768x432.png 768w, https:\/\/kulturonline.tv\/wp-content\/uploads\/2022\/08\/Margaritha-Wanitschek-Kultur-Online-FM-1536x864.png 1536w, https:\/\/kulturonline.tv\/wp-content\/uploads\/2022\/08\/Margaritha-Wanitschek-Kultur-Online-FM-2048x1152.png 2048w\" sizes=\"(max-width: 1600px) 100vw, 1600px\" \/><figcaption>\u00a9 Kultur Online TV-FM<\/figcaption><\/figure>\n\n\n\n<p>Die K\u00fcnstlerin mit gro\u00dfer N\u00e4he zur Literatur, will ihre eigenen Arbeiten nicht detailliert erkl\u00e4ren. Dies w\u00fcrde dem Betrachter die M\u00f6glichkeit nehmen, \u00fcber die Interpretation durch seine eigene Fantasie sich dem Thema zu n\u00e4hern. Es ist, was der Betrachter, der das Bild durch seine Betrachtung vervollst\u00e4ndigt, zu sehen gewillt ist. Trotzdem ein Versuch, der einem unvoreingenommenen Sehen nicht im Wege steht.<\/p>\n\n\n\n<p>Wir haben Margaritha Wanitschek in Ihrem Atelier in Schwaz in Tirol besucht und das folgende Gespr\u00e4ch mit Ihr gef\u00fchrt.<\/p>\n\n\n\n<figure class=\"wp-block-image size-full\"><a href=\"https:\/\/kulturonline.tv\/at\/radio\"><img decoding=\"async\" width=\"1440\" height=\"810\" src=\"https:\/\/kulturonline.tv\/wp-content\/uploads\/2022\/07\/Margartiha-Wanitschek-Kultur-Online-TV.gif\" alt=\"\" class=\"wp-image-31105\"\/><\/a><figcaption>Kultur Online TV-FM<\/figcaption><\/figure>\n\n\n\n<figure class=\"wp-block-audio\"><audio controls src=\"https:\/\/kulturonline.tv\/wp-content\/uploads\/2022\/08\/MARGARITHA-WANITSCHEK-TIROL-06.08.2022.mp3\"><\/audio><figcaption>\u00a9 Kultur Online TV I FM G\u00fcnter Wolfgang im Gespr\u00e4ch mit Margaritha Wanitschek<\/figcaption><\/figure>\n\n\n\n<p>\u00a9 Kultur Online TV I FM G\u00fcnter Wolfgang im Gespr\u00e4ch mit Margaritha Wanitschek<\/p>\n\n\n\n<p><a href=\"https:\/\/www.margarithawanitschek.at\/\">Kontakt zur K\u00fcnstlerin \u2013 Webseite<\/a><\/p>\n\n\n\n<p>Kultur Online TV-FM<\/p>\n\n\n\n<p>#blog #kunst #kultur #news<\/p>\n\n\n\n<p><\/p>\n","protected":false},"excerpt":{"rendered":"<p>Nach dem Matura Studium in Paris und Wien zu Malerei, Theologie, Philosophie sowie Erfahrungen am Theater am Petersplatz in Wien arbeitete Margaritha Wanitschek nach ihrer R\u00fcckkehr wieder in Schwaz in Tirol u.\u2009a. als Werbegraphikerin bei der Firma Swarovski. Die K\u00fcnstlerin mit gro\u00dfer N\u00e4he zur Literatur, will ihre eigenen Arbeiten nicht detailliert erkl\u00e4ren. Dies w\u00fcrde dem [&hellip;]<\/p>\n","protected":false},"author":2,"featured_media":31332,"comment_status":"closed","ping_status":"closed","sticky":false,"template":"","format":"standard","meta":{"_acf_changed":false,"footnotes":""},"categories":[955,1],"tags":[],"class_list":["post-33376","post","type-post","status-publish","format-standard","has-post-thumbnail","hentry","category-aus-den-regionen-tirol","category-unkategorisiert"],"acf":[],"yoast_head":"<!-- This site is optimized with the Yoast SEO plugin v26.1.1 - https:\/\/yoast.com\/wordpress\/plugins\/seo\/ -->\n<title>People: Margaritha Wanitschek, freischaffende K\u00fcnstlerin, aus Schwaz in Tirol - Kultur Online TV &amp; FM<\/title>\n<meta name=\"description\" content=\"Kultur sehen und H\u00f6ren\" \/>\n<meta name=\"robots\" content=\"index, follow, max-snippet:-1, max-image-preview:large, max-video-preview:-1\" \/>\n<link rel=\"canonical\" href=\"https:\/\/kulturonline.tv\/at\/people-margaritha-wanitschek-freischaffende-kuenstlerin-aus-schwaz-in-tirol\/\" \/>\n<meta property=\"og:locale\" content=\"de_DE\" \/>\n<meta property=\"og:type\" content=\"article\" \/>\n<meta property=\"og:title\" content=\"People: Margaritha Wanitschek, freischaffende K\u00fcnstlerin, aus Schwaz in Tirol - Kultur Online TV &amp; FM\" \/>\n<meta property=\"og:description\" content=\"Kultur sehen und H\u00f6ren\" \/>\n<meta property=\"og:url\" content=\"https:\/\/kulturonline.tv\/at\/people-margaritha-wanitschek-freischaffende-kuenstlerin-aus-schwaz-in-tirol\/\" \/>\n<meta property=\"og:site_name\" content=\"Kultur Online TV &amp; FM\" \/>\n<meta property=\"article:publisher\" content=\"https:\/\/www.facebook.com\/kulturonline.tv\" \/>\n<meta property=\"article:published_time\" content=\"2022-08-15T15:04:33+00:00\" \/>\n<meta property=\"article:modified_time\" content=\"2025-11-05T23:04:37+00:00\" \/>\n<meta property=\"og:image\" content=\"https:\/\/kulturonline.tv\/wp-content\/uploads\/2022\/08\/Margaritha-Wanitschek-Kultur-Online-FM-1600x900.png\" \/>\n\t<meta property=\"og:image:width\" content=\"1600\" \/>\n\t<meta property=\"og:image:height\" content=\"900\" \/>\n\t<meta property=\"og:image:type\" content=\"image\/png\" \/>\n<meta name=\"author\" content=\"guenter.wolfgang\" \/>\n<meta name=\"twitter:card\" content=\"summary_large_image\" \/>\n<meta name=\"twitter:label1\" content=\"Verfasst von\" \/>\n\t<meta name=\"twitter:data1\" content=\"guenter.wolfgang\" \/>\n\t<meta name=\"twitter:label2\" content=\"Gesch\u00e4tzte Lesezeit\" \/>\n\t<meta name=\"twitter:data2\" content=\"1 Minute\" \/>\n<script type=\"application\/ld+json\" class=\"yoast-schema-graph\">{\"@context\":\"https:\/\/schema.org\",\"@graph\":[{\"@type\":\"Article\",\"@id\":\"https:\/\/kulturonline.tv\/at\/people-margaritha-wanitschek-freischaffende-kuenstlerin-aus-schwaz-in-tirol\/#article\",\"isPartOf\":{\"@id\":\"https:\/\/kulturonline.tv\/at\/people-margaritha-wanitschek-freischaffende-kuenstlerin-aus-schwaz-in-tirol\/\"},\"author\":{\"name\":\"guenter.wolfgang\",\"@id\":\"https:\/\/kulturonline.tv\/at\/#\/schema\/person\/b0fac729bb9a0c193fb1df23449df4fe\"},\"headline\":\"People: Margaritha Wanitschek, freischaffende K\u00fcnstlerin, aus Schwaz in Tirol\",\"datePublished\":\"2022-08-15T15:04:33+00:00\",\"dateModified\":\"2025-11-05T23:04:37+00:00\",\"mainEntityOfPage\":{\"@id\":\"https:\/\/kulturonline.tv\/at\/people-margaritha-wanitschek-freischaffende-kuenstlerin-aus-schwaz-in-tirol\/\"},\"wordCount\":185,\"publisher\":{\"@id\":\"https:\/\/kulturonline.tv\/at\/#organization\"},\"image\":{\"@id\":\"https:\/\/kulturonline.tv\/at\/people-margaritha-wanitschek-freischaffende-kuenstlerin-aus-schwaz-in-tirol\/#primaryimage\"},\"thumbnailUrl\":\"https:\/\/kulturonline.tv\/wp-content\/uploads\/2022\/08\/Margaritha-Wanitschek-Kultur-Online-FM.png\",\"articleSection\":[\"Aus den Regionen Tirol\",\"Unkategorisiert\"],\"inLanguage\":\"de-AT\"},{\"@type\":\"WebPage\",\"@id\":\"https:\/\/kulturonline.tv\/at\/people-margaritha-wanitschek-freischaffende-kuenstlerin-aus-schwaz-in-tirol\/\",\"url\":\"https:\/\/kulturonline.tv\/at\/people-margaritha-wanitschek-freischaffende-kuenstlerin-aus-schwaz-in-tirol\/\",\"name\":\"People: Margaritha Wanitschek, freischaffende K\u00fcnstlerin, aus Schwaz in Tirol - Kultur Online TV &amp; FM\",\"isPartOf\":{\"@id\":\"https:\/\/kulturonline.tv\/at\/#website\"},\"primaryImageOfPage\":{\"@id\":\"https:\/\/kulturonline.tv\/at\/people-margaritha-wanitschek-freischaffende-kuenstlerin-aus-schwaz-in-tirol\/#primaryimage\"},\"image\":{\"@id\":\"https:\/\/kulturonline.tv\/at\/people-margaritha-wanitschek-freischaffende-kuenstlerin-aus-schwaz-in-tirol\/#primaryimage\"},\"thumbnailUrl\":\"https:\/\/kulturonline.tv\/wp-content\/uploads\/2022\/08\/Margaritha-Wanitschek-Kultur-Online-FM.png\",\"datePublished\":\"2022-08-15T15:04:33+00:00\",\"dateModified\":\"2025-11-05T23:04:37+00:00\",\"description\":\"Kultur sehen und H\u00f6ren\",\"breadcrumb\":{\"@id\":\"https:\/\/kulturonline.tv\/at\/people-margaritha-wanitschek-freischaffende-kuenstlerin-aus-schwaz-in-tirol\/#breadcrumb\"},\"inLanguage\":\"de-AT\",\"potentialAction\":[{\"@type\":\"ReadAction\",\"target\":[\"https:\/\/kulturonline.tv\/at\/people-margaritha-wanitschek-freischaffende-kuenstlerin-aus-schwaz-in-tirol\/\"]}]},{\"@type\":\"ImageObject\",\"inLanguage\":\"de-AT\",\"@id\":\"https:\/\/kulturonline.tv\/at\/people-margaritha-wanitschek-freischaffende-kuenstlerin-aus-schwaz-in-tirol\/#primaryimage\",\"url\":\"https:\/\/kulturonline.tv\/wp-content\/uploads\/2022\/08\/Margaritha-Wanitschek-Kultur-Online-FM.png\",\"contentUrl\":\"https:\/\/kulturonline.tv\/wp-content\/uploads\/2022\/08\/Margaritha-Wanitschek-Kultur-Online-FM.png\",\"width\":2560,\"height\":1440},{\"@type\":\"BreadcrumbList\",\"@id\":\"https:\/\/kulturonline.tv\/at\/people-margaritha-wanitschek-freischaffende-kuenstlerin-aus-schwaz-in-tirol\/#breadcrumb\",\"itemListElement\":[{\"@type\":\"ListItem\",\"position\":1,\"name\":\"Startseite\",\"item\":\"https:\/\/kulturonline.tv\/at\/\"},{\"@type\":\"ListItem\",\"position\":2,\"name\":\"People: Margaritha Wanitschek, freischaffende K\u00fcnstlerin, aus Schwaz in Tirol\"}]},{\"@type\":\"WebSite\",\"@id\":\"https:\/\/kulturonline.tv\/at\/#website\",\"url\":\"https:\/\/kulturonline.tv\/at\/\",\"name\":\"Kultur Online TV &amp; FM\",\"description\":\"Wir sind Kultur 2.0 zum sehen &amp; h\u00f6ren\",\"publisher\":{\"@id\":\"https:\/\/kulturonline.tv\/at\/#organization\"},\"potentialAction\":[{\"@type\":\"SearchAction\",\"target\":{\"@type\":\"EntryPoint\",\"urlTemplate\":\"https:\/\/kulturonline.tv\/at\/?s={search_term_string}\"},\"query-input\":{\"@type\":\"PropertyValueSpecification\",\"valueRequired\":true,\"valueName\":\"search_term_string\"}}],\"inLanguage\":\"de-AT\"},{\"@type\":\"Organization\",\"@id\":\"https:\/\/kulturonline.tv\/at\/#organization\",\"name\":\"Kultur Online TV\",\"url\":\"https:\/\/kulturonline.tv\/at\/\",\"logo\":{\"@type\":\"ImageObject\",\"inLanguage\":\"de-AT\",\"@id\":\"https:\/\/kulturonline.tv\/at\/#\/schema\/logo\/image\/\",\"url\":\"https:\/\/kulturonline.tv\/wp-content\/uploads\/2021\/08\/Kultur-Online-Tv-Logo-Endversion-neu.png\",\"contentUrl\":\"https:\/\/kulturonline.tv\/wp-content\/uploads\/2021\/08\/Kultur-Online-Tv-Logo-Endversion-neu.png\",\"width\":200,\"height\":200,\"caption\":\"Kultur Online TV\"},\"image\":{\"@id\":\"https:\/\/kulturonline.tv\/at\/#\/schema\/logo\/image\/\"},\"sameAs\":[\"https:\/\/www.facebook.com\/kulturonline.tv\",\"https:\/\/www.instagram.com\/kulturonline.tv\"]},{\"@type\":\"Person\",\"@id\":\"https:\/\/kulturonline.tv\/at\/#\/schema\/person\/b0fac729bb9a0c193fb1df23449df4fe\",\"name\":\"guenter.wolfgang\"}]}<\/script>\n<!-- \/ Yoast SEO plugin. -->","yoast_head_json":{"title":"People: Margaritha Wanitschek, freischaffende K\u00fcnstlerin, aus Schwaz in Tirol - Kultur Online TV &amp; FM","description":"Kultur sehen und H\u00f6ren","robots":{"index":"index","follow":"follow","max-snippet":"max-snippet:-1","max-image-preview":"max-image-preview:large","max-video-preview":"max-video-preview:-1"},"canonical":"https:\/\/kulturonline.tv\/at\/people-margaritha-wanitschek-freischaffende-kuenstlerin-aus-schwaz-in-tirol\/","og_locale":"de_DE","og_type":"article","og_title":"People: Margaritha Wanitschek, freischaffende K\u00fcnstlerin, aus Schwaz in Tirol - Kultur Online TV &amp; FM","og_description":"Kultur sehen und H\u00f6ren","og_url":"https:\/\/kulturonline.tv\/at\/people-margaritha-wanitschek-freischaffende-kuenstlerin-aus-schwaz-in-tirol\/","og_site_name":"Kultur Online TV &amp; FM","article_publisher":"https:\/\/www.facebook.com\/kulturonline.tv","article_published_time":"2022-08-15T15:04:33+00:00","article_modified_time":"2025-11-05T23:04:37+00:00","og_image":[{"width":1600,"height":900,"url":"https:\/\/kulturonline.tv\/wp-content\/uploads\/2022\/08\/Margaritha-Wanitschek-Kultur-Online-FM-1600x900.png","type":"image\/png"}],"author":"guenter.wolfgang","twitter_card":"summary_large_image","twitter_misc":{"Verfasst von":"guenter.wolfgang","Gesch\u00e4tzte Lesezeit":"1 Minute"},"schema":{"@context":"https:\/\/schema.org","@graph":[{"@type":"Article","@id":"https:\/\/kulturonline.tv\/at\/people-margaritha-wanitschek-freischaffende-kuenstlerin-aus-schwaz-in-tirol\/#article","isPartOf":{"@id":"https:\/\/kulturonline.tv\/at\/people-margaritha-wanitschek-freischaffende-kuenstlerin-aus-schwaz-in-tirol\/"},"author":{"name":"guenter.wolfgang","@id":"https:\/\/kulturonline.tv\/at\/#\/schema\/person\/b0fac729bb9a0c193fb1df23449df4fe"},"headline":"People: Margaritha Wanitschek, freischaffende K\u00fcnstlerin, aus Schwaz in Tirol","datePublished":"2022-08-15T15:04:33+00:00","dateModified":"2025-11-05T23:04:37+00:00","mainEntityOfPage":{"@id":"https:\/\/kulturonline.tv\/at\/people-margaritha-wanitschek-freischaffende-kuenstlerin-aus-schwaz-in-tirol\/"},"wordCount":185,"publisher":{"@id":"https:\/\/kulturonline.tv\/at\/#organization"},"image":{"@id":"https:\/\/kulturonline.tv\/at\/people-margaritha-wanitschek-freischaffende-kuenstlerin-aus-schwaz-in-tirol\/#primaryimage"},"thumbnailUrl":"https:\/\/kulturonline.tv\/wp-content\/uploads\/2022\/08\/Margaritha-Wanitschek-Kultur-Online-FM.png","articleSection":["Aus den Regionen Tirol","Unkategorisiert"],"inLanguage":"de-AT"},{"@type":"WebPage","@id":"https:\/\/kulturonline.tv\/at\/people-margaritha-wanitschek-freischaffende-kuenstlerin-aus-schwaz-in-tirol\/","url":"https:\/\/kulturonline.tv\/at\/people-margaritha-wanitschek-freischaffende-kuenstlerin-aus-schwaz-in-tirol\/","name":"People: Margaritha Wanitschek, freischaffende K\u00fcnstlerin, aus Schwaz in Tirol - Kultur Online TV &amp; FM","isPartOf":{"@id":"https:\/\/kulturonline.tv\/at\/#website"},"primaryImageOfPage":{"@id":"https:\/\/kulturonline.tv\/at\/people-margaritha-wanitschek-freischaffende-kuenstlerin-aus-schwaz-in-tirol\/#primaryimage"},"image":{"@id":"https:\/\/kulturonline.tv\/at\/people-margaritha-wanitschek-freischaffende-kuenstlerin-aus-schwaz-in-tirol\/#primaryimage"},"thumbnailUrl":"https:\/\/kulturonline.tv\/wp-content\/uploads\/2022\/08\/Margaritha-Wanitschek-Kultur-Online-FM.png","datePublished":"2022-08-15T15:04:33+00:00","dateModified":"2025-11-05T23:04:37+00:00","description":"Kultur sehen und H\u00f6ren","breadcrumb":{"@id":"https:\/\/kulturonline.tv\/at\/people-margaritha-wanitschek-freischaffende-kuenstlerin-aus-schwaz-in-tirol\/#breadcrumb"},"inLanguage":"de-AT","potentialAction":[{"@type":"ReadAction","target":["https:\/\/kulturonline.tv\/at\/people-margaritha-wanitschek-freischaffende-kuenstlerin-aus-schwaz-in-tirol\/"]}]},{"@type":"ImageObject","inLanguage":"de-AT","@id":"https:\/\/kulturonline.tv\/at\/people-margaritha-wanitschek-freischaffende-kuenstlerin-aus-schwaz-in-tirol\/#primaryimage","url":"https:\/\/kulturonline.tv\/wp-content\/uploads\/2022\/08\/Margaritha-Wanitschek-Kultur-Online-FM.png","contentUrl":"https:\/\/kulturonline.tv\/wp-content\/uploads\/2022\/08\/Margaritha-Wanitschek-Kultur-Online-FM.png","width":2560,"height":1440},{"@type":"BreadcrumbList","@id":"https:\/\/kulturonline.tv\/at\/people-margaritha-wanitschek-freischaffende-kuenstlerin-aus-schwaz-in-tirol\/#breadcrumb","itemListElement":[{"@type":"ListItem","position":1,"name":"Startseite","item":"https:\/\/kulturonline.tv\/at\/"},{"@type":"ListItem","position":2,"name":"People: Margaritha Wanitschek, freischaffende K\u00fcnstlerin, aus Schwaz in Tirol"}]},{"@type":"WebSite","@id":"https:\/\/kulturonline.tv\/at\/#website","url":"https:\/\/kulturonline.tv\/at\/","name":"Kultur Online TV &amp; FM","description":"Wir sind Kultur 2.0 zum sehen &amp; h\u00f6ren","publisher":{"@id":"https:\/\/kulturonline.tv\/at\/#organization"},"potentialAction":[{"@type":"SearchAction","target":{"@type":"EntryPoint","urlTemplate":"https:\/\/kulturonline.tv\/at\/?s={search_term_string}"},"query-input":{"@type":"PropertyValueSpecification","valueRequired":true,"valueName":"search_term_string"}}],"inLanguage":"de-AT"},{"@type":"Organization","@id":"https:\/\/kulturonline.tv\/at\/#organization","name":"Kultur Online TV","url":"https:\/\/kulturonline.tv\/at\/","logo":{"@type":"ImageObject","inLanguage":"de-AT","@id":"https:\/\/kulturonline.tv\/at\/#\/schema\/logo\/image\/","url":"https:\/\/kulturonline.tv\/wp-content\/uploads\/2021\/08\/Kultur-Online-Tv-Logo-Endversion-neu.png","contentUrl":"https:\/\/kulturonline.tv\/wp-content\/uploads\/2021\/08\/Kultur-Online-Tv-Logo-Endversion-neu.png","width":200,"height":200,"caption":"Kultur Online TV"},"image":{"@id":"https:\/\/kulturonline.tv\/at\/#\/schema\/logo\/image\/"},"sameAs":["https:\/\/www.facebook.com\/kulturonline.tv","https:\/\/www.instagram.com\/kulturonline.tv"]},{"@type":"Person","@id":"https:\/\/kulturonline.tv\/at\/#\/schema\/person\/b0fac729bb9a0c193fb1df23449df4fe","name":"guenter.wolfgang"}]}},"_links":{"self":[{"href":"https:\/\/kulturonline.tv\/at\/wp-json\/wp\/v2\/posts\/33376","targetHints":{"allow":["GET"]}}],"collection":[{"href":"https:\/\/kulturonline.tv\/at\/wp-json\/wp\/v2\/posts"}],"about":[{"href":"https:\/\/kulturonline.tv\/at\/wp-json\/wp\/v2\/types\/post"}],"author":[{"embeddable":true,"href":"https:\/\/kulturonline.tv\/at\/wp-json\/wp\/v2\/users\/2"}],"replies":[{"embeddable":true,"href":"https:\/\/kulturonline.tv\/at\/wp-json\/wp\/v2\/comments?post=33376"}],"version-history":[{"count":1,"href":"https:\/\/kulturonline.tv\/at\/wp-json\/wp\/v2\/posts\/33376\/revisions"}],"predecessor-version":[{"id":128524,"href":"https:\/\/kulturonline.tv\/at\/wp-json\/wp\/v2\/posts\/33376\/revisions\/128524"}],"wp:featuredmedia":[{"embeddable":true,"href":"https:\/\/kulturonline.tv\/at\/wp-json\/wp\/v2\/media\/31332"}],"wp:attachment":[{"href":"https:\/\/kulturonline.tv\/at\/wp-json\/wp\/v2\/media?parent=33376"}],"wp:term":[{"taxonomy":"category","embeddable":true,"href":"https:\/\/kulturonline.tv\/at\/wp-json\/wp\/v2\/categories?post=33376"},{"taxonomy":"post_tag","embeddable":true,"href":"https:\/\/kulturonline.tv\/at\/wp-json\/wp\/v2\/tags?post=33376"}],"curies":[{"name":"wp","href":"https:\/\/api.w.org\/{rel}","templated":true}]}}