{"id":33531,"date":"2022-08-17T17:45:15","date_gmt":"2022-08-17T15:45:15","guid":{"rendered":"https:\/\/kulturonline.tv\/uncategorized\/regisseur-wolfgang-petersen-gestorben"},"modified":"2022-08-17T18:32:32","modified_gmt":"2022-08-17T16:32:32","slug":"regisseur-wolfgang-petersen-gestorben","status":"publish","type":"post","link":"https:\/\/kulturonline.tv\/at\/regisseur-wolfgang-petersen-gestorben\/","title":{"rendered":"Regisseur Wolfgang Petersen gestorben"},"content":{"rendered":"\n<p>Die Welt trauert um den deutschen Hollywood Regisseur Wolfgang Petersen, er verstarb mit 81 Jahren an einer Krebserkrankung.<\/p>\n\n\n\n<figure class=\"wp-block-image size-full is-resized\"><img decoding=\"async\" src=\"https:\/\/kulturonline.tv\/wp-content\/uploads\/2022\/08\/wolfgang-peterswen-kultur-online-tv-edited.png\" alt=\"\" class=\"wp-image-33528\" width=\"842\" srcset=\"https:\/\/kulturonline.tv\/wp-content\/uploads\/2022\/08\/wolfgang-peterswen-kultur-online-tv-edited.png 649w, https:\/\/kulturonline.tv\/wp-content\/uploads\/2022\/08\/wolfgang-peterswen-kultur-online-tv-edited-600x337.png 600w\" sizes=\"(max-width: 649px) 100vw, 649px\" \/><\/figure>\n\n\n\n<blockquote class=\"wp-block-quote is-layout-flow wp-block-quote-is-layout-flow\"><p>\u201eMein Herz ist heute traurig&#8220;, schrieb Diane Lane in einer Mitteilung laut Deadline.com. \u201eWolfgang war eine gro\u00dfe, liebevolle Seele&#8220;. Mit seiner positiven Unterst\u00fctzung habe er allen bei den Dreharbeiten geholfen. Durch ihn sei sie zu einer besseren Schauspielerin geworden, w\u00fcrdigte Lane den Regisseur. Petersen hatte sie im Jahr 2000 an der Seite von George Clooney und Mark Wahlberg f\u00fcr das Schiffsuntergang-Drama \u201eDer Sturm&#8220; vor die Kamera geholt.<\/p><\/blockquote>\n\n\n\n<p>Petersen, Sohn eines Marineoffiziers, wurde 1941 in einem Wohnhaus im Emder Beh\u00f6rdenviertel geboren, wuchs aber w\u00e4hrend des Zweiten Weltkriegs in Mecklenburg auf. Danach zogen seine Eltern wieder nach Emden, wo sie in einer Barackensiedlung im Stadtteil Port Arthur\/Transvaal nahe dem Hafen lebten. 1950 zog Petersen dann nach Hamburg-Bramfeld. Bereits w\u00e4hrend seiner Schulzeit auf der Gelehrtenschule des Johanneums drehte er mit einer 8-mm-Kamera erste Filme.<\/p>\n\n\n\n<p>Erste Regiearbeit lieferte Petersen am Jungen Theater in Hamburg in verschiedenen Kinderauff\u00fchrungen. Daneben arbeitete er auch als Regieassistent und Schauspieler, besuchte eine Schauspielschule und begann 1965 ein Studium der Theaterwissenschaft in Berlin und Hamburg.<\/p>\n\n\n\n<p>1966 wechselte er zur Deutschen Film- und Fernsehakademie und drehte als Studienarbeit einige Kurzfilme (darunter Der Eine \u2013 Der Andere und Ich nicht) sowie als Abschlussarbeit den Film Ich werde dich t\u00f6ten, Wolf (1969). Daneben inszenierte er noch einige Theaterst\u00fccke in Hamburg.<\/p>\n\n\n\n<figure class=\"wp-block-embed is-type-video is-provider-youtube wp-block-embed-youtube wp-embed-aspect-4-3 wp-has-aspect-ratio\"><div class=\"wp-block-embed__wrapper\">\n<iframe title=\"2004: ZDF-Doku &quot;Gottschalk meets Petersen&quot; (komplett)\" width=\"800\" height=\"600\" src=\"https:\/\/www.youtube.com\/embed\/nc2AAvDBcTs?feature=oembed\" frameborder=\"0\" allow=\"accelerometer; autoplay; clipboard-write; encrypted-media; gyroscope; picture-in-picture; web-share\" referrerpolicy=\"strict-origin-when-cross-origin\" allowfullscreen><\/iframe>\n<\/div><\/figure>\n\n\n\n<p>Der Science-Fiction-Film Enemy Mine \u2013 Geliebter Feind entstand 1984 in deutsch\/US-amerikanischer Koproduktion. Gedreht wurde er fast vollst\u00e4ndig in den M\u00fcnchner Bavaria-Studios. 1986 zog Petersen nach Los Angeles. Gemeinsam mit der Produzentin Gail Katz internationalisierte er sein Produktionsunternehmen Radiant Film als Radiant Productions. Katz fungierte als CEO des Unternehmens. Petersen drehte in Hollywood weitere Filme f\u00fcr den internationalen Markt und konzipierte Blockbuster wie zum Beispiel Tod im Spiegel, In the Line of Fire \u2013 Die zweite Chance, Outbreak \u2013 Lautlose Killer, Air Force One, Der Sturm, Poseidon und Troja. Sechs Filme, f\u00fcr die Wolfgang Petersen verantwortlich zeichnete, erzielten dabei Einspielergebnisse von (inflationsbereinigt) jeweils \u00fcber 100 Mio. Dollar, mit Das Boot sogar sieben. Alle seine Filme bringen es zusammen auf 15 Oscarnominierungen, darunter allein sechs Nominierungen f\u00fcr Das Boot (Regie, Drehbuchadaption, Kamera, Schnitt, Ton und Tonschnitt).<\/p>\n\n\n\n<p>Textquellen:Wikipedia<\/p>\n\n\n\n<p>Kultur Online TV<\/p>\n\n\n\n<p>#film #medien #news<\/p>\n","protected":false},"excerpt":{"rendered":"<p>Die Welt trauert um den deutschen Hollywood Regisseur Wolfgang Petersen, er verstarb mit 81 Jahren an einer Krebserkrankung. \u201eMein Herz ist heute traurig&#8220;, schrieb Diane Lane in einer Mitteilung laut Deadline.com. \u201eWolfgang war eine gro\u00dfe, liebevolle Seele&#8220;. Mit seiner positiven Unterst\u00fctzung habe er allen bei den Dreharbeiten geholfen. Durch ihn sei sie zu einer besseren [&hellip;]<\/p>\n","protected":false},"author":2,"featured_media":33529,"comment_status":"closed","ping_status":"closed","sticky":false,"template":"","format":"standard","meta":{"_acf_changed":false,"footnotes":""},"categories":[188],"tags":[],"class_list":["post-33531","post","type-post","status-publish","format-standard","has-post-thumbnail","hentry","category-medien"],"acf":[],"yoast_head":"<!-- This site is optimized with the Yoast SEO plugin v26.1.1 - https:\/\/yoast.com\/wordpress\/plugins\/seo\/ -->\n<title>Regisseur Wolfgang Petersen gestorben - Kultur Online TV &amp; FM<\/title>\n<meta name=\"description\" content=\"Die Welt trauert um den deutschen Hollywood Regisseur Wolfgang Petersen, er verstarb mit 81 Jahren an einer Krebserkrankung.\" \/>\n<meta name=\"robots\" content=\"index, follow, max-snippet:-1, max-image-preview:large, max-video-preview:-1\" \/>\n<link rel=\"canonical\" href=\"https:\/\/kulturonline.tv\/at\/regisseur-wolfgang-petersen-gestorben\/\" \/>\n<meta property=\"og:locale\" content=\"de_DE\" \/>\n<meta property=\"og:type\" content=\"article\" \/>\n<meta property=\"og:title\" content=\"Regisseur Wolfgang Petersen gestorben - Kultur Online TV &amp; FM\" \/>\n<meta property=\"og:description\" content=\"Die Welt trauert um den deutschen Hollywood Regisseur Wolfgang Petersen, er verstarb mit 81 Jahren an einer Krebserkrankung.\" \/>\n<meta property=\"og:url\" content=\"https:\/\/kulturonline.tv\/at\/regisseur-wolfgang-petersen-gestorben\/\" \/>\n<meta property=\"og:site_name\" content=\"Kultur Online TV &amp; FM\" \/>\n<meta property=\"article:publisher\" content=\"https:\/\/www.facebook.com\/kulturonline.tv\" \/>\n<meta property=\"article:published_time\" content=\"2022-08-17T15:45:15+00:00\" \/>\n<meta property=\"article:modified_time\" content=\"2022-08-17T16:32:32+00:00\" \/>\n<meta property=\"og:image\" content=\"https:\/\/kulturonline.tv\/wp-content\/uploads\/2022\/08\/wolfgang-peterswen-kultur-online-tv-edited.png\" \/>\n\t<meta property=\"og:image:width\" content=\"649\" \/>\n\t<meta property=\"og:image:height\" content=\"365\" \/>\n\t<meta property=\"og:image:type\" content=\"image\/png\" \/>\n<meta name=\"author\" content=\"guenter.wolfgang\" \/>\n<meta name=\"twitter:card\" content=\"summary_large_image\" \/>\n<meta name=\"twitter:label1\" content=\"Verfasst von\" \/>\n\t<meta name=\"twitter:data1\" content=\"guenter.wolfgang\" \/>\n\t<meta name=\"twitter:label2\" content=\"Gesch\u00e4tzte Lesezeit\" \/>\n\t<meta name=\"twitter:data2\" content=\"2 Minuten\" \/>\n<script type=\"application\/ld+json\" class=\"yoast-schema-graph\">{\"@context\":\"https:\/\/schema.org\",\"@graph\":[{\"@type\":\"Article\",\"@id\":\"https:\/\/kulturonline.tv\/at\/regisseur-wolfgang-petersen-gestorben\/#article\",\"isPartOf\":{\"@id\":\"https:\/\/kulturonline.tv\/at\/regisseur-wolfgang-petersen-gestorben\/\"},\"author\":{\"name\":\"guenter.wolfgang\",\"@id\":\"https:\/\/kulturonline.tv\/at\/#\/schema\/person\/b0fac729bb9a0c193fb1df23449df4fe\"},\"headline\":\"Regisseur Wolfgang Petersen gestorben\",\"datePublished\":\"2022-08-17T15:45:15+00:00\",\"dateModified\":\"2022-08-17T16:32:32+00:00\",\"mainEntityOfPage\":{\"@id\":\"https:\/\/kulturonline.tv\/at\/regisseur-wolfgang-petersen-gestorben\/\"},\"wordCount\":382,\"publisher\":{\"@id\":\"https:\/\/kulturonline.tv\/at\/#organization\"},\"image\":{\"@id\":\"https:\/\/kulturonline.tv\/at\/regisseur-wolfgang-petersen-gestorben\/#primaryimage\"},\"thumbnailUrl\":\"https:\/\/kulturonline.tv\/wp-content\/uploads\/2022\/08\/wolfgang-peterswen-kultur-online-tv-edited.png\",\"articleSection\":[\"Medien\"],\"inLanguage\":\"de-AT\"},{\"@type\":\"WebPage\",\"@id\":\"https:\/\/kulturonline.tv\/at\/regisseur-wolfgang-petersen-gestorben\/\",\"url\":\"https:\/\/kulturonline.tv\/at\/regisseur-wolfgang-petersen-gestorben\/\",\"name\":\"Regisseur Wolfgang Petersen gestorben - Kultur Online TV &amp; FM\",\"isPartOf\":{\"@id\":\"https:\/\/kulturonline.tv\/at\/#website\"},\"primaryImageOfPage\":{\"@id\":\"https:\/\/kulturonline.tv\/at\/regisseur-wolfgang-petersen-gestorben\/#primaryimage\"},\"image\":{\"@id\":\"https:\/\/kulturonline.tv\/at\/regisseur-wolfgang-petersen-gestorben\/#primaryimage\"},\"thumbnailUrl\":\"https:\/\/kulturonline.tv\/wp-content\/uploads\/2022\/08\/wolfgang-peterswen-kultur-online-tv-edited.png\",\"datePublished\":\"2022-08-17T15:45:15+00:00\",\"dateModified\":\"2022-08-17T16:32:32+00:00\",\"description\":\"Die Welt trauert um den deutschen Hollywood Regisseur Wolfgang Petersen, er verstarb mit 81 Jahren an einer Krebserkrankung.\",\"breadcrumb\":{\"@id\":\"https:\/\/kulturonline.tv\/at\/regisseur-wolfgang-petersen-gestorben\/#breadcrumb\"},\"inLanguage\":\"de-AT\",\"potentialAction\":[{\"@type\":\"ReadAction\",\"target\":[\"https:\/\/kulturonline.tv\/at\/regisseur-wolfgang-petersen-gestorben\/\"]}]},{\"@type\":\"ImageObject\",\"inLanguage\":\"de-AT\",\"@id\":\"https:\/\/kulturonline.tv\/at\/regisseur-wolfgang-petersen-gestorben\/#primaryimage\",\"url\":\"https:\/\/kulturonline.tv\/wp-content\/uploads\/2022\/08\/wolfgang-peterswen-kultur-online-tv-edited.png\",\"contentUrl\":\"https:\/\/kulturonline.tv\/wp-content\/uploads\/2022\/08\/wolfgang-peterswen-kultur-online-tv-edited.png\",\"width\":649,\"height\":365},{\"@type\":\"BreadcrumbList\",\"@id\":\"https:\/\/kulturonline.tv\/at\/regisseur-wolfgang-petersen-gestorben\/#breadcrumb\",\"itemListElement\":[{\"@type\":\"ListItem\",\"position\":1,\"name\":\"Startseite\",\"item\":\"https:\/\/kulturonline.tv\/at\/\"},{\"@type\":\"ListItem\",\"position\":2,\"name\":\"Regisseur Wolfgang Petersen gestorben\"}]},{\"@type\":\"WebSite\",\"@id\":\"https:\/\/kulturonline.tv\/at\/#website\",\"url\":\"https:\/\/kulturonline.tv\/at\/\",\"name\":\"Kultur Online TV &amp; FM\",\"description\":\"Wir sind Kultur 2.0 zum sehen &amp; h\u00f6ren\",\"publisher\":{\"@id\":\"https:\/\/kulturonline.tv\/at\/#organization\"},\"potentialAction\":[{\"@type\":\"SearchAction\",\"target\":{\"@type\":\"EntryPoint\",\"urlTemplate\":\"https:\/\/kulturonline.tv\/at\/?s={search_term_string}\"},\"query-input\":{\"@type\":\"PropertyValueSpecification\",\"valueRequired\":true,\"valueName\":\"search_term_string\"}}],\"inLanguage\":\"de-AT\"},{\"@type\":\"Organization\",\"@id\":\"https:\/\/kulturonline.tv\/at\/#organization\",\"name\":\"Kultur Online TV\",\"url\":\"https:\/\/kulturonline.tv\/at\/\",\"logo\":{\"@type\":\"ImageObject\",\"inLanguage\":\"de-AT\",\"@id\":\"https:\/\/kulturonline.tv\/at\/#\/schema\/logo\/image\/\",\"url\":\"https:\/\/kulturonline.tv\/wp-content\/uploads\/2021\/08\/Kultur-Online-Tv-Logo-Endversion-neu.png\",\"contentUrl\":\"https:\/\/kulturonline.tv\/wp-content\/uploads\/2021\/08\/Kultur-Online-Tv-Logo-Endversion-neu.png\",\"width\":200,\"height\":200,\"caption\":\"Kultur Online TV\"},\"image\":{\"@id\":\"https:\/\/kulturonline.tv\/at\/#\/schema\/logo\/image\/\"},\"sameAs\":[\"https:\/\/www.facebook.com\/kulturonline.tv\",\"https:\/\/www.instagram.com\/kulturonline.tv\"]},{\"@type\":\"Person\",\"@id\":\"https:\/\/kulturonline.tv\/at\/#\/schema\/person\/b0fac729bb9a0c193fb1df23449df4fe\",\"name\":\"guenter.wolfgang\"}]}<\/script>\n<!-- \/ Yoast SEO plugin. -->","yoast_head_json":{"title":"Regisseur Wolfgang Petersen gestorben - Kultur Online TV &amp; FM","description":"Die Welt trauert um den deutschen Hollywood Regisseur Wolfgang Petersen, er verstarb mit 81 Jahren an einer Krebserkrankung.","robots":{"index":"index","follow":"follow","max-snippet":"max-snippet:-1","max-image-preview":"max-image-preview:large","max-video-preview":"max-video-preview:-1"},"canonical":"https:\/\/kulturonline.tv\/at\/regisseur-wolfgang-petersen-gestorben\/","og_locale":"de_DE","og_type":"article","og_title":"Regisseur Wolfgang Petersen gestorben - Kultur Online TV &amp; FM","og_description":"Die Welt trauert um den deutschen Hollywood Regisseur Wolfgang Petersen, er verstarb mit 81 Jahren an einer Krebserkrankung.","og_url":"https:\/\/kulturonline.tv\/at\/regisseur-wolfgang-petersen-gestorben\/","og_site_name":"Kultur Online TV &amp; FM","article_publisher":"https:\/\/www.facebook.com\/kulturonline.tv","article_published_time":"2022-08-17T15:45:15+00:00","article_modified_time":"2022-08-17T16:32:32+00:00","og_image":[{"width":649,"height":365,"url":"https:\/\/kulturonline.tv\/wp-content\/uploads\/2022\/08\/wolfgang-peterswen-kultur-online-tv-edited.png","type":"image\/png"}],"author":"guenter.wolfgang","twitter_card":"summary_large_image","twitter_misc":{"Verfasst von":"guenter.wolfgang","Gesch\u00e4tzte Lesezeit":"2 Minuten"},"schema":{"@context":"https:\/\/schema.org","@graph":[{"@type":"Article","@id":"https:\/\/kulturonline.tv\/at\/regisseur-wolfgang-petersen-gestorben\/#article","isPartOf":{"@id":"https:\/\/kulturonline.tv\/at\/regisseur-wolfgang-petersen-gestorben\/"},"author":{"name":"guenter.wolfgang","@id":"https:\/\/kulturonline.tv\/at\/#\/schema\/person\/b0fac729bb9a0c193fb1df23449df4fe"},"headline":"Regisseur Wolfgang Petersen gestorben","datePublished":"2022-08-17T15:45:15+00:00","dateModified":"2022-08-17T16:32:32+00:00","mainEntityOfPage":{"@id":"https:\/\/kulturonline.tv\/at\/regisseur-wolfgang-petersen-gestorben\/"},"wordCount":382,"publisher":{"@id":"https:\/\/kulturonline.tv\/at\/#organization"},"image":{"@id":"https:\/\/kulturonline.tv\/at\/regisseur-wolfgang-petersen-gestorben\/#primaryimage"},"thumbnailUrl":"https:\/\/kulturonline.tv\/wp-content\/uploads\/2022\/08\/wolfgang-peterswen-kultur-online-tv-edited.png","articleSection":["Medien"],"inLanguage":"de-AT"},{"@type":"WebPage","@id":"https:\/\/kulturonline.tv\/at\/regisseur-wolfgang-petersen-gestorben\/","url":"https:\/\/kulturonline.tv\/at\/regisseur-wolfgang-petersen-gestorben\/","name":"Regisseur Wolfgang Petersen gestorben - Kultur Online TV &amp; FM","isPartOf":{"@id":"https:\/\/kulturonline.tv\/at\/#website"},"primaryImageOfPage":{"@id":"https:\/\/kulturonline.tv\/at\/regisseur-wolfgang-petersen-gestorben\/#primaryimage"},"image":{"@id":"https:\/\/kulturonline.tv\/at\/regisseur-wolfgang-petersen-gestorben\/#primaryimage"},"thumbnailUrl":"https:\/\/kulturonline.tv\/wp-content\/uploads\/2022\/08\/wolfgang-peterswen-kultur-online-tv-edited.png","datePublished":"2022-08-17T15:45:15+00:00","dateModified":"2022-08-17T16:32:32+00:00","description":"Die Welt trauert um den deutschen Hollywood Regisseur Wolfgang Petersen, er verstarb mit 81 Jahren an einer Krebserkrankung.","breadcrumb":{"@id":"https:\/\/kulturonline.tv\/at\/regisseur-wolfgang-petersen-gestorben\/#breadcrumb"},"inLanguage":"de-AT","potentialAction":[{"@type":"ReadAction","target":["https:\/\/kulturonline.tv\/at\/regisseur-wolfgang-petersen-gestorben\/"]}]},{"@type":"ImageObject","inLanguage":"de-AT","@id":"https:\/\/kulturonline.tv\/at\/regisseur-wolfgang-petersen-gestorben\/#primaryimage","url":"https:\/\/kulturonline.tv\/wp-content\/uploads\/2022\/08\/wolfgang-peterswen-kultur-online-tv-edited.png","contentUrl":"https:\/\/kulturonline.tv\/wp-content\/uploads\/2022\/08\/wolfgang-peterswen-kultur-online-tv-edited.png","width":649,"height":365},{"@type":"BreadcrumbList","@id":"https:\/\/kulturonline.tv\/at\/regisseur-wolfgang-petersen-gestorben\/#breadcrumb","itemListElement":[{"@type":"ListItem","position":1,"name":"Startseite","item":"https:\/\/kulturonline.tv\/at\/"},{"@type":"ListItem","position":2,"name":"Regisseur Wolfgang Petersen gestorben"}]},{"@type":"WebSite","@id":"https:\/\/kulturonline.tv\/at\/#website","url":"https:\/\/kulturonline.tv\/at\/","name":"Kultur Online TV &amp; FM","description":"Wir sind Kultur 2.0 zum sehen &amp; h\u00f6ren","publisher":{"@id":"https:\/\/kulturonline.tv\/at\/#organization"},"potentialAction":[{"@type":"SearchAction","target":{"@type":"EntryPoint","urlTemplate":"https:\/\/kulturonline.tv\/at\/?s={search_term_string}"},"query-input":{"@type":"PropertyValueSpecification","valueRequired":true,"valueName":"search_term_string"}}],"inLanguage":"de-AT"},{"@type":"Organization","@id":"https:\/\/kulturonline.tv\/at\/#organization","name":"Kultur Online TV","url":"https:\/\/kulturonline.tv\/at\/","logo":{"@type":"ImageObject","inLanguage":"de-AT","@id":"https:\/\/kulturonline.tv\/at\/#\/schema\/logo\/image\/","url":"https:\/\/kulturonline.tv\/wp-content\/uploads\/2021\/08\/Kultur-Online-Tv-Logo-Endversion-neu.png","contentUrl":"https:\/\/kulturonline.tv\/wp-content\/uploads\/2021\/08\/Kultur-Online-Tv-Logo-Endversion-neu.png","width":200,"height":200,"caption":"Kultur Online TV"},"image":{"@id":"https:\/\/kulturonline.tv\/at\/#\/schema\/logo\/image\/"},"sameAs":["https:\/\/www.facebook.com\/kulturonline.tv","https:\/\/www.instagram.com\/kulturonline.tv"]},{"@type":"Person","@id":"https:\/\/kulturonline.tv\/at\/#\/schema\/person\/b0fac729bb9a0c193fb1df23449df4fe","name":"guenter.wolfgang"}]}},"_links":{"self":[{"href":"https:\/\/kulturonline.tv\/at\/wp-json\/wp\/v2\/posts\/33531","targetHints":{"allow":["GET"]}}],"collection":[{"href":"https:\/\/kulturonline.tv\/at\/wp-json\/wp\/v2\/posts"}],"about":[{"href":"https:\/\/kulturonline.tv\/at\/wp-json\/wp\/v2\/types\/post"}],"author":[{"embeddable":true,"href":"https:\/\/kulturonline.tv\/at\/wp-json\/wp\/v2\/users\/2"}],"replies":[{"embeddable":true,"href":"https:\/\/kulturonline.tv\/at\/wp-json\/wp\/v2\/comments?post=33531"}],"version-history":[{"count":0,"href":"https:\/\/kulturonline.tv\/at\/wp-json\/wp\/v2\/posts\/33531\/revisions"}],"wp:featuredmedia":[{"embeddable":true,"href":"https:\/\/kulturonline.tv\/at\/wp-json\/wp\/v2\/media\/33529"}],"wp:attachment":[{"href":"https:\/\/kulturonline.tv\/at\/wp-json\/wp\/v2\/media?parent=33531"}],"wp:term":[{"taxonomy":"category","embeddable":true,"href":"https:\/\/kulturonline.tv\/at\/wp-json\/wp\/v2\/categories?post=33531"},{"taxonomy":"post_tag","embeddable":true,"href":"https:\/\/kulturonline.tv\/at\/wp-json\/wp\/v2\/tags?post=33531"}],"curies":[{"name":"wp","href":"https:\/\/api.w.org\/{rel}","templated":true}]}}