{"id":33593,"date":"2022-08-19T11:32:13","date_gmt":"2022-08-19T09:32:13","guid":{"rendered":"https:\/\/kulturonline.tv\/uncategorized\/guglhupfgeschwader-auf-platz-1-der-kinocharts"},"modified":"2022-08-19T11:32:13","modified_gmt":"2022-08-19T09:32:13","slug":"guglhupfgeschwader-auf-platz-1-der-kinocharts","status":"publish","type":"post","link":"https:\/\/kulturonline.tv\/at\/guglhupfgeschwader-auf-platz-1-der-kinocharts\/","title":{"rendered":"Guglhupfgeschwader auf Platz 1 der Kinocharts"},"content":{"rendered":"\n<p>Achter Eberhofer mit erfolgreichstem Start der Filmreihe und eines deutschen Films seit Pandemiebeginn<\/p>\n\n\n\n<figure class=\"wp-block-image size-full\"><img fetchpriority=\"high\" decoding=\"async\" width=\"936\" height=\"527\" src=\"https:\/\/kulturonline.tv\/wp-content\/uploads\/2022\/08\/Guglhupf-geschwader-Kultur-Online-Tv-Film-Tipp-edited.jpg\" alt=\"\" class=\"wp-image-33590\" srcset=\"https:\/\/kulturonline.tv\/wp-content\/uploads\/2022\/08\/Guglhupf-geschwader-Kultur-Online-Tv-Film-Tipp-edited.jpg 936w, https:\/\/kulturonline.tv\/wp-content\/uploads\/2022\/08\/Guglhupf-geschwader-Kultur-Online-Tv-Film-Tipp-edited-600x338.jpg 600w, https:\/\/kulturonline.tv\/wp-content\/uploads\/2022\/08\/Guglhupf-geschwader-Kultur-Online-Tv-Film-Tipp-edited-800x450.jpg 800w, https:\/\/kulturonline.tv\/wp-content\/uploads\/2022\/08\/Guglhupf-geschwader-Kultur-Online-Tv-Film-Tipp-edited-768x432.jpg 768w\" sizes=\"(max-width: 936px) 100vw, 936px\" \/><\/figure>\n\n\n\n<p>GUGLHUPFGESCHWADER ist auf Anhieb auf Platz 1 der deutschen Kinocharts gestartet und eroberte auch in \u00d6sterreich am Starttag und \u00fcber das erste Wochenende die Top-Platzierung. Mit knapp 300.000 Besucher*innen inklusive der Previews ist die achte Verfilmung der Kultkrimis von Bestsellerautorin Rita Falk der erfolgreichste Start eines deutschen Kinofilms seit Beginn der Pandemie und der beste der gesamten Filmreihe, die mit &#8222;Dampfnudelblues&#8220; ihren Siegeszug durch die Kinos\u00e4le begann.<\/p>\n\n\n\n<p>Insgesamt begeisterten die Eberhofer-Verfilmungen seit 2013 in Deutschland \u00fcber 6,2 Millionen Zuschauer*innen, im gesamten deutschsprachigen Raum sind es inzwischen sogar 7,3 Millionen verkaufte Kinotickets.<\/p>\n\n\n\n<p>Seit der Weltpremiere am 28. Juli in M\u00fcnchen und dem Auftakt der gro\u00dfen Kinotour in Landshut waren Sebastian Bezzel, Simon Schwarz, Lisa Maria Potthoff und Rita Falk unter anderem in Bayern, Hamburg, Berlin, K\u00f6ln, Frankfurt und Wien unterwegs, um GUGLHUPFGESCHWADER dem Publikum pers\u00f6nlich zu pr\u00e4sentieren. Auf Eberhofer ist Verlass &#8211; aber auch auf die tausenden Fans, die in Open Airs und vollen Kinos\u00e4len f\u00fcr absolute Hochstimmung sorgten. Auch Daniel Christensen alias Fl\u00f6tzinger und Johannes Berzl, der den Lotto-Otto spielt, besuchten einige Kinos in Bayern. Noch bis einschlie\u00dflich 10. August haben Fans die Gelegenheit, die &#8222;Eberhofers&#8220; live im Kinosaal zu erleben &#8211; alle Infos zur Kinotour gibt es unter: https:\/\/www.constantin-film.de\/guglhupfgeschwader-die-kinotour\/<\/p>\n\n\n\n<p>Kurzinhalt: Franz Eberhofer (Sebastian Bezzel), Bayerns entspanntester Dorfpolizist, k\u00f6nnte sich eigentlich auf sein Dienstjubil\u00e4um freuen. Leider bekommt er es vorher nicht nur mit unverhofftem (Familien)-Zuwachs, sondern auch mit Gl\u00fccksspiel und dem organisierten Verbrechen zu tun. Und als mafi\u00f6se Geldeintreiber auch noch die frischgebackenen Guglhupfe der Oma (Enzi Fuchs) zerschie\u00dfen, h\u00f6rt f\u00fcr den Eberhofer der Spa\u00df endg\u00fcltig auf! Eberhofers Ermittlungen werden noch zus\u00e4tzlich erschwert, denn Rudis (Simon Schwarz) neue Flamme, die diskutierfreudige Theresa (Stefanie Reinsperger), sprengt das eingespielte Fahndungs-Dreamteam. Dar\u00fcber hinaus ist ganz Niederkaltenkirchen im Lottofieber, Fl\u00f6tzinger (Daniel Christensen) w\u00e4hnt sich gar schon als Million\u00e4r und was hat es eigentlich mit diesem Lotto-Otto (Johannes Berzl) auf sich, der Franz verd\u00e4chtig \u00e4hnlich sieht? Zu allem Ungl\u00fcck wird der Franz von seiner Susi (Lisa Maria Potthoff) auch noch zur Paartherapie gen\u00f6tigt &#8211; f\u00fcr den phlegmatischen Niederbayern eine ganz und gar nervenaufreibende Erfahrung.<\/p>\n\n\n\n<p>In GUGLHUPFGESCHWADER, der achten Rita Falk-Verfilmung des Erfolgsduos bestehend aus Regisseur Ed Herzog und Produzentin Kerstin Schmidbauer, bekommen Sebastian Bezzel und Simon Schwarz diesmal Unterst\u00fctzung von Stefanie Reinsperger, Michael A. Grimm und Neuentdeckung Johannes Berzl, der als Lotto-Otto f\u00fcr ordentlich Aufruhr sorgt (und das nicht nur wegen seines fragw\u00fcrdigen Modegeschmacks). Nat\u00fcrlich gibt es auch ein Wiedersehen mit Franz&#8216; Kumpels (Daniel Christensen, Stephan Zinner, Max Schmidt), und der gesamten Eberhoferfamilie um Lisa Maria Potthoff, Enzi Fuchs, Eisi Gulp und Gerhard Wittmann, die inklusive explosivem Saustall-Showdown an Eberhofers Seite stehen. Denn wie sagt der Eberhofer-Papa so sch\u00f6n: &#8222;Familie ist wichtiger als ein paar g&#8217;schissene zig Millionen!&#8220;<\/p>\n\n\n\n<p>GUGLHUPFGESCHWADER ist eine Constantin Film Produktion in Co-Produktion mit der ARD Degeto und dem Bayerischen Rundfunk und wurde mit Mitteln des FilmFernsehFonds Bayern, des Bayerischen Staatsministeriums f\u00fcr Digitales, der Filmf\u00f6rderungsanstalt und des Deutschen Filmf\u00f6rderfonds gef\u00f6rdert. Regie f\u00fchrt Ed Herzog, der gemeinsam mit Stefan Betz auch das Drehbuch verfasst hat. Produzentin ist Kerstin Schmidbauer, Executive Producer ist Christine Rothe. Als Co-Produzent*innen sind Stephanie Heckner (BR), Katja Kirchen (ARD Degeto) und Christoph Pellander (ARD Degeto) beteiligt.<\/p>\n\n\n\n<p>Kultur Online TV<\/p>\n\n\n\n<p>#film #kini #tipp<\/p>\n\n\n\n<p><a href=\"https:\/\/twitter.com\/share?url=https%3A%2F%2Fwww.ots.at%2Fpresseaussendung%2FOTS_20220808_OTS0059%2Fguglhupfgeschwader-auf-platz-1-der-kinocharts&amp;text=Guglhupfgeschwader+auf+Platz+1+der+Kinocharts+via+%40APAOTS\" target=\"_blank\" rel=\"noreferrer noopener\"><\/a><\/p>\n\n\n\n<p><a href=\"https:\/\/www.linkedin.com\/shareArticle?mini=true&amp;url=https:\/\/www.ots.at\/presseaussendung\/OTS_20220808_OTS0059\/guglhupfgeschwader-auf-platz-1-der-kinocharts&amp;title=Guglhupfgeschwader+auf+Platz+1+der+Kinocharts\" rel=\"noreferrer noopener\" target=\"_blank\"><\/a><\/p>\n\n\n\n<p><a href=\"https:\/\/www.xing.com\/spi\/shares\/new?url=https:\/\/www.ots.at\/presseaussendung\/OTS_20220808_OTS0059\/guglhupfgeschwader-auf-platz-1-der-kinocharts\" rel=\"noreferrer noopener\" target=\"_blank\"><\/a><\/p>\n\n\n\n<h2 class=\"wp-block-heading\"><\/h2>\n","protected":false},"excerpt":{"rendered":"<p>Achter Eberhofer mit erfolgreichstem Start der Filmreihe und eines deutschen Films seit Pandemiebeginn GUGLHUPFGESCHWADER ist auf Anhieb auf Platz 1 der deutschen Kinocharts gestartet und eroberte auch in \u00d6sterreich am Starttag und \u00fcber das erste Wochenende die Top-Platzierung. Mit knapp 300.000 Besucher*innen inklusive der Previews ist die achte Verfilmung der Kultkrimis von Bestsellerautorin Rita Falk [&hellip;]<\/p>\n","protected":false},"author":2,"featured_media":33591,"comment_status":"closed","ping_status":"closed","sticky":false,"template":"","format":"standard","meta":{"_acf_changed":false,"footnotes":""},"categories":[188],"tags":[],"class_list":["post-33593","post","type-post","status-publish","format-standard","has-post-thumbnail","hentry","category-medien"],"acf":[],"yoast_head":"<!-- This site is optimized with the Yoast SEO plugin v26.1.1 - https:\/\/yoast.com\/wordpress\/plugins\/seo\/ -->\n<title>Guglhupfgeschwader auf Platz 1 der Kinocharts - Kultur Online TV &amp; FM<\/title>\n<meta name=\"description\" content=\"Achter Eberhofer mit erfolgreichstem Start der Filmreihe und eines deutschen Films seit Pandemiebeginn.\" \/>\n<meta name=\"robots\" content=\"index, follow, max-snippet:-1, max-image-preview:large, max-video-preview:-1\" \/>\n<link rel=\"canonical\" href=\"https:\/\/kulturonline.tv\/at\/guglhupfgeschwader-auf-platz-1-der-kinocharts\/\" \/>\n<meta property=\"og:locale\" content=\"de_DE\" \/>\n<meta property=\"og:type\" content=\"article\" \/>\n<meta property=\"og:title\" content=\"Guglhupfgeschwader auf Platz 1 der Kinocharts - Kultur Online TV &amp; FM\" \/>\n<meta property=\"og:description\" content=\"Achter Eberhofer mit erfolgreichstem Start der Filmreihe und eines deutschen Films seit Pandemiebeginn.\" \/>\n<meta property=\"og:url\" content=\"https:\/\/kulturonline.tv\/at\/guglhupfgeschwader-auf-platz-1-der-kinocharts\/\" \/>\n<meta property=\"og:site_name\" content=\"Kultur Online TV &amp; FM\" \/>\n<meta property=\"article:publisher\" content=\"https:\/\/www.facebook.com\/kulturonline.tv\" \/>\n<meta property=\"article:published_time\" content=\"2022-08-19T09:32:13+00:00\" \/>\n<meta property=\"og:image\" content=\"https:\/\/kulturonline.tv\/wp-content\/uploads\/2022\/08\/Guglhupf-geschwader-Kultur-Online-Tv-Film-Tipp-edited.jpg\" \/>\n\t<meta property=\"og:image:width\" content=\"936\" \/>\n\t<meta property=\"og:image:height\" content=\"527\" \/>\n\t<meta property=\"og:image:type\" content=\"image\/jpeg\" \/>\n<meta name=\"author\" content=\"guenter.wolfgang\" \/>\n<meta name=\"twitter:card\" content=\"summary_large_image\" \/>\n<meta name=\"twitter:label1\" content=\"Verfasst von\" \/>\n\t<meta name=\"twitter:data1\" content=\"guenter.wolfgang\" \/>\n\t<meta name=\"twitter:label2\" content=\"Gesch\u00e4tzte Lesezeit\" \/>\n\t<meta name=\"twitter:data2\" content=\"3 Minuten\" \/>\n<script type=\"application\/ld+json\" class=\"yoast-schema-graph\">{\"@context\":\"https:\/\/schema.org\",\"@graph\":[{\"@type\":\"Article\",\"@id\":\"https:\/\/kulturonline.tv\/at\/guglhupfgeschwader-auf-platz-1-der-kinocharts\/#article\",\"isPartOf\":{\"@id\":\"https:\/\/kulturonline.tv\/at\/guglhupfgeschwader-auf-platz-1-der-kinocharts\/\"},\"author\":{\"name\":\"guenter.wolfgang\",\"@id\":\"https:\/\/kulturonline.tv\/at\/#\/schema\/person\/b0fac729bb9a0c193fb1df23449df4fe\"},\"headline\":\"Guglhupfgeschwader auf Platz 1 der Kinocharts\",\"datePublished\":\"2022-08-19T09:32:13+00:00\",\"mainEntityOfPage\":{\"@id\":\"https:\/\/kulturonline.tv\/at\/guglhupfgeschwader-auf-platz-1-der-kinocharts\/\"},\"wordCount\":580,\"publisher\":{\"@id\":\"https:\/\/kulturonline.tv\/at\/#organization\"},\"image\":{\"@id\":\"https:\/\/kulturonline.tv\/at\/guglhupfgeschwader-auf-platz-1-der-kinocharts\/#primaryimage\"},\"thumbnailUrl\":\"https:\/\/kulturonline.tv\/wp-content\/uploads\/2022\/08\/Guglhupf-geschwader-Kultur-Online-Tv-Film-Tipp-edited.jpg\",\"articleSection\":[\"Medien\"],\"inLanguage\":\"de-AT\"},{\"@type\":\"WebPage\",\"@id\":\"https:\/\/kulturonline.tv\/at\/guglhupfgeschwader-auf-platz-1-der-kinocharts\/\",\"url\":\"https:\/\/kulturonline.tv\/at\/guglhupfgeschwader-auf-platz-1-der-kinocharts\/\",\"name\":\"Guglhupfgeschwader auf Platz 1 der Kinocharts - Kultur Online TV &amp; FM\",\"isPartOf\":{\"@id\":\"https:\/\/kulturonline.tv\/at\/#website\"},\"primaryImageOfPage\":{\"@id\":\"https:\/\/kulturonline.tv\/at\/guglhupfgeschwader-auf-platz-1-der-kinocharts\/#primaryimage\"},\"image\":{\"@id\":\"https:\/\/kulturonline.tv\/at\/guglhupfgeschwader-auf-platz-1-der-kinocharts\/#primaryimage\"},\"thumbnailUrl\":\"https:\/\/kulturonline.tv\/wp-content\/uploads\/2022\/08\/Guglhupf-geschwader-Kultur-Online-Tv-Film-Tipp-edited.jpg\",\"datePublished\":\"2022-08-19T09:32:13+00:00\",\"description\":\"Achter Eberhofer mit erfolgreichstem Start der Filmreihe und eines deutschen Films seit Pandemiebeginn.\",\"breadcrumb\":{\"@id\":\"https:\/\/kulturonline.tv\/at\/guglhupfgeschwader-auf-platz-1-der-kinocharts\/#breadcrumb\"},\"inLanguage\":\"de-AT\",\"potentialAction\":[{\"@type\":\"ReadAction\",\"target\":[\"https:\/\/kulturonline.tv\/at\/guglhupfgeschwader-auf-platz-1-der-kinocharts\/\"]}]},{\"@type\":\"ImageObject\",\"inLanguage\":\"de-AT\",\"@id\":\"https:\/\/kulturonline.tv\/at\/guglhupfgeschwader-auf-platz-1-der-kinocharts\/#primaryimage\",\"url\":\"https:\/\/kulturonline.tv\/wp-content\/uploads\/2022\/08\/Guglhupf-geschwader-Kultur-Online-Tv-Film-Tipp-edited.jpg\",\"contentUrl\":\"https:\/\/kulturonline.tv\/wp-content\/uploads\/2022\/08\/Guglhupf-geschwader-Kultur-Online-Tv-Film-Tipp-edited.jpg\",\"width\":936,\"height\":527},{\"@type\":\"BreadcrumbList\",\"@id\":\"https:\/\/kulturonline.tv\/at\/guglhupfgeschwader-auf-platz-1-der-kinocharts\/#breadcrumb\",\"itemListElement\":[{\"@type\":\"ListItem\",\"position\":1,\"name\":\"Startseite\",\"item\":\"https:\/\/kulturonline.tv\/at\/\"},{\"@type\":\"ListItem\",\"position\":2,\"name\":\"Guglhupfgeschwader auf Platz 1 der Kinocharts\"}]},{\"@type\":\"WebSite\",\"@id\":\"https:\/\/kulturonline.tv\/at\/#website\",\"url\":\"https:\/\/kulturonline.tv\/at\/\",\"name\":\"Kultur Online TV &amp; FM\",\"description\":\"Wir sind Kultur 2.0 zum sehen &amp; h\u00f6ren\",\"publisher\":{\"@id\":\"https:\/\/kulturonline.tv\/at\/#organization\"},\"potentialAction\":[{\"@type\":\"SearchAction\",\"target\":{\"@type\":\"EntryPoint\",\"urlTemplate\":\"https:\/\/kulturonline.tv\/at\/?s={search_term_string}\"},\"query-input\":{\"@type\":\"PropertyValueSpecification\",\"valueRequired\":true,\"valueName\":\"search_term_string\"}}],\"inLanguage\":\"de-AT\"},{\"@type\":\"Organization\",\"@id\":\"https:\/\/kulturonline.tv\/at\/#organization\",\"name\":\"Kultur Online TV\",\"url\":\"https:\/\/kulturonline.tv\/at\/\",\"logo\":{\"@type\":\"ImageObject\",\"inLanguage\":\"de-AT\",\"@id\":\"https:\/\/kulturonline.tv\/at\/#\/schema\/logo\/image\/\",\"url\":\"https:\/\/kulturonline.tv\/wp-content\/uploads\/2021\/08\/Kultur-Online-Tv-Logo-Endversion-neu.png\",\"contentUrl\":\"https:\/\/kulturonline.tv\/wp-content\/uploads\/2021\/08\/Kultur-Online-Tv-Logo-Endversion-neu.png\",\"width\":200,\"height\":200,\"caption\":\"Kultur Online TV\"},\"image\":{\"@id\":\"https:\/\/kulturonline.tv\/at\/#\/schema\/logo\/image\/\"},\"sameAs\":[\"https:\/\/www.facebook.com\/kulturonline.tv\",\"https:\/\/www.instagram.com\/kulturonline.tv\"]},{\"@type\":\"Person\",\"@id\":\"https:\/\/kulturonline.tv\/at\/#\/schema\/person\/b0fac729bb9a0c193fb1df23449df4fe\",\"name\":\"guenter.wolfgang\"}]}<\/script>\n<!-- \/ Yoast SEO plugin. -->","yoast_head_json":{"title":"Guglhupfgeschwader auf Platz 1 der Kinocharts - Kultur Online TV &amp; FM","description":"Achter Eberhofer mit erfolgreichstem Start der Filmreihe und eines deutschen Films seit Pandemiebeginn.","robots":{"index":"index","follow":"follow","max-snippet":"max-snippet:-1","max-image-preview":"max-image-preview:large","max-video-preview":"max-video-preview:-1"},"canonical":"https:\/\/kulturonline.tv\/at\/guglhupfgeschwader-auf-platz-1-der-kinocharts\/","og_locale":"de_DE","og_type":"article","og_title":"Guglhupfgeschwader auf Platz 1 der Kinocharts - Kultur Online TV &amp; FM","og_description":"Achter Eberhofer mit erfolgreichstem Start der Filmreihe und eines deutschen Films seit Pandemiebeginn.","og_url":"https:\/\/kulturonline.tv\/at\/guglhupfgeschwader-auf-platz-1-der-kinocharts\/","og_site_name":"Kultur Online TV &amp; FM","article_publisher":"https:\/\/www.facebook.com\/kulturonline.tv","article_published_time":"2022-08-19T09:32:13+00:00","og_image":[{"width":936,"height":527,"url":"https:\/\/kulturonline.tv\/wp-content\/uploads\/2022\/08\/Guglhupf-geschwader-Kultur-Online-Tv-Film-Tipp-edited.jpg","type":"image\/jpeg"}],"author":"guenter.wolfgang","twitter_card":"summary_large_image","twitter_misc":{"Verfasst von":"guenter.wolfgang","Gesch\u00e4tzte Lesezeit":"3 Minuten"},"schema":{"@context":"https:\/\/schema.org","@graph":[{"@type":"Article","@id":"https:\/\/kulturonline.tv\/at\/guglhupfgeschwader-auf-platz-1-der-kinocharts\/#article","isPartOf":{"@id":"https:\/\/kulturonline.tv\/at\/guglhupfgeschwader-auf-platz-1-der-kinocharts\/"},"author":{"name":"guenter.wolfgang","@id":"https:\/\/kulturonline.tv\/at\/#\/schema\/person\/b0fac729bb9a0c193fb1df23449df4fe"},"headline":"Guglhupfgeschwader auf Platz 1 der Kinocharts","datePublished":"2022-08-19T09:32:13+00:00","mainEntityOfPage":{"@id":"https:\/\/kulturonline.tv\/at\/guglhupfgeschwader-auf-platz-1-der-kinocharts\/"},"wordCount":580,"publisher":{"@id":"https:\/\/kulturonline.tv\/at\/#organization"},"image":{"@id":"https:\/\/kulturonline.tv\/at\/guglhupfgeschwader-auf-platz-1-der-kinocharts\/#primaryimage"},"thumbnailUrl":"https:\/\/kulturonline.tv\/wp-content\/uploads\/2022\/08\/Guglhupf-geschwader-Kultur-Online-Tv-Film-Tipp-edited.jpg","articleSection":["Medien"],"inLanguage":"de-AT"},{"@type":"WebPage","@id":"https:\/\/kulturonline.tv\/at\/guglhupfgeschwader-auf-platz-1-der-kinocharts\/","url":"https:\/\/kulturonline.tv\/at\/guglhupfgeschwader-auf-platz-1-der-kinocharts\/","name":"Guglhupfgeschwader auf Platz 1 der Kinocharts - Kultur Online TV &amp; FM","isPartOf":{"@id":"https:\/\/kulturonline.tv\/at\/#website"},"primaryImageOfPage":{"@id":"https:\/\/kulturonline.tv\/at\/guglhupfgeschwader-auf-platz-1-der-kinocharts\/#primaryimage"},"image":{"@id":"https:\/\/kulturonline.tv\/at\/guglhupfgeschwader-auf-platz-1-der-kinocharts\/#primaryimage"},"thumbnailUrl":"https:\/\/kulturonline.tv\/wp-content\/uploads\/2022\/08\/Guglhupf-geschwader-Kultur-Online-Tv-Film-Tipp-edited.jpg","datePublished":"2022-08-19T09:32:13+00:00","description":"Achter Eberhofer mit erfolgreichstem Start der Filmreihe und eines deutschen Films seit Pandemiebeginn.","breadcrumb":{"@id":"https:\/\/kulturonline.tv\/at\/guglhupfgeschwader-auf-platz-1-der-kinocharts\/#breadcrumb"},"inLanguage":"de-AT","potentialAction":[{"@type":"ReadAction","target":["https:\/\/kulturonline.tv\/at\/guglhupfgeschwader-auf-platz-1-der-kinocharts\/"]}]},{"@type":"ImageObject","inLanguage":"de-AT","@id":"https:\/\/kulturonline.tv\/at\/guglhupfgeschwader-auf-platz-1-der-kinocharts\/#primaryimage","url":"https:\/\/kulturonline.tv\/wp-content\/uploads\/2022\/08\/Guglhupf-geschwader-Kultur-Online-Tv-Film-Tipp-edited.jpg","contentUrl":"https:\/\/kulturonline.tv\/wp-content\/uploads\/2022\/08\/Guglhupf-geschwader-Kultur-Online-Tv-Film-Tipp-edited.jpg","width":936,"height":527},{"@type":"BreadcrumbList","@id":"https:\/\/kulturonline.tv\/at\/guglhupfgeschwader-auf-platz-1-der-kinocharts\/#breadcrumb","itemListElement":[{"@type":"ListItem","position":1,"name":"Startseite","item":"https:\/\/kulturonline.tv\/at\/"},{"@type":"ListItem","position":2,"name":"Guglhupfgeschwader auf Platz 1 der Kinocharts"}]},{"@type":"WebSite","@id":"https:\/\/kulturonline.tv\/at\/#website","url":"https:\/\/kulturonline.tv\/at\/","name":"Kultur Online TV &amp; FM","description":"Wir sind Kultur 2.0 zum sehen &amp; h\u00f6ren","publisher":{"@id":"https:\/\/kulturonline.tv\/at\/#organization"},"potentialAction":[{"@type":"SearchAction","target":{"@type":"EntryPoint","urlTemplate":"https:\/\/kulturonline.tv\/at\/?s={search_term_string}"},"query-input":{"@type":"PropertyValueSpecification","valueRequired":true,"valueName":"search_term_string"}}],"inLanguage":"de-AT"},{"@type":"Organization","@id":"https:\/\/kulturonline.tv\/at\/#organization","name":"Kultur Online TV","url":"https:\/\/kulturonline.tv\/at\/","logo":{"@type":"ImageObject","inLanguage":"de-AT","@id":"https:\/\/kulturonline.tv\/at\/#\/schema\/logo\/image\/","url":"https:\/\/kulturonline.tv\/wp-content\/uploads\/2021\/08\/Kultur-Online-Tv-Logo-Endversion-neu.png","contentUrl":"https:\/\/kulturonline.tv\/wp-content\/uploads\/2021\/08\/Kultur-Online-Tv-Logo-Endversion-neu.png","width":200,"height":200,"caption":"Kultur Online TV"},"image":{"@id":"https:\/\/kulturonline.tv\/at\/#\/schema\/logo\/image\/"},"sameAs":["https:\/\/www.facebook.com\/kulturonline.tv","https:\/\/www.instagram.com\/kulturonline.tv"]},{"@type":"Person","@id":"https:\/\/kulturonline.tv\/at\/#\/schema\/person\/b0fac729bb9a0c193fb1df23449df4fe","name":"guenter.wolfgang"}]}},"_links":{"self":[{"href":"https:\/\/kulturonline.tv\/at\/wp-json\/wp\/v2\/posts\/33593","targetHints":{"allow":["GET"]}}],"collection":[{"href":"https:\/\/kulturonline.tv\/at\/wp-json\/wp\/v2\/posts"}],"about":[{"href":"https:\/\/kulturonline.tv\/at\/wp-json\/wp\/v2\/types\/post"}],"author":[{"embeddable":true,"href":"https:\/\/kulturonline.tv\/at\/wp-json\/wp\/v2\/users\/2"}],"replies":[{"embeddable":true,"href":"https:\/\/kulturonline.tv\/at\/wp-json\/wp\/v2\/comments?post=33593"}],"version-history":[{"count":0,"href":"https:\/\/kulturonline.tv\/at\/wp-json\/wp\/v2\/posts\/33593\/revisions"}],"wp:featuredmedia":[{"embeddable":true,"href":"https:\/\/kulturonline.tv\/at\/wp-json\/wp\/v2\/media\/33591"}],"wp:attachment":[{"href":"https:\/\/kulturonline.tv\/at\/wp-json\/wp\/v2\/media?parent=33593"}],"wp:term":[{"taxonomy":"category","embeddable":true,"href":"https:\/\/kulturonline.tv\/at\/wp-json\/wp\/v2\/categories?post=33593"},{"taxonomy":"post_tag","embeddable":true,"href":"https:\/\/kulturonline.tv\/at\/wp-json\/wp\/v2\/tags?post=33593"}],"curies":[{"name":"wp","href":"https:\/\/api.w.org\/{rel}","templated":true}]}}