{"id":33664,"date":"2022-08-19T23:20:22","date_gmt":"2022-08-19T21:20:22","guid":{"rendered":"https:\/\/kulturonline.tv\/?p=33664"},"modified":"2022-08-19T23:20:23","modified_gmt":"2022-08-19T21:20:23","slug":"superkinotour-kino-erlebnis-wie-noch-nie-in-ganz-oesterreich","status":"publish","type":"post","link":"https:\/\/kulturonline.tv\/at\/superkinotour-kino-erlebnis-wie-noch-nie-in-ganz-oesterreich\/","title":{"rendered":"SuperKinoTour: Kino-Erlebnis wie noch nie in ganz \u00d6sterreich"},"content":{"rendered":"\n<p>Cineplexx feiert den Sommer und reist mit der\u00a0<strong>SuperKinoTour quer durch \u00d6sterreich<\/strong><\/p>\n\n\n\n<figure class=\"wp-block-image size-large\"><img fetchpriority=\"high\" decoding=\"async\" width=\"2560\" height=\"1440\" src=\"https:\/\/kulturonline.tv\/wp-content\/uploads\/2022\/08\/Kultur-Online-TV-Kino-edited-scaled.jpg\" alt=\"\" class=\"wp-image-33667\" srcset=\"https:\/\/kulturonline.tv\/wp-content\/uploads\/2022\/08\/Kultur-Online-TV-Kino-edited-scaled.jpg 2560w, https:\/\/kulturonline.tv\/wp-content\/uploads\/2022\/08\/Kultur-Online-TV-Kino-edited-scaled-600x338.jpg 600w, https:\/\/kulturonline.tv\/wp-content\/uploads\/2022\/08\/Kultur-Online-TV-Kino-edited-800x450.jpg 800w, https:\/\/kulturonline.tv\/wp-content\/uploads\/2022\/08\/Kultur-Online-TV-Kino-edited-1600x900.jpg 1600w, https:\/\/kulturonline.tv\/wp-content\/uploads\/2022\/08\/Kultur-Online-TV-Kino-edited-768x432.jpg 768w, https:\/\/kulturonline.tv\/wp-content\/uploads\/2022\/08\/Kultur-Online-TV-Kino-edited-1536x864.jpg 1536w, https:\/\/kulturonline.tv\/wp-content\/uploads\/2022\/08\/Kultur-Online-TV-Kino-edited-2048x1152.jpg 2048w\" sizes=\"(max-width: 2560px) 100vw, 2560px\" \/><figcaption>Kinospa\u00a7 quer durch ganz \u0085sterreich: mit der Cineplexx SuperKinoTour<\/figcaption><\/figure>\n\n\n\n<p>Bis 11. September k\u00f6nnen sich Besucher:innen im ganzen Land an f\u00fcnf Wochenenden bei freiem Eintritt davon \u00fcberzeugen, was Kino alles kann. Die Cineplexx-Kinos \u00f6ffnen ihre T\u00fcren f\u00fcr alle Kinofans mit viel Programm f\u00fcr Jung und Alt. Das Erlebnis startet jeweils ab 13 Uhr mit einem bunten Aktivit\u00e4ten-Mix im Kino-Foyer und reicht bis weit hinter die Kulissen.<\/p>\n\n\n\n<p>Leistbare Unterhaltung auf Top-Niveau<br>\u201eKino ist leistbare Unterhaltung auf Top-Niveau, die gerade in diesen Zeiten besonders wichtig ist \u2013 und bringt Freude in den Sommer. Mit der SuperKinoTour holen wir Gro\u00df und Klein in die Welt des Kinos und lassen auch hinter die Kulissen blicken \u2013 die besten Filme gibt\u2019s nat\u00fcrlich obendrauf\u201c, so Christian Langhammer, CEO\/Hauptgesellschafter Constantin Film &amp; Cineplexx Kinobetriebe.<\/p>\n\n\n\n<p>Kinoerlebnisse der Superlative<br>Spiel, Spa\u00df, Action und unvergessliche Erlebnisse stehen bei der Cineplexx SuperKinoTour im Vordergrund \u2013 besonders Familien, Cineasten, Superhelden-Fans und Horror-Freund:innen kommen voll auf ihre Kosten: Die beliebten Minions treten live in den Kinos auf, beim Kinderschminken werden der Kreativit\u00e4t keine Grenzen gesetzt, im Indianertipi wandelt man auf den Spuren Winnetous und im House of Horror wird ab zw\u00f6lf Jahren ordentlich das F\u00fcrchten gelehrt. Beim Cineplexx \u201eGl\u00fcxxrad\u201c gibt es zahlreiche Preise zu gewinnen und die Backstage-F\u00fchrung f\u00fchrt direkt ins Herzst\u00fcck jedes Kinos: Im Vorf\u00fchrraum liegen alle Geheimnisse verborgen, die nur im Rahmen der SuperKinoTour f\u00fcr einen Tag gel\u00fcftet werden.<\/p>\n\n\n\n<p>Kino, das schmeckt<br>Die SuperKinoTour bietet Snack-Liebhaber:innen auch Einblicke ins Kinobuffet: Besucher:innen k\u00f6nnen dem Cineplexx-Team direkt beim Popcorn-Machen \u00fcber die Schultern schauen und die frischen Snacks im Anschluss verkosten.<\/p>\n\n\n\n<p><strong><u>Special Shows und Aktivit\u00e4ten<\/u><\/strong><\/p>\n\n\n\n<ul class=\"wp-block-list\"><li><strong>13:00-15:00: &amp;nbs p; Trailershow<\/strong><\/li><li><strong>13:15 \/ 14:15 \/ 15:15 \/ 16:15 \/ 17:15: House of Horror \u2013 ab 12 Jahren<\/strong><\/li><li><strong>13:45 \/ 14:45 \/ 15:45 \/ 16:45: Kino Backstage \u2013 Blick hinter die Kulissen<\/strong><\/li><li><strong>14:00 \/ 15:00 \/ 16:00: Blick ins Kinobuffet \u2013 Popcorn &amp; Co<u><\/u><\/strong><br><\/li><\/ul>\n\n\n\n<p><strong><u>Im Kinofoyer<\/u><\/strong><\/p>\n\n\n\n<ul class=\"wp-block-list\"><li><strong>13:00-18:00 Uhr Spa\u00df &amp; Action: Kinderschminken, Tipi mit Indianerr\u00e4tsel, Gl\u00fcxxrad und vieles mehr<\/strong><\/li><li><strong>Zu jeder vollen Stunde: Die Minions live<\/strong><\/li><li><strong>Zu jeder halben Stunde: Asterix &amp; Obelix sowie Winnie Puuh live<\/strong><\/li><\/ul>\n\n\n\n<p><strong><u>Alle Termine der SuperKinoTour:<\/u><\/strong><\/p>\n\n\n\n<p><strong>20.08. Cineplexx Mattersburg<\/strong><\/p>\n\n\n\n<p><strong>21.08. Cineplexx Wiener Neustadt<\/strong><\/p>\n\n\n\n<p><strong>26.08. Village Cinema Wien Mitte<\/strong><\/p>\n\n\n\n<p><strong>27.08. Cineplexx Wien Auhof<\/strong><\/p>\n\n\n\n<p><strong>28.08. Cineplexx Westfield Donau Zentrum<\/strong><\/p>\n\n\n\n<p><strong>02.09. Cineplexx Innsbruck<\/strong><\/p>\n\n\n\n<p><strong>03.09. Cineplexx W\u00f6rgl<\/strong><\/p>\n\n\n\n<p><strong>04.09. Cineplexx Millennium City<\/strong><\/p>\n\n\n\n<p><strong>09.09. Cineplexx Leoben<\/strong><\/p>\n\n\n\n<p><strong>10.09. Cineplexx Villach<\/strong><\/p>\n\n\n\n<p><strong>11.09. Cineplexx Graz<\/strong><\/p>\n\n\n\n<p>Das Programm der&nbsp;<strong>SuperKinoTour&nbsp;<\/strong>findet jeweils von 13:00-18:00 Uhr statt.<\/p>\n\n\n\n<p><strong>Freier Eintritt zu den Aktivit\u00e4ten im Kino-Foyer und Backstage.<\/strong><\/p>\n\n\n\n<p><strong>Mehr Informationen unter<\/strong>\u00a0<a href=\"http:\/\/www.cineplexx.at\/superkinotour\" target=\"_blank\" rel=\"noreferrer noopener\">www.cineplexx.at\/superkinotour<\/a><\/p>\n\n\n\n<p>Kultur Online TV<\/p>\n\n\n\n<p>#kino #news #events<\/p>\n","protected":false},"excerpt":{"rendered":"<p>Cineplexx feiert den Sommer und reist mit der\u00a0SuperKinoTour quer durch \u00d6sterreich Bis 11. September k\u00f6nnen sich Besucher:innen im ganzen Land an f\u00fcnf Wochenenden bei freiem Eintritt davon \u00fcberzeugen, was Kino alles kann. Die Cineplexx-Kinos \u00f6ffnen ihre T\u00fcren f\u00fcr alle Kinofans mit viel Programm f\u00fcr Jung und Alt. Das Erlebnis startet jeweils ab 13 Uhr mit [&hellip;]<\/p>\n","protected":false},"author":2,"featured_media":33667,"comment_status":"closed","ping_status":"closed","sticky":false,"template":"","format":"standard","meta":{"_acf_changed":false,"footnotes":""},"categories":[188],"tags":[],"class_list":["post-33664","post","type-post","status-publish","format-standard","has-post-thumbnail","hentry","category-medien"],"acf":[],"yoast_head":"<!-- This site is optimized with the Yoast SEO plugin v26.1.1 - https:\/\/yoast.com\/wordpress\/plugins\/seo\/ -->\n<title>SuperKinoTour: Kino-Erlebnis wie noch nie in ganz \u00d6sterreich - Kultur Online TV &amp; FM<\/title>\n<meta name=\"description\" content=\"Cineplexx feiert den Sommer und reist mit der\u00a0SuperKinoTour quer durch \u00d6sterreich.\" \/>\n<meta name=\"robots\" content=\"index, follow, max-snippet:-1, max-image-preview:large, max-video-preview:-1\" \/>\n<link rel=\"canonical\" href=\"https:\/\/kulturonline.tv\/at\/superkinotour-kino-erlebnis-wie-noch-nie-in-ganz-oesterreich\/\" \/>\n<meta property=\"og:locale\" content=\"de_DE\" \/>\n<meta property=\"og:type\" content=\"article\" \/>\n<meta property=\"og:title\" content=\"SuperKinoTour: Kino-Erlebnis wie noch nie in ganz \u00d6sterreich - Kultur Online TV &amp; FM\" \/>\n<meta property=\"og:description\" content=\"Cineplexx feiert den Sommer und reist mit der\u00a0SuperKinoTour quer durch \u00d6sterreich.\" \/>\n<meta property=\"og:url\" content=\"https:\/\/kulturonline.tv\/at\/superkinotour-kino-erlebnis-wie-noch-nie-in-ganz-oesterreich\/\" \/>\n<meta property=\"og:site_name\" content=\"Kultur Online TV &amp; FM\" \/>\n<meta property=\"article:publisher\" content=\"https:\/\/www.facebook.com\/kulturonline.tv\" \/>\n<meta property=\"article:published_time\" content=\"2022-08-19T21:20:22+00:00\" \/>\n<meta property=\"article:modified_time\" content=\"2022-08-19T21:20:23+00:00\" \/>\n<meta property=\"og:image\" content=\"https:\/\/kulturonline.tv\/wp-content\/uploads\/2022\/08\/Kultur-Online-TV-Kino-edited-scaled.jpg\" \/>\n\t<meta property=\"og:image:width\" content=\"2560\" \/>\n\t<meta property=\"og:image:height\" content=\"1440\" \/>\n\t<meta property=\"og:image:type\" content=\"image\/jpeg\" \/>\n<meta name=\"author\" content=\"guenter.wolfgang\" \/>\n<meta name=\"twitter:card\" content=\"summary_large_image\" \/>\n<meta name=\"twitter:label1\" content=\"Verfasst von\" \/>\n\t<meta name=\"twitter:data1\" content=\"guenter.wolfgang\" \/>\n\t<meta name=\"twitter:label2\" content=\"Gesch\u00e4tzte Lesezeit\" \/>\n\t<meta name=\"twitter:data2\" content=\"2 Minuten\" \/>\n<script type=\"application\/ld+json\" class=\"yoast-schema-graph\">{\"@context\":\"https:\/\/schema.org\",\"@graph\":[{\"@type\":\"Article\",\"@id\":\"https:\/\/kulturonline.tv\/at\/superkinotour-kino-erlebnis-wie-noch-nie-in-ganz-oesterreich\/#article\",\"isPartOf\":{\"@id\":\"https:\/\/kulturonline.tv\/at\/superkinotour-kino-erlebnis-wie-noch-nie-in-ganz-oesterreich\/\"},\"author\":{\"name\":\"guenter.wolfgang\",\"@id\":\"https:\/\/kulturonline.tv\/at\/#\/schema\/person\/b0fac729bb9a0c193fb1df23449df4fe\"},\"headline\":\"SuperKinoTour: Kino-Erlebnis wie noch nie in ganz \u00d6sterreich\",\"datePublished\":\"2022-08-19T21:20:22+00:00\",\"dateModified\":\"2022-08-19T21:20:23+00:00\",\"mainEntityOfPage\":{\"@id\":\"https:\/\/kulturonline.tv\/at\/superkinotour-kino-erlebnis-wie-noch-nie-in-ganz-oesterreich\/\"},\"wordCount\":424,\"publisher\":{\"@id\":\"https:\/\/kulturonline.tv\/at\/#organization\"},\"image\":{\"@id\":\"https:\/\/kulturonline.tv\/at\/superkinotour-kino-erlebnis-wie-noch-nie-in-ganz-oesterreich\/#primaryimage\"},\"thumbnailUrl\":\"https:\/\/kulturonline.tv\/wp-content\/uploads\/2022\/08\/Kultur-Online-TV-Kino-edited-scaled.jpg\",\"articleSection\":[\"Medien\"],\"inLanguage\":\"de-AT\"},{\"@type\":\"WebPage\",\"@id\":\"https:\/\/kulturonline.tv\/at\/superkinotour-kino-erlebnis-wie-noch-nie-in-ganz-oesterreich\/\",\"url\":\"https:\/\/kulturonline.tv\/at\/superkinotour-kino-erlebnis-wie-noch-nie-in-ganz-oesterreich\/\",\"name\":\"SuperKinoTour: Kino-Erlebnis wie noch nie in ganz \u00d6sterreich - Kultur Online TV &amp; FM\",\"isPartOf\":{\"@id\":\"https:\/\/kulturonline.tv\/at\/#website\"},\"primaryImageOfPage\":{\"@id\":\"https:\/\/kulturonline.tv\/at\/superkinotour-kino-erlebnis-wie-noch-nie-in-ganz-oesterreich\/#primaryimage\"},\"image\":{\"@id\":\"https:\/\/kulturonline.tv\/at\/superkinotour-kino-erlebnis-wie-noch-nie-in-ganz-oesterreich\/#primaryimage\"},\"thumbnailUrl\":\"https:\/\/kulturonline.tv\/wp-content\/uploads\/2022\/08\/Kultur-Online-TV-Kino-edited-scaled.jpg\",\"datePublished\":\"2022-08-19T21:20:22+00:00\",\"dateModified\":\"2022-08-19T21:20:23+00:00\",\"description\":\"Cineplexx feiert den Sommer und reist mit der\u00a0SuperKinoTour quer durch \u00d6sterreich.\",\"breadcrumb\":{\"@id\":\"https:\/\/kulturonline.tv\/at\/superkinotour-kino-erlebnis-wie-noch-nie-in-ganz-oesterreich\/#breadcrumb\"},\"inLanguage\":\"de-AT\",\"potentialAction\":[{\"@type\":\"ReadAction\",\"target\":[\"https:\/\/kulturonline.tv\/at\/superkinotour-kino-erlebnis-wie-noch-nie-in-ganz-oesterreich\/\"]}]},{\"@type\":\"ImageObject\",\"inLanguage\":\"de-AT\",\"@id\":\"https:\/\/kulturonline.tv\/at\/superkinotour-kino-erlebnis-wie-noch-nie-in-ganz-oesterreich\/#primaryimage\",\"url\":\"https:\/\/kulturonline.tv\/wp-content\/uploads\/2022\/08\/Kultur-Online-TV-Kino-edited-scaled.jpg\",\"contentUrl\":\"https:\/\/kulturonline.tv\/wp-content\/uploads\/2022\/08\/Kultur-Online-TV-Kino-edited-scaled.jpg\",\"width\":2560,\"height\":1440,\"caption\":\"Kinospa\u00a7 quer durch ganz \u0085sterreich: mit der Cineplexx SuperKinoTour\"},{\"@type\":\"BreadcrumbList\",\"@id\":\"https:\/\/kulturonline.tv\/at\/superkinotour-kino-erlebnis-wie-noch-nie-in-ganz-oesterreich\/#breadcrumb\",\"itemListElement\":[{\"@type\":\"ListItem\",\"position\":1,\"name\":\"Startseite\",\"item\":\"https:\/\/kulturonline.tv\/at\/\"},{\"@type\":\"ListItem\",\"position\":2,\"name\":\"SuperKinoTour: Kino-Erlebnis wie noch nie in ganz \u00d6sterreich\"}]},{\"@type\":\"WebSite\",\"@id\":\"https:\/\/kulturonline.tv\/at\/#website\",\"url\":\"https:\/\/kulturonline.tv\/at\/\",\"name\":\"Kultur Online TV &amp; FM\",\"description\":\"Wir sind Kultur 2.0 zum sehen &amp; h\u00f6ren\",\"publisher\":{\"@id\":\"https:\/\/kulturonline.tv\/at\/#organization\"},\"potentialAction\":[{\"@type\":\"SearchAction\",\"target\":{\"@type\":\"EntryPoint\",\"urlTemplate\":\"https:\/\/kulturonline.tv\/at\/?s={search_term_string}\"},\"query-input\":{\"@type\":\"PropertyValueSpecification\",\"valueRequired\":true,\"valueName\":\"search_term_string\"}}],\"inLanguage\":\"de-AT\"},{\"@type\":\"Organization\",\"@id\":\"https:\/\/kulturonline.tv\/at\/#organization\",\"name\":\"Kultur Online TV\",\"url\":\"https:\/\/kulturonline.tv\/at\/\",\"logo\":{\"@type\":\"ImageObject\",\"inLanguage\":\"de-AT\",\"@id\":\"https:\/\/kulturonline.tv\/at\/#\/schema\/logo\/image\/\",\"url\":\"https:\/\/kulturonline.tv\/wp-content\/uploads\/2021\/08\/Kultur-Online-Tv-Logo-Endversion-neu.png\",\"contentUrl\":\"https:\/\/kulturonline.tv\/wp-content\/uploads\/2021\/08\/Kultur-Online-Tv-Logo-Endversion-neu.png\",\"width\":200,\"height\":200,\"caption\":\"Kultur Online TV\"},\"image\":{\"@id\":\"https:\/\/kulturonline.tv\/at\/#\/schema\/logo\/image\/\"},\"sameAs\":[\"https:\/\/www.facebook.com\/kulturonline.tv\",\"https:\/\/www.instagram.com\/kulturonline.tv\"]},{\"@type\":\"Person\",\"@id\":\"https:\/\/kulturonline.tv\/at\/#\/schema\/person\/b0fac729bb9a0c193fb1df23449df4fe\",\"name\":\"guenter.wolfgang\"}]}<\/script>\n<!-- \/ Yoast SEO plugin. -->","yoast_head_json":{"title":"SuperKinoTour: Kino-Erlebnis wie noch nie in ganz \u00d6sterreich - Kultur Online TV &amp; FM","description":"Cineplexx feiert den Sommer und reist mit der\u00a0SuperKinoTour quer durch \u00d6sterreich.","robots":{"index":"index","follow":"follow","max-snippet":"max-snippet:-1","max-image-preview":"max-image-preview:large","max-video-preview":"max-video-preview:-1"},"canonical":"https:\/\/kulturonline.tv\/at\/superkinotour-kino-erlebnis-wie-noch-nie-in-ganz-oesterreich\/","og_locale":"de_DE","og_type":"article","og_title":"SuperKinoTour: Kino-Erlebnis wie noch nie in ganz \u00d6sterreich - Kultur Online TV &amp; FM","og_description":"Cineplexx feiert den Sommer und reist mit der\u00a0SuperKinoTour quer durch \u00d6sterreich.","og_url":"https:\/\/kulturonline.tv\/at\/superkinotour-kino-erlebnis-wie-noch-nie-in-ganz-oesterreich\/","og_site_name":"Kultur Online TV &amp; FM","article_publisher":"https:\/\/www.facebook.com\/kulturonline.tv","article_published_time":"2022-08-19T21:20:22+00:00","article_modified_time":"2022-08-19T21:20:23+00:00","og_image":[{"width":2560,"height":1440,"url":"https:\/\/kulturonline.tv\/wp-content\/uploads\/2022\/08\/Kultur-Online-TV-Kino-edited-scaled.jpg","type":"image\/jpeg"}],"author":"guenter.wolfgang","twitter_card":"summary_large_image","twitter_misc":{"Verfasst von":"guenter.wolfgang","Gesch\u00e4tzte Lesezeit":"2 Minuten"},"schema":{"@context":"https:\/\/schema.org","@graph":[{"@type":"Article","@id":"https:\/\/kulturonline.tv\/at\/superkinotour-kino-erlebnis-wie-noch-nie-in-ganz-oesterreich\/#article","isPartOf":{"@id":"https:\/\/kulturonline.tv\/at\/superkinotour-kino-erlebnis-wie-noch-nie-in-ganz-oesterreich\/"},"author":{"name":"guenter.wolfgang","@id":"https:\/\/kulturonline.tv\/at\/#\/schema\/person\/b0fac729bb9a0c193fb1df23449df4fe"},"headline":"SuperKinoTour: Kino-Erlebnis wie noch nie in ganz \u00d6sterreich","datePublished":"2022-08-19T21:20:22+00:00","dateModified":"2022-08-19T21:20:23+00:00","mainEntityOfPage":{"@id":"https:\/\/kulturonline.tv\/at\/superkinotour-kino-erlebnis-wie-noch-nie-in-ganz-oesterreich\/"},"wordCount":424,"publisher":{"@id":"https:\/\/kulturonline.tv\/at\/#organization"},"image":{"@id":"https:\/\/kulturonline.tv\/at\/superkinotour-kino-erlebnis-wie-noch-nie-in-ganz-oesterreich\/#primaryimage"},"thumbnailUrl":"https:\/\/kulturonline.tv\/wp-content\/uploads\/2022\/08\/Kultur-Online-TV-Kino-edited-scaled.jpg","articleSection":["Medien"],"inLanguage":"de-AT"},{"@type":"WebPage","@id":"https:\/\/kulturonline.tv\/at\/superkinotour-kino-erlebnis-wie-noch-nie-in-ganz-oesterreich\/","url":"https:\/\/kulturonline.tv\/at\/superkinotour-kino-erlebnis-wie-noch-nie-in-ganz-oesterreich\/","name":"SuperKinoTour: Kino-Erlebnis wie noch nie in ganz \u00d6sterreich - Kultur Online TV &amp; FM","isPartOf":{"@id":"https:\/\/kulturonline.tv\/at\/#website"},"primaryImageOfPage":{"@id":"https:\/\/kulturonline.tv\/at\/superkinotour-kino-erlebnis-wie-noch-nie-in-ganz-oesterreich\/#primaryimage"},"image":{"@id":"https:\/\/kulturonline.tv\/at\/superkinotour-kino-erlebnis-wie-noch-nie-in-ganz-oesterreich\/#primaryimage"},"thumbnailUrl":"https:\/\/kulturonline.tv\/wp-content\/uploads\/2022\/08\/Kultur-Online-TV-Kino-edited-scaled.jpg","datePublished":"2022-08-19T21:20:22+00:00","dateModified":"2022-08-19T21:20:23+00:00","description":"Cineplexx feiert den Sommer und reist mit der\u00a0SuperKinoTour quer durch \u00d6sterreich.","breadcrumb":{"@id":"https:\/\/kulturonline.tv\/at\/superkinotour-kino-erlebnis-wie-noch-nie-in-ganz-oesterreich\/#breadcrumb"},"inLanguage":"de-AT","potentialAction":[{"@type":"ReadAction","target":["https:\/\/kulturonline.tv\/at\/superkinotour-kino-erlebnis-wie-noch-nie-in-ganz-oesterreich\/"]}]},{"@type":"ImageObject","inLanguage":"de-AT","@id":"https:\/\/kulturonline.tv\/at\/superkinotour-kino-erlebnis-wie-noch-nie-in-ganz-oesterreich\/#primaryimage","url":"https:\/\/kulturonline.tv\/wp-content\/uploads\/2022\/08\/Kultur-Online-TV-Kino-edited-scaled.jpg","contentUrl":"https:\/\/kulturonline.tv\/wp-content\/uploads\/2022\/08\/Kultur-Online-TV-Kino-edited-scaled.jpg","width":2560,"height":1440,"caption":"Kinospa\u00a7 quer durch ganz \u0085sterreich: mit der Cineplexx SuperKinoTour"},{"@type":"BreadcrumbList","@id":"https:\/\/kulturonline.tv\/at\/superkinotour-kino-erlebnis-wie-noch-nie-in-ganz-oesterreich\/#breadcrumb","itemListElement":[{"@type":"ListItem","position":1,"name":"Startseite","item":"https:\/\/kulturonline.tv\/at\/"},{"@type":"ListItem","position":2,"name":"SuperKinoTour: Kino-Erlebnis wie noch nie in ganz \u00d6sterreich"}]},{"@type":"WebSite","@id":"https:\/\/kulturonline.tv\/at\/#website","url":"https:\/\/kulturonline.tv\/at\/","name":"Kultur Online TV &amp; FM","description":"Wir sind Kultur 2.0 zum sehen &amp; h\u00f6ren","publisher":{"@id":"https:\/\/kulturonline.tv\/at\/#organization"},"potentialAction":[{"@type":"SearchAction","target":{"@type":"EntryPoint","urlTemplate":"https:\/\/kulturonline.tv\/at\/?s={search_term_string}"},"query-input":{"@type":"PropertyValueSpecification","valueRequired":true,"valueName":"search_term_string"}}],"inLanguage":"de-AT"},{"@type":"Organization","@id":"https:\/\/kulturonline.tv\/at\/#organization","name":"Kultur Online TV","url":"https:\/\/kulturonline.tv\/at\/","logo":{"@type":"ImageObject","inLanguage":"de-AT","@id":"https:\/\/kulturonline.tv\/at\/#\/schema\/logo\/image\/","url":"https:\/\/kulturonline.tv\/wp-content\/uploads\/2021\/08\/Kultur-Online-Tv-Logo-Endversion-neu.png","contentUrl":"https:\/\/kulturonline.tv\/wp-content\/uploads\/2021\/08\/Kultur-Online-Tv-Logo-Endversion-neu.png","width":200,"height":200,"caption":"Kultur Online TV"},"image":{"@id":"https:\/\/kulturonline.tv\/at\/#\/schema\/logo\/image\/"},"sameAs":["https:\/\/www.facebook.com\/kulturonline.tv","https:\/\/www.instagram.com\/kulturonline.tv"]},{"@type":"Person","@id":"https:\/\/kulturonline.tv\/at\/#\/schema\/person\/b0fac729bb9a0c193fb1df23449df4fe","name":"guenter.wolfgang"}]}},"_links":{"self":[{"href":"https:\/\/kulturonline.tv\/at\/wp-json\/wp\/v2\/posts\/33664","targetHints":{"allow":["GET"]}}],"collection":[{"href":"https:\/\/kulturonline.tv\/at\/wp-json\/wp\/v2\/posts"}],"about":[{"href":"https:\/\/kulturonline.tv\/at\/wp-json\/wp\/v2\/types\/post"}],"author":[{"embeddable":true,"href":"https:\/\/kulturonline.tv\/at\/wp-json\/wp\/v2\/users\/2"}],"replies":[{"embeddable":true,"href":"https:\/\/kulturonline.tv\/at\/wp-json\/wp\/v2\/comments?post=33664"}],"version-history":[{"count":0,"href":"https:\/\/kulturonline.tv\/at\/wp-json\/wp\/v2\/posts\/33664\/revisions"}],"wp:featuredmedia":[{"embeddable":true,"href":"https:\/\/kulturonline.tv\/at\/wp-json\/wp\/v2\/media\/33667"}],"wp:attachment":[{"href":"https:\/\/kulturonline.tv\/at\/wp-json\/wp\/v2\/media?parent=33664"}],"wp:term":[{"taxonomy":"category","embeddable":true,"href":"https:\/\/kulturonline.tv\/at\/wp-json\/wp\/v2\/categories?post=33664"},{"taxonomy":"post_tag","embeddable":true,"href":"https:\/\/kulturonline.tv\/at\/wp-json\/wp\/v2\/tags?post=33664"}],"curies":[{"name":"wp","href":"https:\/\/api.w.org\/{rel}","templated":true}]}}