{"id":35963,"date":"2022-09-14T11:55:25","date_gmt":"2022-09-14T09:55:25","guid":{"rendered":"https:\/\/kulturonline.tv\/uncategorized\/regisseur-jean-luc-godard-verstorben"},"modified":"2022-09-14T11:57:06","modified_gmt":"2022-09-14T09:57:06","slug":"regisseur-jean-luc-godard-verstorben","status":"publish","type":"post","link":"https:\/\/kulturonline.tv\/at\/regisseur-jean-luc-godard-verstorben\/","title":{"rendered":"Regisseur Jean-Luc Godard verstorben"},"content":{"rendered":"\n<p>Nach Angaben der franz\u00f6sischen Zeitung &#8222;Liberation&#8220; starb er im Alter von 91 Jahren.<\/p>\n\n\n\n<figure class=\"wp-block-image size-full\"><img fetchpriority=\"high\" decoding=\"async\" width=\"800\" height=\"450\" src=\"https:\/\/kulturonline.tv\/wp-content\/uploads\/2022\/09\/Jean-Luc_Godard_kultur-online-tv-edited.jpg\" alt=\"\" class=\"wp-image-35960\" srcset=\"https:\/\/kulturonline.tv\/wp-content\/uploads\/2022\/09\/Jean-Luc_Godard_kultur-online-tv-edited.jpg 800w, https:\/\/kulturonline.tv\/wp-content\/uploads\/2022\/09\/Jean-Luc_Godard_kultur-online-tv-edited-600x338.jpg 600w, https:\/\/kulturonline.tv\/wp-content\/uploads\/2022\/09\/Jean-Luc_Godard_kultur-online-tv-edited-768x432.jpg 768w\" sizes=\"(max-width: 800px) 100vw, 800px\" \/><figcaption>\u00a9 Gary Stevens, CC BY 2.0, via Wikimedia Commons<\/figcaption><\/figure>\n\n\n\n<p>Mit seinen Filmen wie &#8222;Au\u00dfer Atem&#8220; oder &#8222;Die Verachtung&#8220; wurde Godard zu einem der wichtigsten Vertreter der sogenannten Nouvelle Vague. Er pr\u00e4gte die zeitgen\u00f6ssische Leinwand-Kunst, indem er ihre Regeln immer wieder in Frage stellte und nach neuen Formen suchte. Seit den 60er-Jahren drehte Godard rund 50 Spielfilme und zahlreiche Videos.<\/p>\n\n\n\n<p>Ihm wurden daf\u00fcr die h\u00f6chsten Filmpreise zugesprochen. 2010 erhielt er den Ehren-Oscar f\u00fcr sein Lebenswerk.<\/p>\n\n\n\n<p>In seiner Studienzeit kam Godard mit einem Pariser Filmclub in Kontakt und fand Zugang zu einer Gruppe, der auch\u00a0<a href=\"https:\/\/de.wikipedia.org\/wiki\/Fran%C3%A7ois_Truffaut\">Fran\u00e7ois Truffaut<\/a>,\u00a0<a href=\"https:\/\/de.wikipedia.org\/wiki\/Jacques_Rivette\">Jacques Rivette<\/a>\u00a0und\u00a0<a href=\"https:\/\/de.wikipedia.org\/wiki\/%C3%89ric_Rohmer\">\u00c9ric Rohmer<\/a>\u00a0angeh\u00f6rten. Als\u00a0<a href=\"https:\/\/de.wikipedia.org\/wiki\/Andr%C3%A9_Bazin\">Andr\u00e9 Bazin<\/a>\u00a01951 die Filmzeitschrift\u00a0<em><a href=\"https:\/\/de.wikipedia.org\/wiki\/Cahiers_du_cin%C3%A9ma\">Cahiers du cin\u00e9ma<\/a><\/em>\u00a0gr\u00fcndete, geh\u00f6rte Godard neben Rivette und Rohmer zu dessen ersten Autoren, gelegentlich unter dem Pseudonym\u00a0<em>Hans Lucas<\/em>. Im Jahr zuvor hatte er mit Rohmer und Rivette eine eigene Filmzeitschrift gegr\u00fcndet, die jedoch nach f\u00fcnf Ausgaben eingestellt wurde. Er bezeichnete diese Phase seines Lebens als \u00e4u\u00dferst wichtig f\u00fcr sein sp\u00e4teres filmisches Schaffen. Wie Truffaut geh\u00f6rt er zu den Regisseuren der\u00a0<a href=\"https:\/\/de.wikipedia.org\/wiki\/Nouvelle_Vague\">Nouvelle Vague<\/a>, die ihre Filme immer mit umfangreichen Schriften begleitet haben. Darin beruft er sich unter anderem auf die Regisseure\u00a0<a href=\"https:\/\/de.wikipedia.org\/wiki\/Carl_Theodor_Dreyer\">Carl Theodor Dreyer<\/a>\u00a0und\u00a0<a href=\"https:\/\/de.wikipedia.org\/wiki\/Friedrich_Wilhelm_Murnau\">Friedrich Wilhelm Murnau<\/a>\u00a0sowie auf den Schriftsteller\u00a0<a href=\"https:\/\/de.wikipedia.org\/wiki\/Fjodor_Michailowitsch_Dostojewski\">Fjodor Dostojewski<\/a>. (\u201eZwischen Schreiben und Drehen gibt es nur einen quantitativen, nicht einen qualitativen Unterschied.\u201c<\/p>\n\n\n\n<p>In seiner Studienzeit kam Godard mit einem Pariser Filmclub in Kontakt und fand Zugang zu einer Gruppe, der auch\u00a0<a href=\"https:\/\/de.wikipedia.org\/wiki\/Fran%C3%A7ois_Truffaut\">Fran\u00e7ois Truffaut<\/a>,\u00a0<a href=\"https:\/\/de.wikipedia.org\/wiki\/Jacques_Rivette\">Jacques Rivette<\/a>\u00a0und\u00a0<a href=\"https:\/\/de.wikipedia.org\/wiki\/%C3%89ric_Rohmer\">\u00c9ric Rohmer<\/a>\u00a0angeh\u00f6rten. Als\u00a0<a href=\"https:\/\/de.wikipedia.org\/wiki\/Andr%C3%A9_Bazin\">Andr\u00e9 Bazin<\/a>\u00a01951 die Filmzeitschrift\u00a0<em><a href=\"https:\/\/de.wikipedia.org\/wiki\/Cahiers_du_cin%C3%A9ma\">Cahiers du cin\u00e9ma<\/a><\/em>\u00a0gr\u00fcndete, geh\u00f6rte Godard neben Rivette und Rohmer zu dessen ersten Autoren, gelegentlich unter dem Pseudonym\u00a0<em>Hans Lucas<\/em>. Im Jahr zuvor hatte er mit Rohmer und Rivette eine eigene Filmzeitschrift gegr\u00fcndet, die jedoch nach f\u00fcnf Ausgaben eingestellt wurde. Er bezeichnete diese Phase seines Lebens als \u00e4u\u00dferst wichtig f\u00fcr sein sp\u00e4teres filmisches Schaffen. Wie Truffaut geh\u00f6rt er zu den Regisseuren der\u00a0<a href=\"https:\/\/de.wikipedia.org\/wiki\/Nouvelle_Vague\">Nouvelle Vague<\/a>, die ihre Filme immer mit umfangreichen Schriften begleitet haben. Darin beruft er sich unter anderem auf die Regisseure\u00a0<a href=\"https:\/\/de.wikipedia.org\/wiki\/Carl_Theodor_Dreyer\">Carl Theodor Dreyer<\/a>\u00a0und\u00a0<a href=\"https:\/\/de.wikipedia.org\/wiki\/Friedrich_Wilhelm_Murnau\">Friedrich Wilhelm Murnau<\/a>\u00a0sowie auf den Schriftsteller\u00a0<a href=\"https:\/\/de.wikipedia.org\/wiki\/Fjodor_Michailowitsch_Dostojewski\">Fjodor Dostojewski<\/a>. (\u201eZwischen Schreiben und Drehen gibt es nur einen quantitativen, nicht einen qualitativen Unterschied.<\/p>\n\n\n\n<p>Nach einem fehlgeschlagenen Versuch drehte er 1954 seinen ersten eigenen Film,\u00a0<em>Op\u00e9ration B\u00e9ton<\/em>, der \u00fcber den Bau der Staumauer\u00a0<a href=\"https:\/\/de.wikipedia.org\/wiki\/Lac_des_Dix\">Grande Dixence<\/a>\u00a0in der Schweiz berichtete. Godard selbst arbeitete dort als Telefonist auf der Baustelle, um seine Finanzen aufzubessern.\u00a0Der Film wurde nachtr\u00e4glich von der Betreiberfirma des Staudamms gekauft und erm\u00f6glichte dem jungen Drehbuchautor und Regisseur den Start seiner Karriere.\u00a0Kritiker bezeichneten den Film zwar als uninspiriert und oberfl\u00e4chlich, er erm\u00f6glichte Godard aber seinen Start als Regisseur. Zwischen 1955 und 1958 drehte er vier weitere Kurzfilme, von denen einige Vorgriffe auf seinen ersten Kinofilm\u00a0<em>Au\u00dfer Atem<\/em>\u00a0enthielten. Zeitgleich arbeitete er als\u00a0<a href=\"https:\/\/de.wikipedia.org\/wiki\/Filmeditor\">Filmeditor<\/a>\u00a0an Dokumentarfilmen \u2013 eine Arbeit, bei der er sich stark der\u00a0<a href=\"https:\/\/de.wikipedia.org\/wiki\/Filmschnitt\">Montage-\u00c4sthetik<\/a>\u00a0des klassischen Spielfilms bediente.<\/p>\n\n\n\n<p>Textqwuellen Wikipedia<\/p>\n\n\n\n<p>Kultur Online TV<\/p>\n\n\n\n<p>#news #film <\/p>\n","protected":false},"excerpt":{"rendered":"<p>Nach Angaben der franz\u00f6sischen Zeitung &#8222;Liberation&#8220; starb er im Alter von 91 Jahren. Mit seinen Filmen wie &#8222;Au\u00dfer Atem&#8220; oder &#8222;Die Verachtung&#8220; wurde Godard zu einem der wichtigsten Vertreter der sogenannten Nouvelle Vague. Er pr\u00e4gte die zeitgen\u00f6ssische Leinwand-Kunst, indem er ihre Regeln immer wieder in Frage stellte und nach neuen Formen suchte. Seit den 60er-Jahren [&hellip;]<\/p>\n","protected":false},"author":2,"featured_media":35961,"comment_status":"closed","ping_status":"closed","sticky":false,"template":"","format":"standard","meta":{"_acf_changed":false,"footnotes":""},"categories":[188],"tags":[],"class_list":["post-35963","post","type-post","status-publish","format-standard","has-post-thumbnail","hentry","category-medien"],"acf":[],"yoast_head":"<!-- This site is optimized with the Yoast SEO plugin v26.1.1 - https:\/\/yoast.com\/wordpress\/plugins\/seo\/ -->\n<title>Regisseur Jean-Luc Godard verstorben - Kultur Online TV &amp; FM<\/title>\n<meta name=\"description\" content=\"Nach Angaben der franz\u00f6sischen Zeitung &quot;Liberation&quot; starb er im Alter von 91 Jahren.\" \/>\n<meta name=\"robots\" content=\"index, follow, max-snippet:-1, max-image-preview:large, max-video-preview:-1\" \/>\n<link rel=\"canonical\" href=\"https:\/\/kulturonline.tv\/at\/regisseur-jean-luc-godard-verstorben\/\" \/>\n<meta property=\"og:locale\" content=\"de_DE\" \/>\n<meta property=\"og:type\" content=\"article\" \/>\n<meta property=\"og:title\" content=\"Regisseur Jean-Luc Godard verstorben - Kultur Online TV &amp; FM\" \/>\n<meta property=\"og:description\" content=\"Nach Angaben der franz\u00f6sischen Zeitung &quot;Liberation&quot; starb er im Alter von 91 Jahren.\" \/>\n<meta property=\"og:url\" content=\"https:\/\/kulturonline.tv\/at\/regisseur-jean-luc-godard-verstorben\/\" \/>\n<meta property=\"og:site_name\" content=\"Kultur Online TV &amp; FM\" \/>\n<meta property=\"article:publisher\" content=\"https:\/\/www.facebook.com\/kulturonline.tv\" \/>\n<meta property=\"article:published_time\" content=\"2022-09-14T09:55:25+00:00\" \/>\n<meta property=\"article:modified_time\" content=\"2022-09-14T09:57:06+00:00\" \/>\n<meta property=\"og:image\" content=\"https:\/\/kulturonline.tv\/wp-content\/uploads\/2022\/09\/Jean-Luc_Godard_kultur-online-tv-edited.jpg\" \/>\n\t<meta property=\"og:image:width\" content=\"800\" \/>\n\t<meta property=\"og:image:height\" content=\"450\" \/>\n\t<meta property=\"og:image:type\" content=\"image\/jpeg\" \/>\n<meta name=\"author\" content=\"guenter.wolfgang\" \/>\n<meta name=\"twitter:card\" content=\"summary_large_image\" \/>\n<meta name=\"twitter:label1\" content=\"Verfasst von\" \/>\n\t<meta name=\"twitter:data1\" content=\"guenter.wolfgang\" \/>\n\t<meta name=\"twitter:label2\" content=\"Gesch\u00e4tzte Lesezeit\" \/>\n\t<meta name=\"twitter:data2\" content=\"3 Minuten\" \/>\n<script type=\"application\/ld+json\" class=\"yoast-schema-graph\">{\"@context\":\"https:\/\/schema.org\",\"@graph\":[{\"@type\":\"Article\",\"@id\":\"https:\/\/kulturonline.tv\/at\/regisseur-jean-luc-godard-verstorben\/#article\",\"isPartOf\":{\"@id\":\"https:\/\/kulturonline.tv\/at\/regisseur-jean-luc-godard-verstorben\/\"},\"author\":{\"name\":\"guenter.wolfgang\",\"@id\":\"https:\/\/kulturonline.tv\/at\/#\/schema\/person\/b0fac729bb9a0c193fb1df23449df4fe\"},\"headline\":\"Regisseur Jean-Luc Godard verstorben\",\"datePublished\":\"2022-09-14T09:55:25+00:00\",\"dateModified\":\"2022-09-14T09:57:06+00:00\",\"mainEntityOfPage\":{\"@id\":\"https:\/\/kulturonline.tv\/at\/regisseur-jean-luc-godard-verstorben\/\"},\"wordCount\":523,\"publisher\":{\"@id\":\"https:\/\/kulturonline.tv\/at\/#organization\"},\"image\":{\"@id\":\"https:\/\/kulturonline.tv\/at\/regisseur-jean-luc-godard-verstorben\/#primaryimage\"},\"thumbnailUrl\":\"https:\/\/kulturonline.tv\/wp-content\/uploads\/2022\/09\/Jean-Luc_Godard_kultur-online-tv-edited.jpg\",\"articleSection\":[\"Medien\"],\"inLanguage\":\"de-AT\"},{\"@type\":\"WebPage\",\"@id\":\"https:\/\/kulturonline.tv\/at\/regisseur-jean-luc-godard-verstorben\/\",\"url\":\"https:\/\/kulturonline.tv\/at\/regisseur-jean-luc-godard-verstorben\/\",\"name\":\"Regisseur Jean-Luc Godard verstorben - Kultur Online TV &amp; FM\",\"isPartOf\":{\"@id\":\"https:\/\/kulturonline.tv\/at\/#website\"},\"primaryImageOfPage\":{\"@id\":\"https:\/\/kulturonline.tv\/at\/regisseur-jean-luc-godard-verstorben\/#primaryimage\"},\"image\":{\"@id\":\"https:\/\/kulturonline.tv\/at\/regisseur-jean-luc-godard-verstorben\/#primaryimage\"},\"thumbnailUrl\":\"https:\/\/kulturonline.tv\/wp-content\/uploads\/2022\/09\/Jean-Luc_Godard_kultur-online-tv-edited.jpg\",\"datePublished\":\"2022-09-14T09:55:25+00:00\",\"dateModified\":\"2022-09-14T09:57:06+00:00\",\"description\":\"Nach Angaben der franz\u00f6sischen Zeitung \\\"Liberation\\\" starb er im Alter von 91 Jahren.\",\"breadcrumb\":{\"@id\":\"https:\/\/kulturonline.tv\/at\/regisseur-jean-luc-godard-verstorben\/#breadcrumb\"},\"inLanguage\":\"de-AT\",\"potentialAction\":[{\"@type\":\"ReadAction\",\"target\":[\"https:\/\/kulturonline.tv\/at\/regisseur-jean-luc-godard-verstorben\/\"]}]},{\"@type\":\"ImageObject\",\"inLanguage\":\"de-AT\",\"@id\":\"https:\/\/kulturonline.tv\/at\/regisseur-jean-luc-godard-verstorben\/#primaryimage\",\"url\":\"https:\/\/kulturonline.tv\/wp-content\/uploads\/2022\/09\/Jean-Luc_Godard_kultur-online-tv-edited.jpg\",\"contentUrl\":\"https:\/\/kulturonline.tv\/wp-content\/uploads\/2022\/09\/Jean-Luc_Godard_kultur-online-tv-edited.jpg\",\"width\":800,\"height\":450},{\"@type\":\"BreadcrumbList\",\"@id\":\"https:\/\/kulturonline.tv\/at\/regisseur-jean-luc-godard-verstorben\/#breadcrumb\",\"itemListElement\":[{\"@type\":\"ListItem\",\"position\":1,\"name\":\"Startseite\",\"item\":\"https:\/\/kulturonline.tv\/at\/\"},{\"@type\":\"ListItem\",\"position\":2,\"name\":\"Regisseur Jean-Luc Godard verstorben\"}]},{\"@type\":\"WebSite\",\"@id\":\"https:\/\/kulturonline.tv\/at\/#website\",\"url\":\"https:\/\/kulturonline.tv\/at\/\",\"name\":\"Kultur Online TV &amp; FM\",\"description\":\"Wir sind Kultur 2.0 zum sehen &amp; h\u00f6ren\",\"publisher\":{\"@id\":\"https:\/\/kulturonline.tv\/at\/#organization\"},\"potentialAction\":[{\"@type\":\"SearchAction\",\"target\":{\"@type\":\"EntryPoint\",\"urlTemplate\":\"https:\/\/kulturonline.tv\/at\/?s={search_term_string}\"},\"query-input\":{\"@type\":\"PropertyValueSpecification\",\"valueRequired\":true,\"valueName\":\"search_term_string\"}}],\"inLanguage\":\"de-AT\"},{\"@type\":\"Organization\",\"@id\":\"https:\/\/kulturonline.tv\/at\/#organization\",\"name\":\"Kultur Online TV\",\"url\":\"https:\/\/kulturonline.tv\/at\/\",\"logo\":{\"@type\":\"ImageObject\",\"inLanguage\":\"de-AT\",\"@id\":\"https:\/\/kulturonline.tv\/at\/#\/schema\/logo\/image\/\",\"url\":\"https:\/\/kulturonline.tv\/wp-content\/uploads\/2021\/08\/Kultur-Online-Tv-Logo-Endversion-neu.png\",\"contentUrl\":\"https:\/\/kulturonline.tv\/wp-content\/uploads\/2021\/08\/Kultur-Online-Tv-Logo-Endversion-neu.png\",\"width\":200,\"height\":200,\"caption\":\"Kultur Online TV\"},\"image\":{\"@id\":\"https:\/\/kulturonline.tv\/at\/#\/schema\/logo\/image\/\"},\"sameAs\":[\"https:\/\/www.facebook.com\/kulturonline.tv\",\"https:\/\/www.instagram.com\/kulturonline.tv\"]},{\"@type\":\"Person\",\"@id\":\"https:\/\/kulturonline.tv\/at\/#\/schema\/person\/b0fac729bb9a0c193fb1df23449df4fe\",\"name\":\"guenter.wolfgang\"}]}<\/script>\n<!-- \/ Yoast SEO plugin. -->","yoast_head_json":{"title":"Regisseur Jean-Luc Godard verstorben - Kultur Online TV &amp; FM","description":"Nach Angaben der franz\u00f6sischen Zeitung \"Liberation\" starb er im Alter von 91 Jahren.","robots":{"index":"index","follow":"follow","max-snippet":"max-snippet:-1","max-image-preview":"max-image-preview:large","max-video-preview":"max-video-preview:-1"},"canonical":"https:\/\/kulturonline.tv\/at\/regisseur-jean-luc-godard-verstorben\/","og_locale":"de_DE","og_type":"article","og_title":"Regisseur Jean-Luc Godard verstorben - Kultur Online TV &amp; FM","og_description":"Nach Angaben der franz\u00f6sischen Zeitung \"Liberation\" starb er im Alter von 91 Jahren.","og_url":"https:\/\/kulturonline.tv\/at\/regisseur-jean-luc-godard-verstorben\/","og_site_name":"Kultur Online TV &amp; FM","article_publisher":"https:\/\/www.facebook.com\/kulturonline.tv","article_published_time":"2022-09-14T09:55:25+00:00","article_modified_time":"2022-09-14T09:57:06+00:00","og_image":[{"width":800,"height":450,"url":"https:\/\/kulturonline.tv\/wp-content\/uploads\/2022\/09\/Jean-Luc_Godard_kultur-online-tv-edited.jpg","type":"image\/jpeg"}],"author":"guenter.wolfgang","twitter_card":"summary_large_image","twitter_misc":{"Verfasst von":"guenter.wolfgang","Gesch\u00e4tzte Lesezeit":"3 Minuten"},"schema":{"@context":"https:\/\/schema.org","@graph":[{"@type":"Article","@id":"https:\/\/kulturonline.tv\/at\/regisseur-jean-luc-godard-verstorben\/#article","isPartOf":{"@id":"https:\/\/kulturonline.tv\/at\/regisseur-jean-luc-godard-verstorben\/"},"author":{"name":"guenter.wolfgang","@id":"https:\/\/kulturonline.tv\/at\/#\/schema\/person\/b0fac729bb9a0c193fb1df23449df4fe"},"headline":"Regisseur Jean-Luc Godard verstorben","datePublished":"2022-09-14T09:55:25+00:00","dateModified":"2022-09-14T09:57:06+00:00","mainEntityOfPage":{"@id":"https:\/\/kulturonline.tv\/at\/regisseur-jean-luc-godard-verstorben\/"},"wordCount":523,"publisher":{"@id":"https:\/\/kulturonline.tv\/at\/#organization"},"image":{"@id":"https:\/\/kulturonline.tv\/at\/regisseur-jean-luc-godard-verstorben\/#primaryimage"},"thumbnailUrl":"https:\/\/kulturonline.tv\/wp-content\/uploads\/2022\/09\/Jean-Luc_Godard_kultur-online-tv-edited.jpg","articleSection":["Medien"],"inLanguage":"de-AT"},{"@type":"WebPage","@id":"https:\/\/kulturonline.tv\/at\/regisseur-jean-luc-godard-verstorben\/","url":"https:\/\/kulturonline.tv\/at\/regisseur-jean-luc-godard-verstorben\/","name":"Regisseur Jean-Luc Godard verstorben - Kultur Online TV &amp; FM","isPartOf":{"@id":"https:\/\/kulturonline.tv\/at\/#website"},"primaryImageOfPage":{"@id":"https:\/\/kulturonline.tv\/at\/regisseur-jean-luc-godard-verstorben\/#primaryimage"},"image":{"@id":"https:\/\/kulturonline.tv\/at\/regisseur-jean-luc-godard-verstorben\/#primaryimage"},"thumbnailUrl":"https:\/\/kulturonline.tv\/wp-content\/uploads\/2022\/09\/Jean-Luc_Godard_kultur-online-tv-edited.jpg","datePublished":"2022-09-14T09:55:25+00:00","dateModified":"2022-09-14T09:57:06+00:00","description":"Nach Angaben der franz\u00f6sischen Zeitung \"Liberation\" starb er im Alter von 91 Jahren.","breadcrumb":{"@id":"https:\/\/kulturonline.tv\/at\/regisseur-jean-luc-godard-verstorben\/#breadcrumb"},"inLanguage":"de-AT","potentialAction":[{"@type":"ReadAction","target":["https:\/\/kulturonline.tv\/at\/regisseur-jean-luc-godard-verstorben\/"]}]},{"@type":"ImageObject","inLanguage":"de-AT","@id":"https:\/\/kulturonline.tv\/at\/regisseur-jean-luc-godard-verstorben\/#primaryimage","url":"https:\/\/kulturonline.tv\/wp-content\/uploads\/2022\/09\/Jean-Luc_Godard_kultur-online-tv-edited.jpg","contentUrl":"https:\/\/kulturonline.tv\/wp-content\/uploads\/2022\/09\/Jean-Luc_Godard_kultur-online-tv-edited.jpg","width":800,"height":450},{"@type":"BreadcrumbList","@id":"https:\/\/kulturonline.tv\/at\/regisseur-jean-luc-godard-verstorben\/#breadcrumb","itemListElement":[{"@type":"ListItem","position":1,"name":"Startseite","item":"https:\/\/kulturonline.tv\/at\/"},{"@type":"ListItem","position":2,"name":"Regisseur Jean-Luc Godard verstorben"}]},{"@type":"WebSite","@id":"https:\/\/kulturonline.tv\/at\/#website","url":"https:\/\/kulturonline.tv\/at\/","name":"Kultur Online TV &amp; FM","description":"Wir sind Kultur 2.0 zum sehen &amp; h\u00f6ren","publisher":{"@id":"https:\/\/kulturonline.tv\/at\/#organization"},"potentialAction":[{"@type":"SearchAction","target":{"@type":"EntryPoint","urlTemplate":"https:\/\/kulturonline.tv\/at\/?s={search_term_string}"},"query-input":{"@type":"PropertyValueSpecification","valueRequired":true,"valueName":"search_term_string"}}],"inLanguage":"de-AT"},{"@type":"Organization","@id":"https:\/\/kulturonline.tv\/at\/#organization","name":"Kultur Online TV","url":"https:\/\/kulturonline.tv\/at\/","logo":{"@type":"ImageObject","inLanguage":"de-AT","@id":"https:\/\/kulturonline.tv\/at\/#\/schema\/logo\/image\/","url":"https:\/\/kulturonline.tv\/wp-content\/uploads\/2021\/08\/Kultur-Online-Tv-Logo-Endversion-neu.png","contentUrl":"https:\/\/kulturonline.tv\/wp-content\/uploads\/2021\/08\/Kultur-Online-Tv-Logo-Endversion-neu.png","width":200,"height":200,"caption":"Kultur Online TV"},"image":{"@id":"https:\/\/kulturonline.tv\/at\/#\/schema\/logo\/image\/"},"sameAs":["https:\/\/www.facebook.com\/kulturonline.tv","https:\/\/www.instagram.com\/kulturonline.tv"]},{"@type":"Person","@id":"https:\/\/kulturonline.tv\/at\/#\/schema\/person\/b0fac729bb9a0c193fb1df23449df4fe","name":"guenter.wolfgang"}]}},"_links":{"self":[{"href":"https:\/\/kulturonline.tv\/at\/wp-json\/wp\/v2\/posts\/35963","targetHints":{"allow":["GET"]}}],"collection":[{"href":"https:\/\/kulturonline.tv\/at\/wp-json\/wp\/v2\/posts"}],"about":[{"href":"https:\/\/kulturonline.tv\/at\/wp-json\/wp\/v2\/types\/post"}],"author":[{"embeddable":true,"href":"https:\/\/kulturonline.tv\/at\/wp-json\/wp\/v2\/users\/2"}],"replies":[{"embeddable":true,"href":"https:\/\/kulturonline.tv\/at\/wp-json\/wp\/v2\/comments?post=35963"}],"version-history":[{"count":0,"href":"https:\/\/kulturonline.tv\/at\/wp-json\/wp\/v2\/posts\/35963\/revisions"}],"wp:featuredmedia":[{"embeddable":true,"href":"https:\/\/kulturonline.tv\/at\/wp-json\/wp\/v2\/media\/35961"}],"wp:attachment":[{"href":"https:\/\/kulturonline.tv\/at\/wp-json\/wp\/v2\/media?parent=35963"}],"wp:term":[{"taxonomy":"category","embeddable":true,"href":"https:\/\/kulturonline.tv\/at\/wp-json\/wp\/v2\/categories?post=35963"},{"taxonomy":"post_tag","embeddable":true,"href":"https:\/\/kulturonline.tv\/at\/wp-json\/wp\/v2\/tags?post=35963"}],"curies":[{"name":"wp","href":"https:\/\/api.w.org\/{rel}","templated":true}]}}