{"id":35992,"date":"2022-09-15T21:17:27","date_gmt":"2022-09-15T19:17:27","guid":{"rendered":"https:\/\/kulturonline.tv\/uncategorized\/wladimir-klitschko-nimmt-medienpreis-fuer-ukrainisches-volk-entgegen"},"modified":"2022-09-15T21:20:26","modified_gmt":"2022-09-15T19:20:26","slug":"wladimir-klitschko-nimmt-medienpreis-fuer-ukrainisches-volk-entgegen","status":"publish","type":"post","link":"https:\/\/kulturonline.tv\/at\/wladimir-klitschko-nimmt-medienpreis-fuer-ukrainisches-volk-entgegen\/","title":{"rendered":"Wladimir Klitschko nimmt Medienpreis f\u00fcr ukrainisches Volk entgegen"},"content":{"rendered":"\n<h4 class=\"wp-block-heading\">Das ukrainische Volk ist mit dem Medienpreis M100 Media Award ausgezeichnet worden. Der fr\u00fchere Boxweltmeister Wladimir Klitschko nahm den Preis in Potsdam stellvertretend entgegen.\u00a0<\/h4>\n\n\n\n<p><a href=\"https:\/\/commons.wikimedia.org\/wiki\/File:2021_-_SportsTrade_EN6_3223_(51648247702).jpg\"><\/a><\/p>\n\n\n\n<figure class=\"wp-block-image size-full\"><img fetchpriority=\"high\" decoding=\"async\" width=\"800\" height=\"450\" src=\"https:\/\/kulturonline.tv\/wp-content\/uploads\/2022\/09\/Kultur-Online-TV-1-edited.jpg\" alt=\"\" class=\"wp-image-35989\" srcset=\"https:\/\/kulturonline.tv\/wp-content\/uploads\/2022\/09\/Kultur-Online-TV-1-edited.jpg 800w, https:\/\/kulturonline.tv\/wp-content\/uploads\/2022\/09\/Kultur-Online-TV-1-edited-600x338.jpg 600w, https:\/\/kulturonline.tv\/wp-content\/uploads\/2022\/09\/Kultur-Online-TV-1-edited-768x432.jpg 768w\" sizes=\"(max-width: 800px) 100vw, 800px\" \/><figcaption>\u00a9 <a href=\"https:\/\/creativecommons.org\/licenses\/by\/2.0\" target=\"_blank\" rel=\"noreferrer noopener\">Creative Commons Attribution 2.0<\/a> <\/figcaption><\/figure>\n\n\n\n<p>Die Veranstalter w\u00fcrdigten mit der Auszeichnung, dass das ukrainische Volk sich &#8222;seit Monaten mit eiserner Standhaftigkeit gegen die brutale Invasion Russlands&#8220; wehre und seine Freiheit und Souver\u00e4nit\u00e4t auf europ\u00e4ischem Boden verteidige.<\/p>\n\n\n\n<p>Kultur Online TV<\/p>\n\n\n\n<p>#medien #news <\/p>\n","protected":false},"excerpt":{"rendered":"<p>Das ukrainische Volk ist mit dem Medienpreis M100 Media Award ausgezeichnet worden. Der fr\u00fchere Boxweltmeister Wladimir Klitschko nahm den Preis in Potsdam stellvertretend entgegen.\u00a0 Die Veranstalter w\u00fcrdigten mit der Auszeichnung, dass das ukrainische Volk sich &#8222;seit Monaten mit eiserner Standhaftigkeit gegen die brutale Invasion Russlands&#8220; wehre und seine Freiheit und Souver\u00e4nit\u00e4t auf europ\u00e4ischem Boden verteidige. [&hellip;]<\/p>\n","protected":false},"author":2,"featured_media":35990,"comment_status":"closed","ping_status":"closed","sticky":false,"template":"","format":"standard","meta":{"_acf_changed":false,"footnotes":""},"categories":[188],"tags":[],"class_list":["post-35992","post","type-post","status-publish","format-standard","has-post-thumbnail","hentry","category-medien"],"acf":[],"yoast_head":"<!-- This site is optimized with the Yoast SEO plugin v26.1.1 - https:\/\/yoast.com\/wordpress\/plugins\/seo\/ -->\n<title>Wladimir Klitschko nimmt Medienpreis f\u00fcr ukrainisches Volk entgegen - Kultur Online TV &amp; FM<\/title>\n<meta name=\"description\" content=\"Die Veranstalter w\u00fcrdigten mit der Auszeichnung, dass das ukrainische Volk sich &quot;seit Monaten mit eiserner Standhaftigkeit gegen die brutale Invasion Russlands&quot; wehre und seine Freiheit und Souver\u00e4nit\u00e4t auf europ\u00e4ischem Boden verteidige.\" \/>\n<meta name=\"robots\" content=\"index, follow, max-snippet:-1, max-image-preview:large, max-video-preview:-1\" \/>\n<link rel=\"canonical\" href=\"https:\/\/kulturonline.tv\/at\/wladimir-klitschko-nimmt-medienpreis-fuer-ukrainisches-volk-entgegen\/\" \/>\n<meta property=\"og:locale\" content=\"de_DE\" \/>\n<meta property=\"og:type\" content=\"article\" \/>\n<meta property=\"og:title\" content=\"Wladimir Klitschko nimmt Medienpreis f\u00fcr ukrainisches Volk entgegen - Kultur Online TV &amp; FM\" \/>\n<meta property=\"og:description\" content=\"Die Veranstalter w\u00fcrdigten mit der Auszeichnung, dass das ukrainische Volk sich &quot;seit Monaten mit eiserner Standhaftigkeit gegen die brutale Invasion Russlands&quot; wehre und seine Freiheit und Souver\u00e4nit\u00e4t auf europ\u00e4ischem Boden verteidige.\" \/>\n<meta property=\"og:url\" content=\"https:\/\/kulturonline.tv\/at\/wladimir-klitschko-nimmt-medienpreis-fuer-ukrainisches-volk-entgegen\/\" \/>\n<meta property=\"og:site_name\" content=\"Kultur Online TV &amp; FM\" \/>\n<meta property=\"article:publisher\" content=\"https:\/\/www.facebook.com\/kulturonline.tv\" \/>\n<meta property=\"article:published_time\" content=\"2022-09-15T19:17:27+00:00\" \/>\n<meta property=\"article:modified_time\" content=\"2022-09-15T19:20:26+00:00\" \/>\n<meta property=\"og:image\" content=\"https:\/\/kulturonline.tv\/wp-content\/uploads\/2022\/09\/Kultur-Online-TV-1-edited.jpg\" \/>\n\t<meta property=\"og:image:width\" content=\"800\" \/>\n\t<meta property=\"og:image:height\" content=\"450\" \/>\n\t<meta property=\"og:image:type\" content=\"image\/jpeg\" \/>\n<meta name=\"author\" content=\"guenter.wolfgang\" \/>\n<meta name=\"twitter:card\" content=\"summary_large_image\" \/>\n<meta name=\"twitter:label1\" content=\"Verfasst von\" \/>\n\t<meta name=\"twitter:data1\" content=\"guenter.wolfgang\" \/>\n<script type=\"application\/ld+json\" class=\"yoast-schema-graph\">{\"@context\":\"https:\/\/schema.org\",\"@graph\":[{\"@type\":\"Article\",\"@id\":\"https:\/\/kulturonline.tv\/at\/wladimir-klitschko-nimmt-medienpreis-fuer-ukrainisches-volk-entgegen\/#article\",\"isPartOf\":{\"@id\":\"https:\/\/kulturonline.tv\/at\/wladimir-klitschko-nimmt-medienpreis-fuer-ukrainisches-volk-entgegen\/\"},\"author\":{\"name\":\"guenter.wolfgang\",\"@id\":\"https:\/\/kulturonline.tv\/at\/#\/schema\/person\/b0fac729bb9a0c193fb1df23449df4fe\"},\"headline\":\"Wladimir Klitschko nimmt Medienpreis f\u00fcr ukrainisches Volk entgegen\",\"datePublished\":\"2022-09-15T19:17:27+00:00\",\"dateModified\":\"2022-09-15T19:20:26+00:00\",\"mainEntityOfPage\":{\"@id\":\"https:\/\/kulturonline.tv\/at\/wladimir-klitschko-nimmt-medienpreis-fuer-ukrainisches-volk-entgegen\/\"},\"wordCount\":77,\"publisher\":{\"@id\":\"https:\/\/kulturonline.tv\/at\/#organization\"},\"image\":{\"@id\":\"https:\/\/kulturonline.tv\/at\/wladimir-klitschko-nimmt-medienpreis-fuer-ukrainisches-volk-entgegen\/#primaryimage\"},\"thumbnailUrl\":\"https:\/\/kulturonline.tv\/wp-content\/uploads\/2022\/09\/Kultur-Online-TV-1-edited.jpg\",\"articleSection\":[\"Medien\"],\"inLanguage\":\"de-AT\"},{\"@type\":\"WebPage\",\"@id\":\"https:\/\/kulturonline.tv\/at\/wladimir-klitschko-nimmt-medienpreis-fuer-ukrainisches-volk-entgegen\/\",\"url\":\"https:\/\/kulturonline.tv\/at\/wladimir-klitschko-nimmt-medienpreis-fuer-ukrainisches-volk-entgegen\/\",\"name\":\"Wladimir Klitschko nimmt Medienpreis f\u00fcr ukrainisches Volk entgegen - Kultur Online TV &amp; FM\",\"isPartOf\":{\"@id\":\"https:\/\/kulturonline.tv\/at\/#website\"},\"primaryImageOfPage\":{\"@id\":\"https:\/\/kulturonline.tv\/at\/wladimir-klitschko-nimmt-medienpreis-fuer-ukrainisches-volk-entgegen\/#primaryimage\"},\"image\":{\"@id\":\"https:\/\/kulturonline.tv\/at\/wladimir-klitschko-nimmt-medienpreis-fuer-ukrainisches-volk-entgegen\/#primaryimage\"},\"thumbnailUrl\":\"https:\/\/kulturonline.tv\/wp-content\/uploads\/2022\/09\/Kultur-Online-TV-1-edited.jpg\",\"datePublished\":\"2022-09-15T19:17:27+00:00\",\"dateModified\":\"2022-09-15T19:20:26+00:00\",\"description\":\"Die Veranstalter w\u00fcrdigten mit der Auszeichnung, dass das ukrainische Volk sich \\\"seit Monaten mit eiserner Standhaftigkeit gegen die brutale Invasion Russlands\\\" wehre und seine Freiheit und Souver\u00e4nit\u00e4t auf europ\u00e4ischem Boden verteidige.\",\"breadcrumb\":{\"@id\":\"https:\/\/kulturonline.tv\/at\/wladimir-klitschko-nimmt-medienpreis-fuer-ukrainisches-volk-entgegen\/#breadcrumb\"},\"inLanguage\":\"de-AT\",\"potentialAction\":[{\"@type\":\"ReadAction\",\"target\":[\"https:\/\/kulturonline.tv\/at\/wladimir-klitschko-nimmt-medienpreis-fuer-ukrainisches-volk-entgegen\/\"]}]},{\"@type\":\"ImageObject\",\"inLanguage\":\"de-AT\",\"@id\":\"https:\/\/kulturonline.tv\/at\/wladimir-klitschko-nimmt-medienpreis-fuer-ukrainisches-volk-entgegen\/#primaryimage\",\"url\":\"https:\/\/kulturonline.tv\/wp-content\/uploads\/2022\/09\/Kultur-Online-TV-1-edited.jpg\",\"contentUrl\":\"https:\/\/kulturonline.tv\/wp-content\/uploads\/2022\/09\/Kultur-Online-TV-1-edited.jpg\",\"width\":800,\"height\":450},{\"@type\":\"BreadcrumbList\",\"@id\":\"https:\/\/kulturonline.tv\/at\/wladimir-klitschko-nimmt-medienpreis-fuer-ukrainisches-volk-entgegen\/#breadcrumb\",\"itemListElement\":[{\"@type\":\"ListItem\",\"position\":1,\"name\":\"Startseite\",\"item\":\"https:\/\/kulturonline.tv\/at\/\"},{\"@type\":\"ListItem\",\"position\":2,\"name\":\"Wladimir Klitschko nimmt Medienpreis f\u00fcr ukrainisches Volk entgegen\"}]},{\"@type\":\"WebSite\",\"@id\":\"https:\/\/kulturonline.tv\/at\/#website\",\"url\":\"https:\/\/kulturonline.tv\/at\/\",\"name\":\"Kultur Online TV &amp; FM\",\"description\":\"Wir sind Kultur 2.0 zum sehen &amp; h\u00f6ren\",\"publisher\":{\"@id\":\"https:\/\/kulturonline.tv\/at\/#organization\"},\"potentialAction\":[{\"@type\":\"SearchAction\",\"target\":{\"@type\":\"EntryPoint\",\"urlTemplate\":\"https:\/\/kulturonline.tv\/at\/?s={search_term_string}\"},\"query-input\":{\"@type\":\"PropertyValueSpecification\",\"valueRequired\":true,\"valueName\":\"search_term_string\"}}],\"inLanguage\":\"de-AT\"},{\"@type\":\"Organization\",\"@id\":\"https:\/\/kulturonline.tv\/at\/#organization\",\"name\":\"Kultur Online TV\",\"url\":\"https:\/\/kulturonline.tv\/at\/\",\"logo\":{\"@type\":\"ImageObject\",\"inLanguage\":\"de-AT\",\"@id\":\"https:\/\/kulturonline.tv\/at\/#\/schema\/logo\/image\/\",\"url\":\"https:\/\/kulturonline.tv\/wp-content\/uploads\/2021\/08\/Kultur-Online-Tv-Logo-Endversion-neu.png\",\"contentUrl\":\"https:\/\/kulturonline.tv\/wp-content\/uploads\/2021\/08\/Kultur-Online-Tv-Logo-Endversion-neu.png\",\"width\":200,\"height\":200,\"caption\":\"Kultur Online TV\"},\"image\":{\"@id\":\"https:\/\/kulturonline.tv\/at\/#\/schema\/logo\/image\/\"},\"sameAs\":[\"https:\/\/www.facebook.com\/kulturonline.tv\",\"https:\/\/www.instagram.com\/kulturonline.tv\"]},{\"@type\":\"Person\",\"@id\":\"https:\/\/kulturonline.tv\/at\/#\/schema\/person\/b0fac729bb9a0c193fb1df23449df4fe\",\"name\":\"guenter.wolfgang\"}]}<\/script>\n<!-- \/ Yoast SEO plugin. -->","yoast_head_json":{"title":"Wladimir Klitschko nimmt Medienpreis f\u00fcr ukrainisches Volk entgegen - Kultur Online TV &amp; FM","description":"Die Veranstalter w\u00fcrdigten mit der Auszeichnung, dass das ukrainische Volk sich \"seit Monaten mit eiserner Standhaftigkeit gegen die brutale Invasion Russlands\" wehre und seine Freiheit und Souver\u00e4nit\u00e4t auf europ\u00e4ischem Boden verteidige.","robots":{"index":"index","follow":"follow","max-snippet":"max-snippet:-1","max-image-preview":"max-image-preview:large","max-video-preview":"max-video-preview:-1"},"canonical":"https:\/\/kulturonline.tv\/at\/wladimir-klitschko-nimmt-medienpreis-fuer-ukrainisches-volk-entgegen\/","og_locale":"de_DE","og_type":"article","og_title":"Wladimir Klitschko nimmt Medienpreis f\u00fcr ukrainisches Volk entgegen - Kultur Online TV &amp; FM","og_description":"Die Veranstalter w\u00fcrdigten mit der Auszeichnung, dass das ukrainische Volk sich \"seit Monaten mit eiserner Standhaftigkeit gegen die brutale Invasion Russlands\" wehre und seine Freiheit und Souver\u00e4nit\u00e4t auf europ\u00e4ischem Boden verteidige.","og_url":"https:\/\/kulturonline.tv\/at\/wladimir-klitschko-nimmt-medienpreis-fuer-ukrainisches-volk-entgegen\/","og_site_name":"Kultur Online TV &amp; FM","article_publisher":"https:\/\/www.facebook.com\/kulturonline.tv","article_published_time":"2022-09-15T19:17:27+00:00","article_modified_time":"2022-09-15T19:20:26+00:00","og_image":[{"width":800,"height":450,"url":"https:\/\/kulturonline.tv\/wp-content\/uploads\/2022\/09\/Kultur-Online-TV-1-edited.jpg","type":"image\/jpeg"}],"author":"guenter.wolfgang","twitter_card":"summary_large_image","twitter_misc":{"Verfasst von":"guenter.wolfgang"},"schema":{"@context":"https:\/\/schema.org","@graph":[{"@type":"Article","@id":"https:\/\/kulturonline.tv\/at\/wladimir-klitschko-nimmt-medienpreis-fuer-ukrainisches-volk-entgegen\/#article","isPartOf":{"@id":"https:\/\/kulturonline.tv\/at\/wladimir-klitschko-nimmt-medienpreis-fuer-ukrainisches-volk-entgegen\/"},"author":{"name":"guenter.wolfgang","@id":"https:\/\/kulturonline.tv\/at\/#\/schema\/person\/b0fac729bb9a0c193fb1df23449df4fe"},"headline":"Wladimir Klitschko nimmt Medienpreis f\u00fcr ukrainisches Volk entgegen","datePublished":"2022-09-15T19:17:27+00:00","dateModified":"2022-09-15T19:20:26+00:00","mainEntityOfPage":{"@id":"https:\/\/kulturonline.tv\/at\/wladimir-klitschko-nimmt-medienpreis-fuer-ukrainisches-volk-entgegen\/"},"wordCount":77,"publisher":{"@id":"https:\/\/kulturonline.tv\/at\/#organization"},"image":{"@id":"https:\/\/kulturonline.tv\/at\/wladimir-klitschko-nimmt-medienpreis-fuer-ukrainisches-volk-entgegen\/#primaryimage"},"thumbnailUrl":"https:\/\/kulturonline.tv\/wp-content\/uploads\/2022\/09\/Kultur-Online-TV-1-edited.jpg","articleSection":["Medien"],"inLanguage":"de-AT"},{"@type":"WebPage","@id":"https:\/\/kulturonline.tv\/at\/wladimir-klitschko-nimmt-medienpreis-fuer-ukrainisches-volk-entgegen\/","url":"https:\/\/kulturonline.tv\/at\/wladimir-klitschko-nimmt-medienpreis-fuer-ukrainisches-volk-entgegen\/","name":"Wladimir Klitschko nimmt Medienpreis f\u00fcr ukrainisches Volk entgegen - Kultur Online TV &amp; FM","isPartOf":{"@id":"https:\/\/kulturonline.tv\/at\/#website"},"primaryImageOfPage":{"@id":"https:\/\/kulturonline.tv\/at\/wladimir-klitschko-nimmt-medienpreis-fuer-ukrainisches-volk-entgegen\/#primaryimage"},"image":{"@id":"https:\/\/kulturonline.tv\/at\/wladimir-klitschko-nimmt-medienpreis-fuer-ukrainisches-volk-entgegen\/#primaryimage"},"thumbnailUrl":"https:\/\/kulturonline.tv\/wp-content\/uploads\/2022\/09\/Kultur-Online-TV-1-edited.jpg","datePublished":"2022-09-15T19:17:27+00:00","dateModified":"2022-09-15T19:20:26+00:00","description":"Die Veranstalter w\u00fcrdigten mit der Auszeichnung, dass das ukrainische Volk sich \"seit Monaten mit eiserner Standhaftigkeit gegen die brutale Invasion Russlands\" wehre und seine Freiheit und Souver\u00e4nit\u00e4t auf europ\u00e4ischem Boden verteidige.","breadcrumb":{"@id":"https:\/\/kulturonline.tv\/at\/wladimir-klitschko-nimmt-medienpreis-fuer-ukrainisches-volk-entgegen\/#breadcrumb"},"inLanguage":"de-AT","potentialAction":[{"@type":"ReadAction","target":["https:\/\/kulturonline.tv\/at\/wladimir-klitschko-nimmt-medienpreis-fuer-ukrainisches-volk-entgegen\/"]}]},{"@type":"ImageObject","inLanguage":"de-AT","@id":"https:\/\/kulturonline.tv\/at\/wladimir-klitschko-nimmt-medienpreis-fuer-ukrainisches-volk-entgegen\/#primaryimage","url":"https:\/\/kulturonline.tv\/wp-content\/uploads\/2022\/09\/Kultur-Online-TV-1-edited.jpg","contentUrl":"https:\/\/kulturonline.tv\/wp-content\/uploads\/2022\/09\/Kultur-Online-TV-1-edited.jpg","width":800,"height":450},{"@type":"BreadcrumbList","@id":"https:\/\/kulturonline.tv\/at\/wladimir-klitschko-nimmt-medienpreis-fuer-ukrainisches-volk-entgegen\/#breadcrumb","itemListElement":[{"@type":"ListItem","position":1,"name":"Startseite","item":"https:\/\/kulturonline.tv\/at\/"},{"@type":"ListItem","position":2,"name":"Wladimir Klitschko nimmt Medienpreis f\u00fcr ukrainisches Volk entgegen"}]},{"@type":"WebSite","@id":"https:\/\/kulturonline.tv\/at\/#website","url":"https:\/\/kulturonline.tv\/at\/","name":"Kultur Online TV &amp; FM","description":"Wir sind Kultur 2.0 zum sehen &amp; h\u00f6ren","publisher":{"@id":"https:\/\/kulturonline.tv\/at\/#organization"},"potentialAction":[{"@type":"SearchAction","target":{"@type":"EntryPoint","urlTemplate":"https:\/\/kulturonline.tv\/at\/?s={search_term_string}"},"query-input":{"@type":"PropertyValueSpecification","valueRequired":true,"valueName":"search_term_string"}}],"inLanguage":"de-AT"},{"@type":"Organization","@id":"https:\/\/kulturonline.tv\/at\/#organization","name":"Kultur Online TV","url":"https:\/\/kulturonline.tv\/at\/","logo":{"@type":"ImageObject","inLanguage":"de-AT","@id":"https:\/\/kulturonline.tv\/at\/#\/schema\/logo\/image\/","url":"https:\/\/kulturonline.tv\/wp-content\/uploads\/2021\/08\/Kultur-Online-Tv-Logo-Endversion-neu.png","contentUrl":"https:\/\/kulturonline.tv\/wp-content\/uploads\/2021\/08\/Kultur-Online-Tv-Logo-Endversion-neu.png","width":200,"height":200,"caption":"Kultur Online TV"},"image":{"@id":"https:\/\/kulturonline.tv\/at\/#\/schema\/logo\/image\/"},"sameAs":["https:\/\/www.facebook.com\/kulturonline.tv","https:\/\/www.instagram.com\/kulturonline.tv"]},{"@type":"Person","@id":"https:\/\/kulturonline.tv\/at\/#\/schema\/person\/b0fac729bb9a0c193fb1df23449df4fe","name":"guenter.wolfgang"}]}},"_links":{"self":[{"href":"https:\/\/kulturonline.tv\/at\/wp-json\/wp\/v2\/posts\/35992","targetHints":{"allow":["GET"]}}],"collection":[{"href":"https:\/\/kulturonline.tv\/at\/wp-json\/wp\/v2\/posts"}],"about":[{"href":"https:\/\/kulturonline.tv\/at\/wp-json\/wp\/v2\/types\/post"}],"author":[{"embeddable":true,"href":"https:\/\/kulturonline.tv\/at\/wp-json\/wp\/v2\/users\/2"}],"replies":[{"embeddable":true,"href":"https:\/\/kulturonline.tv\/at\/wp-json\/wp\/v2\/comments?post=35992"}],"version-history":[{"count":0,"href":"https:\/\/kulturonline.tv\/at\/wp-json\/wp\/v2\/posts\/35992\/revisions"}],"wp:featuredmedia":[{"embeddable":true,"href":"https:\/\/kulturonline.tv\/at\/wp-json\/wp\/v2\/media\/35990"}],"wp:attachment":[{"href":"https:\/\/kulturonline.tv\/at\/wp-json\/wp\/v2\/media?parent=35992"}],"wp:term":[{"taxonomy":"category","embeddable":true,"href":"https:\/\/kulturonline.tv\/at\/wp-json\/wp\/v2\/categories?post=35992"},{"taxonomy":"post_tag","embeddable":true,"href":"https:\/\/kulturonline.tv\/at\/wp-json\/wp\/v2\/tags?post=35992"}],"curies":[{"name":"wp","href":"https:\/\/api.w.org\/{rel}","templated":true}]}}