{"id":36002,"date":"2022-09-15T21:28:34","date_gmt":"2022-09-15T19:28:34","guid":{"rendered":"https:\/\/kulturonline.tv\/uncategorized\/wim-wenders-erhaelt-kunstpreis-praemium-imperiale"},"modified":"2022-09-15T21:59:09","modified_gmt":"2022-09-15T19:59:09","slug":"wim-wenders-erhaelt-kunstpreis-praemium-imperiale","status":"publish","type":"post","link":"https:\/\/kulturonline.tv\/at\/wim-wenders-erhaelt-kunstpreis-praemium-imperiale\/","title":{"rendered":"Wim Wenders erh\u00e4lt Kunstpreis Praemium Imperiale"},"content":{"rendered":"\n<p><strong>Der Regisseur Wim Wenders wird mit dem Kulturpreis Praemium Imperiale ausgezeichnet.<\/strong><\/p>\n\n\n\n<figure class=\"wp-block-image size-full is-resized\"><img decoding=\"async\" src=\"https:\/\/kulturonline.tv\/wp-content\/uploads\/2022\/09\/Wim-Wenders-Kultur-Online-Tv-edited.jpg\" alt=\"\" class=\"wp-image-35997\" width=\"841\" srcset=\"https:\/\/kulturonline.tv\/wp-content\/uploads\/2022\/09\/Wim-Wenders-Kultur-Online-Tv-edited.jpg 640w, https:\/\/kulturonline.tv\/wp-content\/uploads\/2022\/09\/Wim-Wenders-Kultur-Online-Tv-edited-600x338.jpg 600w\" sizes=\"(max-width: 640px) 100vw, 640px\" \/><figcaption>Wim Wenders in Cannes in 2002. My own picture&nbsp;<a href=\"https:\/\/en.wikipedia.org\/wiki\/Wim_Wenders\">Wenders Wim<\/a>&nbsp;in Cannes in 2002. My own picture. Copyright \u00a9 2002&nbsp;<a href=\"https:\/\/commons.wikimedia.org\/w\/index.php?title=User:Nikita&amp;action=edit&amp;redlink=1\">Rita Moln\u00e1r<\/a>&nbsp;Wikimedia<\/figcaption><\/figure>\n\n\n\n<p>Der deutsche Regisseur Wim Wenders und der in der Schweiz lebende polnische Pianist Krystian Zimerman bekommen den Kulturpreis Praemium Imperiale. Zu den diesj\u00e4hrigen Preistr\u00e4gern geh\u00f6ren auch der chinesische K\u00fcnstler Ai Weiwei, sowie der italienische Maler Giulio Paolini und das japanische Architekturb\u00fcro Sanna.<\/p>\n\n\n\n<p>Der Praemium Imperiale wird j\u00e4hrlich verliehen und ist mit jeweils umgerechnet rund 110 000 Euro dotiert. Er wird seit 1989 auf Anregung des japanischen Kaiserhauses in Andenken an Prinz Takamatsu (1905-1987) vergeben. Laut Webseite der Vereinigung war es sein Wunsch, dass Japan den Weltfrieden durch die K\u00fcnste f\u00f6rdere.<\/p>\n\n\n\n<p>Kultur Online TV<\/p>\n\n\n\n<p>#kunst #kultur# news<\/p>\n\n\n\n<figure class=\"wp-block-image\"><img decoding=\"async\" src=\"https:\/\/www.bote.ch\/_\/pics\/spacer.gif\" alt=\"ARCHIV - Der deutsche Filmregisseur Wim Wenders. Foto: Markus Scholz\/dpa\" title=\"ARCHIV - Der deutsche Filmregisseur Wim Wenders. Foto: Markus Scholz\/dpa\"\/><figcaption>Bild: Keystone\/dpa\/Markus Scholz<\/figcaption><\/figure>\n","protected":false},"excerpt":{"rendered":"<p>Der Regisseur Wim Wenders wird mit dem Kulturpreis Praemium Imperiale ausgezeichnet. Der deutsche Regisseur Wim Wenders und der in der Schweiz lebende polnische Pianist Krystian Zimerman bekommen den Kulturpreis Praemium Imperiale. Zu den diesj\u00e4hrigen Preistr\u00e4gern geh\u00f6ren auch der chinesische K\u00fcnstler Ai Weiwei, sowie der italienische Maler Giulio Paolini und das japanische Architekturb\u00fcro Sanna. Der Praemium [&hellip;]<\/p>\n","protected":false},"author":2,"featured_media":35998,"comment_status":"closed","ping_status":"closed","sticky":false,"template":"","format":"standard","meta":{"_acf_changed":false,"footnotes":""},"categories":[188],"tags":[],"class_list":["post-36002","post","type-post","status-publish","format-standard","has-post-thumbnail","hentry","category-medien"],"acf":[],"yoast_head":"<!-- This site is optimized with the Yoast SEO plugin v26.1.1 - https:\/\/yoast.com\/wordpress\/plugins\/seo\/ -->\n<title>Wim Wenders erh\u00e4lt Kunstpreis Praemium Imperiale - Kultur Online TV &amp; FM<\/title>\n<meta name=\"description\" content=\"Der Regisseur Wim Wenders wird mit dem Kulturpreis Praemium Imperiale ausgezeichnet.\" \/>\n<meta name=\"robots\" content=\"index, follow, max-snippet:-1, max-image-preview:large, max-video-preview:-1\" \/>\n<link rel=\"canonical\" href=\"https:\/\/kulturonline.tv\/at\/wim-wenders-erhaelt-kunstpreis-praemium-imperiale\/\" \/>\n<meta property=\"og:locale\" content=\"de_DE\" \/>\n<meta property=\"og:type\" content=\"article\" \/>\n<meta property=\"og:title\" content=\"Wim Wenders erh\u00e4lt Kunstpreis Praemium Imperiale - Kultur Online TV &amp; FM\" \/>\n<meta property=\"og:description\" content=\"Der Regisseur Wim Wenders wird mit dem Kulturpreis Praemium Imperiale ausgezeichnet.\" \/>\n<meta property=\"og:url\" content=\"https:\/\/kulturonline.tv\/at\/wim-wenders-erhaelt-kunstpreis-praemium-imperiale\/\" \/>\n<meta property=\"og:site_name\" content=\"Kultur Online TV &amp; FM\" \/>\n<meta property=\"article:publisher\" content=\"https:\/\/www.facebook.com\/kulturonline.tv\" \/>\n<meta property=\"article:published_time\" content=\"2022-09-15T19:28:34+00:00\" \/>\n<meta property=\"article:modified_time\" content=\"2022-09-15T19:59:09+00:00\" \/>\n<meta property=\"og:image\" content=\"https:\/\/kulturonline.tv\/wp-content\/uploads\/2022\/09\/Wim-Wenders-Kultur-Online-Tv-edited.jpg\" \/>\n\t<meta property=\"og:image:width\" content=\"640\" \/>\n\t<meta property=\"og:image:height\" content=\"360\" \/>\n\t<meta property=\"og:image:type\" content=\"image\/jpeg\" \/>\n<meta name=\"author\" content=\"guenter.wolfgang\" \/>\n<meta name=\"twitter:card\" content=\"summary_large_image\" \/>\n<meta name=\"twitter:label1\" content=\"Verfasst von\" \/>\n\t<meta name=\"twitter:data1\" content=\"guenter.wolfgang\" \/>\n\t<meta name=\"twitter:label2\" content=\"Gesch\u00e4tzte Lesezeit\" \/>\n\t<meta name=\"twitter:data2\" content=\"1 Minute\" \/>\n<script type=\"application\/ld+json\" class=\"yoast-schema-graph\">{\"@context\":\"https:\/\/schema.org\",\"@graph\":[{\"@type\":\"Article\",\"@id\":\"https:\/\/kulturonline.tv\/at\/wim-wenders-erhaelt-kunstpreis-praemium-imperiale\/#article\",\"isPartOf\":{\"@id\":\"https:\/\/kulturonline.tv\/at\/wim-wenders-erhaelt-kunstpreis-praemium-imperiale\/\"},\"author\":{\"name\":\"guenter.wolfgang\",\"@id\":\"https:\/\/kulturonline.tv\/at\/#\/schema\/person\/b0fac729bb9a0c193fb1df23449df4fe\"},\"headline\":\"Wim Wenders erh\u00e4lt Kunstpreis Praemium Imperiale\",\"datePublished\":\"2022-09-15T19:28:34+00:00\",\"dateModified\":\"2022-09-15T19:59:09+00:00\",\"mainEntityOfPage\":{\"@id\":\"https:\/\/kulturonline.tv\/at\/wim-wenders-erhaelt-kunstpreis-praemium-imperiale\/\"},\"wordCount\":149,\"publisher\":{\"@id\":\"https:\/\/kulturonline.tv\/at\/#organization\"},\"image\":{\"@id\":\"https:\/\/kulturonline.tv\/at\/wim-wenders-erhaelt-kunstpreis-praemium-imperiale\/#primaryimage\"},\"thumbnailUrl\":\"https:\/\/kulturonline.tv\/wp-content\/uploads\/2022\/09\/Wim-Wenders-Kultur-Online-Tv-edited.jpg\",\"articleSection\":[\"Medien\"],\"inLanguage\":\"de-AT\"},{\"@type\":\"WebPage\",\"@id\":\"https:\/\/kulturonline.tv\/at\/wim-wenders-erhaelt-kunstpreis-praemium-imperiale\/\",\"url\":\"https:\/\/kulturonline.tv\/at\/wim-wenders-erhaelt-kunstpreis-praemium-imperiale\/\",\"name\":\"Wim Wenders erh\u00e4lt Kunstpreis Praemium Imperiale - Kultur Online TV &amp; FM\",\"isPartOf\":{\"@id\":\"https:\/\/kulturonline.tv\/at\/#website\"},\"primaryImageOfPage\":{\"@id\":\"https:\/\/kulturonline.tv\/at\/wim-wenders-erhaelt-kunstpreis-praemium-imperiale\/#primaryimage\"},\"image\":{\"@id\":\"https:\/\/kulturonline.tv\/at\/wim-wenders-erhaelt-kunstpreis-praemium-imperiale\/#primaryimage\"},\"thumbnailUrl\":\"https:\/\/kulturonline.tv\/wp-content\/uploads\/2022\/09\/Wim-Wenders-Kultur-Online-Tv-edited.jpg\",\"datePublished\":\"2022-09-15T19:28:34+00:00\",\"dateModified\":\"2022-09-15T19:59:09+00:00\",\"description\":\"Der Regisseur Wim Wenders wird mit dem Kulturpreis Praemium Imperiale ausgezeichnet.\",\"breadcrumb\":{\"@id\":\"https:\/\/kulturonline.tv\/at\/wim-wenders-erhaelt-kunstpreis-praemium-imperiale\/#breadcrumb\"},\"inLanguage\":\"de-AT\",\"potentialAction\":[{\"@type\":\"ReadAction\",\"target\":[\"https:\/\/kulturonline.tv\/at\/wim-wenders-erhaelt-kunstpreis-praemium-imperiale\/\"]}]},{\"@type\":\"ImageObject\",\"inLanguage\":\"de-AT\",\"@id\":\"https:\/\/kulturonline.tv\/at\/wim-wenders-erhaelt-kunstpreis-praemium-imperiale\/#primaryimage\",\"url\":\"https:\/\/kulturonline.tv\/wp-content\/uploads\/2022\/09\/Wim-Wenders-Kultur-Online-Tv-edited.jpg\",\"contentUrl\":\"https:\/\/kulturonline.tv\/wp-content\/uploads\/2022\/09\/Wim-Wenders-Kultur-Online-Tv-edited.jpg\",\"width\":640,\"height\":360},{\"@type\":\"BreadcrumbList\",\"@id\":\"https:\/\/kulturonline.tv\/at\/wim-wenders-erhaelt-kunstpreis-praemium-imperiale\/#breadcrumb\",\"itemListElement\":[{\"@type\":\"ListItem\",\"position\":1,\"name\":\"Startseite\",\"item\":\"https:\/\/kulturonline.tv\/at\/\"},{\"@type\":\"ListItem\",\"position\":2,\"name\":\"Wim Wenders erh\u00e4lt Kunstpreis Praemium Imperiale\"}]},{\"@type\":\"WebSite\",\"@id\":\"https:\/\/kulturonline.tv\/at\/#website\",\"url\":\"https:\/\/kulturonline.tv\/at\/\",\"name\":\"Kultur Online TV &amp; FM\",\"description\":\"Wir sind Kultur 2.0 zum sehen &amp; h\u00f6ren\",\"publisher\":{\"@id\":\"https:\/\/kulturonline.tv\/at\/#organization\"},\"potentialAction\":[{\"@type\":\"SearchAction\",\"target\":{\"@type\":\"EntryPoint\",\"urlTemplate\":\"https:\/\/kulturonline.tv\/at\/?s={search_term_string}\"},\"query-input\":{\"@type\":\"PropertyValueSpecification\",\"valueRequired\":true,\"valueName\":\"search_term_string\"}}],\"inLanguage\":\"de-AT\"},{\"@type\":\"Organization\",\"@id\":\"https:\/\/kulturonline.tv\/at\/#organization\",\"name\":\"Kultur Online TV\",\"url\":\"https:\/\/kulturonline.tv\/at\/\",\"logo\":{\"@type\":\"ImageObject\",\"inLanguage\":\"de-AT\",\"@id\":\"https:\/\/kulturonline.tv\/at\/#\/schema\/logo\/image\/\",\"url\":\"https:\/\/kulturonline.tv\/wp-content\/uploads\/2021\/08\/Kultur-Online-Tv-Logo-Endversion-neu.png\",\"contentUrl\":\"https:\/\/kulturonline.tv\/wp-content\/uploads\/2021\/08\/Kultur-Online-Tv-Logo-Endversion-neu.png\",\"width\":200,\"height\":200,\"caption\":\"Kultur Online TV\"},\"image\":{\"@id\":\"https:\/\/kulturonline.tv\/at\/#\/schema\/logo\/image\/\"},\"sameAs\":[\"https:\/\/www.facebook.com\/kulturonline.tv\",\"https:\/\/www.instagram.com\/kulturonline.tv\"]},{\"@type\":\"Person\",\"@id\":\"https:\/\/kulturonline.tv\/at\/#\/schema\/person\/b0fac729bb9a0c193fb1df23449df4fe\",\"name\":\"guenter.wolfgang\"}]}<\/script>\n<!-- \/ Yoast SEO plugin. -->","yoast_head_json":{"title":"Wim Wenders erh\u00e4lt Kunstpreis Praemium Imperiale - Kultur Online TV &amp; FM","description":"Der Regisseur Wim Wenders wird mit dem Kulturpreis Praemium Imperiale ausgezeichnet.","robots":{"index":"index","follow":"follow","max-snippet":"max-snippet:-1","max-image-preview":"max-image-preview:large","max-video-preview":"max-video-preview:-1"},"canonical":"https:\/\/kulturonline.tv\/at\/wim-wenders-erhaelt-kunstpreis-praemium-imperiale\/","og_locale":"de_DE","og_type":"article","og_title":"Wim Wenders erh\u00e4lt Kunstpreis Praemium Imperiale - Kultur Online TV &amp; FM","og_description":"Der Regisseur Wim Wenders wird mit dem Kulturpreis Praemium Imperiale ausgezeichnet.","og_url":"https:\/\/kulturonline.tv\/at\/wim-wenders-erhaelt-kunstpreis-praemium-imperiale\/","og_site_name":"Kultur Online TV &amp; FM","article_publisher":"https:\/\/www.facebook.com\/kulturonline.tv","article_published_time":"2022-09-15T19:28:34+00:00","article_modified_time":"2022-09-15T19:59:09+00:00","og_image":[{"width":640,"height":360,"url":"https:\/\/kulturonline.tv\/wp-content\/uploads\/2022\/09\/Wim-Wenders-Kultur-Online-Tv-edited.jpg","type":"image\/jpeg"}],"author":"guenter.wolfgang","twitter_card":"summary_large_image","twitter_misc":{"Verfasst von":"guenter.wolfgang","Gesch\u00e4tzte Lesezeit":"1 Minute"},"schema":{"@context":"https:\/\/schema.org","@graph":[{"@type":"Article","@id":"https:\/\/kulturonline.tv\/at\/wim-wenders-erhaelt-kunstpreis-praemium-imperiale\/#article","isPartOf":{"@id":"https:\/\/kulturonline.tv\/at\/wim-wenders-erhaelt-kunstpreis-praemium-imperiale\/"},"author":{"name":"guenter.wolfgang","@id":"https:\/\/kulturonline.tv\/at\/#\/schema\/person\/b0fac729bb9a0c193fb1df23449df4fe"},"headline":"Wim Wenders erh\u00e4lt Kunstpreis Praemium Imperiale","datePublished":"2022-09-15T19:28:34+00:00","dateModified":"2022-09-15T19:59:09+00:00","mainEntityOfPage":{"@id":"https:\/\/kulturonline.tv\/at\/wim-wenders-erhaelt-kunstpreis-praemium-imperiale\/"},"wordCount":149,"publisher":{"@id":"https:\/\/kulturonline.tv\/at\/#organization"},"image":{"@id":"https:\/\/kulturonline.tv\/at\/wim-wenders-erhaelt-kunstpreis-praemium-imperiale\/#primaryimage"},"thumbnailUrl":"https:\/\/kulturonline.tv\/wp-content\/uploads\/2022\/09\/Wim-Wenders-Kultur-Online-Tv-edited.jpg","articleSection":["Medien"],"inLanguage":"de-AT"},{"@type":"WebPage","@id":"https:\/\/kulturonline.tv\/at\/wim-wenders-erhaelt-kunstpreis-praemium-imperiale\/","url":"https:\/\/kulturonline.tv\/at\/wim-wenders-erhaelt-kunstpreis-praemium-imperiale\/","name":"Wim Wenders erh\u00e4lt Kunstpreis Praemium Imperiale - Kultur Online TV &amp; FM","isPartOf":{"@id":"https:\/\/kulturonline.tv\/at\/#website"},"primaryImageOfPage":{"@id":"https:\/\/kulturonline.tv\/at\/wim-wenders-erhaelt-kunstpreis-praemium-imperiale\/#primaryimage"},"image":{"@id":"https:\/\/kulturonline.tv\/at\/wim-wenders-erhaelt-kunstpreis-praemium-imperiale\/#primaryimage"},"thumbnailUrl":"https:\/\/kulturonline.tv\/wp-content\/uploads\/2022\/09\/Wim-Wenders-Kultur-Online-Tv-edited.jpg","datePublished":"2022-09-15T19:28:34+00:00","dateModified":"2022-09-15T19:59:09+00:00","description":"Der Regisseur Wim Wenders wird mit dem Kulturpreis Praemium Imperiale ausgezeichnet.","breadcrumb":{"@id":"https:\/\/kulturonline.tv\/at\/wim-wenders-erhaelt-kunstpreis-praemium-imperiale\/#breadcrumb"},"inLanguage":"de-AT","potentialAction":[{"@type":"ReadAction","target":["https:\/\/kulturonline.tv\/at\/wim-wenders-erhaelt-kunstpreis-praemium-imperiale\/"]}]},{"@type":"ImageObject","inLanguage":"de-AT","@id":"https:\/\/kulturonline.tv\/at\/wim-wenders-erhaelt-kunstpreis-praemium-imperiale\/#primaryimage","url":"https:\/\/kulturonline.tv\/wp-content\/uploads\/2022\/09\/Wim-Wenders-Kultur-Online-Tv-edited.jpg","contentUrl":"https:\/\/kulturonline.tv\/wp-content\/uploads\/2022\/09\/Wim-Wenders-Kultur-Online-Tv-edited.jpg","width":640,"height":360},{"@type":"BreadcrumbList","@id":"https:\/\/kulturonline.tv\/at\/wim-wenders-erhaelt-kunstpreis-praemium-imperiale\/#breadcrumb","itemListElement":[{"@type":"ListItem","position":1,"name":"Startseite","item":"https:\/\/kulturonline.tv\/at\/"},{"@type":"ListItem","position":2,"name":"Wim Wenders erh\u00e4lt Kunstpreis Praemium Imperiale"}]},{"@type":"WebSite","@id":"https:\/\/kulturonline.tv\/at\/#website","url":"https:\/\/kulturonline.tv\/at\/","name":"Kultur Online TV &amp; FM","description":"Wir sind Kultur 2.0 zum sehen &amp; h\u00f6ren","publisher":{"@id":"https:\/\/kulturonline.tv\/at\/#organization"},"potentialAction":[{"@type":"SearchAction","target":{"@type":"EntryPoint","urlTemplate":"https:\/\/kulturonline.tv\/at\/?s={search_term_string}"},"query-input":{"@type":"PropertyValueSpecification","valueRequired":true,"valueName":"search_term_string"}}],"inLanguage":"de-AT"},{"@type":"Organization","@id":"https:\/\/kulturonline.tv\/at\/#organization","name":"Kultur Online TV","url":"https:\/\/kulturonline.tv\/at\/","logo":{"@type":"ImageObject","inLanguage":"de-AT","@id":"https:\/\/kulturonline.tv\/at\/#\/schema\/logo\/image\/","url":"https:\/\/kulturonline.tv\/wp-content\/uploads\/2021\/08\/Kultur-Online-Tv-Logo-Endversion-neu.png","contentUrl":"https:\/\/kulturonline.tv\/wp-content\/uploads\/2021\/08\/Kultur-Online-Tv-Logo-Endversion-neu.png","width":200,"height":200,"caption":"Kultur Online TV"},"image":{"@id":"https:\/\/kulturonline.tv\/at\/#\/schema\/logo\/image\/"},"sameAs":["https:\/\/www.facebook.com\/kulturonline.tv","https:\/\/www.instagram.com\/kulturonline.tv"]},{"@type":"Person","@id":"https:\/\/kulturonline.tv\/at\/#\/schema\/person\/b0fac729bb9a0c193fb1df23449df4fe","name":"guenter.wolfgang"}]}},"_links":{"self":[{"href":"https:\/\/kulturonline.tv\/at\/wp-json\/wp\/v2\/posts\/36002","targetHints":{"allow":["GET"]}}],"collection":[{"href":"https:\/\/kulturonline.tv\/at\/wp-json\/wp\/v2\/posts"}],"about":[{"href":"https:\/\/kulturonline.tv\/at\/wp-json\/wp\/v2\/types\/post"}],"author":[{"embeddable":true,"href":"https:\/\/kulturonline.tv\/at\/wp-json\/wp\/v2\/users\/2"}],"replies":[{"embeddable":true,"href":"https:\/\/kulturonline.tv\/at\/wp-json\/wp\/v2\/comments?post=36002"}],"version-history":[{"count":0,"href":"https:\/\/kulturonline.tv\/at\/wp-json\/wp\/v2\/posts\/36002\/revisions"}],"wp:featuredmedia":[{"embeddable":true,"href":"https:\/\/kulturonline.tv\/at\/wp-json\/wp\/v2\/media\/35998"}],"wp:attachment":[{"href":"https:\/\/kulturonline.tv\/at\/wp-json\/wp\/v2\/media?parent=36002"}],"wp:term":[{"taxonomy":"category","embeddable":true,"href":"https:\/\/kulturonline.tv\/at\/wp-json\/wp\/v2\/categories?post=36002"},{"taxonomy":"post_tag","embeddable":true,"href":"https:\/\/kulturonline.tv\/at\/wp-json\/wp\/v2\/tags?post=36002"}],"curies":[{"name":"wp","href":"https:\/\/api.w.org\/{rel}","templated":true}]}}