{"id":36019,"date":"2022-09-15T21:56:48","date_gmt":"2022-09-15T19:56:48","guid":{"rendered":"https:\/\/kulturonline.tv\/uncategorized\/deutscher-fernsehpreis-2022"},"modified":"2022-09-15T21:57:00","modified_gmt":"2022-09-15T19:57:00","slug":"deutscher-fernsehpreis-2022","status":"publish","type":"post","link":"https:\/\/kulturonline.tv\/at\/deutscher-fernsehpreis-2022\/","title":{"rendered":"Deutscher Fernsehpreis 2022"},"content":{"rendered":"\n<p><strong>In K\u00f6ln wurde der Deutsche Fernsehpreis in 28 Kategorien verliehen.<\/strong><\/p>\n\n\n\n<figure class=\"wp-block-image size-large\"><img fetchpriority=\"high\" decoding=\"async\" width=\"2560\" height=\"1440\" src=\"https:\/\/kulturonline.tv\/wp-content\/uploads\/2022\/09\/1_Deutscher_Fernsehpreis_2022_Logo-edited-scaled.jpg\" alt=\"\" class=\"wp-image-36008\" srcset=\"https:\/\/kulturonline.tv\/wp-content\/uploads\/2022\/09\/1_Deutscher_Fernsehpreis_2022_Logo-edited-scaled.jpg 2560w, https:\/\/kulturonline.tv\/wp-content\/uploads\/2022\/09\/1_Deutscher_Fernsehpreis_2022_Logo-edited-scaled-600x338.jpg 600w, https:\/\/kulturonline.tv\/wp-content\/uploads\/2022\/09\/1_Deutscher_Fernsehpreis_2022_Logo-edited-800x450.jpg 800w, https:\/\/kulturonline.tv\/wp-content\/uploads\/2022\/09\/1_Deutscher_Fernsehpreis_2022_Logo-edited-1600x900.jpg 1600w, https:\/\/kulturonline.tv\/wp-content\/uploads\/2022\/09\/1_Deutscher_Fernsehpreis_2022_Logo-edited-768x432.jpg 768w, https:\/\/kulturonline.tv\/wp-content\/uploads\/2022\/09\/1_Deutscher_Fernsehpreis_2022_Logo-edited-1536x864.jpg 1536w, https:\/\/kulturonline.tv\/wp-content\/uploads\/2022\/09\/1_Deutscher_Fernsehpreis_2022_Logo-edited-2048x1152.jpg 2048w\" sizes=\"(max-width: 2560px) 100vw, 2560px\" \/><figcaption>WESTDEUTSCHER RUNDFUNK K\u00d6LN Der Deutsche Fernsehpreis 2022 &#8211; Logo \u00a9 WDR\/DFP2022<\/figcaption><\/figure>\n\n\n\n<p>Die Verleihung fand in diesem Jahr an zwei aufeinanderfolgenden Abenden statt.<\/p>\n\n\n\n<p><strong>Das sind die diesj\u00e4hrigen Gewinner<\/strong><\/p>\n\n\n\n<p><strong>Giovanni Zarrella in der Kategorie &#8222;Beste Einzelleistung\/Moderation Unterhaltung&#8220;.\u00a0<\/strong><\/p>\n\n\n\n<figure class=\"wp-block-image size-full is-resized\"><img decoding=\"async\" src=\"https:\/\/kulturonline.tv\/wp-content\/uploads\/2022\/09\/Giovanni-Zarrella-Kultur-Online-Tv-edited.jpg\" alt=\"\" class=\"wp-image-36012\" width=\"839\" srcset=\"https:\/\/kulturonline.tv\/wp-content\/uploads\/2022\/09\/Giovanni-Zarrella-Kultur-Online-Tv-edited.jpg 640w, https:\/\/kulturonline.tv\/wp-content\/uploads\/2022\/09\/Giovanni-Zarrella-Kultur-Online-Tv-edited-600x338.jpg 600w\" sizes=\"(max-width: 640px) 100vw, 640px\" \/><\/figure>\n\n\n\n<h6 class=\"wp-block-heading\">\u00a9 Bild This file is licensed under the\u00a0<a href=\"https:\/\/en.wikipedia.org\/wiki\/en:Creative_Commons\">Creative Commons<\/a>\u00a0<a href=\"https:\/\/creativecommons.org\/licenses\/by-sa\/4.0\/deed.en\">Attribution-Share Alike 4.0 International<\/a>\u00a0license. <\/h6>\n\n\n\n<p>Moritz Bleibtreu gl\u00e4nzte in der RTL+-Serie als Kunstf\u00e4lscher Konrad Kujau, beim zweiten Teil der Verleihung wurde Moritz Bleibtreu als &#8222;Bester Schauspieler&#8220; ausgezeichnet. Die Serie &#8222;Faking Hitler&#8220;, in der Bleibtreu den kauzigen Kunstf\u00e4lscher\u00a0<a class=\"\" href=\"https:\/\/www.gala.de\/lifestyle\/film-tv-musik\/themen\/konrad-kujau-22431892.html\">Konrad Kujau<\/a>\u00a0(1938-2000) an der Seite von\u00a0<a href=\"https:\/\/www.gala.de\/stars\/starportraets\/lars-eidinger-20583036.html\">Lars Eidinger<\/a>,\u00a0als &#8222;Stern&#8220;-Reporter Gerd Heidemann, 90,\u00a0verk\u00f6rperte, r\u00e4umte hingegen als &#8222;Beste Drama-Serie&#8220; einen weiteren begehrten Preis ab.<\/p>\n\n\n\n<p>Dar\u00fcber hinaus bekamen unter anderem als &#8222;Beste Unterhaltungshow&#8220; &#8222;Wer stiehlt mir die Show?&#8220; von und mit Joko Winterscheidt und die Amazon-Produktion &#8222;LOL &#8211; Last One Laughing&#8220; in der Kategorie &#8222;Beste Comedy\/Late Night&#8220; Troph\u00e4en \u00fcberreicht. Als &#8222;Bester Fernsehfilm&#8220; wurde zudem &#8222;Die Wannseekonferenz&#8220; (ZDF) ausgezeichnet.<\/p>\n\n\n\n<figure class=\"wp-block-image size-full is-resized\"><img decoding=\"async\" src=\"https:\/\/kulturonline.tv\/wp-content\/uploads\/2022\/09\/Iris_Berben_-Kultur-Online-Tv-edited.jpg\" alt=\"\" class=\"wp-image-36016\" width=\"835\" srcset=\"https:\/\/kulturonline.tv\/wp-content\/uploads\/2022\/09\/Iris_Berben_-Kultur-Online-Tv-edited.jpg 640w, https:\/\/kulturonline.tv\/wp-content\/uploads\/2022\/09\/Iris_Berben_-Kultur-Online-Tv-edited-600x338.jpg 600w\" sizes=\"(max-width: 640px) 100vw, 640px\" \/><\/figure>\n\n\n\n<h5 class=\"wp-block-heading\">\u00a9 <a href=\"https:\/\/creativecommons.org\/licenses\/by\/3.0\" target=\"_blank\" rel=\"noreferrer noopener\">C<\/a><a href=\"https:\/\/creativecommons.org\/licenses\/by\/3.0\">reative Commons Attribution 3.0<\/a><\/h5>\n\n\n\n<p>Den Preis als &#8222;Beste Unterhaltung Reality&#8220; r\u00e4umte &#8222;Kampf der Realitystars&#8220; (RTLzwei) ab, der von Moderatorin Cathy Hummels, 34, entgegengenommen wurde. &#8222;Bester Mehrteiler&#8220; wurde &#8222;The Billion Dollar Code&#8220; vom Streamingportal Netflix, den Ehrenpreis f\u00fcr ihr Lebenswerk nahm die Schauspielerin Iris Berben, 72, entgegen. <\/p>\n\n\n\n<p>Jan B\u00f6hmermann, wurde in der Kategorie &#8222;Bestes Buch Unterhaltung&#8220; zusammen mit Markus Hennig, Hanna Herbst und Nora Nagel f\u00fcr die Show &#8222;ZDF Magazin Royale&#8220; ausgezeichnet. <\/p>\n\n\n\n<p>In der Kategorie &#8222;Beste Regie Fiktion&#8220; gewannen Cyrill Boss und Philipp Stennert f\u00fcr &#8222;Der Pass&#8220;, die Troph\u00e4e f\u00fcr &#8222;Bestes Buch Fiktion&#8220; ging an Magnus Vattrodt und Paul Mommertz f\u00fcr &#8222;Die Wannseekonferenz&#8220;, die Auszeichnung f\u00fcr &#8222;Beste Kamera Fiktion&#8220; an Philip Peschlow ebenfalls f\u00fcr &#8222;Der Pass&#8220;.<\/p>\n\n\n\n<p>Weitere Preistr\u00e4ger in der Sparte &#8222;Bester Schnitt Fiktion&#8220; Friederike Weymar f\u00fcr &#8222;Schneller als die Angst&#8220;, den Preis f\u00fcr &#8222;Beste Musik Fiktion&#8220; holten Inga Humpe, Tommi Eckart, Matthias Petsche f\u00fcr &#8222;Eldorado KaDeWe &#8211; Jetzt ist unsere Zeit&#8220;, in &#8222;Beste Ausstattung Fiktion&#8220; siegte Petra Albert ebenfalls f\u00fcr &#8222;Eldorado KaDeWe &#8211; Jetzt ist unsere Zeit&#8220;. Die Kategorie &#8222;Beste Regie Unterhaltung&#8220; ging an Johannes Spiecker f\u00fcr &#8222;Wer stiehlt mir die Show?&#8220;.<\/p>\n\n\n\n<p><\/p>\n\n\n\n<p><\/p>\n","protected":false},"excerpt":{"rendered":"<p>In K\u00f6ln wurde der Deutsche Fernsehpreis in 28 Kategorien verliehen. Die Verleihung fand in diesem Jahr an zwei aufeinanderfolgenden Abenden statt. Das sind die diesj\u00e4hrigen Gewinner Giovanni Zarrella in der Kategorie &#8222;Beste Einzelleistung\/Moderation Unterhaltung&#8220;.\u00a0 \u00a9 Bild This file is licensed under the\u00a0Creative Commons\u00a0Attribution-Share Alike 4.0 International\u00a0license. Moritz Bleibtreu gl\u00e4nzte in der RTL+-Serie als Kunstf\u00e4lscher Konrad [&hellip;]<\/p>\n","protected":false},"author":2,"featured_media":36009,"comment_status":"closed","ping_status":"closed","sticky":false,"template":"","format":"standard","meta":{"_acf_changed":false,"footnotes":""},"categories":[188],"tags":[],"class_list":["post-36019","post","type-post","status-publish","format-standard","has-post-thumbnail","hentry","category-medien"],"acf":[],"yoast_head":"<!-- This site is optimized with the Yoast SEO plugin v26.1.1 - https:\/\/yoast.com\/wordpress\/plugins\/seo\/ -->\n<title>Deutscher Fernsehpreis 2022 - Kultur Online TV &amp; FM<\/title>\n<meta name=\"description\" content=\"In K\u00f6ln wurde der Deutsche Fernsehpreis in 28 Kategorien verliehen.\" \/>\n<meta name=\"robots\" content=\"index, follow, max-snippet:-1, max-image-preview:large, max-video-preview:-1\" \/>\n<link rel=\"canonical\" href=\"https:\/\/kulturonline.tv\/at\/deutscher-fernsehpreis-2022\/\" \/>\n<meta property=\"og:locale\" content=\"de_DE\" \/>\n<meta property=\"og:type\" content=\"article\" \/>\n<meta property=\"og:title\" content=\"Deutscher Fernsehpreis 2022 - Kultur Online TV &amp; FM\" \/>\n<meta property=\"og:description\" content=\"In K\u00f6ln wurde der Deutsche Fernsehpreis in 28 Kategorien verliehen.\" \/>\n<meta property=\"og:url\" content=\"https:\/\/kulturonline.tv\/at\/deutscher-fernsehpreis-2022\/\" \/>\n<meta property=\"og:site_name\" content=\"Kultur Online TV &amp; FM\" \/>\n<meta property=\"article:publisher\" content=\"https:\/\/www.facebook.com\/kulturonline.tv\" \/>\n<meta property=\"article:published_time\" content=\"2022-09-15T19:56:48+00:00\" \/>\n<meta property=\"article:modified_time\" content=\"2022-09-15T19:57:00+00:00\" \/>\n<meta property=\"og:image\" content=\"https:\/\/kulturonline.tv\/wp-content\/uploads\/2022\/09\/1_Deutscher_Fernsehpreis_2022_Logo-edited-scaled.jpg\" \/>\n\t<meta property=\"og:image:width\" content=\"2560\" \/>\n\t<meta property=\"og:image:height\" content=\"1440\" \/>\n\t<meta property=\"og:image:type\" content=\"image\/jpeg\" \/>\n<meta name=\"author\" content=\"guenter.wolfgang\" \/>\n<meta name=\"twitter:card\" content=\"summary_large_image\" \/>\n<meta name=\"twitter:label1\" content=\"Verfasst von\" \/>\n\t<meta name=\"twitter:data1\" content=\"guenter.wolfgang\" \/>\n\t<meta name=\"twitter:label2\" content=\"Gesch\u00e4tzte Lesezeit\" \/>\n\t<meta name=\"twitter:data2\" content=\"2 Minuten\" \/>\n<script type=\"application\/ld+json\" class=\"yoast-schema-graph\">{\"@context\":\"https:\/\/schema.org\",\"@graph\":[{\"@type\":\"Article\",\"@id\":\"https:\/\/kulturonline.tv\/at\/deutscher-fernsehpreis-2022\/#article\",\"isPartOf\":{\"@id\":\"https:\/\/kulturonline.tv\/at\/deutscher-fernsehpreis-2022\/\"},\"author\":{\"name\":\"guenter.wolfgang\",\"@id\":\"https:\/\/kulturonline.tv\/at\/#\/schema\/person\/b0fac729bb9a0c193fb1df23449df4fe\"},\"headline\":\"Deutscher Fernsehpreis 2022\",\"datePublished\":\"2022-09-15T19:56:48+00:00\",\"dateModified\":\"2022-09-15T19:57:00+00:00\",\"mainEntityOfPage\":{\"@id\":\"https:\/\/kulturonline.tv\/at\/deutscher-fernsehpreis-2022\/\"},\"wordCount\":367,\"publisher\":{\"@id\":\"https:\/\/kulturonline.tv\/at\/#organization\"},\"image\":{\"@id\":\"https:\/\/kulturonline.tv\/at\/deutscher-fernsehpreis-2022\/#primaryimage\"},\"thumbnailUrl\":\"https:\/\/kulturonline.tv\/wp-content\/uploads\/2022\/09\/1_Deutscher_Fernsehpreis_2022_Logo-edited-scaled.jpg\",\"articleSection\":[\"Medien\"],\"inLanguage\":\"de-AT\"},{\"@type\":\"WebPage\",\"@id\":\"https:\/\/kulturonline.tv\/at\/deutscher-fernsehpreis-2022\/\",\"url\":\"https:\/\/kulturonline.tv\/at\/deutscher-fernsehpreis-2022\/\",\"name\":\"Deutscher Fernsehpreis 2022 - Kultur Online TV &amp; FM\",\"isPartOf\":{\"@id\":\"https:\/\/kulturonline.tv\/at\/#website\"},\"primaryImageOfPage\":{\"@id\":\"https:\/\/kulturonline.tv\/at\/deutscher-fernsehpreis-2022\/#primaryimage\"},\"image\":{\"@id\":\"https:\/\/kulturonline.tv\/at\/deutscher-fernsehpreis-2022\/#primaryimage\"},\"thumbnailUrl\":\"https:\/\/kulturonline.tv\/wp-content\/uploads\/2022\/09\/1_Deutscher_Fernsehpreis_2022_Logo-edited-scaled.jpg\",\"datePublished\":\"2022-09-15T19:56:48+00:00\",\"dateModified\":\"2022-09-15T19:57:00+00:00\",\"description\":\"In K\u00f6ln wurde der Deutsche Fernsehpreis in 28 Kategorien verliehen.\",\"breadcrumb\":{\"@id\":\"https:\/\/kulturonline.tv\/at\/deutscher-fernsehpreis-2022\/#breadcrumb\"},\"inLanguage\":\"de-AT\",\"potentialAction\":[{\"@type\":\"ReadAction\",\"target\":[\"https:\/\/kulturonline.tv\/at\/deutscher-fernsehpreis-2022\/\"]}]},{\"@type\":\"ImageObject\",\"inLanguage\":\"de-AT\",\"@id\":\"https:\/\/kulturonline.tv\/at\/deutscher-fernsehpreis-2022\/#primaryimage\",\"url\":\"https:\/\/kulturonline.tv\/wp-content\/uploads\/2022\/09\/1_Deutscher_Fernsehpreis_2022_Logo-edited-scaled.jpg\",\"contentUrl\":\"https:\/\/kulturonline.tv\/wp-content\/uploads\/2022\/09\/1_Deutscher_Fernsehpreis_2022_Logo-edited-scaled.jpg\",\"width\":2560,\"height\":1440,\"caption\":\"WESTDEUTSCHER RUNDFUNK K\u00d6LN Der Deutsche Fernsehpreis 2022 - Logo \u00a9 WDR\/DFP2022, honorarfrei - Verwendung gem\u00e4\u00df der AGB im engen inhaltlichen, redaktionellen Zusammenhang mit genannter WDR-Sendung und bei Nennung \\\"Bild: WDR\/DFP2021\\\" (S2+). WDR Kommunikation\/Redaktion Bild, K\u00f6ln, Tel: 0221\/220 -7132 oder -7133, Fax: -777132, bildredaktion@wdr.de \/ Weiterer Text \u00fcber ots und www.presseportal.de\/nr\/6694 \/ Die Verwendung dieses Bildes ist f\u00fcr redaktionelle Zwecke unter Beachtung ggf. genannter Nutzungsbedingungen honorarfrei. Ver\u00f6ffentlichung bitte mit Bildrechte-Hinweis.\"},{\"@type\":\"BreadcrumbList\",\"@id\":\"https:\/\/kulturonline.tv\/at\/deutscher-fernsehpreis-2022\/#breadcrumb\",\"itemListElement\":[{\"@type\":\"ListItem\",\"position\":1,\"name\":\"Startseite\",\"item\":\"https:\/\/kulturonline.tv\/at\/\"},{\"@type\":\"ListItem\",\"position\":2,\"name\":\"Deutscher Fernsehpreis 2022\"}]},{\"@type\":\"WebSite\",\"@id\":\"https:\/\/kulturonline.tv\/at\/#website\",\"url\":\"https:\/\/kulturonline.tv\/at\/\",\"name\":\"Kultur Online TV &amp; FM\",\"description\":\"Wir sind Kultur 2.0 zum sehen &amp; h\u00f6ren\",\"publisher\":{\"@id\":\"https:\/\/kulturonline.tv\/at\/#organization\"},\"potentialAction\":[{\"@type\":\"SearchAction\",\"target\":{\"@type\":\"EntryPoint\",\"urlTemplate\":\"https:\/\/kulturonline.tv\/at\/?s={search_term_string}\"},\"query-input\":{\"@type\":\"PropertyValueSpecification\",\"valueRequired\":true,\"valueName\":\"search_term_string\"}}],\"inLanguage\":\"de-AT\"},{\"@type\":\"Organization\",\"@id\":\"https:\/\/kulturonline.tv\/at\/#organization\",\"name\":\"Kultur Online TV\",\"url\":\"https:\/\/kulturonline.tv\/at\/\",\"logo\":{\"@type\":\"ImageObject\",\"inLanguage\":\"de-AT\",\"@id\":\"https:\/\/kulturonline.tv\/at\/#\/schema\/logo\/image\/\",\"url\":\"https:\/\/kulturonline.tv\/wp-content\/uploads\/2021\/08\/Kultur-Online-Tv-Logo-Endversion-neu.png\",\"contentUrl\":\"https:\/\/kulturonline.tv\/wp-content\/uploads\/2021\/08\/Kultur-Online-Tv-Logo-Endversion-neu.png\",\"width\":200,\"height\":200,\"caption\":\"Kultur Online TV\"},\"image\":{\"@id\":\"https:\/\/kulturonline.tv\/at\/#\/schema\/logo\/image\/\"},\"sameAs\":[\"https:\/\/www.facebook.com\/kulturonline.tv\",\"https:\/\/www.instagram.com\/kulturonline.tv\"]},{\"@type\":\"Person\",\"@id\":\"https:\/\/kulturonline.tv\/at\/#\/schema\/person\/b0fac729bb9a0c193fb1df23449df4fe\",\"name\":\"guenter.wolfgang\"}]}<\/script>\n<!-- \/ Yoast SEO plugin. -->","yoast_head_json":{"title":"Deutscher Fernsehpreis 2022 - Kultur Online TV &amp; FM","description":"In K\u00f6ln wurde der Deutsche Fernsehpreis in 28 Kategorien verliehen.","robots":{"index":"index","follow":"follow","max-snippet":"max-snippet:-1","max-image-preview":"max-image-preview:large","max-video-preview":"max-video-preview:-1"},"canonical":"https:\/\/kulturonline.tv\/at\/deutscher-fernsehpreis-2022\/","og_locale":"de_DE","og_type":"article","og_title":"Deutscher Fernsehpreis 2022 - Kultur Online TV &amp; FM","og_description":"In K\u00f6ln wurde der Deutsche Fernsehpreis in 28 Kategorien verliehen.","og_url":"https:\/\/kulturonline.tv\/at\/deutscher-fernsehpreis-2022\/","og_site_name":"Kultur Online TV &amp; FM","article_publisher":"https:\/\/www.facebook.com\/kulturonline.tv","article_published_time":"2022-09-15T19:56:48+00:00","article_modified_time":"2022-09-15T19:57:00+00:00","og_image":[{"width":2560,"height":1440,"url":"https:\/\/kulturonline.tv\/wp-content\/uploads\/2022\/09\/1_Deutscher_Fernsehpreis_2022_Logo-edited-scaled.jpg","type":"image\/jpeg"}],"author":"guenter.wolfgang","twitter_card":"summary_large_image","twitter_misc":{"Verfasst von":"guenter.wolfgang","Gesch\u00e4tzte Lesezeit":"2 Minuten"},"schema":{"@context":"https:\/\/schema.org","@graph":[{"@type":"Article","@id":"https:\/\/kulturonline.tv\/at\/deutscher-fernsehpreis-2022\/#article","isPartOf":{"@id":"https:\/\/kulturonline.tv\/at\/deutscher-fernsehpreis-2022\/"},"author":{"name":"guenter.wolfgang","@id":"https:\/\/kulturonline.tv\/at\/#\/schema\/person\/b0fac729bb9a0c193fb1df23449df4fe"},"headline":"Deutscher Fernsehpreis 2022","datePublished":"2022-09-15T19:56:48+00:00","dateModified":"2022-09-15T19:57:00+00:00","mainEntityOfPage":{"@id":"https:\/\/kulturonline.tv\/at\/deutscher-fernsehpreis-2022\/"},"wordCount":367,"publisher":{"@id":"https:\/\/kulturonline.tv\/at\/#organization"},"image":{"@id":"https:\/\/kulturonline.tv\/at\/deutscher-fernsehpreis-2022\/#primaryimage"},"thumbnailUrl":"https:\/\/kulturonline.tv\/wp-content\/uploads\/2022\/09\/1_Deutscher_Fernsehpreis_2022_Logo-edited-scaled.jpg","articleSection":["Medien"],"inLanguage":"de-AT"},{"@type":"WebPage","@id":"https:\/\/kulturonline.tv\/at\/deutscher-fernsehpreis-2022\/","url":"https:\/\/kulturonline.tv\/at\/deutscher-fernsehpreis-2022\/","name":"Deutscher Fernsehpreis 2022 - Kultur Online TV &amp; FM","isPartOf":{"@id":"https:\/\/kulturonline.tv\/at\/#website"},"primaryImageOfPage":{"@id":"https:\/\/kulturonline.tv\/at\/deutscher-fernsehpreis-2022\/#primaryimage"},"image":{"@id":"https:\/\/kulturonline.tv\/at\/deutscher-fernsehpreis-2022\/#primaryimage"},"thumbnailUrl":"https:\/\/kulturonline.tv\/wp-content\/uploads\/2022\/09\/1_Deutscher_Fernsehpreis_2022_Logo-edited-scaled.jpg","datePublished":"2022-09-15T19:56:48+00:00","dateModified":"2022-09-15T19:57:00+00:00","description":"In K\u00f6ln wurde der Deutsche Fernsehpreis in 28 Kategorien verliehen.","breadcrumb":{"@id":"https:\/\/kulturonline.tv\/at\/deutscher-fernsehpreis-2022\/#breadcrumb"},"inLanguage":"de-AT","potentialAction":[{"@type":"ReadAction","target":["https:\/\/kulturonline.tv\/at\/deutscher-fernsehpreis-2022\/"]}]},{"@type":"ImageObject","inLanguage":"de-AT","@id":"https:\/\/kulturonline.tv\/at\/deutscher-fernsehpreis-2022\/#primaryimage","url":"https:\/\/kulturonline.tv\/wp-content\/uploads\/2022\/09\/1_Deutscher_Fernsehpreis_2022_Logo-edited-scaled.jpg","contentUrl":"https:\/\/kulturonline.tv\/wp-content\/uploads\/2022\/09\/1_Deutscher_Fernsehpreis_2022_Logo-edited-scaled.jpg","width":2560,"height":1440,"caption":"WESTDEUTSCHER RUNDFUNK K\u00d6LN Der Deutsche Fernsehpreis 2022 - Logo \u00a9 WDR\/DFP2022, honorarfrei - Verwendung gem\u00e4\u00df der AGB im engen inhaltlichen, redaktionellen Zusammenhang mit genannter WDR-Sendung und bei Nennung \"Bild: WDR\/DFP2021\" (S2+). WDR Kommunikation\/Redaktion Bild, K\u00f6ln, Tel: 0221\/220 -7132 oder -7133, Fax: -777132, bildredaktion@wdr.de \/ Weiterer Text \u00fcber ots und www.presseportal.de\/nr\/6694 \/ Die Verwendung dieses Bildes ist f\u00fcr redaktionelle Zwecke unter Beachtung ggf. genannter Nutzungsbedingungen honorarfrei. Ver\u00f6ffentlichung bitte mit Bildrechte-Hinweis."},{"@type":"BreadcrumbList","@id":"https:\/\/kulturonline.tv\/at\/deutscher-fernsehpreis-2022\/#breadcrumb","itemListElement":[{"@type":"ListItem","position":1,"name":"Startseite","item":"https:\/\/kulturonline.tv\/at\/"},{"@type":"ListItem","position":2,"name":"Deutscher Fernsehpreis 2022"}]},{"@type":"WebSite","@id":"https:\/\/kulturonline.tv\/at\/#website","url":"https:\/\/kulturonline.tv\/at\/","name":"Kultur Online TV &amp; FM","description":"Wir sind Kultur 2.0 zum sehen &amp; h\u00f6ren","publisher":{"@id":"https:\/\/kulturonline.tv\/at\/#organization"},"potentialAction":[{"@type":"SearchAction","target":{"@type":"EntryPoint","urlTemplate":"https:\/\/kulturonline.tv\/at\/?s={search_term_string}"},"query-input":{"@type":"PropertyValueSpecification","valueRequired":true,"valueName":"search_term_string"}}],"inLanguage":"de-AT"},{"@type":"Organization","@id":"https:\/\/kulturonline.tv\/at\/#organization","name":"Kultur Online TV","url":"https:\/\/kulturonline.tv\/at\/","logo":{"@type":"ImageObject","inLanguage":"de-AT","@id":"https:\/\/kulturonline.tv\/at\/#\/schema\/logo\/image\/","url":"https:\/\/kulturonline.tv\/wp-content\/uploads\/2021\/08\/Kultur-Online-Tv-Logo-Endversion-neu.png","contentUrl":"https:\/\/kulturonline.tv\/wp-content\/uploads\/2021\/08\/Kultur-Online-Tv-Logo-Endversion-neu.png","width":200,"height":200,"caption":"Kultur Online TV"},"image":{"@id":"https:\/\/kulturonline.tv\/at\/#\/schema\/logo\/image\/"},"sameAs":["https:\/\/www.facebook.com\/kulturonline.tv","https:\/\/www.instagram.com\/kulturonline.tv"]},{"@type":"Person","@id":"https:\/\/kulturonline.tv\/at\/#\/schema\/person\/b0fac729bb9a0c193fb1df23449df4fe","name":"guenter.wolfgang"}]}},"_links":{"self":[{"href":"https:\/\/kulturonline.tv\/at\/wp-json\/wp\/v2\/posts\/36019","targetHints":{"allow":["GET"]}}],"collection":[{"href":"https:\/\/kulturonline.tv\/at\/wp-json\/wp\/v2\/posts"}],"about":[{"href":"https:\/\/kulturonline.tv\/at\/wp-json\/wp\/v2\/types\/post"}],"author":[{"embeddable":true,"href":"https:\/\/kulturonline.tv\/at\/wp-json\/wp\/v2\/users\/2"}],"replies":[{"embeddable":true,"href":"https:\/\/kulturonline.tv\/at\/wp-json\/wp\/v2\/comments?post=36019"}],"version-history":[{"count":0,"href":"https:\/\/kulturonline.tv\/at\/wp-json\/wp\/v2\/posts\/36019\/revisions"}],"wp:featuredmedia":[{"embeddable":true,"href":"https:\/\/kulturonline.tv\/at\/wp-json\/wp\/v2\/media\/36009"}],"wp:attachment":[{"href":"https:\/\/kulturonline.tv\/at\/wp-json\/wp\/v2\/media?parent=36019"}],"wp:term":[{"taxonomy":"category","embeddable":true,"href":"https:\/\/kulturonline.tv\/at\/wp-json\/wp\/v2\/categories?post=36019"},{"taxonomy":"post_tag","embeddable":true,"href":"https:\/\/kulturonline.tv\/at\/wp-json\/wp\/v2\/tags?post=36019"}],"curies":[{"name":"wp","href":"https:\/\/api.w.org\/{rel}","templated":true}]}}