{"id":36452,"date":"2022-09-25T22:43:30","date_gmt":"2022-09-25T20:43:30","guid":{"rendered":"https:\/\/kulturonline.tv\/?p=36452"},"modified":"2022-09-25T22:43:31","modified_gmt":"2022-09-25T20:43:31","slug":"oesterreichischer-buchpreis-2022-13-titel-nominiert","status":"publish","type":"post","link":"https:\/\/kulturonline.tv\/at\/oesterreichischer-buchpreis-2022-13-titel-nominiert\/","title":{"rendered":"\u00d6sterreichischer Buchpreis 2022: 13 Titel nominiert"},"content":{"rendered":"\n<p>Die nominierten Titel f\u00fcr den \u00d6sterreichischen Buchpreis stehen fest: Zehn B\u00fccher wurden f\u00fcr die Longlist sowie drei Romane f\u00fcr die Shortlist des Deb\u00fctpreises ausgew\u00e4hlt.<\/p>\n\n\n\n<figure class=\"wp-block-image size-large\"><img fetchpriority=\"high\" decoding=\"async\" width=\"1920\" height=\"1080\" src=\"https:\/\/kulturonline.tv\/wp-content\/uploads\/2022\/09\/Buchpreis-Kultur-Online-TV-edited.jpg\" alt=\"\" class=\"wp-image-36455\" srcset=\"https:\/\/kulturonline.tv\/wp-content\/uploads\/2022\/09\/Buchpreis-Kultur-Online-TV-edited.jpg 1920w, https:\/\/kulturonline.tv\/wp-content\/uploads\/2022\/09\/Buchpreis-Kultur-Online-TV-edited-600x338.jpg 600w, https:\/\/kulturonline.tv\/wp-content\/uploads\/2022\/09\/Buchpreis-Kultur-Online-TV-edited-800x450.jpg 800w, https:\/\/kulturonline.tv\/wp-content\/uploads\/2022\/09\/Buchpreis-Kultur-Online-TV-edited-1600x900.jpg 1600w, https:\/\/kulturonline.tv\/wp-content\/uploads\/2022\/09\/Buchpreis-Kultur-Online-TV-edited-768x432.jpg 768w, https:\/\/kulturonline.tv\/wp-content\/uploads\/2022\/09\/Buchpreis-Kultur-Online-TV-edited-1536x864.jpg 1536w\" sizes=\"(max-width: 1920px) 100vw, 1920px\" \/><figcaption>\u00a9 pixabay<\/figcaption><\/figure>\n\n\n\n<p>Seit Ausschreibungsbeginn haben die f\u00fcnf Jurymitglieder insgesamt 133 belletristische, essayistische, lyrische und dramatische Werke gesichtet, die zwischen dem 8. Oktober 2021 und dem 11. Oktober 2022 erschienen sind bzw. noch erscheinen werden.<\/p>\n\n\n\n<p>Die f\u00fcr den \u00d6sterreichischen Buchpreis nominierten Titel (in alphabetischer Reihenfolge):<\/p>\n\n\n\n<p><strong>Longlist Buchpreis:<\/strong><br>Helena Adler &#8211; Fretten (Jung und Jung Verlag)<br>Iris Blauensteiner &#8211; Atemhaut (Verlag Kremayr &amp; Scheriau)<br>Markus Grundtner &#8211; Die Dringlichkeit der Dinge (Edition Keiper)<br>Monika Helfer &#8211; Bettgeschichten und andere (bahoe books)<br>Reinhard Kaiser-M\u00fchlecker &#8211; Wilderer (S. Fischer Verlag)<br>Anna Kim &#8211; Geschichte eines Kindes (Suhrkamp Verlag)<br>Robert Menasse &#8211; Die Erweiterung (Suhrkamp Verlag)<br>Teresa Pr\u00e4auer &#8211; M\u00e4dchen (Wallstein Verlag)<br>Verena Ro\u00dfbacher &#8211; Mon Ch\u00e9ri und unsere demolierten Seelen (Verlag Kiepenheuer &amp; Witsch)<br>Thomas Stangl &#8211; Quecksilberlicht (Verlag Matthes und Seitz Berlin)<\/p>\n\n\n\n<p><br><strong>Shortlist Deb\u00fct:<\/strong><br>Lena-Marie Biertimpel &#8211; Luftpolster (Leykam Verlag)<br>Sirka Elspa\u00df &#8211; ich f\u00f6hne mir meine wimpern (Suhrkamp Verlag)<br>Anna Maria Stadler &#8211; Maremma (Jung und Jung Verlag)<br>Die Jury f\u00fcr den \u00d6sterreichischen Buchpreis setzt sich 2022 aus Bernhard Bastien (Buchh\u00e4ndler, Buchhandlung Lerchenfeld), Edith-Ulla Gasser (Redakteurin, \u00d61), Stefan Gm\u00fcnder (Literaturkritiker, Der Standard und Volltext), Katharina Teutsch (Literaturkritikerin, FAZ) und G\u00fcnther Stocker (Literaturwissenschaftler, Universit\u00e4t Wien) zusammen.<\/p>\n\n\n\n<p><strong>Bekanntgabe der Buchpreis-Shortlist am 11. Oktober<\/strong><br>In einem weiteren Schritt w\u00e4hlt die Jury aus den Titeln der Longlist f\u00fcnf Titel f\u00fcr die Shortlist des \u00d6sterreichischen Buchpreises aus, die am 11. Oktober 2022 ver\u00f6ffentlicht wird.<br>Preisverleihung im Rahmen der Buch Wien 22 am 21. November<br>Erst am Abend der Preisverleihung am 21. November 2022 erfahren die f\u00fcnf Autor:innen der Shortlist sowie die drei Autor:innen der Deb\u00fctpreis-Shortlist, wem der \u00d6sterreichische Buchpreis und der Deb\u00fctpreis zuerkannt werden. Die Preistr\u00e4gerin bzw. der Preistr\u00e4ger erh\u00e4lt 20.000 Euro; die vier anderen Finalist:innen jeweils 2.500 Euro. Der Deb\u00fctpreis ist mit 10.000 Euro dotiert, die beiden weiteren Deb\u00fctpreis-Finalist:innen bekommen ebenfalls 2.500 Euro.<\/p>\n\n\n\n<p>Der \u00d6sterreichische Buchpreis wird vom Bundesministerium f\u00fcr Kunst, Kultur, \u00f6ffentlichen Dienst und Sport (BMK\u00d6S), dem Hauptverband des \u00d6sterreichischen Buchhandels und der Arbeiterkammer Wien ausgerichtet.<\/p>\n\n\n\n<p><br><strong>Jetzt im Handel: Leseproben!<\/strong><br>Anl\u00e4sslich der Bekanntgabe der Longlist sowie der Deb\u00fctpreis-Shortlist erscheint eine Brosch\u00fcre, die in \u00f6sterreichischen Buchhandlungen ab dem 6. September aufliegt und in der die nominierten Titel mit ausf\u00fchrlichen Leseproben pr\u00e4sentiert werden.<\/p>\n\n\n\n<p><br><strong>Lesung: Shortlist Deb\u00fct<\/strong><br>Am Donnerstag, den 3. November, um 19 Uhr lesen die drei Autor:innen der Shortlist Deb\u00fct in der Bibliothek der AK Wien, Anmeldungen bitte unter bibliothek@akwien.at. Die Lesung wird au\u00dferdem im Live-Stream \u00fcbertragen.<\/p>\n\n\n\n<p>Kultur Online TV<\/p>\n\n\n\n<p>#literatur #news #preise<\/p>\n","protected":false},"excerpt":{"rendered":"<p>Die nominierten Titel f\u00fcr den \u00d6sterreichischen Buchpreis stehen fest: Zehn B\u00fccher wurden f\u00fcr die Longlist sowie drei Romane f\u00fcr die Shortlist des Deb\u00fctpreises ausgew\u00e4hlt. Seit Ausschreibungsbeginn haben die f\u00fcnf Jurymitglieder insgesamt 133 belletristische, essayistische, lyrische und dramatische Werke gesichtet, die zwischen dem 8. Oktober 2021 und dem 11. Oktober 2022 erschienen sind bzw. noch erscheinen [&hellip;]<\/p>\n","protected":false},"author":2,"featured_media":36455,"comment_status":"closed","ping_status":"closed","sticky":false,"template":"","format":"standard","meta":{"_acf_changed":false,"footnotes":""},"categories":[133],"tags":[],"class_list":["post-36452","post","type-post","status-publish","format-standard","has-post-thumbnail","hentry","category-literatur"],"acf":[],"yoast_head":"<!-- This site is optimized with the Yoast SEO plugin v26.1.1 - https:\/\/yoast.com\/wordpress\/plugins\/seo\/ -->\n<title>\u00d6sterreichischer Buchpreis 2022: 13 Titel nominiert - Kultur Online TV &amp; FM<\/title>\n<meta name=\"description\" content=\"Seit Ausschreibungsbeginn haben die f\u00fcnf Jurymitglieder insgesamt 133 belletristische, essayistische, lyrische und dramatische Werke gesichtet, die zwischen dem 8. Oktober 2021 und dem 11. Oktober 2022 erschienen sind bzw. noch erscheinen werden.\" \/>\n<meta name=\"robots\" content=\"index, follow, max-snippet:-1, max-image-preview:large, max-video-preview:-1\" \/>\n<link rel=\"canonical\" href=\"https:\/\/kulturonline.tv\/at\/oesterreichischer-buchpreis-2022-13-titel-nominiert\/\" \/>\n<meta property=\"og:locale\" content=\"de_DE\" \/>\n<meta property=\"og:type\" content=\"article\" \/>\n<meta property=\"og:title\" content=\"\u00d6sterreichischer Buchpreis 2022: 13 Titel nominiert - Kultur Online TV &amp; FM\" \/>\n<meta property=\"og:description\" content=\"Seit Ausschreibungsbeginn haben die f\u00fcnf Jurymitglieder insgesamt 133 belletristische, essayistische, lyrische und dramatische Werke gesichtet, die zwischen dem 8. Oktober 2021 und dem 11. Oktober 2022 erschienen sind bzw. noch erscheinen werden.\" \/>\n<meta property=\"og:url\" content=\"https:\/\/kulturonline.tv\/at\/oesterreichischer-buchpreis-2022-13-titel-nominiert\/\" \/>\n<meta property=\"og:site_name\" content=\"Kultur Online TV &amp; FM\" \/>\n<meta property=\"article:publisher\" content=\"https:\/\/www.facebook.com\/kulturonline.tv\" \/>\n<meta property=\"article:published_time\" content=\"2022-09-25T20:43:30+00:00\" \/>\n<meta property=\"article:modified_time\" content=\"2022-09-25T20:43:31+00:00\" \/>\n<meta property=\"og:image\" content=\"https:\/\/kulturonline.tv\/wp-content\/uploads\/2022\/09\/Buchpreis-Kultur-Online-TV-edited.jpg\" \/>\n\t<meta property=\"og:image:width\" content=\"1920\" \/>\n\t<meta property=\"og:image:height\" content=\"1080\" \/>\n\t<meta property=\"og:image:type\" content=\"image\/jpeg\" \/>\n<meta name=\"author\" content=\"guenter.wolfgang\" \/>\n<meta name=\"twitter:card\" content=\"summary_large_image\" \/>\n<meta name=\"twitter:label1\" content=\"Verfasst von\" \/>\n\t<meta name=\"twitter:data1\" content=\"guenter.wolfgang\" \/>\n\t<meta name=\"twitter:label2\" content=\"Gesch\u00e4tzte Lesezeit\" \/>\n\t<meta name=\"twitter:data2\" content=\"2 Minuten\" \/>\n<script type=\"application\/ld+json\" class=\"yoast-schema-graph\">{\"@context\":\"https:\/\/schema.org\",\"@graph\":[{\"@type\":\"Article\",\"@id\":\"https:\/\/kulturonline.tv\/at\/oesterreichischer-buchpreis-2022-13-titel-nominiert\/#article\",\"isPartOf\":{\"@id\":\"https:\/\/kulturonline.tv\/at\/oesterreichischer-buchpreis-2022-13-titel-nominiert\/\"},\"author\":{\"name\":\"guenter.wolfgang\",\"@id\":\"https:\/\/kulturonline.tv\/at\/#\/schema\/person\/b0fac729bb9a0c193fb1df23449df4fe\"},\"headline\":\"\u00d6sterreichischer Buchpreis 2022: 13 Titel nominiert\",\"datePublished\":\"2022-09-25T20:43:30+00:00\",\"dateModified\":\"2022-09-25T20:43:31+00:00\",\"mainEntityOfPage\":{\"@id\":\"https:\/\/kulturonline.tv\/at\/oesterreichischer-buchpreis-2022-13-titel-nominiert\/\"},\"wordCount\":451,\"publisher\":{\"@id\":\"https:\/\/kulturonline.tv\/at\/#organization\"},\"image\":{\"@id\":\"https:\/\/kulturonline.tv\/at\/oesterreichischer-buchpreis-2022-13-titel-nominiert\/#primaryimage\"},\"thumbnailUrl\":\"https:\/\/kulturonline.tv\/wp-content\/uploads\/2022\/09\/Buchpreis-Kultur-Online-TV-edited.jpg\",\"articleSection\":[\"Literatur\"],\"inLanguage\":\"de-AT\"},{\"@type\":\"WebPage\",\"@id\":\"https:\/\/kulturonline.tv\/at\/oesterreichischer-buchpreis-2022-13-titel-nominiert\/\",\"url\":\"https:\/\/kulturonline.tv\/at\/oesterreichischer-buchpreis-2022-13-titel-nominiert\/\",\"name\":\"\u00d6sterreichischer Buchpreis 2022: 13 Titel nominiert - Kultur Online TV &amp; FM\",\"isPartOf\":{\"@id\":\"https:\/\/kulturonline.tv\/at\/#website\"},\"primaryImageOfPage\":{\"@id\":\"https:\/\/kulturonline.tv\/at\/oesterreichischer-buchpreis-2022-13-titel-nominiert\/#primaryimage\"},\"image\":{\"@id\":\"https:\/\/kulturonline.tv\/at\/oesterreichischer-buchpreis-2022-13-titel-nominiert\/#primaryimage\"},\"thumbnailUrl\":\"https:\/\/kulturonline.tv\/wp-content\/uploads\/2022\/09\/Buchpreis-Kultur-Online-TV-edited.jpg\",\"datePublished\":\"2022-09-25T20:43:30+00:00\",\"dateModified\":\"2022-09-25T20:43:31+00:00\",\"description\":\"Seit Ausschreibungsbeginn haben die f\u00fcnf Jurymitglieder insgesamt 133 belletristische, essayistische, lyrische und dramatische Werke gesichtet, die zwischen dem 8. Oktober 2021 und dem 11. Oktober 2022 erschienen sind bzw. noch erscheinen werden.\",\"breadcrumb\":{\"@id\":\"https:\/\/kulturonline.tv\/at\/oesterreichischer-buchpreis-2022-13-titel-nominiert\/#breadcrumb\"},\"inLanguage\":\"de-AT\",\"potentialAction\":[{\"@type\":\"ReadAction\",\"target\":[\"https:\/\/kulturonline.tv\/at\/oesterreichischer-buchpreis-2022-13-titel-nominiert\/\"]}]},{\"@type\":\"ImageObject\",\"inLanguage\":\"de-AT\",\"@id\":\"https:\/\/kulturonline.tv\/at\/oesterreichischer-buchpreis-2022-13-titel-nominiert\/#primaryimage\",\"url\":\"https:\/\/kulturonline.tv\/wp-content\/uploads\/2022\/09\/Buchpreis-Kultur-Online-TV-edited.jpg\",\"contentUrl\":\"https:\/\/kulturonline.tv\/wp-content\/uploads\/2022\/09\/Buchpreis-Kultur-Online-TV-edited.jpg\",\"width\":1920,\"height\":1080},{\"@type\":\"BreadcrumbList\",\"@id\":\"https:\/\/kulturonline.tv\/at\/oesterreichischer-buchpreis-2022-13-titel-nominiert\/#breadcrumb\",\"itemListElement\":[{\"@type\":\"ListItem\",\"position\":1,\"name\":\"Startseite\",\"item\":\"https:\/\/kulturonline.tv\/at\/\"},{\"@type\":\"ListItem\",\"position\":2,\"name\":\"\u00d6sterreichischer Buchpreis 2022: 13 Titel nominiert\"}]},{\"@type\":\"WebSite\",\"@id\":\"https:\/\/kulturonline.tv\/at\/#website\",\"url\":\"https:\/\/kulturonline.tv\/at\/\",\"name\":\"Kultur Online TV &amp; FM\",\"description\":\"Wir sind Kultur 2.0 zum sehen &amp; h\u00f6ren\",\"publisher\":{\"@id\":\"https:\/\/kulturonline.tv\/at\/#organization\"},\"potentialAction\":[{\"@type\":\"SearchAction\",\"target\":{\"@type\":\"EntryPoint\",\"urlTemplate\":\"https:\/\/kulturonline.tv\/at\/?s={search_term_string}\"},\"query-input\":{\"@type\":\"PropertyValueSpecification\",\"valueRequired\":true,\"valueName\":\"search_term_string\"}}],\"inLanguage\":\"de-AT\"},{\"@type\":\"Organization\",\"@id\":\"https:\/\/kulturonline.tv\/at\/#organization\",\"name\":\"Kultur Online TV\",\"url\":\"https:\/\/kulturonline.tv\/at\/\",\"logo\":{\"@type\":\"ImageObject\",\"inLanguage\":\"de-AT\",\"@id\":\"https:\/\/kulturonline.tv\/at\/#\/schema\/logo\/image\/\",\"url\":\"https:\/\/kulturonline.tv\/wp-content\/uploads\/2021\/08\/Kultur-Online-Tv-Logo-Endversion-neu.png\",\"contentUrl\":\"https:\/\/kulturonline.tv\/wp-content\/uploads\/2021\/08\/Kultur-Online-Tv-Logo-Endversion-neu.png\",\"width\":200,\"height\":200,\"caption\":\"Kultur Online TV\"},\"image\":{\"@id\":\"https:\/\/kulturonline.tv\/at\/#\/schema\/logo\/image\/\"},\"sameAs\":[\"https:\/\/www.facebook.com\/kulturonline.tv\",\"https:\/\/www.instagram.com\/kulturonline.tv\"]},{\"@type\":\"Person\",\"@id\":\"https:\/\/kulturonline.tv\/at\/#\/schema\/person\/b0fac729bb9a0c193fb1df23449df4fe\",\"name\":\"guenter.wolfgang\"}]}<\/script>\n<!-- \/ Yoast SEO plugin. -->","yoast_head_json":{"title":"\u00d6sterreichischer Buchpreis 2022: 13 Titel nominiert - Kultur Online TV &amp; FM","description":"Seit Ausschreibungsbeginn haben die f\u00fcnf Jurymitglieder insgesamt 133 belletristische, essayistische, lyrische und dramatische Werke gesichtet, die zwischen dem 8. Oktober 2021 und dem 11. Oktober 2022 erschienen sind bzw. noch erscheinen werden.","robots":{"index":"index","follow":"follow","max-snippet":"max-snippet:-1","max-image-preview":"max-image-preview:large","max-video-preview":"max-video-preview:-1"},"canonical":"https:\/\/kulturonline.tv\/at\/oesterreichischer-buchpreis-2022-13-titel-nominiert\/","og_locale":"de_DE","og_type":"article","og_title":"\u00d6sterreichischer Buchpreis 2022: 13 Titel nominiert - Kultur Online TV &amp; FM","og_description":"Seit Ausschreibungsbeginn haben die f\u00fcnf Jurymitglieder insgesamt 133 belletristische, essayistische, lyrische und dramatische Werke gesichtet, die zwischen dem 8. Oktober 2021 und dem 11. Oktober 2022 erschienen sind bzw. noch erscheinen werden.","og_url":"https:\/\/kulturonline.tv\/at\/oesterreichischer-buchpreis-2022-13-titel-nominiert\/","og_site_name":"Kultur Online TV &amp; FM","article_publisher":"https:\/\/www.facebook.com\/kulturonline.tv","article_published_time":"2022-09-25T20:43:30+00:00","article_modified_time":"2022-09-25T20:43:31+00:00","og_image":[{"width":1920,"height":1080,"url":"https:\/\/kulturonline.tv\/wp-content\/uploads\/2022\/09\/Buchpreis-Kultur-Online-TV-edited.jpg","type":"image\/jpeg"}],"author":"guenter.wolfgang","twitter_card":"summary_large_image","twitter_misc":{"Verfasst von":"guenter.wolfgang","Gesch\u00e4tzte Lesezeit":"2 Minuten"},"schema":{"@context":"https:\/\/schema.org","@graph":[{"@type":"Article","@id":"https:\/\/kulturonline.tv\/at\/oesterreichischer-buchpreis-2022-13-titel-nominiert\/#article","isPartOf":{"@id":"https:\/\/kulturonline.tv\/at\/oesterreichischer-buchpreis-2022-13-titel-nominiert\/"},"author":{"name":"guenter.wolfgang","@id":"https:\/\/kulturonline.tv\/at\/#\/schema\/person\/b0fac729bb9a0c193fb1df23449df4fe"},"headline":"\u00d6sterreichischer Buchpreis 2022: 13 Titel nominiert","datePublished":"2022-09-25T20:43:30+00:00","dateModified":"2022-09-25T20:43:31+00:00","mainEntityOfPage":{"@id":"https:\/\/kulturonline.tv\/at\/oesterreichischer-buchpreis-2022-13-titel-nominiert\/"},"wordCount":451,"publisher":{"@id":"https:\/\/kulturonline.tv\/at\/#organization"},"image":{"@id":"https:\/\/kulturonline.tv\/at\/oesterreichischer-buchpreis-2022-13-titel-nominiert\/#primaryimage"},"thumbnailUrl":"https:\/\/kulturonline.tv\/wp-content\/uploads\/2022\/09\/Buchpreis-Kultur-Online-TV-edited.jpg","articleSection":["Literatur"],"inLanguage":"de-AT"},{"@type":"WebPage","@id":"https:\/\/kulturonline.tv\/at\/oesterreichischer-buchpreis-2022-13-titel-nominiert\/","url":"https:\/\/kulturonline.tv\/at\/oesterreichischer-buchpreis-2022-13-titel-nominiert\/","name":"\u00d6sterreichischer Buchpreis 2022: 13 Titel nominiert - Kultur Online TV &amp; FM","isPartOf":{"@id":"https:\/\/kulturonline.tv\/at\/#website"},"primaryImageOfPage":{"@id":"https:\/\/kulturonline.tv\/at\/oesterreichischer-buchpreis-2022-13-titel-nominiert\/#primaryimage"},"image":{"@id":"https:\/\/kulturonline.tv\/at\/oesterreichischer-buchpreis-2022-13-titel-nominiert\/#primaryimage"},"thumbnailUrl":"https:\/\/kulturonline.tv\/wp-content\/uploads\/2022\/09\/Buchpreis-Kultur-Online-TV-edited.jpg","datePublished":"2022-09-25T20:43:30+00:00","dateModified":"2022-09-25T20:43:31+00:00","description":"Seit Ausschreibungsbeginn haben die f\u00fcnf Jurymitglieder insgesamt 133 belletristische, essayistische, lyrische und dramatische Werke gesichtet, die zwischen dem 8. Oktober 2021 und dem 11. Oktober 2022 erschienen sind bzw. noch erscheinen werden.","breadcrumb":{"@id":"https:\/\/kulturonline.tv\/at\/oesterreichischer-buchpreis-2022-13-titel-nominiert\/#breadcrumb"},"inLanguage":"de-AT","potentialAction":[{"@type":"ReadAction","target":["https:\/\/kulturonline.tv\/at\/oesterreichischer-buchpreis-2022-13-titel-nominiert\/"]}]},{"@type":"ImageObject","inLanguage":"de-AT","@id":"https:\/\/kulturonline.tv\/at\/oesterreichischer-buchpreis-2022-13-titel-nominiert\/#primaryimage","url":"https:\/\/kulturonline.tv\/wp-content\/uploads\/2022\/09\/Buchpreis-Kultur-Online-TV-edited.jpg","contentUrl":"https:\/\/kulturonline.tv\/wp-content\/uploads\/2022\/09\/Buchpreis-Kultur-Online-TV-edited.jpg","width":1920,"height":1080},{"@type":"BreadcrumbList","@id":"https:\/\/kulturonline.tv\/at\/oesterreichischer-buchpreis-2022-13-titel-nominiert\/#breadcrumb","itemListElement":[{"@type":"ListItem","position":1,"name":"Startseite","item":"https:\/\/kulturonline.tv\/at\/"},{"@type":"ListItem","position":2,"name":"\u00d6sterreichischer Buchpreis 2022: 13 Titel nominiert"}]},{"@type":"WebSite","@id":"https:\/\/kulturonline.tv\/at\/#website","url":"https:\/\/kulturonline.tv\/at\/","name":"Kultur Online TV &amp; FM","description":"Wir sind Kultur 2.0 zum sehen &amp; h\u00f6ren","publisher":{"@id":"https:\/\/kulturonline.tv\/at\/#organization"},"potentialAction":[{"@type":"SearchAction","target":{"@type":"EntryPoint","urlTemplate":"https:\/\/kulturonline.tv\/at\/?s={search_term_string}"},"query-input":{"@type":"PropertyValueSpecification","valueRequired":true,"valueName":"search_term_string"}}],"inLanguage":"de-AT"},{"@type":"Organization","@id":"https:\/\/kulturonline.tv\/at\/#organization","name":"Kultur Online TV","url":"https:\/\/kulturonline.tv\/at\/","logo":{"@type":"ImageObject","inLanguage":"de-AT","@id":"https:\/\/kulturonline.tv\/at\/#\/schema\/logo\/image\/","url":"https:\/\/kulturonline.tv\/wp-content\/uploads\/2021\/08\/Kultur-Online-Tv-Logo-Endversion-neu.png","contentUrl":"https:\/\/kulturonline.tv\/wp-content\/uploads\/2021\/08\/Kultur-Online-Tv-Logo-Endversion-neu.png","width":200,"height":200,"caption":"Kultur Online TV"},"image":{"@id":"https:\/\/kulturonline.tv\/at\/#\/schema\/logo\/image\/"},"sameAs":["https:\/\/www.facebook.com\/kulturonline.tv","https:\/\/www.instagram.com\/kulturonline.tv"]},{"@type":"Person","@id":"https:\/\/kulturonline.tv\/at\/#\/schema\/person\/b0fac729bb9a0c193fb1df23449df4fe","name":"guenter.wolfgang"}]}},"_links":{"self":[{"href":"https:\/\/kulturonline.tv\/at\/wp-json\/wp\/v2\/posts\/36452","targetHints":{"allow":["GET"]}}],"collection":[{"href":"https:\/\/kulturonline.tv\/at\/wp-json\/wp\/v2\/posts"}],"about":[{"href":"https:\/\/kulturonline.tv\/at\/wp-json\/wp\/v2\/types\/post"}],"author":[{"embeddable":true,"href":"https:\/\/kulturonline.tv\/at\/wp-json\/wp\/v2\/users\/2"}],"replies":[{"embeddable":true,"href":"https:\/\/kulturonline.tv\/at\/wp-json\/wp\/v2\/comments?post=36452"}],"version-history":[{"count":0,"href":"https:\/\/kulturonline.tv\/at\/wp-json\/wp\/v2\/posts\/36452\/revisions"}],"wp:featuredmedia":[{"embeddable":true,"href":"https:\/\/kulturonline.tv\/at\/wp-json\/wp\/v2\/media\/36455"}],"wp:attachment":[{"href":"https:\/\/kulturonline.tv\/at\/wp-json\/wp\/v2\/media?parent=36452"}],"wp:term":[{"taxonomy":"category","embeddable":true,"href":"https:\/\/kulturonline.tv\/at\/wp-json\/wp\/v2\/categories?post=36452"},{"taxonomy":"post_tag","embeddable":true,"href":"https:\/\/kulturonline.tv\/at\/wp-json\/wp\/v2\/tags?post=36452"}],"curies":[{"name":"wp","href":"https:\/\/api.w.org\/{rel}","templated":true}]}}