{"id":36633,"date":"2022-10-03T10:18:21","date_gmt":"2022-10-03T08:18:21","guid":{"rendered":"https:\/\/kulturonline.tv\/uncategorized\/kultur-online-tv-fm-unterwegs-flaniermarkt-in-der-neubaugasse-wien"},"modified":"2023-01-25T16:50:54","modified_gmt":"2023-01-25T15:50:54","slug":"kultur-online-tv-fm-unterwegs-flaniermarkt-in-der-neubaugasse-wien","status":"publish","type":"post","link":"https:\/\/kulturonline.tv\/at\/kultur-online-tv-fm-unterwegs-flaniermarkt-in-der-neubaugasse-wien\/","title":{"rendered":"Kultur Online TV-FM Unterwegs: Flaniermarkt in der Neubaugasse Wien"},"content":{"rendered":"\n<p>Unter dem Motto <a href=\"https:\/\/www.neubaugasse.at\">\u201eDie Neubaugasse tanzt<\/a>\u201c brachte das Kulturprogramm Musik-Acts, Tanzperformances, Bodypercussion, Walking-Acts und Tanz-Workshops zum Flaniermarkt und begeistert das Marktpublikum in der Stra\u00dfe der SpezialistInnen an den beiden Veranstaltungstagen. Auch diesmal wie in den vergangenen Jahrzehnten waren rund 200.000 Menschen pro Tag bei dieser zweit\u00e4gigen Veranstaltung.<\/p>\n\n\n\n<figure class=\"wp-block-image size-large\"><img fetchpriority=\"high\" decoding=\"async\" width=\"2560\" height=\"1440\" src=\"https:\/\/kulturonline.tv\/wp-content\/uploads\/2022\/10\/Kultur-Online-TV-edited-scaled.jpg\" alt=\"\" class=\"wp-image-36598\" srcset=\"https:\/\/kulturonline.tv\/wp-content\/uploads\/2022\/10\/Kultur-Online-TV-edited-scaled.jpg 2560w, https:\/\/kulturonline.tv\/wp-content\/uploads\/2022\/10\/Kultur-Online-TV-edited-scaled-600x338.jpg 600w, https:\/\/kulturonline.tv\/wp-content\/uploads\/2022\/10\/Kultur-Online-TV-edited-800x450.jpg 800w, https:\/\/kulturonline.tv\/wp-content\/uploads\/2022\/10\/Kultur-Online-TV-edited-1600x900.jpg 1600w, https:\/\/kulturonline.tv\/wp-content\/uploads\/2022\/10\/Kultur-Online-TV-edited-768x432.jpg 768w, https:\/\/kulturonline.tv\/wp-content\/uploads\/2022\/10\/Kultur-Online-TV-edited-1536x864.jpg 1536w, https:\/\/kulturonline.tv\/wp-content\/uploads\/2022\/10\/Kultur-Online-TV-edited-2048x1152.jpg 2048w\" sizes=\"(max-width: 2560px) 100vw, 2560px\" \/><figcaption class=\"wp-element-caption\">\u00a9 Kultur Online TV-FM<\/figcaption><\/figure>\n\n\n\n<p>Auch wir von Kultur Online TV &amp; FM waren mit unserer kleinen Kulturb\u00fchne an den beiden Tagen&nbsp;wieder vor Ort, wo wir K\u00fcnstler:innen mit Ihren musikalischen Darbietungen pr\u00e4sentiert haben. <\/p>\n\n\n\n<p>F\u00fcr das kulinarische Wohl sorgte unser Kooperationspartner die Vinothek und Craft Beer Bar \u201c<a href=\"https:\/\/kulturonline.tv\/at\/werbebeitrag-at\/das-gastrowohnzimmer-im-15-bezirk-in-wien\"><em><strong>Reinwein<\/strong><\/em><\/a>\u201d aus dem 15.Bezirk. Hier gab es vor allem einen gro\u00dfen Andrang bei der Zubereitung von &#8222;<strong><em>Steckerlfischen&#8220; <\/em><\/strong> die mit einer herrlich w\u00fcrziger Marinade bepinselt, am Stock aufgespie\u00dft und \u00fcber Feuer gegrillt wurden. <\/p>\n\n\n\n<figure class=\"wp-block-image size-large\"><img decoding=\"async\" width=\"2560\" height=\"1440\" src=\"https:\/\/kulturonline.tv\/wp-content\/uploads\/2022\/10\/kultur-online-tv-2-edited-scaled.jpg\" alt=\"\" class=\"wp-image-36602\" srcset=\"https:\/\/kulturonline.tv\/wp-content\/uploads\/2022\/10\/kultur-online-tv-2-edited-scaled.jpg 2560w, https:\/\/kulturonline.tv\/wp-content\/uploads\/2022\/10\/kultur-online-tv-2-edited-scaled-600x338.jpg 600w, https:\/\/kulturonline.tv\/wp-content\/uploads\/2022\/10\/kultur-online-tv-2-edited-800x450.jpg 800w, https:\/\/kulturonline.tv\/wp-content\/uploads\/2022\/10\/kultur-online-tv-2-edited-1600x900.jpg 1600w, https:\/\/kulturonline.tv\/wp-content\/uploads\/2022\/10\/kultur-online-tv-2-edited-768x432.jpg 768w, https:\/\/kulturonline.tv\/wp-content\/uploads\/2022\/10\/kultur-online-tv-2-edited-1536x864.jpg 1536w, https:\/\/kulturonline.tv\/wp-content\/uploads\/2022\/10\/kultur-online-tv-2-edited-2048x1152.jpg 2048w\" sizes=\"(max-width: 2560px) 100vw, 2560px\" \/><figcaption class=\"wp-element-caption\">\u00a9 Kultur Online TV-FM<\/figcaption><\/figure>\n\n\n\n<p>Auch die online Zugriffe auf unseren Seiten sind an diesen beiden Tagen enorm angewachsen und bedanken uns f\u00fcr das rege Interesse, sowie alle Vorschl\u00e4ge und W\u00fcnsche \u00fcber unsere Community der Sozialen Netzwerke und anderen Interessenten vor Ort. <\/p>\n\n\n\n<div class=\"wp-block-glsb-gosign-gallery-box-block gosign-gallery-box-block-container\"><div class=\"gosign-gallery-box-block\" data-slick=\"{&quot;slidesToShow&quot;:1,&quot;slidesToScroll&quot;:1,&quot;arrows&quot;:false,&quot;dots&quot;:false,&quot;speed&quot;:996,&quot;infinite&quot;:true,&quot;autoplay&quot;:true,&quot;autoplaySpeed&quot;:5000}\"><div class=\"gallery-box-item\"><img decoding=\"async\" width=\"1600\" height=\"1200\" src=\"https:\/\/kulturonline.tv\/wp-content\/uploads\/2022\/10\/Kultur-Online-TV-02-1-1-1600x1200.jpg\" alt=\"\" data-id=\"36611\" data-link=\"https:\/\/kulturonline.tv\/de?attachment_id=36611\" class=\"wp-image-36611\" srcset=\"https:\/\/kulturonline.tv\/wp-content\/uploads\/2022\/10\/Kultur-Online-TV-02-1-1-1600x1200.jpg 1600w, https:\/\/kulturonline.tv\/wp-content\/uploads\/2022\/10\/Kultur-Online-TV-02-1-1-scaled-600x450.jpg 600w, https:\/\/kulturonline.tv\/wp-content\/uploads\/2022\/10\/Kultur-Online-TV-02-1-1-800x600.jpg 800w, https:\/\/kulturonline.tv\/wp-content\/uploads\/2022\/10\/Kultur-Online-TV-02-1-1-768x576.jpg 768w, https:\/\/kulturonline.tv\/wp-content\/uploads\/2022\/10\/Kultur-Online-TV-02-1-1-1536x1152.jpg 1536w, https:\/\/kulturonline.tv\/wp-content\/uploads\/2022\/10\/Kultur-Online-TV-02-1-1-2048x1536.jpg 2048w\" sizes=\"(max-width: 1600px) 100vw, 1600px\" \/><\/div><div class=\"gallery-box-item\"><img loading=\"lazy\" decoding=\"async\" width=\"1600\" height=\"1200\" src=\"https:\/\/kulturonline.tv\/wp-content\/uploads\/2022\/10\/Kultur-Online-TV-02-4-1600x1200.jpg\" alt=\"\" data-id=\"36613\" data-link=\"https:\/\/kulturonline.tv\/de?attachment_id=36613\" class=\"wp-image-36613\" srcset=\"https:\/\/kulturonline.tv\/wp-content\/uploads\/2022\/10\/Kultur-Online-TV-02-4-1600x1200.jpg 1600w, https:\/\/kulturonline.tv\/wp-content\/uploads\/2022\/10\/Kultur-Online-TV-02-4-scaled-600x450.jpg 600w, https:\/\/kulturonline.tv\/wp-content\/uploads\/2022\/10\/Kultur-Online-TV-02-4-800x600.jpg 800w, https:\/\/kulturonline.tv\/wp-content\/uploads\/2022\/10\/Kultur-Online-TV-02-4-768x576.jpg 768w, https:\/\/kulturonline.tv\/wp-content\/uploads\/2022\/10\/Kultur-Online-TV-02-4-1536x1152.jpg 1536w, https:\/\/kulturonline.tv\/wp-content\/uploads\/2022\/10\/Kultur-Online-TV-02-4-2048x1536.jpg 2048w\" sizes=\"(max-width: 1600px) 100vw, 1600px\" \/><\/div><div class=\"gallery-box-item\"><img loading=\"lazy\" decoding=\"async\" width=\"1600\" height=\"1200\" src=\"https:\/\/kulturonline.tv\/wp-content\/uploads\/2022\/10\/Kultur-Online-TV-02-5-1600x1200.jpg\" alt=\"\" data-id=\"36616\" data-link=\"https:\/\/kulturonline.tv\/de?attachment_id=36616\" class=\"wp-image-36616\" srcset=\"https:\/\/kulturonline.tv\/wp-content\/uploads\/2022\/10\/Kultur-Online-TV-02-5-1600x1200.jpg 1600w, https:\/\/kulturonline.tv\/wp-content\/uploads\/2022\/10\/Kultur-Online-TV-02-5-scaled-600x450.jpg 600w, https:\/\/kulturonline.tv\/wp-content\/uploads\/2022\/10\/Kultur-Online-TV-02-5-800x600.jpg 800w, https:\/\/kulturonline.tv\/wp-content\/uploads\/2022\/10\/Kultur-Online-TV-02-5-768x576.jpg 768w, https:\/\/kulturonline.tv\/wp-content\/uploads\/2022\/10\/Kultur-Online-TV-02-5-1536x1152.jpg 1536w, https:\/\/kulturonline.tv\/wp-content\/uploads\/2022\/10\/Kultur-Online-TV-02-5-2048x1536.jpg 2048w\" sizes=\"(max-width: 1600px) 100vw, 1600px\" \/><\/div><div class=\"gallery-box-item\"><img loading=\"lazy\" decoding=\"async\" width=\"1600\" height=\"1200\" src=\"https:\/\/kulturonline.tv\/wp-content\/uploads\/2022\/10\/Kultur-Online-TV-02-7-1600x1200.jpg\" alt=\"\" data-id=\"36618\" data-link=\"https:\/\/kulturonline.tv\/de?attachment_id=36618\" class=\"wp-image-36618\" srcset=\"https:\/\/kulturonline.tv\/wp-content\/uploads\/2022\/10\/Kultur-Online-TV-02-7-1600x1200.jpg 1600w, https:\/\/kulturonline.tv\/wp-content\/uploads\/2022\/10\/Kultur-Online-TV-02-7-scaled-600x450.jpg 600w, https:\/\/kulturonline.tv\/wp-content\/uploads\/2022\/10\/Kultur-Online-TV-02-7-800x600.jpg 800w, https:\/\/kulturonline.tv\/wp-content\/uploads\/2022\/10\/Kultur-Online-TV-02-7-768x576.jpg 768w, https:\/\/kulturonline.tv\/wp-content\/uploads\/2022\/10\/Kultur-Online-TV-02-7-1536x1152.jpg 1536w, https:\/\/kulturonline.tv\/wp-content\/uploads\/2022\/10\/Kultur-Online-TV-02-7-2048x1536.jpg 2048w\" sizes=\"(max-width: 1600px) 100vw, 1600px\" \/><\/div><div class=\"gallery-box-item\"><img loading=\"lazy\" decoding=\"async\" width=\"1600\" height=\"1200\" src=\"https:\/\/kulturonline.tv\/wp-content\/uploads\/2022\/10\/Kultur-Online-TV-02-14-1600x1200.jpg\" alt=\"\" data-id=\"36620\" data-link=\"https:\/\/kulturonline.tv\/de?attachment_id=36620\" class=\"wp-image-36620\" srcset=\"https:\/\/kulturonline.tv\/wp-content\/uploads\/2022\/10\/Kultur-Online-TV-02-14-1600x1200.jpg 1600w, https:\/\/kulturonline.tv\/wp-content\/uploads\/2022\/10\/Kultur-Online-TV-02-14-scaled-600x450.jpg 600w, https:\/\/kulturonline.tv\/wp-content\/uploads\/2022\/10\/Kultur-Online-TV-02-14-800x600.jpg 800w, https:\/\/kulturonline.tv\/wp-content\/uploads\/2022\/10\/Kultur-Online-TV-02-14-768x576.jpg 768w, https:\/\/kulturonline.tv\/wp-content\/uploads\/2022\/10\/Kultur-Online-TV-02-14-1536x1152.jpg 1536w, https:\/\/kulturonline.tv\/wp-content\/uploads\/2022\/10\/Kultur-Online-TV-02-14-2048x1536.jpg 2048w\" sizes=\"(max-width: 1600px) 100vw, 1600px\" \/><\/div><div class=\"gallery-box-item\"><img loading=\"lazy\" decoding=\"async\" width=\"1600\" height=\"1200\" src=\"https:\/\/kulturonline.tv\/wp-content\/uploads\/2022\/10\/Kultur-Online-TV-02-16-1600x1200.jpg\" alt=\"\" data-id=\"36622\" data-link=\"https:\/\/kulturonline.tv\/de?attachment_id=36622\" class=\"wp-image-36622\" srcset=\"https:\/\/kulturonline.tv\/wp-content\/uploads\/2022\/10\/Kultur-Online-TV-02-16-1600x1200.jpg 1600w, https:\/\/kulturonline.tv\/wp-content\/uploads\/2022\/10\/Kultur-Online-TV-02-16-scaled-600x450.jpg 600w, https:\/\/kulturonline.tv\/wp-content\/uploads\/2022\/10\/Kultur-Online-TV-02-16-800x600.jpg 800w, https:\/\/kulturonline.tv\/wp-content\/uploads\/2022\/10\/Kultur-Online-TV-02-16-768x576.jpg 768w, https:\/\/kulturonline.tv\/wp-content\/uploads\/2022\/10\/Kultur-Online-TV-02-16-1536x1152.jpg 1536w, https:\/\/kulturonline.tv\/wp-content\/uploads\/2022\/10\/Kultur-Online-TV-02-16-2048x1536.jpg 2048w\" sizes=\"(max-width: 1600px) 100vw, 1600px\" \/><\/div><div class=\"gallery-box-item\"><img loading=\"lazy\" decoding=\"async\" width=\"1600\" height=\"1200\" src=\"https:\/\/kulturonline.tv\/wp-content\/uploads\/2022\/10\/Kultur-Online-TV-02-11-1600x1200.jpg\" alt=\"\" data-id=\"36624\" data-link=\"https:\/\/kulturonline.tv\/de?attachment_id=36624\" class=\"wp-image-36624\" srcset=\"https:\/\/kulturonline.tv\/wp-content\/uploads\/2022\/10\/Kultur-Online-TV-02-11-1600x1200.jpg 1600w, https:\/\/kulturonline.tv\/wp-content\/uploads\/2022\/10\/Kultur-Online-TV-02-11-scaled-600x450.jpg 600w, https:\/\/kulturonline.tv\/wp-content\/uploads\/2022\/10\/Kultur-Online-TV-02-11-800x600.jpg 800w, https:\/\/kulturonline.tv\/wp-content\/uploads\/2022\/10\/Kultur-Online-TV-02-11-768x576.jpg 768w, https:\/\/kulturonline.tv\/wp-content\/uploads\/2022\/10\/Kultur-Online-TV-02-11-1536x1152.jpg 1536w, https:\/\/kulturonline.tv\/wp-content\/uploads\/2022\/10\/Kultur-Online-TV-02-11-2048x1536.jpg 2048w\" sizes=\"(max-width: 1600px) 100vw, 1600px\" \/><\/div><div class=\"gallery-box-item\"><img loading=\"lazy\" decoding=\"async\" width=\"1600\" height=\"1200\" src=\"https:\/\/kulturonline.tv\/wp-content\/uploads\/2022\/10\/Kultur-Online-TV-02-14-1-1600x1200.jpg\" alt=\"\" data-id=\"36626\" data-link=\"https:\/\/kulturonline.tv\/de?attachment_id=36626\" class=\"wp-image-36626\" srcset=\"https:\/\/kulturonline.tv\/wp-content\/uploads\/2022\/10\/Kultur-Online-TV-02-14-1-1600x1200.jpg 1600w, https:\/\/kulturonline.tv\/wp-content\/uploads\/2022\/10\/Kultur-Online-TV-02-14-1-scaled-600x450.jpg 600w, https:\/\/kulturonline.tv\/wp-content\/uploads\/2022\/10\/Kultur-Online-TV-02-14-1-800x600.jpg 800w, https:\/\/kulturonline.tv\/wp-content\/uploads\/2022\/10\/Kultur-Online-TV-02-14-1-768x576.jpg 768w, https:\/\/kulturonline.tv\/wp-content\/uploads\/2022\/10\/Kultur-Online-TV-02-14-1-1536x1152.jpg 1536w, https:\/\/kulturonline.tv\/wp-content\/uploads\/2022\/10\/Kultur-Online-TV-02-14-1-2048x1536.jpg 2048w\" sizes=\"(max-width: 1600px) 100vw, 1600px\" \/><\/div><div class=\"gallery-box-item\"><img loading=\"lazy\" decoding=\"async\" width=\"1600\" height=\"1200\" src=\"https:\/\/kulturonline.tv\/wp-content\/uploads\/2022\/10\/Kultur-Online-TV-02-1600x1200.jpg\" alt=\"\" data-id=\"36628\" data-link=\"https:\/\/kulturonline.tv\/de?attachment_id=36628\" class=\"wp-image-36628\" srcset=\"https:\/\/kulturonline.tv\/wp-content\/uploads\/2022\/10\/Kultur-Online-TV-02-1600x1200.jpg 1600w, https:\/\/kulturonline.tv\/wp-content\/uploads\/2022\/10\/Kultur-Online-TV-02-scaled-600x450.jpg 600w, https:\/\/kulturonline.tv\/wp-content\/uploads\/2022\/10\/Kultur-Online-TV-02-800x600.jpg 800w, https:\/\/kulturonline.tv\/wp-content\/uploads\/2022\/10\/Kultur-Online-TV-02-768x576.jpg 768w, https:\/\/kulturonline.tv\/wp-content\/uploads\/2022\/10\/Kultur-Online-TV-02-1536x1152.jpg 1536w, https:\/\/kulturonline.tv\/wp-content\/uploads\/2022\/10\/Kultur-Online-TV-02-2048x1536.jpg 2048w\" sizes=\"(max-width: 1600px) 100vw, 1600px\" \/><\/div><div class=\"gallery-box-item\"><img loading=\"lazy\" decoding=\"async\" width=\"1600\" height=\"1200\" src=\"https:\/\/kulturonline.tv\/wp-content\/uploads\/2022\/10\/Kultur-Online-TV-02-13-1600x1200.jpg\" alt=\"\" data-id=\"36630\" data-link=\"https:\/\/kulturonline.tv\/de?attachment_id=36630\" class=\"wp-image-36630\" srcset=\"https:\/\/kulturonline.tv\/wp-content\/uploads\/2022\/10\/Kultur-Online-TV-02-13-1600x1200.jpg 1600w, https:\/\/kulturonline.tv\/wp-content\/uploads\/2022\/10\/Kultur-Online-TV-02-13-scaled-600x450.jpg 600w, https:\/\/kulturonline.tv\/wp-content\/uploads\/2022\/10\/Kultur-Online-TV-02-13-800x600.jpg 800w, https:\/\/kulturonline.tv\/wp-content\/uploads\/2022\/10\/Kultur-Online-TV-02-13-768x576.jpg 768w, https:\/\/kulturonline.tv\/wp-content\/uploads\/2022\/10\/Kultur-Online-TV-02-13-1536x1152.jpg 1536w, https:\/\/kulturonline.tv\/wp-content\/uploads\/2022\/10\/Kultur-Online-TV-02-13-2048x1536.jpg 2048w\" sizes=\"(max-width: 1600px) 100vw, 1600px\" \/><\/div><\/div><div class=\"gosign-gallery-box-thumbnail\" data-slick=\"{&quot;slidesToShow&quot;:3,&quot;slidesToScroll&quot;:1,&quot;arrows&quot;:false,&quot;dots&quot;:false,&quot;infinite&quot;:true,&quot;autoplay&quot;:true,&quot;autoplaySpeed&quot;:5000,&quot;asNavFor&quot;:&quot;.gosign-gallery-box-block&quot;,&quot;focusOnSelect&quot;:true,&quot;variableWidth&quot;:true}\"><div class=\"gallery-thumbnail-item\"><img decoding=\"async\" width=\"1600\" height=\"1200\" src=\"https:\/\/kulturonline.tv\/wp-content\/uploads\/2022\/10\/Kultur-Online-TV-02-1-1-1600x1200.jpg\" alt=\"\" data-id=\"36611\" data-link=\"https:\/\/kulturonline.tv\/de?attachment_id=36611\" class=\"wp-image-36611\" srcset=\"https:\/\/kulturonline.tv\/wp-content\/uploads\/2022\/10\/Kultur-Online-TV-02-1-1-1600x1200.jpg 1600w, https:\/\/kulturonline.tv\/wp-content\/uploads\/2022\/10\/Kultur-Online-TV-02-1-1-scaled-600x450.jpg 600w, https:\/\/kulturonline.tv\/wp-content\/uploads\/2022\/10\/Kultur-Online-TV-02-1-1-800x600.jpg 800w, https:\/\/kulturonline.tv\/wp-content\/uploads\/2022\/10\/Kultur-Online-TV-02-1-1-768x576.jpg 768w, https:\/\/kulturonline.tv\/wp-content\/uploads\/2022\/10\/Kultur-Online-TV-02-1-1-1536x1152.jpg 1536w, https:\/\/kulturonline.tv\/wp-content\/uploads\/2022\/10\/Kultur-Online-TV-02-1-1-2048x1536.jpg 2048w\" sizes=\"(max-width: 1600px) 100vw, 1600px\" \/><\/div><div class=\"gallery-thumbnail-item\"><img loading=\"lazy\" decoding=\"async\" width=\"1600\" height=\"1200\" src=\"https:\/\/kulturonline.tv\/wp-content\/uploads\/2022\/10\/Kultur-Online-TV-02-4-1600x1200.jpg\" alt=\"\" data-id=\"36613\" data-link=\"https:\/\/kulturonline.tv\/de?attachment_id=36613\" class=\"wp-image-36613\" srcset=\"https:\/\/kulturonline.tv\/wp-content\/uploads\/2022\/10\/Kultur-Online-TV-02-4-1600x1200.jpg 1600w, https:\/\/kulturonline.tv\/wp-content\/uploads\/2022\/10\/Kultur-Online-TV-02-4-scaled-600x450.jpg 600w, https:\/\/kulturonline.tv\/wp-content\/uploads\/2022\/10\/Kultur-Online-TV-02-4-800x600.jpg 800w, https:\/\/kulturonline.tv\/wp-content\/uploads\/2022\/10\/Kultur-Online-TV-02-4-768x576.jpg 768w, https:\/\/kulturonline.tv\/wp-content\/uploads\/2022\/10\/Kultur-Online-TV-02-4-1536x1152.jpg 1536w, https:\/\/kulturonline.tv\/wp-content\/uploads\/2022\/10\/Kultur-Online-TV-02-4-2048x1536.jpg 2048w\" sizes=\"(max-width: 1600px) 100vw, 1600px\" \/><\/div><div class=\"gallery-thumbnail-item\"><img loading=\"lazy\" decoding=\"async\" width=\"1600\" height=\"1200\" src=\"https:\/\/kulturonline.tv\/wp-content\/uploads\/2022\/10\/Kultur-Online-TV-02-5-1600x1200.jpg\" alt=\"\" data-id=\"36616\" data-link=\"https:\/\/kulturonline.tv\/de?attachment_id=36616\" class=\"wp-image-36616\" srcset=\"https:\/\/kulturonline.tv\/wp-content\/uploads\/2022\/10\/Kultur-Online-TV-02-5-1600x1200.jpg 1600w, https:\/\/kulturonline.tv\/wp-content\/uploads\/2022\/10\/Kultur-Online-TV-02-5-scaled-600x450.jpg 600w, https:\/\/kulturonline.tv\/wp-content\/uploads\/2022\/10\/Kultur-Online-TV-02-5-800x600.jpg 800w, https:\/\/kulturonline.tv\/wp-content\/uploads\/2022\/10\/Kultur-Online-TV-02-5-768x576.jpg 768w, https:\/\/kulturonline.tv\/wp-content\/uploads\/2022\/10\/Kultur-Online-TV-02-5-1536x1152.jpg 1536w, https:\/\/kulturonline.tv\/wp-content\/uploads\/2022\/10\/Kultur-Online-TV-02-5-2048x1536.jpg 2048w\" sizes=\"(max-width: 1600px) 100vw, 1600px\" \/><\/div><div class=\"gallery-thumbnail-item\"><img loading=\"lazy\" decoding=\"async\" width=\"1600\" height=\"1200\" src=\"https:\/\/kulturonline.tv\/wp-content\/uploads\/2022\/10\/Kultur-Online-TV-02-7-1600x1200.jpg\" alt=\"\" data-id=\"36618\" data-link=\"https:\/\/kulturonline.tv\/de?attachment_id=36618\" class=\"wp-image-36618\" srcset=\"https:\/\/kulturonline.tv\/wp-content\/uploads\/2022\/10\/Kultur-Online-TV-02-7-1600x1200.jpg 1600w, https:\/\/kulturonline.tv\/wp-content\/uploads\/2022\/10\/Kultur-Online-TV-02-7-scaled-600x450.jpg 600w, https:\/\/kulturonline.tv\/wp-content\/uploads\/2022\/10\/Kultur-Online-TV-02-7-800x600.jpg 800w, https:\/\/kulturonline.tv\/wp-content\/uploads\/2022\/10\/Kultur-Online-TV-02-7-768x576.jpg 768w, https:\/\/kulturonline.tv\/wp-content\/uploads\/2022\/10\/Kultur-Online-TV-02-7-1536x1152.jpg 1536w, https:\/\/kulturonline.tv\/wp-content\/uploads\/2022\/10\/Kultur-Online-TV-02-7-2048x1536.jpg 2048w\" sizes=\"(max-width: 1600px) 100vw, 1600px\" \/><\/div><div class=\"gallery-thumbnail-item\"><img loading=\"lazy\" decoding=\"async\" width=\"1600\" height=\"1200\" src=\"https:\/\/kulturonline.tv\/wp-content\/uploads\/2022\/10\/Kultur-Online-TV-02-14-1600x1200.jpg\" alt=\"\" data-id=\"36620\" data-link=\"https:\/\/kulturonline.tv\/de?attachment_id=36620\" class=\"wp-image-36620\" srcset=\"https:\/\/kulturonline.tv\/wp-content\/uploads\/2022\/10\/Kultur-Online-TV-02-14-1600x1200.jpg 1600w, https:\/\/kulturonline.tv\/wp-content\/uploads\/2022\/10\/Kultur-Online-TV-02-14-scaled-600x450.jpg 600w, https:\/\/kulturonline.tv\/wp-content\/uploads\/2022\/10\/Kultur-Online-TV-02-14-800x600.jpg 800w, https:\/\/kulturonline.tv\/wp-content\/uploads\/2022\/10\/Kultur-Online-TV-02-14-768x576.jpg 768w, https:\/\/kulturonline.tv\/wp-content\/uploads\/2022\/10\/Kultur-Online-TV-02-14-1536x1152.jpg 1536w, https:\/\/kulturonline.tv\/wp-content\/uploads\/2022\/10\/Kultur-Online-TV-02-14-2048x1536.jpg 2048w\" sizes=\"(max-width: 1600px) 100vw, 1600px\" \/><\/div><div class=\"gallery-thumbnail-item\"><img loading=\"lazy\" decoding=\"async\" width=\"1600\" height=\"1200\" src=\"https:\/\/kulturonline.tv\/wp-content\/uploads\/2022\/10\/Kultur-Online-TV-02-16-1600x1200.jpg\" alt=\"\" data-id=\"36622\" data-link=\"https:\/\/kulturonline.tv\/de?attachment_id=36622\" class=\"wp-image-36622\" srcset=\"https:\/\/kulturonline.tv\/wp-content\/uploads\/2022\/10\/Kultur-Online-TV-02-16-1600x1200.jpg 1600w, https:\/\/kulturonline.tv\/wp-content\/uploads\/2022\/10\/Kultur-Online-TV-02-16-scaled-600x450.jpg 600w, https:\/\/kulturonline.tv\/wp-content\/uploads\/2022\/10\/Kultur-Online-TV-02-16-800x600.jpg 800w, https:\/\/kulturonline.tv\/wp-content\/uploads\/2022\/10\/Kultur-Online-TV-02-16-768x576.jpg 768w, https:\/\/kulturonline.tv\/wp-content\/uploads\/2022\/10\/Kultur-Online-TV-02-16-1536x1152.jpg 1536w, https:\/\/kulturonline.tv\/wp-content\/uploads\/2022\/10\/Kultur-Online-TV-02-16-2048x1536.jpg 2048w\" sizes=\"(max-width: 1600px) 100vw, 1600px\" \/><\/div><div class=\"gallery-thumbnail-item\"><img loading=\"lazy\" decoding=\"async\" width=\"1600\" height=\"1200\" src=\"https:\/\/kulturonline.tv\/wp-content\/uploads\/2022\/10\/Kultur-Online-TV-02-11-1600x1200.jpg\" alt=\"\" data-id=\"36624\" data-link=\"https:\/\/kulturonline.tv\/de?attachment_id=36624\" class=\"wp-image-36624\" srcset=\"https:\/\/kulturonline.tv\/wp-content\/uploads\/2022\/10\/Kultur-Online-TV-02-11-1600x1200.jpg 1600w, https:\/\/kulturonline.tv\/wp-content\/uploads\/2022\/10\/Kultur-Online-TV-02-11-scaled-600x450.jpg 600w, https:\/\/kulturonline.tv\/wp-content\/uploads\/2022\/10\/Kultur-Online-TV-02-11-800x600.jpg 800w, https:\/\/kulturonline.tv\/wp-content\/uploads\/2022\/10\/Kultur-Online-TV-02-11-768x576.jpg 768w, https:\/\/kulturonline.tv\/wp-content\/uploads\/2022\/10\/Kultur-Online-TV-02-11-1536x1152.jpg 1536w, https:\/\/kulturonline.tv\/wp-content\/uploads\/2022\/10\/Kultur-Online-TV-02-11-2048x1536.jpg 2048w\" sizes=\"(max-width: 1600px) 100vw, 1600px\" \/><\/div><div class=\"gallery-thumbnail-item\"><img loading=\"lazy\" decoding=\"async\" width=\"1600\" height=\"1200\" src=\"https:\/\/kulturonline.tv\/wp-content\/uploads\/2022\/10\/Kultur-Online-TV-02-14-1-1600x1200.jpg\" alt=\"\" data-id=\"36626\" data-link=\"https:\/\/kulturonline.tv\/de?attachment_id=36626\" class=\"wp-image-36626\" srcset=\"https:\/\/kulturonline.tv\/wp-content\/uploads\/2022\/10\/Kultur-Online-TV-02-14-1-1600x1200.jpg 1600w, https:\/\/kulturonline.tv\/wp-content\/uploads\/2022\/10\/Kultur-Online-TV-02-14-1-scaled-600x450.jpg 600w, https:\/\/kulturonline.tv\/wp-content\/uploads\/2022\/10\/Kultur-Online-TV-02-14-1-800x600.jpg 800w, https:\/\/kulturonline.tv\/wp-content\/uploads\/2022\/10\/Kultur-Online-TV-02-14-1-768x576.jpg 768w, https:\/\/kulturonline.tv\/wp-content\/uploads\/2022\/10\/Kultur-Online-TV-02-14-1-1536x1152.jpg 1536w, https:\/\/kulturonline.tv\/wp-content\/uploads\/2022\/10\/Kultur-Online-TV-02-14-1-2048x1536.jpg 2048w\" sizes=\"(max-width: 1600px) 100vw, 1600px\" \/><\/div><div class=\"gallery-thumbnail-item\"><img loading=\"lazy\" decoding=\"async\" width=\"1600\" height=\"1200\" src=\"https:\/\/kulturonline.tv\/wp-content\/uploads\/2022\/10\/Kultur-Online-TV-02-1600x1200.jpg\" alt=\"\" data-id=\"36628\" data-link=\"https:\/\/kulturonline.tv\/de?attachment_id=36628\" class=\"wp-image-36628\" srcset=\"https:\/\/kulturonline.tv\/wp-content\/uploads\/2022\/10\/Kultur-Online-TV-02-1600x1200.jpg 1600w, https:\/\/kulturonline.tv\/wp-content\/uploads\/2022\/10\/Kultur-Online-TV-02-scaled-600x450.jpg 600w, https:\/\/kulturonline.tv\/wp-content\/uploads\/2022\/10\/Kultur-Online-TV-02-800x600.jpg 800w, https:\/\/kulturonline.tv\/wp-content\/uploads\/2022\/10\/Kultur-Online-TV-02-768x576.jpg 768w, https:\/\/kulturonline.tv\/wp-content\/uploads\/2022\/10\/Kultur-Online-TV-02-1536x1152.jpg 1536w, https:\/\/kulturonline.tv\/wp-content\/uploads\/2022\/10\/Kultur-Online-TV-02-2048x1536.jpg 2048w\" sizes=\"(max-width: 1600px) 100vw, 1600px\" \/><\/div><div class=\"gallery-thumbnail-item\"><img loading=\"lazy\" decoding=\"async\" width=\"1600\" height=\"1200\" src=\"https:\/\/kulturonline.tv\/wp-content\/uploads\/2022\/10\/Kultur-Online-TV-02-13-1600x1200.jpg\" alt=\"\" data-id=\"36630\" data-link=\"https:\/\/kulturonline.tv\/de?attachment_id=36630\" class=\"wp-image-36630\" srcset=\"https:\/\/kulturonline.tv\/wp-content\/uploads\/2022\/10\/Kultur-Online-TV-02-13-1600x1200.jpg 1600w, https:\/\/kulturonline.tv\/wp-content\/uploads\/2022\/10\/Kultur-Online-TV-02-13-scaled-600x450.jpg 600w, https:\/\/kulturonline.tv\/wp-content\/uploads\/2022\/10\/Kultur-Online-TV-02-13-800x600.jpg 800w, https:\/\/kulturonline.tv\/wp-content\/uploads\/2022\/10\/Kultur-Online-TV-02-13-768x576.jpg 768w, https:\/\/kulturonline.tv\/wp-content\/uploads\/2022\/10\/Kultur-Online-TV-02-13-1536x1152.jpg 1536w, https:\/\/kulturonline.tv\/wp-content\/uploads\/2022\/10\/Kultur-Online-TV-02-13-2048x1536.jpg 2048w\" sizes=\"(max-width: 1600px) 100vw, 1600px\" \/><\/div><\/div><\/div>\n\n\n\n<div style=\"height:41px\" aria-hidden=\"true\" class=\"wp-block-spacer\"><\/div>\n\n\n\n<p>Kultur Online TV-FM<\/p>\n\n\n\n<p>#events #news #kunst #kultur <\/p>\n\n\n\n<p> <\/p>\n","protected":false},"excerpt":{"rendered":"<p>Unter dem Motto \u201eDie Neubaugasse tanzt\u201c brachte das Kulturprogramm Musik-Acts, Tanzperformances, Bodypercussion, Walking-Acts und Tanz-Workshops zum Flaniermarkt und begeistert das Marktpublikum in der Stra\u00dfe der SpezialistInnen an den beiden Veranstaltungstagen. Auch diesmal wie in den vergangenen Jahrzehnten waren rund 200.000 Menschen pro Tag bei dieser zweit\u00e4gigen Veranstaltung. Auch wir von Kultur Online TV &amp; FM [&hellip;]<\/p>\n","protected":false},"author":2,"featured_media":36599,"comment_status":"closed","ping_status":"closed","sticky":false,"template":"","format":"standard","meta":{"_acf_changed":false,"footnotes":""},"categories":[175,378,118],"tags":[],"class_list":["post-36633","post","type-post","status-publish","format-standard","has-post-thumbnail","hentry","category-aktuelle-news-ueber-uns-at","category-blog-news-ueber-uns","category-uncategorized"],"acf":[],"yoast_head":"<!-- This site is optimized with the Yoast SEO plugin v26.1.1 - https:\/\/yoast.com\/wordpress\/plugins\/seo\/ -->\n<title>Kultur Online TV-FM Unterwegs: Flaniermarkt in der Neubaugasse Wien - Kultur Online TV &amp; FM<\/title>\n<meta name=\"description\" content=\"Auch wir von Kultur Online TV &amp; FM waren vor Ort mit unserer kleinen Kulturb\u00fchne an den beiden Tagen\u00a0wieder vor Ort, wo wir K\u00fcnstler:innen mit Ihren musikalischen Darbietungen pr\u00e4sentiert haben.\" \/>\n<meta name=\"robots\" content=\"index, follow, max-snippet:-1, max-image-preview:large, max-video-preview:-1\" \/>\n<link rel=\"canonical\" href=\"https:\/\/kulturonline.tv\/at\/kultur-online-tv-fm-unterwegs-flaniermarkt-in-der-neubaugasse-wien\/\" \/>\n<meta property=\"og:locale\" content=\"de_DE\" \/>\n<meta property=\"og:type\" content=\"article\" \/>\n<meta property=\"og:title\" content=\"Kultur Online TV-FM Unterwegs: Flaniermarkt in der Neubaugasse Wien - Kultur Online TV &amp; FM\" \/>\n<meta property=\"og:description\" content=\"Auch wir von Kultur Online TV &amp; FM waren vor Ort mit unserer kleinen Kulturb\u00fchne an den beiden Tagen\u00a0wieder vor Ort, wo wir K\u00fcnstler:innen mit Ihren musikalischen Darbietungen pr\u00e4sentiert haben.\" \/>\n<meta property=\"og:url\" content=\"https:\/\/kulturonline.tv\/at\/kultur-online-tv-fm-unterwegs-flaniermarkt-in-der-neubaugasse-wien\/\" \/>\n<meta property=\"og:site_name\" content=\"Kultur Online TV &amp; FM\" \/>\n<meta property=\"article:publisher\" content=\"https:\/\/www.facebook.com\/kulturonline.tv\" \/>\n<meta property=\"article:published_time\" content=\"2022-10-03T08:18:21+00:00\" \/>\n<meta property=\"article:modified_time\" content=\"2023-01-25T15:50:54+00:00\" \/>\n<meta property=\"og:image\" content=\"https:\/\/kulturonline.tv\/wp-content\/uploads\/2022\/10\/Kultur-Online-TV-edited-scaled.jpg\" \/>\n\t<meta property=\"og:image:width\" content=\"2560\" \/>\n\t<meta property=\"og:image:height\" content=\"1440\" \/>\n\t<meta property=\"og:image:type\" content=\"image\/jpeg\" \/>\n<meta name=\"author\" content=\"guenter.wolfgang\" \/>\n<meta name=\"twitter:card\" content=\"summary_large_image\" \/>\n<meta name=\"twitter:label1\" content=\"Verfasst von\" \/>\n\t<meta name=\"twitter:data1\" content=\"guenter.wolfgang\" \/>\n\t<meta name=\"twitter:label2\" content=\"Gesch\u00e4tzte Lesezeit\" \/>\n\t<meta name=\"twitter:data2\" content=\"1 Minute\" \/>\n<script type=\"application\/ld+json\" class=\"yoast-schema-graph\">{\"@context\":\"https:\/\/schema.org\",\"@graph\":[{\"@type\":\"Article\",\"@id\":\"https:\/\/kulturonline.tv\/at\/kultur-online-tv-fm-unterwegs-flaniermarkt-in-der-neubaugasse-wien\/#article\",\"isPartOf\":{\"@id\":\"https:\/\/kulturonline.tv\/at\/kultur-online-tv-fm-unterwegs-flaniermarkt-in-der-neubaugasse-wien\/\"},\"author\":{\"name\":\"guenter.wolfgang\",\"@id\":\"https:\/\/kulturonline.tv\/at\/#\/schema\/person\/b0fac729bb9a0c193fb1df23449df4fe\"},\"headline\":\"Kultur Online TV-FM Unterwegs: Flaniermarkt in der Neubaugasse Wien\",\"datePublished\":\"2022-10-03T08:18:21+00:00\",\"dateModified\":\"2023-01-25T15:50:54+00:00\",\"mainEntityOfPage\":{\"@id\":\"https:\/\/kulturonline.tv\/at\/kultur-online-tv-fm-unterwegs-flaniermarkt-in-der-neubaugasse-wien\/\"},\"wordCount\":193,\"publisher\":{\"@id\":\"https:\/\/kulturonline.tv\/at\/#organization\"},\"image\":{\"@id\":\"https:\/\/kulturonline.tv\/at\/kultur-online-tv-fm-unterwegs-flaniermarkt-in-der-neubaugasse-wien\/#primaryimage\"},\"thumbnailUrl\":\"https:\/\/kulturonline.tv\/wp-content\/uploads\/2022\/10\/Kultur-Online-TV-edited-scaled.jpg\",\"articleSection\":[\"Blog\",\"Blog News \u00fcber uns\",\"Uncategorized @at\"],\"inLanguage\":\"de-AT\"},{\"@type\":\"WebPage\",\"@id\":\"https:\/\/kulturonline.tv\/at\/kultur-online-tv-fm-unterwegs-flaniermarkt-in-der-neubaugasse-wien\/\",\"url\":\"https:\/\/kulturonline.tv\/at\/kultur-online-tv-fm-unterwegs-flaniermarkt-in-der-neubaugasse-wien\/\",\"name\":\"Kultur Online TV-FM Unterwegs: Flaniermarkt in der Neubaugasse Wien - Kultur Online TV &amp; FM\",\"isPartOf\":{\"@id\":\"https:\/\/kulturonline.tv\/at\/#website\"},\"primaryImageOfPage\":{\"@id\":\"https:\/\/kulturonline.tv\/at\/kultur-online-tv-fm-unterwegs-flaniermarkt-in-der-neubaugasse-wien\/#primaryimage\"},\"image\":{\"@id\":\"https:\/\/kulturonline.tv\/at\/kultur-online-tv-fm-unterwegs-flaniermarkt-in-der-neubaugasse-wien\/#primaryimage\"},\"thumbnailUrl\":\"https:\/\/kulturonline.tv\/wp-content\/uploads\/2022\/10\/Kultur-Online-TV-edited-scaled.jpg\",\"datePublished\":\"2022-10-03T08:18:21+00:00\",\"dateModified\":\"2023-01-25T15:50:54+00:00\",\"description\":\"Auch wir von Kultur Online TV & FM waren vor Ort mit unserer kleinen Kulturb\u00fchne an den beiden Tagen\u00a0wieder vor Ort, wo wir K\u00fcnstler:innen mit Ihren musikalischen Darbietungen pr\u00e4sentiert haben.\",\"breadcrumb\":{\"@id\":\"https:\/\/kulturonline.tv\/at\/kultur-online-tv-fm-unterwegs-flaniermarkt-in-der-neubaugasse-wien\/#breadcrumb\"},\"inLanguage\":\"de-AT\",\"potentialAction\":[{\"@type\":\"ReadAction\",\"target\":[\"https:\/\/kulturonline.tv\/at\/kultur-online-tv-fm-unterwegs-flaniermarkt-in-der-neubaugasse-wien\/\"]}]},{\"@type\":\"ImageObject\",\"inLanguage\":\"de-AT\",\"@id\":\"https:\/\/kulturonline.tv\/at\/kultur-online-tv-fm-unterwegs-flaniermarkt-in-der-neubaugasse-wien\/#primaryimage\",\"url\":\"https:\/\/kulturonline.tv\/wp-content\/uploads\/2022\/10\/Kultur-Online-TV-edited-scaled.jpg\",\"contentUrl\":\"https:\/\/kulturonline.tv\/wp-content\/uploads\/2022\/10\/Kultur-Online-TV-edited-scaled.jpg\",\"width\":2560,\"height\":1440},{\"@type\":\"BreadcrumbList\",\"@id\":\"https:\/\/kulturonline.tv\/at\/kultur-online-tv-fm-unterwegs-flaniermarkt-in-der-neubaugasse-wien\/#breadcrumb\",\"itemListElement\":[{\"@type\":\"ListItem\",\"position\":1,\"name\":\"Startseite\",\"item\":\"https:\/\/kulturonline.tv\/at\/\"},{\"@type\":\"ListItem\",\"position\":2,\"name\":\"Kultur Online TV-FM Unterwegs: Flaniermarkt in der Neubaugasse Wien\"}]},{\"@type\":\"WebSite\",\"@id\":\"https:\/\/kulturonline.tv\/at\/#website\",\"url\":\"https:\/\/kulturonline.tv\/at\/\",\"name\":\"Kultur Online TV &amp; FM\",\"description\":\"Wir sind Kultur 2.0 zum sehen &amp; h\u00f6ren\",\"publisher\":{\"@id\":\"https:\/\/kulturonline.tv\/at\/#organization\"},\"potentialAction\":[{\"@type\":\"SearchAction\",\"target\":{\"@type\":\"EntryPoint\",\"urlTemplate\":\"https:\/\/kulturonline.tv\/at\/?s={search_term_string}\"},\"query-input\":{\"@type\":\"PropertyValueSpecification\",\"valueRequired\":true,\"valueName\":\"search_term_string\"}}],\"inLanguage\":\"de-AT\"},{\"@type\":\"Organization\",\"@id\":\"https:\/\/kulturonline.tv\/at\/#organization\",\"name\":\"Kultur Online TV\",\"url\":\"https:\/\/kulturonline.tv\/at\/\",\"logo\":{\"@type\":\"ImageObject\",\"inLanguage\":\"de-AT\",\"@id\":\"https:\/\/kulturonline.tv\/at\/#\/schema\/logo\/image\/\",\"url\":\"https:\/\/kulturonline.tv\/wp-content\/uploads\/2021\/08\/Kultur-Online-Tv-Logo-Endversion-neu.png\",\"contentUrl\":\"https:\/\/kulturonline.tv\/wp-content\/uploads\/2021\/08\/Kultur-Online-Tv-Logo-Endversion-neu.png\",\"width\":200,\"height\":200,\"caption\":\"Kultur Online TV\"},\"image\":{\"@id\":\"https:\/\/kulturonline.tv\/at\/#\/schema\/logo\/image\/\"},\"sameAs\":[\"https:\/\/www.facebook.com\/kulturonline.tv\",\"https:\/\/www.instagram.com\/kulturonline.tv\"]},{\"@type\":\"Person\",\"@id\":\"https:\/\/kulturonline.tv\/at\/#\/schema\/person\/b0fac729bb9a0c193fb1df23449df4fe\",\"name\":\"guenter.wolfgang\"}]}<\/script>\n<!-- \/ Yoast SEO plugin. -->","yoast_head_json":{"title":"Kultur Online TV-FM Unterwegs: Flaniermarkt in der Neubaugasse Wien - Kultur Online TV &amp; FM","description":"Auch wir von Kultur Online TV & FM waren vor Ort mit unserer kleinen Kulturb\u00fchne an den beiden Tagen\u00a0wieder vor Ort, wo wir K\u00fcnstler:innen mit Ihren musikalischen Darbietungen pr\u00e4sentiert haben.","robots":{"index":"index","follow":"follow","max-snippet":"max-snippet:-1","max-image-preview":"max-image-preview:large","max-video-preview":"max-video-preview:-1"},"canonical":"https:\/\/kulturonline.tv\/at\/kultur-online-tv-fm-unterwegs-flaniermarkt-in-der-neubaugasse-wien\/","og_locale":"de_DE","og_type":"article","og_title":"Kultur Online TV-FM Unterwegs: Flaniermarkt in der Neubaugasse Wien - Kultur Online TV &amp; FM","og_description":"Auch wir von Kultur Online TV & FM waren vor Ort mit unserer kleinen Kulturb\u00fchne an den beiden Tagen\u00a0wieder vor Ort, wo wir K\u00fcnstler:innen mit Ihren musikalischen Darbietungen pr\u00e4sentiert haben.","og_url":"https:\/\/kulturonline.tv\/at\/kultur-online-tv-fm-unterwegs-flaniermarkt-in-der-neubaugasse-wien\/","og_site_name":"Kultur Online TV &amp; FM","article_publisher":"https:\/\/www.facebook.com\/kulturonline.tv","article_published_time":"2022-10-03T08:18:21+00:00","article_modified_time":"2023-01-25T15:50:54+00:00","og_image":[{"width":2560,"height":1440,"url":"https:\/\/kulturonline.tv\/wp-content\/uploads\/2022\/10\/Kultur-Online-TV-edited-scaled.jpg","type":"image\/jpeg"}],"author":"guenter.wolfgang","twitter_card":"summary_large_image","twitter_misc":{"Verfasst von":"guenter.wolfgang","Gesch\u00e4tzte Lesezeit":"1 Minute"},"schema":{"@context":"https:\/\/schema.org","@graph":[{"@type":"Article","@id":"https:\/\/kulturonline.tv\/at\/kultur-online-tv-fm-unterwegs-flaniermarkt-in-der-neubaugasse-wien\/#article","isPartOf":{"@id":"https:\/\/kulturonline.tv\/at\/kultur-online-tv-fm-unterwegs-flaniermarkt-in-der-neubaugasse-wien\/"},"author":{"name":"guenter.wolfgang","@id":"https:\/\/kulturonline.tv\/at\/#\/schema\/person\/b0fac729bb9a0c193fb1df23449df4fe"},"headline":"Kultur Online TV-FM Unterwegs: Flaniermarkt in der Neubaugasse Wien","datePublished":"2022-10-03T08:18:21+00:00","dateModified":"2023-01-25T15:50:54+00:00","mainEntityOfPage":{"@id":"https:\/\/kulturonline.tv\/at\/kultur-online-tv-fm-unterwegs-flaniermarkt-in-der-neubaugasse-wien\/"},"wordCount":193,"publisher":{"@id":"https:\/\/kulturonline.tv\/at\/#organization"},"image":{"@id":"https:\/\/kulturonline.tv\/at\/kultur-online-tv-fm-unterwegs-flaniermarkt-in-der-neubaugasse-wien\/#primaryimage"},"thumbnailUrl":"https:\/\/kulturonline.tv\/wp-content\/uploads\/2022\/10\/Kultur-Online-TV-edited-scaled.jpg","articleSection":["Blog","Blog News \u00fcber uns","Uncategorized @at"],"inLanguage":"de-AT"},{"@type":"WebPage","@id":"https:\/\/kulturonline.tv\/at\/kultur-online-tv-fm-unterwegs-flaniermarkt-in-der-neubaugasse-wien\/","url":"https:\/\/kulturonline.tv\/at\/kultur-online-tv-fm-unterwegs-flaniermarkt-in-der-neubaugasse-wien\/","name":"Kultur Online TV-FM Unterwegs: Flaniermarkt in der Neubaugasse Wien - Kultur Online TV &amp; FM","isPartOf":{"@id":"https:\/\/kulturonline.tv\/at\/#website"},"primaryImageOfPage":{"@id":"https:\/\/kulturonline.tv\/at\/kultur-online-tv-fm-unterwegs-flaniermarkt-in-der-neubaugasse-wien\/#primaryimage"},"image":{"@id":"https:\/\/kulturonline.tv\/at\/kultur-online-tv-fm-unterwegs-flaniermarkt-in-der-neubaugasse-wien\/#primaryimage"},"thumbnailUrl":"https:\/\/kulturonline.tv\/wp-content\/uploads\/2022\/10\/Kultur-Online-TV-edited-scaled.jpg","datePublished":"2022-10-03T08:18:21+00:00","dateModified":"2023-01-25T15:50:54+00:00","description":"Auch wir von Kultur Online TV & FM waren vor Ort mit unserer kleinen Kulturb\u00fchne an den beiden Tagen\u00a0wieder vor Ort, wo wir K\u00fcnstler:innen mit Ihren musikalischen Darbietungen pr\u00e4sentiert haben.","breadcrumb":{"@id":"https:\/\/kulturonline.tv\/at\/kultur-online-tv-fm-unterwegs-flaniermarkt-in-der-neubaugasse-wien\/#breadcrumb"},"inLanguage":"de-AT","potentialAction":[{"@type":"ReadAction","target":["https:\/\/kulturonline.tv\/at\/kultur-online-tv-fm-unterwegs-flaniermarkt-in-der-neubaugasse-wien\/"]}]},{"@type":"ImageObject","inLanguage":"de-AT","@id":"https:\/\/kulturonline.tv\/at\/kultur-online-tv-fm-unterwegs-flaniermarkt-in-der-neubaugasse-wien\/#primaryimage","url":"https:\/\/kulturonline.tv\/wp-content\/uploads\/2022\/10\/Kultur-Online-TV-edited-scaled.jpg","contentUrl":"https:\/\/kulturonline.tv\/wp-content\/uploads\/2022\/10\/Kultur-Online-TV-edited-scaled.jpg","width":2560,"height":1440},{"@type":"BreadcrumbList","@id":"https:\/\/kulturonline.tv\/at\/kultur-online-tv-fm-unterwegs-flaniermarkt-in-der-neubaugasse-wien\/#breadcrumb","itemListElement":[{"@type":"ListItem","position":1,"name":"Startseite","item":"https:\/\/kulturonline.tv\/at\/"},{"@type":"ListItem","position":2,"name":"Kultur Online TV-FM Unterwegs: Flaniermarkt in der Neubaugasse Wien"}]},{"@type":"WebSite","@id":"https:\/\/kulturonline.tv\/at\/#website","url":"https:\/\/kulturonline.tv\/at\/","name":"Kultur Online TV &amp; FM","description":"Wir sind Kultur 2.0 zum sehen &amp; h\u00f6ren","publisher":{"@id":"https:\/\/kulturonline.tv\/at\/#organization"},"potentialAction":[{"@type":"SearchAction","target":{"@type":"EntryPoint","urlTemplate":"https:\/\/kulturonline.tv\/at\/?s={search_term_string}"},"query-input":{"@type":"PropertyValueSpecification","valueRequired":true,"valueName":"search_term_string"}}],"inLanguage":"de-AT"},{"@type":"Organization","@id":"https:\/\/kulturonline.tv\/at\/#organization","name":"Kultur Online TV","url":"https:\/\/kulturonline.tv\/at\/","logo":{"@type":"ImageObject","inLanguage":"de-AT","@id":"https:\/\/kulturonline.tv\/at\/#\/schema\/logo\/image\/","url":"https:\/\/kulturonline.tv\/wp-content\/uploads\/2021\/08\/Kultur-Online-Tv-Logo-Endversion-neu.png","contentUrl":"https:\/\/kulturonline.tv\/wp-content\/uploads\/2021\/08\/Kultur-Online-Tv-Logo-Endversion-neu.png","width":200,"height":200,"caption":"Kultur Online TV"},"image":{"@id":"https:\/\/kulturonline.tv\/at\/#\/schema\/logo\/image\/"},"sameAs":["https:\/\/www.facebook.com\/kulturonline.tv","https:\/\/www.instagram.com\/kulturonline.tv"]},{"@type":"Person","@id":"https:\/\/kulturonline.tv\/at\/#\/schema\/person\/b0fac729bb9a0c193fb1df23449df4fe","name":"guenter.wolfgang"}]}},"_links":{"self":[{"href":"https:\/\/kulturonline.tv\/at\/wp-json\/wp\/v2\/posts\/36633","targetHints":{"allow":["GET"]}}],"collection":[{"href":"https:\/\/kulturonline.tv\/at\/wp-json\/wp\/v2\/posts"}],"about":[{"href":"https:\/\/kulturonline.tv\/at\/wp-json\/wp\/v2\/types\/post"}],"author":[{"embeddable":true,"href":"https:\/\/kulturonline.tv\/at\/wp-json\/wp\/v2\/users\/2"}],"replies":[{"embeddable":true,"href":"https:\/\/kulturonline.tv\/at\/wp-json\/wp\/v2\/comments?post=36633"}],"version-history":[{"count":0,"href":"https:\/\/kulturonline.tv\/at\/wp-json\/wp\/v2\/posts\/36633\/revisions"}],"wp:featuredmedia":[{"embeddable":true,"href":"https:\/\/kulturonline.tv\/at\/wp-json\/wp\/v2\/media\/36599"}],"wp:attachment":[{"href":"https:\/\/kulturonline.tv\/at\/wp-json\/wp\/v2\/media?parent=36633"}],"wp:term":[{"taxonomy":"category","embeddable":true,"href":"https:\/\/kulturonline.tv\/at\/wp-json\/wp\/v2\/categories?post=36633"},{"taxonomy":"post_tag","embeddable":true,"href":"https:\/\/kulturonline.tv\/at\/wp-json\/wp\/v2\/tags?post=36633"}],"curies":[{"name":"wp","href":"https:\/\/api.w.org\/{rel}","templated":true}]}}