{"id":37848,"date":"2022-10-23T19:07:46","date_gmt":"2022-10-23T17:07:46","guid":{"rendered":"https:\/\/kulturonline.tv\/uncategorized\/voices-vienna"},"modified":"2022-10-31T19:34:58","modified_gmt":"2022-10-31T18:34:58","slug":"voices-vienna","status":"publish","type":"post","link":"https:\/\/kulturonline.tv\/at\/voices-vienna\/","title":{"rendered":"Das Musikkonzert mit sozialen Engagement"},"content":{"rendered":"\n<figure class=\"wp-block-image size-full is-resized\"><img fetchpriority=\"high\" decoding=\"async\" src=\"https:\/\/kulturonline.tv\/wp-content\/uploads\/2022\/10\/image-1-1.png\" alt=\"\" class=\"wp-image-37859\" width=\"1007\" height=\"325\" srcset=\"https:\/\/kulturonline.tv\/wp-content\/uploads\/2022\/10\/image-1-1.png 1600w, https:\/\/kulturonline.tv\/wp-content\/uploads\/2022\/10\/image-1-1-600x194.png 600w, https:\/\/kulturonline.tv\/wp-content\/uploads\/2022\/10\/image-1-1-800x259.png 800w, https:\/\/kulturonline.tv\/wp-content\/uploads\/2022\/10\/image-1-1-768x249.png 768w, https:\/\/kulturonline.tv\/wp-content\/uploads\/2022\/10\/image-1-1-1536x497.png 1536w\" sizes=\"(max-width: 1007px) 100vw, 1007px\" \/><\/figure>\n\n\n\n<ul class=\"wp-block-list\"><li>30.Oktober 2022<\/li><li>Live Music Club\u00a0<a href=\"http:\/\/www.replugged.at\/\">REPLUGGED<\/a>\u00a0Lerchenfelder Str. 23, 1070 Wien<\/li><li>Einlass ab 19:30h Beginn 20:00h<\/li><li><strong>TICKET GESCHLOSSEN<\/strong><\/li><\/ul>\n\n\n\n<p><strong><em>Mit dem Kauf dieses Tickets unterst\u00fctzt Du Kunst &amp; Kulturschaffende<\/em><\/strong><\/p>\n\n\n\n<p>Nicht nur Musik, sondern auch soziales Engagement spielt bei diesem Event eine tragende Rolle. 5 Acts, bestehend aus lokalen, aufstrebenden K\u00fcnstler:innen pr\u00e4sentieren ihre selbstgeschriebenen St\u00fccke. Zudem wird der gemeinn\u00fctzige Verein \u201cLoginsleben\u201d zu Wort kommen und seine Arbeit n\u00e4her pr\u00e4sentieren. Durch Kim Lou &amp; Farbenfroh, Jana Gatt, Kopfkino, K9NE und KGW 3 erwartet uns eine vielf\u00e4ltige und aussagekr\u00e4ftige Mischung an Hip Hop, Rock und Indie Ankl\u00e4ngen.<\/p>\n\n\n\n<p>Begleitet werden die Auftritte durch Moderationsphasen, in denen die Initiatorin Linda Meisel von \u201cVoices United Vienna\u201d \u00fcber das Projekt spricht, die K\u00fcnstler:innen kurz interviewt und mit einer Vertreterin von \u201cLoginsleben\u201d auf Beteiligungsm\u00f6glichkeiten und die Wirkung von wohlt\u00e4tiger Arbeit eingeht.<\/p>\n\n\n\n<p>Durch viel Herzblut und Zusammenhalt ist dieses Projekt \u00fcber die letzten Monate mit Organisatorin, K\u00fcnstler:innen und durch die Mitarbeit-Kooperation von Kultur Online TV-FM erarbeitet worden.<\/p>\n\n\n\n<p><br><strong>Die K\u00fcnstler:innen<\/strong><\/p>\n\n\n\n<figure class=\"wp-block-embed is-type-video is-provider-youtube wp-block-embed-youtube wp-embed-aspect-16-9 wp-has-aspect-ratio\"><div class=\"wp-block-embed__wrapper\">\nhttps:\/\/youtu.be\/l26g7tZLzTA\n<\/div><\/figure>\n\n\n\n<p>Musikgruppe KGW3<\/p>\n\n\n\n<p>\u201eLet The Good Times Roll\u201c \u2013 Das von KGW3 erzeugte Genre wird als Drum\u2019N\u2019Brass Rap bezeichnet. Ihre Texte befinden sich inhaltlich \u201eirgendwo zwischen GoodTime und Borderline\u201c und befassen sich oft mit politischen und gesellschaftskritischen Themen. Musikalisch werden die Texte von einpr\u00e4gsamen Bl\u00e4serlines, elektronischen Sounds und fesselnden Drumgrooves untermalen.<\/p>\n\n\n\n<p>\u00a9 Kultur Online TV<\/p>\n\n\n\n<figure class=\"wp-block-embed is-type-video is-provider-youtube wp-block-embed-youtube wp-embed-aspect-16-9 wp-has-aspect-ratio\"><div class=\"wp-block-embed__wrapper\">\nhttps:\/\/youtu.be\/WUa3-k9DDi8\n<\/div><\/figure>\n\n\n\n<p>T\u00e4nzerin und S\u00e4ngerin Jana Gatt<\/p>\n\n\n\n<p>Jana Gatt ist Rapperin, T\u00e4nzerin, S\u00e4ngerin und liebt in erster Linie Musik. Ihre Werke sind mit einer gewissen Freiheit befl\u00fcgelt, die die Tiroler K\u00fcnstlerin aus Bergen, der reichen Natur und dem Leben an sich sch\u00f6pft. Jana Gatt\u2019s Reisen und Abenteuer flechtet sie durch Texte &amp; Bewegungen in ihre Lieder &amp; Videos.<\/p>\n\n\n\n<p>\u00a9 Kultur Online TV<\/p>\n\n\n\n<p><\/p>\n","protected":false},"excerpt":{"rendered":"<p>30.Oktober 2022 Live Music Club\u00a0REPLUGGED\u00a0Lerchenfelder Str. 23, 1070 Wien Einlass ab 19:30h Beginn 20:00h TICKET GESCHLOSSEN Mit dem Kauf dieses Tickets unterst\u00fctzt Du Kunst &amp; Kulturschaffende Nicht nur Musik, sondern auch soziales Engagement spielt bei diesem Event eine tragende Rolle. 5 Acts, bestehend aus lokalen, aufstrebenden K\u00fcnstler:innen pr\u00e4sentieren ihre selbstgeschriebenen St\u00fccke. Zudem wird der gemeinn\u00fctzige [&hellip;]<\/p>\n","protected":false},"author":2,"featured_media":40052,"comment_status":"closed","ping_status":"closed","sticky":false,"template":"","format":"standard","meta":{"_acf_changed":false,"footnotes":""},"categories":[385,118],"tags":[],"class_list":["post-37848","post","type-post","status-publish","format-standard","has-post-thumbnail","hentry","category-e-ticketing-kultur-online-tv-at","category-uncategorized"],"acf":[],"yoast_head":"<!-- This site is optimized with the Yoast SEO plugin v26.1.1 - https:\/\/yoast.com\/wordpress\/plugins\/seo\/ -->\n<title>Das Musikkonzert mit sozialen Engagement - Kultur Online TV &amp; FM<\/title>\n<meta name=\"description\" content=\"Kultur sehen und H\u00f6ren\" \/>\n<meta name=\"robots\" content=\"index, follow, max-snippet:-1, max-image-preview:large, max-video-preview:-1\" \/>\n<link rel=\"canonical\" href=\"https:\/\/kulturonline.tv\/at\/voices-vienna\/\" \/>\n<meta property=\"og:locale\" content=\"de_DE\" \/>\n<meta property=\"og:type\" content=\"article\" \/>\n<meta property=\"og:title\" content=\"Das Musikkonzert mit sozialen Engagement - Kultur Online TV &amp; FM\" \/>\n<meta property=\"og:description\" content=\"Kultur sehen und H\u00f6ren\" \/>\n<meta property=\"og:url\" content=\"https:\/\/kulturonline.tv\/at\/voices-vienna\/\" \/>\n<meta property=\"og:site_name\" content=\"Kultur Online TV &amp; FM\" \/>\n<meta property=\"article:publisher\" content=\"https:\/\/www.facebook.com\/kulturonline.tv\" \/>\n<meta property=\"article:published_time\" content=\"2022-10-23T17:07:46+00:00\" \/>\n<meta property=\"article:modified_time\" content=\"2022-10-31T18:34:58+00:00\" \/>\n<meta property=\"og:image\" content=\"https:\/\/kulturonline.tv\/wp-content\/uploads\/2022\/10\/ETicket-geschlossen.png\" \/>\n\t<meta property=\"og:image:width\" content=\"1080\" \/>\n\t<meta property=\"og:image:height\" content=\"1080\" \/>\n\t<meta property=\"og:image:type\" content=\"image\/png\" \/>\n<meta name=\"author\" content=\"guenter.wolfgang\" \/>\n<meta name=\"twitter:card\" content=\"summary_large_image\" \/>\n<meta name=\"twitter:label1\" content=\"Verfasst von\" \/>\n\t<meta name=\"twitter:data1\" content=\"guenter.wolfgang\" \/>\n\t<meta name=\"twitter:label2\" content=\"Gesch\u00e4tzte Lesezeit\" \/>\n\t<meta name=\"twitter:data2\" content=\"2 Minuten\" \/>\n<script type=\"application\/ld+json\" class=\"yoast-schema-graph\">{\"@context\":\"https:\/\/schema.org\",\"@graph\":[{\"@type\":\"Article\",\"@id\":\"https:\/\/kulturonline.tv\/at\/voices-vienna\/#article\",\"isPartOf\":{\"@id\":\"https:\/\/kulturonline.tv\/at\/voices-vienna\/\"},\"author\":{\"name\":\"guenter.wolfgang\",\"@id\":\"https:\/\/kulturonline.tv\/at\/#\/schema\/person\/b0fac729bb9a0c193fb1df23449df4fe\"},\"headline\":\"Das Musikkonzert mit sozialen Engagement\",\"datePublished\":\"2022-10-23T17:07:46+00:00\",\"dateModified\":\"2022-10-31T18:34:58+00:00\",\"mainEntityOfPage\":{\"@id\":\"https:\/\/kulturonline.tv\/at\/voices-vienna\/\"},\"wordCount\":314,\"publisher\":{\"@id\":\"https:\/\/kulturonline.tv\/at\/#organization\"},\"image\":{\"@id\":\"https:\/\/kulturonline.tv\/at\/voices-vienna\/#primaryimage\"},\"thumbnailUrl\":\"https:\/\/kulturonline.tv\/wp-content\/uploads\/2022\/10\/ETicket-geschlossen.png\",\"articleSection\":[\"E-Ticketing Kultur Online TV\",\"Uncategorized @at\"],\"inLanguage\":\"de-AT\"},{\"@type\":\"WebPage\",\"@id\":\"https:\/\/kulturonline.tv\/at\/voices-vienna\/\",\"url\":\"https:\/\/kulturonline.tv\/at\/voices-vienna\/\",\"name\":\"Das Musikkonzert mit sozialen Engagement - Kultur Online TV &amp; FM\",\"isPartOf\":{\"@id\":\"https:\/\/kulturonline.tv\/at\/#website\"},\"primaryImageOfPage\":{\"@id\":\"https:\/\/kulturonline.tv\/at\/voices-vienna\/#primaryimage\"},\"image\":{\"@id\":\"https:\/\/kulturonline.tv\/at\/voices-vienna\/#primaryimage\"},\"thumbnailUrl\":\"https:\/\/kulturonline.tv\/wp-content\/uploads\/2022\/10\/ETicket-geschlossen.png\",\"datePublished\":\"2022-10-23T17:07:46+00:00\",\"dateModified\":\"2022-10-31T18:34:58+00:00\",\"description\":\"Kultur sehen und H\u00f6ren\",\"breadcrumb\":{\"@id\":\"https:\/\/kulturonline.tv\/at\/voices-vienna\/#breadcrumb\"},\"inLanguage\":\"de-AT\",\"potentialAction\":[{\"@type\":\"ReadAction\",\"target\":[\"https:\/\/kulturonline.tv\/at\/voices-vienna\/\"]}]},{\"@type\":\"ImageObject\",\"inLanguage\":\"de-AT\",\"@id\":\"https:\/\/kulturonline.tv\/at\/voices-vienna\/#primaryimage\",\"url\":\"https:\/\/kulturonline.tv\/wp-content\/uploads\/2022\/10\/ETicket-geschlossen.png\",\"contentUrl\":\"https:\/\/kulturonline.tv\/wp-content\/uploads\/2022\/10\/ETicket-geschlossen.png\",\"width\":1080,\"height\":1080},{\"@type\":\"BreadcrumbList\",\"@id\":\"https:\/\/kulturonline.tv\/at\/voices-vienna\/#breadcrumb\",\"itemListElement\":[{\"@type\":\"ListItem\",\"position\":1,\"name\":\"Startseite\",\"item\":\"https:\/\/kulturonline.tv\/at\/\"},{\"@type\":\"ListItem\",\"position\":2,\"name\":\"Das Musikkonzert mit sozialen Engagement\"}]},{\"@type\":\"WebSite\",\"@id\":\"https:\/\/kulturonline.tv\/at\/#website\",\"url\":\"https:\/\/kulturonline.tv\/at\/\",\"name\":\"Kultur Online TV &amp; FM\",\"description\":\"Wir sind Kultur 2.0 zum sehen &amp; h\u00f6ren\",\"publisher\":{\"@id\":\"https:\/\/kulturonline.tv\/at\/#organization\"},\"potentialAction\":[{\"@type\":\"SearchAction\",\"target\":{\"@type\":\"EntryPoint\",\"urlTemplate\":\"https:\/\/kulturonline.tv\/at\/?s={search_term_string}\"},\"query-input\":{\"@type\":\"PropertyValueSpecification\",\"valueRequired\":true,\"valueName\":\"search_term_string\"}}],\"inLanguage\":\"de-AT\"},{\"@type\":\"Organization\",\"@id\":\"https:\/\/kulturonline.tv\/at\/#organization\",\"name\":\"Kultur Online TV\",\"url\":\"https:\/\/kulturonline.tv\/at\/\",\"logo\":{\"@type\":\"ImageObject\",\"inLanguage\":\"de-AT\",\"@id\":\"https:\/\/kulturonline.tv\/at\/#\/schema\/logo\/image\/\",\"url\":\"https:\/\/kulturonline.tv\/wp-content\/uploads\/2021\/08\/Kultur-Online-Tv-Logo-Endversion-neu.png\",\"contentUrl\":\"https:\/\/kulturonline.tv\/wp-content\/uploads\/2021\/08\/Kultur-Online-Tv-Logo-Endversion-neu.png\",\"width\":200,\"height\":200,\"caption\":\"Kultur Online TV\"},\"image\":{\"@id\":\"https:\/\/kulturonline.tv\/at\/#\/schema\/logo\/image\/\"},\"sameAs\":[\"https:\/\/www.facebook.com\/kulturonline.tv\",\"https:\/\/www.instagram.com\/kulturonline.tv\"]},{\"@type\":\"Person\",\"@id\":\"https:\/\/kulturonline.tv\/at\/#\/schema\/person\/b0fac729bb9a0c193fb1df23449df4fe\",\"name\":\"guenter.wolfgang\"}]}<\/script>\n<!-- \/ Yoast SEO plugin. -->","yoast_head_json":{"title":"Das Musikkonzert mit sozialen Engagement - Kultur Online TV &amp; FM","description":"Kultur sehen und H\u00f6ren","robots":{"index":"index","follow":"follow","max-snippet":"max-snippet:-1","max-image-preview":"max-image-preview:large","max-video-preview":"max-video-preview:-1"},"canonical":"https:\/\/kulturonline.tv\/at\/voices-vienna\/","og_locale":"de_DE","og_type":"article","og_title":"Das Musikkonzert mit sozialen Engagement - Kultur Online TV &amp; FM","og_description":"Kultur sehen und H\u00f6ren","og_url":"https:\/\/kulturonline.tv\/at\/voices-vienna\/","og_site_name":"Kultur Online TV &amp; FM","article_publisher":"https:\/\/www.facebook.com\/kulturonline.tv","article_published_time":"2022-10-23T17:07:46+00:00","article_modified_time":"2022-10-31T18:34:58+00:00","og_image":[{"width":1080,"height":1080,"url":"https:\/\/kulturonline.tv\/wp-content\/uploads\/2022\/10\/ETicket-geschlossen.png","type":"image\/png"}],"author":"guenter.wolfgang","twitter_card":"summary_large_image","twitter_misc":{"Verfasst von":"guenter.wolfgang","Gesch\u00e4tzte Lesezeit":"2 Minuten"},"schema":{"@context":"https:\/\/schema.org","@graph":[{"@type":"Article","@id":"https:\/\/kulturonline.tv\/at\/voices-vienna\/#article","isPartOf":{"@id":"https:\/\/kulturonline.tv\/at\/voices-vienna\/"},"author":{"name":"guenter.wolfgang","@id":"https:\/\/kulturonline.tv\/at\/#\/schema\/person\/b0fac729bb9a0c193fb1df23449df4fe"},"headline":"Das Musikkonzert mit sozialen Engagement","datePublished":"2022-10-23T17:07:46+00:00","dateModified":"2022-10-31T18:34:58+00:00","mainEntityOfPage":{"@id":"https:\/\/kulturonline.tv\/at\/voices-vienna\/"},"wordCount":314,"publisher":{"@id":"https:\/\/kulturonline.tv\/at\/#organization"},"image":{"@id":"https:\/\/kulturonline.tv\/at\/voices-vienna\/#primaryimage"},"thumbnailUrl":"https:\/\/kulturonline.tv\/wp-content\/uploads\/2022\/10\/ETicket-geschlossen.png","articleSection":["E-Ticketing Kultur Online TV","Uncategorized @at"],"inLanguage":"de-AT"},{"@type":"WebPage","@id":"https:\/\/kulturonline.tv\/at\/voices-vienna\/","url":"https:\/\/kulturonline.tv\/at\/voices-vienna\/","name":"Das Musikkonzert mit sozialen Engagement - Kultur Online TV &amp; FM","isPartOf":{"@id":"https:\/\/kulturonline.tv\/at\/#website"},"primaryImageOfPage":{"@id":"https:\/\/kulturonline.tv\/at\/voices-vienna\/#primaryimage"},"image":{"@id":"https:\/\/kulturonline.tv\/at\/voices-vienna\/#primaryimage"},"thumbnailUrl":"https:\/\/kulturonline.tv\/wp-content\/uploads\/2022\/10\/ETicket-geschlossen.png","datePublished":"2022-10-23T17:07:46+00:00","dateModified":"2022-10-31T18:34:58+00:00","description":"Kultur sehen und H\u00f6ren","breadcrumb":{"@id":"https:\/\/kulturonline.tv\/at\/voices-vienna\/#breadcrumb"},"inLanguage":"de-AT","potentialAction":[{"@type":"ReadAction","target":["https:\/\/kulturonline.tv\/at\/voices-vienna\/"]}]},{"@type":"ImageObject","inLanguage":"de-AT","@id":"https:\/\/kulturonline.tv\/at\/voices-vienna\/#primaryimage","url":"https:\/\/kulturonline.tv\/wp-content\/uploads\/2022\/10\/ETicket-geschlossen.png","contentUrl":"https:\/\/kulturonline.tv\/wp-content\/uploads\/2022\/10\/ETicket-geschlossen.png","width":1080,"height":1080},{"@type":"BreadcrumbList","@id":"https:\/\/kulturonline.tv\/at\/voices-vienna\/#breadcrumb","itemListElement":[{"@type":"ListItem","position":1,"name":"Startseite","item":"https:\/\/kulturonline.tv\/at\/"},{"@type":"ListItem","position":2,"name":"Das Musikkonzert mit sozialen Engagement"}]},{"@type":"WebSite","@id":"https:\/\/kulturonline.tv\/at\/#website","url":"https:\/\/kulturonline.tv\/at\/","name":"Kultur Online TV &amp; FM","description":"Wir sind Kultur 2.0 zum sehen &amp; h\u00f6ren","publisher":{"@id":"https:\/\/kulturonline.tv\/at\/#organization"},"potentialAction":[{"@type":"SearchAction","target":{"@type":"EntryPoint","urlTemplate":"https:\/\/kulturonline.tv\/at\/?s={search_term_string}"},"query-input":{"@type":"PropertyValueSpecification","valueRequired":true,"valueName":"search_term_string"}}],"inLanguage":"de-AT"},{"@type":"Organization","@id":"https:\/\/kulturonline.tv\/at\/#organization","name":"Kultur Online TV","url":"https:\/\/kulturonline.tv\/at\/","logo":{"@type":"ImageObject","inLanguage":"de-AT","@id":"https:\/\/kulturonline.tv\/at\/#\/schema\/logo\/image\/","url":"https:\/\/kulturonline.tv\/wp-content\/uploads\/2021\/08\/Kultur-Online-Tv-Logo-Endversion-neu.png","contentUrl":"https:\/\/kulturonline.tv\/wp-content\/uploads\/2021\/08\/Kultur-Online-Tv-Logo-Endversion-neu.png","width":200,"height":200,"caption":"Kultur Online TV"},"image":{"@id":"https:\/\/kulturonline.tv\/at\/#\/schema\/logo\/image\/"},"sameAs":["https:\/\/www.facebook.com\/kulturonline.tv","https:\/\/www.instagram.com\/kulturonline.tv"]},{"@type":"Person","@id":"https:\/\/kulturonline.tv\/at\/#\/schema\/person\/b0fac729bb9a0c193fb1df23449df4fe","name":"guenter.wolfgang"}]}},"_links":{"self":[{"href":"https:\/\/kulturonline.tv\/at\/wp-json\/wp\/v2\/posts\/37848","targetHints":{"allow":["GET"]}}],"collection":[{"href":"https:\/\/kulturonline.tv\/at\/wp-json\/wp\/v2\/posts"}],"about":[{"href":"https:\/\/kulturonline.tv\/at\/wp-json\/wp\/v2\/types\/post"}],"author":[{"embeddable":true,"href":"https:\/\/kulturonline.tv\/at\/wp-json\/wp\/v2\/users\/2"}],"replies":[{"embeddable":true,"href":"https:\/\/kulturonline.tv\/at\/wp-json\/wp\/v2\/comments?post=37848"}],"version-history":[{"count":0,"href":"https:\/\/kulturonline.tv\/at\/wp-json\/wp\/v2\/posts\/37848\/revisions"}],"wp:featuredmedia":[{"embeddable":true,"href":"https:\/\/kulturonline.tv\/at\/wp-json\/wp\/v2\/media\/40052"}],"wp:attachment":[{"href":"https:\/\/kulturonline.tv\/at\/wp-json\/wp\/v2\/media?parent=37848"}],"wp:term":[{"taxonomy":"category","embeddable":true,"href":"https:\/\/kulturonline.tv\/at\/wp-json\/wp\/v2\/categories?post=37848"},{"taxonomy":"post_tag","embeddable":true,"href":"https:\/\/kulturonline.tv\/at\/wp-json\/wp\/v2\/tags?post=37848"}],"curies":[{"name":"wp","href":"https:\/\/api.w.org\/{rel}","templated":true}]}}