{"id":41324,"date":"2022-11-22T23:29:20","date_gmt":"2022-11-22T22:29:20","guid":{"rendered":"https:\/\/kulturonline.tv\/?p=41324"},"modified":"2022-11-22T23:29:22","modified_gmt":"2022-11-22T22:29:22","slug":"verena-rossbacher-erhaelt-den-oesterreichischen-buchpreis-2022","status":"publish","type":"post","link":"https:\/\/kulturonline.tv\/at\/verena-rossbacher-erhaelt-den-oesterreichischen-buchpreis-2022\/","title":{"rendered":"Verena Ro\u00dfbacher erh\u00e4lt den \u00d6sterreichischen Buchpreis 2022"},"content":{"rendered":"\n<p>Verena Ro\u00dfbacher erh\u00e4lt den \u00d6sterreichischen Buchpreis f\u00fcr \u201eMon Ch\u00e9ri und unsere demolierten Seelen\u201c. Der Deb\u00fctpreis geht an Lena-Marie Biertimpel f\u00fcr den Titel \u201eLuftpolster\u201c.<\/p>\n\n\n\n<figure class=\"wp-block-image size-full\"><img fetchpriority=\"high\" decoding=\"async\" width=\"852\" height=\"479\" src=\"https:\/\/kulturonline.tv\/wp-content\/uploads\/2022\/11\/Kultur-Online-TV-9-edited.jpg\" alt=\"\" class=\"wp-image-41327\" srcset=\"https:\/\/kulturonline.tv\/wp-content\/uploads\/2022\/11\/Kultur-Online-TV-9-edited.jpg 852w, https:\/\/kulturonline.tv\/wp-content\/uploads\/2022\/11\/Kultur-Online-TV-9-edited-600x337.jpg 600w, https:\/\/kulturonline.tv\/wp-content\/uploads\/2022\/11\/Kultur-Online-TV-9-edited-800x450.jpg 800w, https:\/\/kulturonline.tv\/wp-content\/uploads\/2022\/11\/Kultur-Online-TV-9-edited-768x432.jpg 768w\" sizes=\"(max-width: 852px) 100vw, 852px\" \/><figcaption class=\"wp-element-caption\">\u00a9 OTS<\/figcaption><\/figure>\n\n\n\n<p>Verena Ro\u00dfbacher wurde heute f\u00fcr ihr Buch \u201eMon Ch\u00e9ri und unsere demolierten Seelen\u201c (Verlag Kiepenheuer &amp; Witsch) mit dem \u00d6sterreichischen Buchpreis ausgezeichnet. Der Deb\u00fctpreis ging an Lena-Marie Biertimpel f\u00fcr den Titel \u201eLuftpolster\u201c (Leykam Verlag). Die Verleihung fand zum Auftakt der Buch Wien-Woche vor rund 170 geladenen G\u00e4sten im Wiener Kasino am Schwarzenbergplatz statt. Durch den Abend f\u00fchrten Dorothee Hartinger und Philipp Hau\u00df.<\/p>\n\n\n\n<p>\u00d6sterreichischer Buchpreis 2022: Verena Ro\u00dfbacher \u2013 \u201eMon Ch\u00e9ri und unsere demolierten Seelen\u201c (Verlag Kiepenheuer &amp; Witsch)<br>Begr\u00fcndung der Jury:<\/p>\n\n\n\n<p>\u201eCharly Benz: Anfang vierzig, Langzeitsingle, ern\u00e4hrt sich von Fertiggerichten, raucht Kette, h\u00f6rt in ihrer Freizeit Bibi Blocksberg H\u00f6rspiele und \u00f6ffnet aus Angst vor schlechten Nachrichten ihre Post nicht. \u201eJa, das war das Problem, ich musste immer alles alleine machen, Essen kochen und Musik machen, mich vor meiner Post f\u00fcrchten, einfach alles. Ich seufzte. So wie es aussah, w\u00fcrde ich auch meine Kinder in Eigenregie zeugen m\u00fcssen, sollte ich je welche haben wollen. Ich musste mir eingestehen: Die Zeit arbeitete gegen mich.\u201c Das also ist die Romanheldin! Eine desolat-komische Frauenfigur und damit literaturgeschichtlich eine Rarit\u00e4t. Denn komische Frauen haben es schwer bei der Leserschaft. Verena Ro\u00dfbacher ist es gelungen, mit ihrer Charly Benz nicht nur eine Figur zu schaffen, die man nie mehr vergisst. Sie gesteht ihr auch eine geradezu unglaubliche Pers\u00f6nlichkeitsentwicklung zu. Aus der schrulligen Au\u00dfenseiterin mit einem Faible f\u00fcr Werbeclips aus den neunziger Jahren (Mon Ch\u00e9ri!) wird im Verlauf dieses rasant lustigen Romans eine Vorreiterin alternativer Lebens- und Liebesmodelle. Nicht nur gibt es auf einmal drei potenzielle V\u00e4ter f\u00fcr ein Baby. Auch wird ein schwerkranker Mann angstfrei in den Tod begleitet. \u201eMon Ch\u00e9ri und unsere demolierte Seelen\u201c erz\u00e4hlt eine Geschichte vom Loslassen. Zwischendrin gibt es Slapstick vom Feinsten. Lustige Frauen, das lernen wir mit Verena Ro\u00dfbacher, sind einfach unwiderstehlich!\u201c<\/p>\n\n\n\n<p>F\u00fcr die Shortlist nominiert waren au\u00dferdem: Helena Adler \u2013 Fretten (Jung und Jung Verlag), Reinhard Kaiser-M\u00fchlecker \u2013 Wilderer (S. Fischer Verlag), Anna Kim \u2013 Geschichte eines Kindes (Suhrkamp Verlag) und Robert Menasse \u2013 Die Erweiterung (Suhrkamp Verlag).<\/p>\n\n\n\n<p>Der \u00d6sterreichische Buchpreis ist mit 20.000 Euro dotiert, die vier weiteren Titel der Shortlist mit jeweils 2.500 Euro.<\/p>\n\n\n\n<p>\u00d6sterreichischer Buchpreis 2022 \u2013 Deb\u00fct: Lena-Marie Biertimpel \u201eLuftpolster\u201c (Leykam Verlag)<\/p>\n\n\n\n<p>Begr\u00fcndung der Jury:<\/p>\n\n\n\n<p>\u201eVom Suizidversuch der Schwester aus der Bahn geworfen, begibt sich \u201ePeach\u201c, die Ich-Erz\u00e4hlerin, freiwillig in der Psychiatrie. \u201eich funktioniere nur in gedanken. die gedanken sind wie wellen und ziehen mich in die tiefe, bis ich keine luft mehr bekomme\u201c. Der streng getaktete Klinikalltag gibt ihr Halt: Morgenspaziergang, Medikamentenausgabe, Therapien aber auch die gemeinsamen Zigaretten im Raucherraum mit einer Mitpatientin. Die Geschichte pendelt zwischen dem Jetzt und \u201evor monaten\u201c und \u201evor jahren\u201c. In diesen R\u00fcckblenden erfahren wir von Peaches schwieriger Beziehung zu ihren Eltern, von denen sie mittlerweile weit entfernt wohnt Und wir lernen ihren Freund Johnny kennen: \u201evielleicht waren messer unsere worte und k\u00fcsse f\u00e4den, mit denen wir gegenseitig unsere wunden n\u00e4hten\u201c. Absolute Kleinschreibung \u2013 bis auf die Namen \u2013, keine Anf\u00fchrungszeichen bei direkter Rede und K\u00fcrzestkapitel formen die Geschichte, die so ihren ganz eigenen, poetischen Sound entwickelt. Und wir sehen auch, dass Gender* in einen modernen literarischen Text passen. Ein eindringliches Deb\u00fct, wuchtig und z\u00e4rtlich zugleich.\u201c<\/p>\n\n\n\n<p>F\u00fcr die Shortlist-Deb\u00fct nominiert waren au\u00dferdem: Sirka Elspa\u00df \u2013 ich f\u00f6hne mir meine wimpern (Suhrkamp Verlag) und Anna Maria Stadler \u2013 Maremma (Jung und Jung Verlag).<br>Der Deb\u00fctpreis im Rahmen des \u00d6sterreichischen Buchpreises ist mit 10.000 Euro dotiert, die zwei weiteren Titel der Shortlist mit jeweils 2.500 Euro. Der Deb\u00fctpreis wird von der Arbeiterkammer Wien gestiftet.<\/p>\n\n\n\n<p>Die Jury<br>Die Jury f\u00fcr den \u00d6sterreichischen Buchpreis setzt sich 2022 aus Bernhard Bastien (Buchh\u00e4ndler, Buchhandlung Lerchenfeld), Edith-Ulla Gasser (Redakteurin, \u00d61), Stefan Gm\u00fcnder (Literaturkritiker, Der Standard und Volltext), Katharina Teutsch (Literaturkritikerin, FAZ) und G\u00fcnther Stocker (Literaturwissenschaftler, Universit\u00e4t Wien) zusammen.<\/p>\n\n\n\n<p>Statements der Tr\u00e4ger des Preises<br>Andrea Mayer, Staatssekret\u00e4rin f\u00fcr Kunst und Kultur: \u201e110 Titel aus 58 Verlage waren heuer f\u00fcr den \u00d6sterreichischen Buchpreis, 23 Deb\u00fcts aus 18 Verlage f\u00fcr den Buchpreis Deb\u00fct eingereicht. Die f\u00fcnfk\u00f6pfige Jury hatte also viel zu lesen, zu diskutieren, zu vergleichen und abzuw\u00e4gen, bis sie schlie\u00dflich zur Long- und dann zur Shortlist kam. Nun stehen auch die beiden Preisb\u00fccher fest: Verena Ro\u00dfbacher erh\u00e4lt den \u00d6sterreichischen Buchpreis f\u00fcr \u201eMon Ch\u00e9ri und unsere demolierten Seelen\u201c, und der Buchpreis f\u00fcrs beste Deb\u00fct geht an Lena-Marie Biertimpel f\u00fcr \u201eLuftpolster\u201c. Aber es gibt noch einen dritten Gewinner: die \u00f6sterreichische Gegenwartsliteratur, die mit diesem Wettbewerb in den Mittelpunkt der Aufmerksamkeit der Medien und des Lesepublikums gestellt wurde und gezeigt hat, was Romane, Erz\u00e4hlungen und Gedichte in schwierigen Zeiten zu leisten imstande sind. Ich gratuliere den beiden Preistr\u00e4gerinnen und freue mich f\u00fcr alle nominierten Autorinnen und Autoren. Ein gro\u00dfer Dank gilt den Mitgliedern der Jury f\u00fcr diese gelungene Auswahl an bemerkenswerten B\u00fcchern. Und wenn Sie noch nicht wissen, was Sie \u00fcber die Weihnachtsfeiertage lesen sollen: Die zum Buchpreis nominierten B\u00fccher sind eine sichere Empfehlung und eine lohnende Lekt\u00fcre.\u201c<\/p>\n\n\n\n<p>Benedikt F\u00f6ger, Pr\u00e4sident des Hauptverbandes des \u00d6sterreichischen Buchhandels: \u201eIm siebenten Jahr seines Bestehens ist der \u00d6sterreichische Buchpreis nicht mehr aus dem literarischen Kalender \u00d6sterreichs wegzudenken. Jedes Jahr stellt dieser Preis die herausragenden Leistungen der Autorinnen und Autoren und der Verlage in den Mittelpunkt, und verschafft der zeitgen\u00f6ssischen Literatur die gr\u00f6\u00dftm\u00f6gliche und verdiente Aufmerksamkeit. Ich gratuliere den diesj\u00e4hrigen Preistr\u00e4gerinnen Verena Ro\u00dfbacher und Lena-Marie Biertimpel, sowie allen Nominierten, sehr herzlich.\u201c<\/p>\n\n\n\n<p>\u201eIch freue mich sehr, den Deb\u00fctpreis im Rahmen des \u00d6sterreichischen Buchpreises an Lena-Marie Biertimpel \u00fcbergeben zu k\u00f6nnen\u201c, sagt AK Pr\u00e4sidentin Renate Anderl. \u201eLesen bereichert unser Leben ungemein. Gerade in Zeiten zunehmender Digitalisierung in praktisch allen Lebensbereichen ist der Griff zu einem Buch eine willkommene Pause davon. Angehende Schriftstellerinnen und Schriftsteller haben einen wesentlichen Anteil daran, dass die Welt der B\u00fccher, das Reich der Fantasie immer fortbesteht. Die Arbeiterkammer Wien unterst\u00fctzt sie daher gerne mit dem Deb\u00fctpreis, so wie wir auch andere kulturelle Aktivit\u00e4ten f\u00f6rdern.\u201c<\/p>\n\n\n\n<p>\u00dcber den \u00d6sterreichischen Buchpreis<br>Ziel des \u00d6sterreichischen Buchpreises ist es, die Qualit\u00e4t und Eigenst\u00e4ndigkeit der \u00f6sterreichischen Literatur zu w\u00fcrdigen und ihr im gesamten deutschsprachigen Raum die geb\u00fchrende Aufmerksamkeit zu verschaffen.<\/p>\n\n\n\n<p>Der \u00d6sterreichische Buchpreis wird vom Bundesministerium f\u00fcr Kunst, Kultur, \u00f6ffentlichen Dienst und Sport (BMK\u00d6S), dem Hauptverband des \u00d6sterreichischen Buchhandels und der Arbeiterkammer Wien 2022 bereits zum siebenten Mal ausgerichtet.<\/p>\n\n\n\n<p>Die Gewinner:innen der Vorjahre:<br>Buchpreis: Raphaela Edelbauer (2021), Xaver Bayer (2020), Norbert Gstrein (2019), Daniel Wisser (2018), Eva Menasse (2017), Friederike Mayr\u00f6cker (2016).<\/p>\n\n\n\n<p>Deb\u00fctpreis: Anna Albinus (2021), Leander Fischer (2020), Angela Lehner (2019), Marie Gamillscheg (2018), Nava Ebrahimi (2017), Friederike G\u00f6sweiner (2016)<\/p>\n\n\n\n<p>Kultur Online TV<\/p>\n\n\n\n<p>#literatur #buch <\/p>\n","protected":false},"excerpt":{"rendered":"<p>Verena Ro\u00dfbacher erh\u00e4lt den \u00d6sterreichischen Buchpreis f\u00fcr \u201eMon Ch\u00e9ri und unsere demolierten Seelen\u201c. Der Deb\u00fctpreis geht an Lena-Marie Biertimpel f\u00fcr den Titel \u201eLuftpolster\u201c. Verena Ro\u00dfbacher wurde heute f\u00fcr ihr Buch \u201eMon Ch\u00e9ri und unsere demolierten Seelen\u201c (Verlag Kiepenheuer &amp; Witsch) mit dem \u00d6sterreichischen Buchpreis ausgezeichnet. Der Deb\u00fctpreis ging an Lena-Marie Biertimpel f\u00fcr den Titel \u201eLuftpolster\u201c [&hellip;]<\/p>\n","protected":false},"author":2,"featured_media":41327,"comment_status":"closed","ping_status":"closed","sticky":false,"template":"","format":"standard","meta":{"_acf_changed":false,"footnotes":""},"categories":[133],"tags":[],"class_list":["post-41324","post","type-post","status-publish","format-standard","has-post-thumbnail","hentry","category-literatur"],"acf":[],"yoast_head":"<!-- This site is optimized with the Yoast SEO plugin v26.1.1 - https:\/\/yoast.com\/wordpress\/plugins\/seo\/ -->\n<title>Verena Ro\u00dfbacher erh\u00e4lt den \u00d6sterreichischen Buchpreis 2022 - Kultur Online TV &amp; FM<\/title>\n<meta name=\"description\" content=\"Verena Ro\u00dfbacher erh\u00e4lt den \u00d6sterreichischen Buchpreis f\u00fcr \u201eMon Ch\u00e9ri und unsere demolierten Seelen\u201c. Der Deb\u00fctpreis geht an Lena-Marie Biertimpel f\u00fcr den Titel \u201eLuftpolster\u201c.\" \/>\n<meta name=\"robots\" content=\"index, follow, max-snippet:-1, max-image-preview:large, max-video-preview:-1\" \/>\n<link rel=\"canonical\" href=\"https:\/\/kulturonline.tv\/at\/verena-rossbacher-erhaelt-den-oesterreichischen-buchpreis-2022\/\" \/>\n<meta property=\"og:locale\" content=\"de_DE\" \/>\n<meta property=\"og:type\" content=\"article\" \/>\n<meta property=\"og:title\" content=\"Verena Ro\u00dfbacher erh\u00e4lt den \u00d6sterreichischen Buchpreis 2022 - Kultur Online TV &amp; FM\" \/>\n<meta property=\"og:description\" content=\"Verena Ro\u00dfbacher erh\u00e4lt den \u00d6sterreichischen Buchpreis f\u00fcr \u201eMon Ch\u00e9ri und unsere demolierten Seelen\u201c. Der Deb\u00fctpreis geht an Lena-Marie Biertimpel f\u00fcr den Titel \u201eLuftpolster\u201c.\" \/>\n<meta property=\"og:url\" content=\"https:\/\/kulturonline.tv\/at\/verena-rossbacher-erhaelt-den-oesterreichischen-buchpreis-2022\/\" \/>\n<meta property=\"og:site_name\" content=\"Kultur Online TV &amp; FM\" \/>\n<meta property=\"article:publisher\" content=\"https:\/\/www.facebook.com\/kulturonline.tv\" \/>\n<meta property=\"article:published_time\" content=\"2022-11-22T22:29:20+00:00\" \/>\n<meta property=\"article:modified_time\" content=\"2022-11-22T22:29:22+00:00\" \/>\n<meta property=\"og:image\" content=\"https:\/\/kulturonline.tv\/wp-content\/uploads\/2022\/11\/Kultur-Online-TV-9-edited.jpg\" \/>\n\t<meta property=\"og:image:width\" content=\"852\" \/>\n\t<meta property=\"og:image:height\" content=\"479\" \/>\n\t<meta property=\"og:image:type\" content=\"image\/jpeg\" \/>\n<meta name=\"author\" content=\"guenter.wolfgang\" \/>\n<meta name=\"twitter:card\" content=\"summary_large_image\" \/>\n<meta name=\"twitter:label1\" content=\"Verfasst von\" \/>\n\t<meta name=\"twitter:data1\" content=\"guenter.wolfgang\" \/>\n\t<meta name=\"twitter:label2\" content=\"Gesch\u00e4tzte Lesezeit\" \/>\n\t<meta name=\"twitter:data2\" content=\"6 Minuten\" \/>\n<script type=\"application\/ld+json\" class=\"yoast-schema-graph\">{\"@context\":\"https:\/\/schema.org\",\"@graph\":[{\"@type\":\"Article\",\"@id\":\"https:\/\/kulturonline.tv\/at\/verena-rossbacher-erhaelt-den-oesterreichischen-buchpreis-2022\/#article\",\"isPartOf\":{\"@id\":\"https:\/\/kulturonline.tv\/at\/verena-rossbacher-erhaelt-den-oesterreichischen-buchpreis-2022\/\"},\"author\":{\"name\":\"guenter.wolfgang\",\"@id\":\"https:\/\/kulturonline.tv\/at\/#\/schema\/person\/b0fac729bb9a0c193fb1df23449df4fe\"},\"headline\":\"Verena Ro\u00dfbacher erh\u00e4lt den \u00d6sterreichischen Buchpreis 2022\",\"datePublished\":\"2022-11-22T22:29:20+00:00\",\"dateModified\":\"2022-11-22T22:29:22+00:00\",\"mainEntityOfPage\":{\"@id\":\"https:\/\/kulturonline.tv\/at\/verena-rossbacher-erhaelt-den-oesterreichischen-buchpreis-2022\/\"},\"wordCount\":1158,\"publisher\":{\"@id\":\"https:\/\/kulturonline.tv\/at\/#organization\"},\"image\":{\"@id\":\"https:\/\/kulturonline.tv\/at\/verena-rossbacher-erhaelt-den-oesterreichischen-buchpreis-2022\/#primaryimage\"},\"thumbnailUrl\":\"https:\/\/kulturonline.tv\/wp-content\/uploads\/2022\/11\/Kultur-Online-TV-9-edited.jpg\",\"articleSection\":[\"Literatur\"],\"inLanguage\":\"de-AT\"},{\"@type\":\"WebPage\",\"@id\":\"https:\/\/kulturonline.tv\/at\/verena-rossbacher-erhaelt-den-oesterreichischen-buchpreis-2022\/\",\"url\":\"https:\/\/kulturonline.tv\/at\/verena-rossbacher-erhaelt-den-oesterreichischen-buchpreis-2022\/\",\"name\":\"Verena Ro\u00dfbacher erh\u00e4lt den \u00d6sterreichischen Buchpreis 2022 - Kultur Online TV &amp; FM\",\"isPartOf\":{\"@id\":\"https:\/\/kulturonline.tv\/at\/#website\"},\"primaryImageOfPage\":{\"@id\":\"https:\/\/kulturonline.tv\/at\/verena-rossbacher-erhaelt-den-oesterreichischen-buchpreis-2022\/#primaryimage\"},\"image\":{\"@id\":\"https:\/\/kulturonline.tv\/at\/verena-rossbacher-erhaelt-den-oesterreichischen-buchpreis-2022\/#primaryimage\"},\"thumbnailUrl\":\"https:\/\/kulturonline.tv\/wp-content\/uploads\/2022\/11\/Kultur-Online-TV-9-edited.jpg\",\"datePublished\":\"2022-11-22T22:29:20+00:00\",\"dateModified\":\"2022-11-22T22:29:22+00:00\",\"description\":\"Verena Ro\u00dfbacher erh\u00e4lt den \u00d6sterreichischen Buchpreis f\u00fcr \u201eMon Ch\u00e9ri und unsere demolierten Seelen\u201c. Der Deb\u00fctpreis geht an Lena-Marie Biertimpel f\u00fcr den Titel \u201eLuftpolster\u201c.\",\"breadcrumb\":{\"@id\":\"https:\/\/kulturonline.tv\/at\/verena-rossbacher-erhaelt-den-oesterreichischen-buchpreis-2022\/#breadcrumb\"},\"inLanguage\":\"de-AT\",\"potentialAction\":[{\"@type\":\"ReadAction\",\"target\":[\"https:\/\/kulturonline.tv\/at\/verena-rossbacher-erhaelt-den-oesterreichischen-buchpreis-2022\/\"]}]},{\"@type\":\"ImageObject\",\"inLanguage\":\"de-AT\",\"@id\":\"https:\/\/kulturonline.tv\/at\/verena-rossbacher-erhaelt-den-oesterreichischen-buchpreis-2022\/#primaryimage\",\"url\":\"https:\/\/kulturonline.tv\/wp-content\/uploads\/2022\/11\/Kultur-Online-TV-9-edited.jpg\",\"contentUrl\":\"https:\/\/kulturonline.tv\/wp-content\/uploads\/2022\/11\/Kultur-Online-TV-9-edited.jpg\",\"width\":852,\"height\":479},{\"@type\":\"BreadcrumbList\",\"@id\":\"https:\/\/kulturonline.tv\/at\/verena-rossbacher-erhaelt-den-oesterreichischen-buchpreis-2022\/#breadcrumb\",\"itemListElement\":[{\"@type\":\"ListItem\",\"position\":1,\"name\":\"Startseite\",\"item\":\"https:\/\/kulturonline.tv\/at\/\"},{\"@type\":\"ListItem\",\"position\":2,\"name\":\"Verena Ro\u00dfbacher erh\u00e4lt den \u00d6sterreichischen Buchpreis 2022\"}]},{\"@type\":\"WebSite\",\"@id\":\"https:\/\/kulturonline.tv\/at\/#website\",\"url\":\"https:\/\/kulturonline.tv\/at\/\",\"name\":\"Kultur Online TV &amp; FM\",\"description\":\"Wir sind Kultur 2.0 zum sehen &amp; h\u00f6ren\",\"publisher\":{\"@id\":\"https:\/\/kulturonline.tv\/at\/#organization\"},\"potentialAction\":[{\"@type\":\"SearchAction\",\"target\":{\"@type\":\"EntryPoint\",\"urlTemplate\":\"https:\/\/kulturonline.tv\/at\/?s={search_term_string}\"},\"query-input\":{\"@type\":\"PropertyValueSpecification\",\"valueRequired\":true,\"valueName\":\"search_term_string\"}}],\"inLanguage\":\"de-AT\"},{\"@type\":\"Organization\",\"@id\":\"https:\/\/kulturonline.tv\/at\/#organization\",\"name\":\"Kultur Online TV\",\"url\":\"https:\/\/kulturonline.tv\/at\/\",\"logo\":{\"@type\":\"ImageObject\",\"inLanguage\":\"de-AT\",\"@id\":\"https:\/\/kulturonline.tv\/at\/#\/schema\/logo\/image\/\",\"url\":\"https:\/\/kulturonline.tv\/wp-content\/uploads\/2021\/08\/Kultur-Online-Tv-Logo-Endversion-neu.png\",\"contentUrl\":\"https:\/\/kulturonline.tv\/wp-content\/uploads\/2021\/08\/Kultur-Online-Tv-Logo-Endversion-neu.png\",\"width\":200,\"height\":200,\"caption\":\"Kultur Online TV\"},\"image\":{\"@id\":\"https:\/\/kulturonline.tv\/at\/#\/schema\/logo\/image\/\"},\"sameAs\":[\"https:\/\/www.facebook.com\/kulturonline.tv\",\"https:\/\/www.instagram.com\/kulturonline.tv\"]},{\"@type\":\"Person\",\"@id\":\"https:\/\/kulturonline.tv\/at\/#\/schema\/person\/b0fac729bb9a0c193fb1df23449df4fe\",\"name\":\"guenter.wolfgang\"}]}<\/script>\n<!-- \/ Yoast SEO plugin. -->","yoast_head_json":{"title":"Verena Ro\u00dfbacher erh\u00e4lt den \u00d6sterreichischen Buchpreis 2022 - Kultur Online TV &amp; FM","description":"Verena Ro\u00dfbacher erh\u00e4lt den \u00d6sterreichischen Buchpreis f\u00fcr \u201eMon Ch\u00e9ri und unsere demolierten Seelen\u201c. Der Deb\u00fctpreis geht an Lena-Marie Biertimpel f\u00fcr den Titel \u201eLuftpolster\u201c.","robots":{"index":"index","follow":"follow","max-snippet":"max-snippet:-1","max-image-preview":"max-image-preview:large","max-video-preview":"max-video-preview:-1"},"canonical":"https:\/\/kulturonline.tv\/at\/verena-rossbacher-erhaelt-den-oesterreichischen-buchpreis-2022\/","og_locale":"de_DE","og_type":"article","og_title":"Verena Ro\u00dfbacher erh\u00e4lt den \u00d6sterreichischen Buchpreis 2022 - Kultur Online TV &amp; FM","og_description":"Verena Ro\u00dfbacher erh\u00e4lt den \u00d6sterreichischen Buchpreis f\u00fcr \u201eMon Ch\u00e9ri und unsere demolierten Seelen\u201c. Der Deb\u00fctpreis geht an Lena-Marie Biertimpel f\u00fcr den Titel \u201eLuftpolster\u201c.","og_url":"https:\/\/kulturonline.tv\/at\/verena-rossbacher-erhaelt-den-oesterreichischen-buchpreis-2022\/","og_site_name":"Kultur Online TV &amp; FM","article_publisher":"https:\/\/www.facebook.com\/kulturonline.tv","article_published_time":"2022-11-22T22:29:20+00:00","article_modified_time":"2022-11-22T22:29:22+00:00","og_image":[{"width":852,"height":479,"url":"https:\/\/kulturonline.tv\/wp-content\/uploads\/2022\/11\/Kultur-Online-TV-9-edited.jpg","type":"image\/jpeg"}],"author":"guenter.wolfgang","twitter_card":"summary_large_image","twitter_misc":{"Verfasst von":"guenter.wolfgang","Gesch\u00e4tzte Lesezeit":"6 Minuten"},"schema":{"@context":"https:\/\/schema.org","@graph":[{"@type":"Article","@id":"https:\/\/kulturonline.tv\/at\/verena-rossbacher-erhaelt-den-oesterreichischen-buchpreis-2022\/#article","isPartOf":{"@id":"https:\/\/kulturonline.tv\/at\/verena-rossbacher-erhaelt-den-oesterreichischen-buchpreis-2022\/"},"author":{"name":"guenter.wolfgang","@id":"https:\/\/kulturonline.tv\/at\/#\/schema\/person\/b0fac729bb9a0c193fb1df23449df4fe"},"headline":"Verena Ro\u00dfbacher erh\u00e4lt den \u00d6sterreichischen Buchpreis 2022","datePublished":"2022-11-22T22:29:20+00:00","dateModified":"2022-11-22T22:29:22+00:00","mainEntityOfPage":{"@id":"https:\/\/kulturonline.tv\/at\/verena-rossbacher-erhaelt-den-oesterreichischen-buchpreis-2022\/"},"wordCount":1158,"publisher":{"@id":"https:\/\/kulturonline.tv\/at\/#organization"},"image":{"@id":"https:\/\/kulturonline.tv\/at\/verena-rossbacher-erhaelt-den-oesterreichischen-buchpreis-2022\/#primaryimage"},"thumbnailUrl":"https:\/\/kulturonline.tv\/wp-content\/uploads\/2022\/11\/Kultur-Online-TV-9-edited.jpg","articleSection":["Literatur"],"inLanguage":"de-AT"},{"@type":"WebPage","@id":"https:\/\/kulturonline.tv\/at\/verena-rossbacher-erhaelt-den-oesterreichischen-buchpreis-2022\/","url":"https:\/\/kulturonline.tv\/at\/verena-rossbacher-erhaelt-den-oesterreichischen-buchpreis-2022\/","name":"Verena Ro\u00dfbacher erh\u00e4lt den \u00d6sterreichischen Buchpreis 2022 - Kultur Online TV &amp; FM","isPartOf":{"@id":"https:\/\/kulturonline.tv\/at\/#website"},"primaryImageOfPage":{"@id":"https:\/\/kulturonline.tv\/at\/verena-rossbacher-erhaelt-den-oesterreichischen-buchpreis-2022\/#primaryimage"},"image":{"@id":"https:\/\/kulturonline.tv\/at\/verena-rossbacher-erhaelt-den-oesterreichischen-buchpreis-2022\/#primaryimage"},"thumbnailUrl":"https:\/\/kulturonline.tv\/wp-content\/uploads\/2022\/11\/Kultur-Online-TV-9-edited.jpg","datePublished":"2022-11-22T22:29:20+00:00","dateModified":"2022-11-22T22:29:22+00:00","description":"Verena Ro\u00dfbacher erh\u00e4lt den \u00d6sterreichischen Buchpreis f\u00fcr \u201eMon Ch\u00e9ri und unsere demolierten Seelen\u201c. Der Deb\u00fctpreis geht an Lena-Marie Biertimpel f\u00fcr den Titel \u201eLuftpolster\u201c.","breadcrumb":{"@id":"https:\/\/kulturonline.tv\/at\/verena-rossbacher-erhaelt-den-oesterreichischen-buchpreis-2022\/#breadcrumb"},"inLanguage":"de-AT","potentialAction":[{"@type":"ReadAction","target":["https:\/\/kulturonline.tv\/at\/verena-rossbacher-erhaelt-den-oesterreichischen-buchpreis-2022\/"]}]},{"@type":"ImageObject","inLanguage":"de-AT","@id":"https:\/\/kulturonline.tv\/at\/verena-rossbacher-erhaelt-den-oesterreichischen-buchpreis-2022\/#primaryimage","url":"https:\/\/kulturonline.tv\/wp-content\/uploads\/2022\/11\/Kultur-Online-TV-9-edited.jpg","contentUrl":"https:\/\/kulturonline.tv\/wp-content\/uploads\/2022\/11\/Kultur-Online-TV-9-edited.jpg","width":852,"height":479},{"@type":"BreadcrumbList","@id":"https:\/\/kulturonline.tv\/at\/verena-rossbacher-erhaelt-den-oesterreichischen-buchpreis-2022\/#breadcrumb","itemListElement":[{"@type":"ListItem","position":1,"name":"Startseite","item":"https:\/\/kulturonline.tv\/at\/"},{"@type":"ListItem","position":2,"name":"Verena Ro\u00dfbacher erh\u00e4lt den \u00d6sterreichischen Buchpreis 2022"}]},{"@type":"WebSite","@id":"https:\/\/kulturonline.tv\/at\/#website","url":"https:\/\/kulturonline.tv\/at\/","name":"Kultur Online TV &amp; FM","description":"Wir sind Kultur 2.0 zum sehen &amp; h\u00f6ren","publisher":{"@id":"https:\/\/kulturonline.tv\/at\/#organization"},"potentialAction":[{"@type":"SearchAction","target":{"@type":"EntryPoint","urlTemplate":"https:\/\/kulturonline.tv\/at\/?s={search_term_string}"},"query-input":{"@type":"PropertyValueSpecification","valueRequired":true,"valueName":"search_term_string"}}],"inLanguage":"de-AT"},{"@type":"Organization","@id":"https:\/\/kulturonline.tv\/at\/#organization","name":"Kultur Online TV","url":"https:\/\/kulturonline.tv\/at\/","logo":{"@type":"ImageObject","inLanguage":"de-AT","@id":"https:\/\/kulturonline.tv\/at\/#\/schema\/logo\/image\/","url":"https:\/\/kulturonline.tv\/wp-content\/uploads\/2021\/08\/Kultur-Online-Tv-Logo-Endversion-neu.png","contentUrl":"https:\/\/kulturonline.tv\/wp-content\/uploads\/2021\/08\/Kultur-Online-Tv-Logo-Endversion-neu.png","width":200,"height":200,"caption":"Kultur Online TV"},"image":{"@id":"https:\/\/kulturonline.tv\/at\/#\/schema\/logo\/image\/"},"sameAs":["https:\/\/www.facebook.com\/kulturonline.tv","https:\/\/www.instagram.com\/kulturonline.tv"]},{"@type":"Person","@id":"https:\/\/kulturonline.tv\/at\/#\/schema\/person\/b0fac729bb9a0c193fb1df23449df4fe","name":"guenter.wolfgang"}]}},"_links":{"self":[{"href":"https:\/\/kulturonline.tv\/at\/wp-json\/wp\/v2\/posts\/41324","targetHints":{"allow":["GET"]}}],"collection":[{"href":"https:\/\/kulturonline.tv\/at\/wp-json\/wp\/v2\/posts"}],"about":[{"href":"https:\/\/kulturonline.tv\/at\/wp-json\/wp\/v2\/types\/post"}],"author":[{"embeddable":true,"href":"https:\/\/kulturonline.tv\/at\/wp-json\/wp\/v2\/users\/2"}],"replies":[{"embeddable":true,"href":"https:\/\/kulturonline.tv\/at\/wp-json\/wp\/v2\/comments?post=41324"}],"version-history":[{"count":0,"href":"https:\/\/kulturonline.tv\/at\/wp-json\/wp\/v2\/posts\/41324\/revisions"}],"wp:featuredmedia":[{"embeddable":true,"href":"https:\/\/kulturonline.tv\/at\/wp-json\/wp\/v2\/media\/41327"}],"wp:attachment":[{"href":"https:\/\/kulturonline.tv\/at\/wp-json\/wp\/v2\/media?parent=41324"}],"wp:term":[{"taxonomy":"category","embeddable":true,"href":"https:\/\/kulturonline.tv\/at\/wp-json\/wp\/v2\/categories?post=41324"},{"taxonomy":"post_tag","embeddable":true,"href":"https:\/\/kulturonline.tv\/at\/wp-json\/wp\/v2\/tags?post=41324"}],"curies":[{"name":"wp","href":"https:\/\/api.w.org\/{rel}","templated":true}]}}