{"id":42097,"date":"2022-11-27T11:08:56","date_gmt":"2022-11-27T10:08:56","guid":{"rendered":"https:\/\/kulturonline.tv\/?p=42097"},"modified":"2022-11-27T13:23:46","modified_gmt":"2022-11-27T12:23:46","slug":"klassenkampf-von-oben-das-neue-buch-von-natascha-strobl-und-michael-mazohl","status":"publish","type":"post","link":"https:\/\/kulturonline.tv\/at\/klassenkampf-von-oben-das-neue-buch-von-natascha-strobl-und-michael-mazohl\/","title":{"rendered":"Klassenkampf von oben! Das neue Buch von Natascha Strobl und Michael Mazohl"},"content":{"rendered":"\n<p>Mit welchen rhetorischen Tricks die &#8222;Eliten&#8220; ihren Kampf um den Erhalt des Status quo und gegen die Interessen der Vielen f\u00fchren \u2013 und wie man ihnen entgegentreten kann.<\/p>\n\n\n\n<figure class=\"wp-block-gallery has-nested-images columns-default is-cropped wp-block-gallery-1 is-layout-flex wp-block-gallery-is-layout-flex\">\n<figure class=\"wp-block-image size-large\"><img fetchpriority=\"high\" decoding=\"async\" width=\"1133\" height=\"1600\" data-id=\"42102\" src=\"https:\/\/kulturonline.tv\/wp-content\/uploads\/2022\/11\/OBS_20221122_OBS0019-1-1133x1600.jpg\" alt=\"\" class=\"wp-image-42102\" srcset=\"https:\/\/kulturonline.tv\/wp-content\/uploads\/2022\/11\/OBS_20221122_OBS0019-1-1133x1600.jpg 1133w, https:\/\/kulturonline.tv\/wp-content\/uploads\/2022\/11\/OBS_20221122_OBS0019-1-scaled-600x847.jpg 600w, https:\/\/kulturonline.tv\/wp-content\/uploads\/2022\/11\/OBS_20221122_OBS0019-1-567x800.jpg 567w, https:\/\/kulturonline.tv\/wp-content\/uploads\/2022\/11\/OBS_20221122_OBS0019-1-768x1084.jpg 768w, https:\/\/kulturonline.tv\/wp-content\/uploads\/2022\/11\/OBS_20221122_OBS0019-1-1088x1536.jpg 1088w, https:\/\/kulturonline.tv\/wp-content\/uploads\/2022\/11\/OBS_20221122_OBS0019-1-1451x2048.jpg 1451w, https:\/\/kulturonline.tv\/wp-content\/uploads\/2022\/11\/OBS_20221122_OBS0019-1-scaled.jpg 1813w\" sizes=\"(max-width: 1133px) 100vw, 1133px\" \/><\/figure>\n\n\n\n<figure class=\"wp-block-image size-large\"><img decoding=\"async\" width=\"1600\" height=\"1067\" data-id=\"42098\" src=\"https:\/\/kulturonline.tv\/wp-content\/uploads\/2022\/11\/kulturonlinetv-1600x1067.jpg\" alt=\"\" class=\"wp-image-42098\" srcset=\"https:\/\/kulturonline.tv\/wp-content\/uploads\/2022\/11\/kulturonlinetv-1600x1067.jpg 1600w, https:\/\/kulturonline.tv\/wp-content\/uploads\/2022\/11\/kulturonlinetv-scaled-600x400.jpg 600w, https:\/\/kulturonline.tv\/wp-content\/uploads\/2022\/11\/kulturonlinetv-800x534.jpg 800w, https:\/\/kulturonline.tv\/wp-content\/uploads\/2022\/11\/kulturonlinetv-768x512.jpg 768w, https:\/\/kulturonline.tv\/wp-content\/uploads\/2022\/11\/kulturonlinetv-1536x1025.jpg 1536w, https:\/\/kulturonline.tv\/wp-content\/uploads\/2022\/11\/kulturonlinetv-2048x1366.jpg 2048w\" sizes=\"(max-width: 1600px) 100vw, 1600px\" \/><\/figure>\n<\/figure>\n\n\n\n<p>Der &#8222;Klassenkampf von oben&#8220; ist in vollem Gange! Es f\u00fchren ihn die wirtschaftlich M\u00e4chtigen: Industrielle, Banker:innen, Immobilienbesitzer:innen oder andere Verm\u00f6gende, die sogenannten Eliten. Sie erh\u00f6hen mehr und mehr den Druck im Bereich L\u00f6hne und Arbeitsbedingungen sowie auf den Sozialstaat und erkl\u00e4ren die Schw\u00e4chsten unserer Gesellschaft zu S\u00fcndenb\u00f6cken. Anders als der Klassenkampf der Arbeiter:innen, der seine Anf\u00e4nge teils blutig auf der Stra\u00dfe und auf Werksgel\u00e4nden nahm und auch heute noch lautstark Aufmerksamkeit sucht, wird der Klassenkampf von oben m\u00f6glichst leise gef\u00fchrt, ohne eigene Protestformen und hinter den Kulissen der \u00f6ffentlichen politischen Debatten.<\/p>\n\n\n\n<p>\u201eDer Klassenkampf von oben soll m\u00f6glichst vernebelt werden oder \u2013 noch bildlicher ausgedr\u00fcckt wie auf dem Cover des Buchs \u2013 in einer Wolke verschwinden. Diese Wolke besteht aus Floskeln, Sprachbildern und rhetorischen Strategien, die verdecken, um was es wirklich geht.\u201c<\/p>\n\n\n\n<p>Das Buch \u201eKlassenkampf von oben\u201c (\u00d6GB-Verlag 2022) von Natascha Strobl und Michael Mazohl zeigt in zehn sozial- und wirtschaftspolitischen Themengebieten die Kampfzonen in diesem Klassenkampf auf, liefert Daten, Fakten und Hintergr\u00fcnde und entlarvt zugleich die rhetorischen Tricks der wirtschaftlichen Eliten, die den t\u00e4glichen politischen Diskurs beeinflussen sollen.<\/p>\n\n\n\n<p>\u201eObwohl die Eliten auch untereinander um Macht, Einfluss und Kapital konkurrieren, sind die Ziele im Klassenkampf von oben unterm Strich immer die gleichen: Erhalt des Status quo, maximale Ausbeutung der Arbeitskraft der Lohnarbeitenden und Anh\u00e4ufung von unvorstellbaren Verm\u00f6gen.\u201c<\/p>\n\n\n\n<p>Ein guter Begleiter also f\u00fcr alle, die dem Kampf von oben mit progressiven Ideen und Argumenten entgegentreten wollen.<\/p>\n\n\n\n<p>Die Autor:innen<br>Natascha Strobl: Politikwissenschaftlerin aus Wien. Besch\u00e4ftigt sich mit politischer Sprache, insbesondere der extremen Rechten. Gewinnerin des Bruno-Kreisky-Anerkennungspreises f\u00fcr das politische Buch des Jahres 2021. Publiziert in zahlreichen Zeitungen und Magazinen, darunter \u201eDie Zeit\u201c, \u201eDer Standard\u201c und \u201eDagens Nyheter\u201c.<\/p>\n\n\n\n<p>Michael Mazohl: Journalist und Medienexperte. Entwickelte Kampagnen f\u00fcr die Arbeiterkammer, den \u00d6GB, Gewerkschaften und andere Institutionen. Arbeitete als Journalist und Pressefotograf f\u00fcr nationale und internationale Magazine. Drei Jahre Chefredakteur des Magazins \u201eArbeit&amp;Wirtschaft\u201c.<\/p>\n\n\n\n<p>Kultur Online TV<\/p>\n\n\n\n<p>#news #literatur<\/p>\n","protected":false},"excerpt":{"rendered":"<p>Mit welchen rhetorischen Tricks die &#8222;Eliten&#8220; ihren Kampf um den Erhalt des Status quo und gegen die Interessen der Vielen f\u00fchren \u2013 und wie man ihnen entgegentreten kann. Der &#8222;Klassenkampf von oben&#8220; ist in vollem Gange! Es f\u00fchren ihn die wirtschaftlich M\u00e4chtigen: Industrielle, Banker:innen, Immobilienbesitzer:innen oder andere Verm\u00f6gende, die sogenannten Eliten. Sie erh\u00f6hen mehr und [&hellip;]<\/p>\n","protected":false},"author":2,"featured_media":42116,"comment_status":"closed","ping_status":"closed","sticky":false,"template":"","format":"standard","meta":{"_acf_changed":false,"footnotes":""},"categories":[133],"tags":[],"class_list":["post-42097","post","type-post","status-publish","format-standard","has-post-thumbnail","hentry","category-literatur"],"acf":[],"yoast_head":"<!-- This site is optimized with the Yoast SEO plugin v26.1.1 - https:\/\/yoast.com\/wordpress\/plugins\/seo\/ -->\n<title>Klassenkampf von oben! Das neue Buch von Natascha Strobl und Michael Mazohl - Kultur Online TV &amp; FM<\/title>\n<meta name=\"description\" content=\"Mit welchen rhetorischen Tricks die &quot;Eliten&quot; ihren Kampf um den Erhalt des Status quo und gegen die Interessen der Vielen f\u00fchren \u2013 und wie man ihnen entgegentreten kann.\" \/>\n<meta name=\"robots\" content=\"index, follow, max-snippet:-1, max-image-preview:large, max-video-preview:-1\" \/>\n<link rel=\"canonical\" href=\"https:\/\/kulturonline.tv\/at\/klassenkampf-von-oben-das-neue-buch-von-natascha-strobl-und-michael-mazohl\/\" \/>\n<meta property=\"og:locale\" content=\"de_DE\" \/>\n<meta property=\"og:type\" content=\"article\" \/>\n<meta property=\"og:title\" content=\"Klassenkampf von oben! Das neue Buch von Natascha Strobl und Michael Mazohl - Kultur Online TV &amp; FM\" \/>\n<meta property=\"og:description\" content=\"Mit welchen rhetorischen Tricks die &quot;Eliten&quot; ihren Kampf um den Erhalt des Status quo und gegen die Interessen der Vielen f\u00fchren \u2013 und wie man ihnen entgegentreten kann.\" \/>\n<meta property=\"og:url\" content=\"https:\/\/kulturonline.tv\/at\/klassenkampf-von-oben-das-neue-buch-von-natascha-strobl-und-michael-mazohl\/\" \/>\n<meta property=\"og:site_name\" content=\"Kultur Online TV &amp; FM\" \/>\n<meta property=\"article:publisher\" content=\"https:\/\/www.facebook.com\/kulturonline.tv\" \/>\n<meta property=\"article:published_time\" content=\"2022-11-27T10:08:56+00:00\" \/>\n<meta property=\"article:modified_time\" content=\"2022-11-27T12:23:46+00:00\" \/>\n<meta property=\"og:image\" content=\"https:\/\/kulturonline.tv\/wp-content\/uploads\/2022\/11\/ktv-literatur.png\" \/>\n\t<meta property=\"og:image:width\" content=\"667\" \/>\n\t<meta property=\"og:image:height\" content=\"376\" \/>\n\t<meta property=\"og:image:type\" content=\"image\/png\" \/>\n<meta name=\"author\" content=\"guenter.wolfgang\" \/>\n<meta name=\"twitter:card\" content=\"summary_large_image\" \/>\n<meta name=\"twitter:label1\" content=\"Verfasst von\" \/>\n\t<meta name=\"twitter:data1\" content=\"guenter.wolfgang\" \/>\n\t<meta name=\"twitter:label2\" content=\"Gesch\u00e4tzte Lesezeit\" \/>\n\t<meta name=\"twitter:data2\" content=\"2 Minuten\" \/>\n<script type=\"application\/ld+json\" class=\"yoast-schema-graph\">{\"@context\":\"https:\/\/schema.org\",\"@graph\":[{\"@type\":\"Article\",\"@id\":\"https:\/\/kulturonline.tv\/at\/klassenkampf-von-oben-das-neue-buch-von-natascha-strobl-und-michael-mazohl\/#article\",\"isPartOf\":{\"@id\":\"https:\/\/kulturonline.tv\/at\/klassenkampf-von-oben-das-neue-buch-von-natascha-strobl-und-michael-mazohl\/\"},\"author\":{\"name\":\"guenter.wolfgang\",\"@id\":\"https:\/\/kulturonline.tv\/at\/#\/schema\/person\/b0fac729bb9a0c193fb1df23449df4fe\"},\"headline\":\"Klassenkampf von oben! Das neue Buch von Natascha Strobl und Michael Mazohl\",\"datePublished\":\"2022-11-27T10:08:56+00:00\",\"dateModified\":\"2022-11-27T12:23:46+00:00\",\"mainEntityOfPage\":{\"@id\":\"https:\/\/kulturonline.tv\/at\/klassenkampf-von-oben-das-neue-buch-von-natascha-strobl-und-michael-mazohl\/\"},\"wordCount\":377,\"publisher\":{\"@id\":\"https:\/\/kulturonline.tv\/at\/#organization\"},\"image\":{\"@id\":\"https:\/\/kulturonline.tv\/at\/klassenkampf-von-oben-das-neue-buch-von-natascha-strobl-und-michael-mazohl\/#primaryimage\"},\"thumbnailUrl\":\"https:\/\/kulturonline.tv\/wp-content\/uploads\/2022\/11\/ktv-literatur.png\",\"articleSection\":[\"Literatur\"],\"inLanguage\":\"de-AT\"},{\"@type\":\"WebPage\",\"@id\":\"https:\/\/kulturonline.tv\/at\/klassenkampf-von-oben-das-neue-buch-von-natascha-strobl-und-michael-mazohl\/\",\"url\":\"https:\/\/kulturonline.tv\/at\/klassenkampf-von-oben-das-neue-buch-von-natascha-strobl-und-michael-mazohl\/\",\"name\":\"Klassenkampf von oben! Das neue Buch von Natascha Strobl und Michael Mazohl - Kultur Online TV &amp; FM\",\"isPartOf\":{\"@id\":\"https:\/\/kulturonline.tv\/at\/#website\"},\"primaryImageOfPage\":{\"@id\":\"https:\/\/kulturonline.tv\/at\/klassenkampf-von-oben-das-neue-buch-von-natascha-strobl-und-michael-mazohl\/#primaryimage\"},\"image\":{\"@id\":\"https:\/\/kulturonline.tv\/at\/klassenkampf-von-oben-das-neue-buch-von-natascha-strobl-und-michael-mazohl\/#primaryimage\"},\"thumbnailUrl\":\"https:\/\/kulturonline.tv\/wp-content\/uploads\/2022\/11\/ktv-literatur.png\",\"datePublished\":\"2022-11-27T10:08:56+00:00\",\"dateModified\":\"2022-11-27T12:23:46+00:00\",\"description\":\"Mit welchen rhetorischen Tricks die \\\"Eliten\\\" ihren Kampf um den Erhalt des Status quo und gegen die Interessen der Vielen f\u00fchren \u2013 und wie man ihnen entgegentreten kann.\",\"breadcrumb\":{\"@id\":\"https:\/\/kulturonline.tv\/at\/klassenkampf-von-oben-das-neue-buch-von-natascha-strobl-und-michael-mazohl\/#breadcrumb\"},\"inLanguage\":\"de-AT\",\"potentialAction\":[{\"@type\":\"ReadAction\",\"target\":[\"https:\/\/kulturonline.tv\/at\/klassenkampf-von-oben-das-neue-buch-von-natascha-strobl-und-michael-mazohl\/\"]}]},{\"@type\":\"ImageObject\",\"inLanguage\":\"de-AT\",\"@id\":\"https:\/\/kulturonline.tv\/at\/klassenkampf-von-oben-das-neue-buch-von-natascha-strobl-und-michael-mazohl\/#primaryimage\",\"url\":\"https:\/\/kulturonline.tv\/wp-content\/uploads\/2022\/11\/ktv-literatur.png\",\"contentUrl\":\"https:\/\/kulturonline.tv\/wp-content\/uploads\/2022\/11\/ktv-literatur.png\",\"width\":667,\"height\":376},{\"@type\":\"BreadcrumbList\",\"@id\":\"https:\/\/kulturonline.tv\/at\/klassenkampf-von-oben-das-neue-buch-von-natascha-strobl-und-michael-mazohl\/#breadcrumb\",\"itemListElement\":[{\"@type\":\"ListItem\",\"position\":1,\"name\":\"Startseite\",\"item\":\"https:\/\/kulturonline.tv\/at\/\"},{\"@type\":\"ListItem\",\"position\":2,\"name\":\"Klassenkampf von oben! Das neue Buch von Natascha Strobl und Michael Mazohl\"}]},{\"@type\":\"WebSite\",\"@id\":\"https:\/\/kulturonline.tv\/at\/#website\",\"url\":\"https:\/\/kulturonline.tv\/at\/\",\"name\":\"Kultur Online TV &amp; FM\",\"description\":\"Wir sind Kultur 2.0 zum sehen &amp; h\u00f6ren\",\"publisher\":{\"@id\":\"https:\/\/kulturonline.tv\/at\/#organization\"},\"potentialAction\":[{\"@type\":\"SearchAction\",\"target\":{\"@type\":\"EntryPoint\",\"urlTemplate\":\"https:\/\/kulturonline.tv\/at\/?s={search_term_string}\"},\"query-input\":{\"@type\":\"PropertyValueSpecification\",\"valueRequired\":true,\"valueName\":\"search_term_string\"}}],\"inLanguage\":\"de-AT\"},{\"@type\":\"Organization\",\"@id\":\"https:\/\/kulturonline.tv\/at\/#organization\",\"name\":\"Kultur Online TV\",\"url\":\"https:\/\/kulturonline.tv\/at\/\",\"logo\":{\"@type\":\"ImageObject\",\"inLanguage\":\"de-AT\",\"@id\":\"https:\/\/kulturonline.tv\/at\/#\/schema\/logo\/image\/\",\"url\":\"https:\/\/kulturonline.tv\/wp-content\/uploads\/2021\/08\/Kultur-Online-Tv-Logo-Endversion-neu.png\",\"contentUrl\":\"https:\/\/kulturonline.tv\/wp-content\/uploads\/2021\/08\/Kultur-Online-Tv-Logo-Endversion-neu.png\",\"width\":200,\"height\":200,\"caption\":\"Kultur Online TV\"},\"image\":{\"@id\":\"https:\/\/kulturonline.tv\/at\/#\/schema\/logo\/image\/\"},\"sameAs\":[\"https:\/\/www.facebook.com\/kulturonline.tv\",\"https:\/\/www.instagram.com\/kulturonline.tv\"]},{\"@type\":\"Person\",\"@id\":\"https:\/\/kulturonline.tv\/at\/#\/schema\/person\/b0fac729bb9a0c193fb1df23449df4fe\",\"name\":\"guenter.wolfgang\"}]}<\/script>\n<!-- \/ Yoast SEO plugin. -->","yoast_head_json":{"title":"Klassenkampf von oben! Das neue Buch von Natascha Strobl und Michael Mazohl - Kultur Online TV &amp; FM","description":"Mit welchen rhetorischen Tricks die \"Eliten\" ihren Kampf um den Erhalt des Status quo und gegen die Interessen der Vielen f\u00fchren \u2013 und wie man ihnen entgegentreten kann.","robots":{"index":"index","follow":"follow","max-snippet":"max-snippet:-1","max-image-preview":"max-image-preview:large","max-video-preview":"max-video-preview:-1"},"canonical":"https:\/\/kulturonline.tv\/at\/klassenkampf-von-oben-das-neue-buch-von-natascha-strobl-und-michael-mazohl\/","og_locale":"de_DE","og_type":"article","og_title":"Klassenkampf von oben! Das neue Buch von Natascha Strobl und Michael Mazohl - Kultur Online TV &amp; FM","og_description":"Mit welchen rhetorischen Tricks die \"Eliten\" ihren Kampf um den Erhalt des Status quo und gegen die Interessen der Vielen f\u00fchren \u2013 und wie man ihnen entgegentreten kann.","og_url":"https:\/\/kulturonline.tv\/at\/klassenkampf-von-oben-das-neue-buch-von-natascha-strobl-und-michael-mazohl\/","og_site_name":"Kultur Online TV &amp; FM","article_publisher":"https:\/\/www.facebook.com\/kulturonline.tv","article_published_time":"2022-11-27T10:08:56+00:00","article_modified_time":"2022-11-27T12:23:46+00:00","og_image":[{"width":667,"height":376,"url":"https:\/\/kulturonline.tv\/wp-content\/uploads\/2022\/11\/ktv-literatur.png","type":"image\/png"}],"author":"guenter.wolfgang","twitter_card":"summary_large_image","twitter_misc":{"Verfasst von":"guenter.wolfgang","Gesch\u00e4tzte Lesezeit":"2 Minuten"},"schema":{"@context":"https:\/\/schema.org","@graph":[{"@type":"Article","@id":"https:\/\/kulturonline.tv\/at\/klassenkampf-von-oben-das-neue-buch-von-natascha-strobl-und-michael-mazohl\/#article","isPartOf":{"@id":"https:\/\/kulturonline.tv\/at\/klassenkampf-von-oben-das-neue-buch-von-natascha-strobl-und-michael-mazohl\/"},"author":{"name":"guenter.wolfgang","@id":"https:\/\/kulturonline.tv\/at\/#\/schema\/person\/b0fac729bb9a0c193fb1df23449df4fe"},"headline":"Klassenkampf von oben! Das neue Buch von Natascha Strobl und Michael Mazohl","datePublished":"2022-11-27T10:08:56+00:00","dateModified":"2022-11-27T12:23:46+00:00","mainEntityOfPage":{"@id":"https:\/\/kulturonline.tv\/at\/klassenkampf-von-oben-das-neue-buch-von-natascha-strobl-und-michael-mazohl\/"},"wordCount":377,"publisher":{"@id":"https:\/\/kulturonline.tv\/at\/#organization"},"image":{"@id":"https:\/\/kulturonline.tv\/at\/klassenkampf-von-oben-das-neue-buch-von-natascha-strobl-und-michael-mazohl\/#primaryimage"},"thumbnailUrl":"https:\/\/kulturonline.tv\/wp-content\/uploads\/2022\/11\/ktv-literatur.png","articleSection":["Literatur"],"inLanguage":"de-AT"},{"@type":"WebPage","@id":"https:\/\/kulturonline.tv\/at\/klassenkampf-von-oben-das-neue-buch-von-natascha-strobl-und-michael-mazohl\/","url":"https:\/\/kulturonline.tv\/at\/klassenkampf-von-oben-das-neue-buch-von-natascha-strobl-und-michael-mazohl\/","name":"Klassenkampf von oben! Das neue Buch von Natascha Strobl und Michael Mazohl - Kultur Online TV &amp; FM","isPartOf":{"@id":"https:\/\/kulturonline.tv\/at\/#website"},"primaryImageOfPage":{"@id":"https:\/\/kulturonline.tv\/at\/klassenkampf-von-oben-das-neue-buch-von-natascha-strobl-und-michael-mazohl\/#primaryimage"},"image":{"@id":"https:\/\/kulturonline.tv\/at\/klassenkampf-von-oben-das-neue-buch-von-natascha-strobl-und-michael-mazohl\/#primaryimage"},"thumbnailUrl":"https:\/\/kulturonline.tv\/wp-content\/uploads\/2022\/11\/ktv-literatur.png","datePublished":"2022-11-27T10:08:56+00:00","dateModified":"2022-11-27T12:23:46+00:00","description":"Mit welchen rhetorischen Tricks die \"Eliten\" ihren Kampf um den Erhalt des Status quo und gegen die Interessen der Vielen f\u00fchren \u2013 und wie man ihnen entgegentreten kann.","breadcrumb":{"@id":"https:\/\/kulturonline.tv\/at\/klassenkampf-von-oben-das-neue-buch-von-natascha-strobl-und-michael-mazohl\/#breadcrumb"},"inLanguage":"de-AT","potentialAction":[{"@type":"ReadAction","target":["https:\/\/kulturonline.tv\/at\/klassenkampf-von-oben-das-neue-buch-von-natascha-strobl-und-michael-mazohl\/"]}]},{"@type":"ImageObject","inLanguage":"de-AT","@id":"https:\/\/kulturonline.tv\/at\/klassenkampf-von-oben-das-neue-buch-von-natascha-strobl-und-michael-mazohl\/#primaryimage","url":"https:\/\/kulturonline.tv\/wp-content\/uploads\/2022\/11\/ktv-literatur.png","contentUrl":"https:\/\/kulturonline.tv\/wp-content\/uploads\/2022\/11\/ktv-literatur.png","width":667,"height":376},{"@type":"BreadcrumbList","@id":"https:\/\/kulturonline.tv\/at\/klassenkampf-von-oben-das-neue-buch-von-natascha-strobl-und-michael-mazohl\/#breadcrumb","itemListElement":[{"@type":"ListItem","position":1,"name":"Startseite","item":"https:\/\/kulturonline.tv\/at\/"},{"@type":"ListItem","position":2,"name":"Klassenkampf von oben! Das neue Buch von Natascha Strobl und Michael Mazohl"}]},{"@type":"WebSite","@id":"https:\/\/kulturonline.tv\/at\/#website","url":"https:\/\/kulturonline.tv\/at\/","name":"Kultur Online TV &amp; FM","description":"Wir sind Kultur 2.0 zum sehen &amp; h\u00f6ren","publisher":{"@id":"https:\/\/kulturonline.tv\/at\/#organization"},"potentialAction":[{"@type":"SearchAction","target":{"@type":"EntryPoint","urlTemplate":"https:\/\/kulturonline.tv\/at\/?s={search_term_string}"},"query-input":{"@type":"PropertyValueSpecification","valueRequired":true,"valueName":"search_term_string"}}],"inLanguage":"de-AT"},{"@type":"Organization","@id":"https:\/\/kulturonline.tv\/at\/#organization","name":"Kultur Online TV","url":"https:\/\/kulturonline.tv\/at\/","logo":{"@type":"ImageObject","inLanguage":"de-AT","@id":"https:\/\/kulturonline.tv\/at\/#\/schema\/logo\/image\/","url":"https:\/\/kulturonline.tv\/wp-content\/uploads\/2021\/08\/Kultur-Online-Tv-Logo-Endversion-neu.png","contentUrl":"https:\/\/kulturonline.tv\/wp-content\/uploads\/2021\/08\/Kultur-Online-Tv-Logo-Endversion-neu.png","width":200,"height":200,"caption":"Kultur Online TV"},"image":{"@id":"https:\/\/kulturonline.tv\/at\/#\/schema\/logo\/image\/"},"sameAs":["https:\/\/www.facebook.com\/kulturonline.tv","https:\/\/www.instagram.com\/kulturonline.tv"]},{"@type":"Person","@id":"https:\/\/kulturonline.tv\/at\/#\/schema\/person\/b0fac729bb9a0c193fb1df23449df4fe","name":"guenter.wolfgang"}]}},"_links":{"self":[{"href":"https:\/\/kulturonline.tv\/at\/wp-json\/wp\/v2\/posts\/42097","targetHints":{"allow":["GET"]}}],"collection":[{"href":"https:\/\/kulturonline.tv\/at\/wp-json\/wp\/v2\/posts"}],"about":[{"href":"https:\/\/kulturonline.tv\/at\/wp-json\/wp\/v2\/types\/post"}],"author":[{"embeddable":true,"href":"https:\/\/kulturonline.tv\/at\/wp-json\/wp\/v2\/users\/2"}],"replies":[{"embeddable":true,"href":"https:\/\/kulturonline.tv\/at\/wp-json\/wp\/v2\/comments?post=42097"}],"version-history":[{"count":0,"href":"https:\/\/kulturonline.tv\/at\/wp-json\/wp\/v2\/posts\/42097\/revisions"}],"wp:featuredmedia":[{"embeddable":true,"href":"https:\/\/kulturonline.tv\/at\/wp-json\/wp\/v2\/media\/42116"}],"wp:attachment":[{"href":"https:\/\/kulturonline.tv\/at\/wp-json\/wp\/v2\/media?parent=42097"}],"wp:term":[{"taxonomy":"category","embeddable":true,"href":"https:\/\/kulturonline.tv\/at\/wp-json\/wp\/v2\/categories?post=42097"},{"taxonomy":"post_tag","embeddable":true,"href":"https:\/\/kulturonline.tv\/at\/wp-json\/wp\/v2\/tags?post=42097"}],"curies":[{"name":"wp","href":"https:\/\/api.w.org\/{rel}","templated":true}]}}