{"id":42422,"date":"2022-11-29T11:40:02","date_gmt":"2022-11-29T10:40:02","guid":{"rendered":"https:\/\/kulturonline.tv\/?p=42422"},"modified":"2022-11-29T13:55:51","modified_gmt":"2022-11-29T12:55:51","slug":"orf-rechnet-ab-2024-mit-hohen-verlusten","status":"publish","type":"post","link":"https:\/\/kulturonline.tv\/at\/orf-rechnet-ab-2024-mit-hohen-verlusten\/","title":{"rendered":"ORF rechnet ab 2024 mit hohen Verlusten"},"content":{"rendered":"\n<p>Im Februar wurden GIS-Programmentgelte um acht Prozent f\u00fcr die n\u00e4chsten f\u00fcnf Jahre erh\u00f6ht, doch die  weitere Finanzierung laut Generaldirektor Roland Wei\u00dfmann wird man ab 2024 mehr Mittel ben\u00f6tigen.<\/p>\n\n\n\n<figure class=\"wp-block-image size-full is-resized\"><img fetchpriority=\"high\" decoding=\"async\" src=\"https:\/\/kulturonline.tv\/wp-content\/uploads\/2022\/11\/Gesamtanlage_ORF-Zentrum_Kueniglberg_Eingangsansicht-1-edited.jpg\" alt=\"\" class=\"wp-image-42429\" width=\"840\" height=\"473\" srcset=\"https:\/\/kulturonline.tv\/wp-content\/uploads\/2022\/11\/Gesamtanlage_ORF-Zentrum_Kueniglberg_Eingangsansicht-1-edited.jpg 702w, https:\/\/kulturonline.tv\/wp-content\/uploads\/2022\/11\/Gesamtanlage_ORF-Zentrum_Kueniglberg_Eingangsansicht-1-edited-600x338.jpg 600w\" sizes=\"(max-width: 840px) 100vw, 840px\" \/><figcaption class=\"wp-element-caption\">\u00a9 Thomas Ledl, CC BY-SA 3.0 AT <a href=\"https:\/\/creativecommons.org\/licenses\/by-sa\/3.0\/at\/deed.en\">https:\/\/creativecommons.org\/licenses\/by-sa\/3.0\/at\/deed.en<\/a>, via Wikimedia Commons<\/figcaption><\/figure>\n\n\n\n<p>Der ORF muss sp\u00e4testens alle f\u00fcnf Jahre berechnen, ob die Geb\u00fchren zur Finanzierung des \u00f6ffentlich-rechtlichen Auftrags ausreichen \u2013 er k\u00f6nnte aber auch laut geltendem Gesetz eine weitere Geb\u00fchrenerh\u00f6hung beantragen, wenn dies nicht der Fall ist.<br>Nun steht aber nach einer Entscheidung des Verfassungsgerichtshofs eine Neuregelung der Geb\u00fchren an. Das H\u00f6chstgericht hat die aktuelle GIS aufgehoben, weil sie nicht f\u00fcr Streaming eingehoben wird \u2013 das sei verfassungswidrig. Zur Diskussion stehen nun eine auf Streamingger\u00e4te erweiterte GIS, eine Haushaltsabgabe oder eine Finanzierung aus dem Bundesbudget \u2013 in noch festzulegender H\u00f6he. 2022 nimmt der ORF laut Finanzplan mit GIS-Geb\u00fchren rund 660 Millionen Euro** ein, zwei Drittel seines Milliardenbudgets.<\/p>\n\n\n\n<p>Kultur Online TV<\/p>\n\n\n\n<p>#news #themen #medien<\/p>\n","protected":false},"excerpt":{"rendered":"<p>Im Februar wurden GIS-Programmentgelte um acht Prozent f\u00fcr die n\u00e4chsten f\u00fcnf Jahre erh\u00f6ht, doch die weitere Finanzierung laut Generaldirektor Roland Wei\u00dfmann wird man ab 2024 mehr Mittel ben\u00f6tigen. Der ORF muss sp\u00e4testens alle f\u00fcnf Jahre berechnen, ob die Geb\u00fchren zur Finanzierung des \u00f6ffentlich-rechtlichen Auftrags ausreichen \u2013 er k\u00f6nnte aber auch laut geltendem Gesetz eine weitere [&hellip;]<\/p>\n","protected":false},"author":2,"featured_media":42430,"comment_status":"closed","ping_status":"closed","sticky":false,"template":"","format":"standard","meta":{"_acf_changed":false,"footnotes":""},"categories":[188,1],"tags":[],"class_list":["post-42422","post","type-post","status-publish","format-standard","has-post-thumbnail","hentry","category-medien","category-unkategorisiert"],"acf":[],"yoast_head":"<!-- This site is optimized with the Yoast SEO plugin v26.1.1 - https:\/\/yoast.com\/wordpress\/plugins\/seo\/ -->\n<title>ORF rechnet ab 2024 mit hohen Verlusten - Kultur Online TV &amp; FM<\/title>\n<meta name=\"description\" content=\"Kultur sehen und H\u00f6ren\" \/>\n<meta name=\"robots\" content=\"index, follow, max-snippet:-1, max-image-preview:large, max-video-preview:-1\" \/>\n<link rel=\"canonical\" href=\"https:\/\/kulturonline.tv\/at\/orf-rechnet-ab-2024-mit-hohen-verlusten\/\" \/>\n<meta property=\"og:locale\" content=\"de_DE\" \/>\n<meta property=\"og:type\" content=\"article\" \/>\n<meta property=\"og:title\" content=\"ORF rechnet ab 2024 mit hohen Verlusten - Kultur Online TV &amp; FM\" \/>\n<meta property=\"og:description\" content=\"Kultur sehen und H\u00f6ren\" \/>\n<meta property=\"og:url\" content=\"https:\/\/kulturonline.tv\/at\/orf-rechnet-ab-2024-mit-hohen-verlusten\/\" \/>\n<meta property=\"og:site_name\" content=\"Kultur Online TV &amp; FM\" \/>\n<meta property=\"article:publisher\" content=\"https:\/\/www.facebook.com\/kulturonline.tv\" \/>\n<meta property=\"article:published_time\" content=\"2022-11-29T10:40:02+00:00\" \/>\n<meta property=\"article:modified_time\" content=\"2022-11-29T12:55:51+00:00\" \/>\n<meta property=\"og:image\" content=\"https:\/\/kulturonline.tv\/wp-content\/uploads\/2022\/11\/Gesamtanlage_ORF-Zentrum_Kueniglberg_Eingangsansicht-1-edited.jpg\" \/>\n\t<meta property=\"og:image:width\" content=\"702\" \/>\n\t<meta property=\"og:image:height\" content=\"395\" \/>\n\t<meta property=\"og:image:type\" content=\"image\/jpeg\" \/>\n<meta name=\"author\" content=\"guenter.wolfgang\" \/>\n<meta name=\"twitter:card\" content=\"summary_large_image\" \/>\n<meta name=\"twitter:label1\" content=\"Verfasst von\" \/>\n\t<meta name=\"twitter:data1\" content=\"guenter.wolfgang\" \/>\n\t<meta name=\"twitter:label2\" content=\"Gesch\u00e4tzte Lesezeit\" \/>\n\t<meta name=\"twitter:data2\" content=\"1 Minute\" \/>\n<script type=\"application\/ld+json\" class=\"yoast-schema-graph\">{\"@context\":\"https:\/\/schema.org\",\"@graph\":[{\"@type\":\"Article\",\"@id\":\"https:\/\/kulturonline.tv\/at\/orf-rechnet-ab-2024-mit-hohen-verlusten\/#article\",\"isPartOf\":{\"@id\":\"https:\/\/kulturonline.tv\/at\/orf-rechnet-ab-2024-mit-hohen-verlusten\/\"},\"author\":{\"name\":\"guenter.wolfgang\",\"@id\":\"https:\/\/kulturonline.tv\/at\/#\/schema\/person\/b0fac729bb9a0c193fb1df23449df4fe\"},\"headline\":\"ORF rechnet ab 2024 mit hohen Verlusten\",\"datePublished\":\"2022-11-29T10:40:02+00:00\",\"dateModified\":\"2022-11-29T12:55:51+00:00\",\"mainEntityOfPage\":{\"@id\":\"https:\/\/kulturonline.tv\/at\/orf-rechnet-ab-2024-mit-hohen-verlusten\/\"},\"wordCount\":173,\"publisher\":{\"@id\":\"https:\/\/kulturonline.tv\/at\/#organization\"},\"image\":{\"@id\":\"https:\/\/kulturonline.tv\/at\/orf-rechnet-ab-2024-mit-hohen-verlusten\/#primaryimage\"},\"thumbnailUrl\":\"https:\/\/kulturonline.tv\/wp-content\/uploads\/2022\/11\/Gesamtanlage_ORF-Zentrum_Kueniglberg_Eingangsansicht-1-edited.jpg\",\"articleSection\":[\"Medien\",\"Unkategorisiert\"],\"inLanguage\":\"de-AT\"},{\"@type\":\"WebPage\",\"@id\":\"https:\/\/kulturonline.tv\/at\/orf-rechnet-ab-2024-mit-hohen-verlusten\/\",\"url\":\"https:\/\/kulturonline.tv\/at\/orf-rechnet-ab-2024-mit-hohen-verlusten\/\",\"name\":\"ORF rechnet ab 2024 mit hohen Verlusten - Kultur Online TV &amp; FM\",\"isPartOf\":{\"@id\":\"https:\/\/kulturonline.tv\/at\/#website\"},\"primaryImageOfPage\":{\"@id\":\"https:\/\/kulturonline.tv\/at\/orf-rechnet-ab-2024-mit-hohen-verlusten\/#primaryimage\"},\"image\":{\"@id\":\"https:\/\/kulturonline.tv\/at\/orf-rechnet-ab-2024-mit-hohen-verlusten\/#primaryimage\"},\"thumbnailUrl\":\"https:\/\/kulturonline.tv\/wp-content\/uploads\/2022\/11\/Gesamtanlage_ORF-Zentrum_Kueniglberg_Eingangsansicht-1-edited.jpg\",\"datePublished\":\"2022-11-29T10:40:02+00:00\",\"dateModified\":\"2022-11-29T12:55:51+00:00\",\"description\":\"Kultur sehen und H\u00f6ren\",\"breadcrumb\":{\"@id\":\"https:\/\/kulturonline.tv\/at\/orf-rechnet-ab-2024-mit-hohen-verlusten\/#breadcrumb\"},\"inLanguage\":\"de-AT\",\"potentialAction\":[{\"@type\":\"ReadAction\",\"target\":[\"https:\/\/kulturonline.tv\/at\/orf-rechnet-ab-2024-mit-hohen-verlusten\/\"]}]},{\"@type\":\"ImageObject\",\"inLanguage\":\"de-AT\",\"@id\":\"https:\/\/kulturonline.tv\/at\/orf-rechnet-ab-2024-mit-hohen-verlusten\/#primaryimage\",\"url\":\"https:\/\/kulturonline.tv\/wp-content\/uploads\/2022\/11\/Gesamtanlage_ORF-Zentrum_Kueniglberg_Eingangsansicht-1-edited.jpg\",\"contentUrl\":\"https:\/\/kulturonline.tv\/wp-content\/uploads\/2022\/11\/Gesamtanlage_ORF-Zentrum_Kueniglberg_Eingangsansicht-1-edited.jpg\",\"width\":702,\"height\":395},{\"@type\":\"BreadcrumbList\",\"@id\":\"https:\/\/kulturonline.tv\/at\/orf-rechnet-ab-2024-mit-hohen-verlusten\/#breadcrumb\",\"itemListElement\":[{\"@type\":\"ListItem\",\"position\":1,\"name\":\"Startseite\",\"item\":\"https:\/\/kulturonline.tv\/at\/\"},{\"@type\":\"ListItem\",\"position\":2,\"name\":\"ORF rechnet ab 2024 mit hohen Verlusten\"}]},{\"@type\":\"WebSite\",\"@id\":\"https:\/\/kulturonline.tv\/at\/#website\",\"url\":\"https:\/\/kulturonline.tv\/at\/\",\"name\":\"Kultur Online TV &amp; FM\",\"description\":\"Wir sind Kultur 2.0 zum sehen &amp; h\u00f6ren\",\"publisher\":{\"@id\":\"https:\/\/kulturonline.tv\/at\/#organization\"},\"potentialAction\":[{\"@type\":\"SearchAction\",\"target\":{\"@type\":\"EntryPoint\",\"urlTemplate\":\"https:\/\/kulturonline.tv\/at\/?s={search_term_string}\"},\"query-input\":{\"@type\":\"PropertyValueSpecification\",\"valueRequired\":true,\"valueName\":\"search_term_string\"}}],\"inLanguage\":\"de-AT\"},{\"@type\":\"Organization\",\"@id\":\"https:\/\/kulturonline.tv\/at\/#organization\",\"name\":\"Kultur Online TV\",\"url\":\"https:\/\/kulturonline.tv\/at\/\",\"logo\":{\"@type\":\"ImageObject\",\"inLanguage\":\"de-AT\",\"@id\":\"https:\/\/kulturonline.tv\/at\/#\/schema\/logo\/image\/\",\"url\":\"https:\/\/kulturonline.tv\/wp-content\/uploads\/2021\/08\/Kultur-Online-Tv-Logo-Endversion-neu.png\",\"contentUrl\":\"https:\/\/kulturonline.tv\/wp-content\/uploads\/2021\/08\/Kultur-Online-Tv-Logo-Endversion-neu.png\",\"width\":200,\"height\":200,\"caption\":\"Kultur Online TV\"},\"image\":{\"@id\":\"https:\/\/kulturonline.tv\/at\/#\/schema\/logo\/image\/\"},\"sameAs\":[\"https:\/\/www.facebook.com\/kulturonline.tv\",\"https:\/\/www.instagram.com\/kulturonline.tv\"]},{\"@type\":\"Person\",\"@id\":\"https:\/\/kulturonline.tv\/at\/#\/schema\/person\/b0fac729bb9a0c193fb1df23449df4fe\",\"name\":\"guenter.wolfgang\"}]}<\/script>\n<!-- \/ Yoast SEO plugin. -->","yoast_head_json":{"title":"ORF rechnet ab 2024 mit hohen Verlusten - Kultur Online TV &amp; FM","description":"Kultur sehen und H\u00f6ren","robots":{"index":"index","follow":"follow","max-snippet":"max-snippet:-1","max-image-preview":"max-image-preview:large","max-video-preview":"max-video-preview:-1"},"canonical":"https:\/\/kulturonline.tv\/at\/orf-rechnet-ab-2024-mit-hohen-verlusten\/","og_locale":"de_DE","og_type":"article","og_title":"ORF rechnet ab 2024 mit hohen Verlusten - Kultur Online TV &amp; FM","og_description":"Kultur sehen und H\u00f6ren","og_url":"https:\/\/kulturonline.tv\/at\/orf-rechnet-ab-2024-mit-hohen-verlusten\/","og_site_name":"Kultur Online TV &amp; FM","article_publisher":"https:\/\/www.facebook.com\/kulturonline.tv","article_published_time":"2022-11-29T10:40:02+00:00","article_modified_time":"2022-11-29T12:55:51+00:00","og_image":[{"width":702,"height":395,"url":"https:\/\/kulturonline.tv\/wp-content\/uploads\/2022\/11\/Gesamtanlage_ORF-Zentrum_Kueniglberg_Eingangsansicht-1-edited.jpg","type":"image\/jpeg"}],"author":"guenter.wolfgang","twitter_card":"summary_large_image","twitter_misc":{"Verfasst von":"guenter.wolfgang","Gesch\u00e4tzte Lesezeit":"1 Minute"},"schema":{"@context":"https:\/\/schema.org","@graph":[{"@type":"Article","@id":"https:\/\/kulturonline.tv\/at\/orf-rechnet-ab-2024-mit-hohen-verlusten\/#article","isPartOf":{"@id":"https:\/\/kulturonline.tv\/at\/orf-rechnet-ab-2024-mit-hohen-verlusten\/"},"author":{"name":"guenter.wolfgang","@id":"https:\/\/kulturonline.tv\/at\/#\/schema\/person\/b0fac729bb9a0c193fb1df23449df4fe"},"headline":"ORF rechnet ab 2024 mit hohen Verlusten","datePublished":"2022-11-29T10:40:02+00:00","dateModified":"2022-11-29T12:55:51+00:00","mainEntityOfPage":{"@id":"https:\/\/kulturonline.tv\/at\/orf-rechnet-ab-2024-mit-hohen-verlusten\/"},"wordCount":173,"publisher":{"@id":"https:\/\/kulturonline.tv\/at\/#organization"},"image":{"@id":"https:\/\/kulturonline.tv\/at\/orf-rechnet-ab-2024-mit-hohen-verlusten\/#primaryimage"},"thumbnailUrl":"https:\/\/kulturonline.tv\/wp-content\/uploads\/2022\/11\/Gesamtanlage_ORF-Zentrum_Kueniglberg_Eingangsansicht-1-edited.jpg","articleSection":["Medien","Unkategorisiert"],"inLanguage":"de-AT"},{"@type":"WebPage","@id":"https:\/\/kulturonline.tv\/at\/orf-rechnet-ab-2024-mit-hohen-verlusten\/","url":"https:\/\/kulturonline.tv\/at\/orf-rechnet-ab-2024-mit-hohen-verlusten\/","name":"ORF rechnet ab 2024 mit hohen Verlusten - Kultur Online TV &amp; FM","isPartOf":{"@id":"https:\/\/kulturonline.tv\/at\/#website"},"primaryImageOfPage":{"@id":"https:\/\/kulturonline.tv\/at\/orf-rechnet-ab-2024-mit-hohen-verlusten\/#primaryimage"},"image":{"@id":"https:\/\/kulturonline.tv\/at\/orf-rechnet-ab-2024-mit-hohen-verlusten\/#primaryimage"},"thumbnailUrl":"https:\/\/kulturonline.tv\/wp-content\/uploads\/2022\/11\/Gesamtanlage_ORF-Zentrum_Kueniglberg_Eingangsansicht-1-edited.jpg","datePublished":"2022-11-29T10:40:02+00:00","dateModified":"2022-11-29T12:55:51+00:00","description":"Kultur sehen und H\u00f6ren","breadcrumb":{"@id":"https:\/\/kulturonline.tv\/at\/orf-rechnet-ab-2024-mit-hohen-verlusten\/#breadcrumb"},"inLanguage":"de-AT","potentialAction":[{"@type":"ReadAction","target":["https:\/\/kulturonline.tv\/at\/orf-rechnet-ab-2024-mit-hohen-verlusten\/"]}]},{"@type":"ImageObject","inLanguage":"de-AT","@id":"https:\/\/kulturonline.tv\/at\/orf-rechnet-ab-2024-mit-hohen-verlusten\/#primaryimage","url":"https:\/\/kulturonline.tv\/wp-content\/uploads\/2022\/11\/Gesamtanlage_ORF-Zentrum_Kueniglberg_Eingangsansicht-1-edited.jpg","contentUrl":"https:\/\/kulturonline.tv\/wp-content\/uploads\/2022\/11\/Gesamtanlage_ORF-Zentrum_Kueniglberg_Eingangsansicht-1-edited.jpg","width":702,"height":395},{"@type":"BreadcrumbList","@id":"https:\/\/kulturonline.tv\/at\/orf-rechnet-ab-2024-mit-hohen-verlusten\/#breadcrumb","itemListElement":[{"@type":"ListItem","position":1,"name":"Startseite","item":"https:\/\/kulturonline.tv\/at\/"},{"@type":"ListItem","position":2,"name":"ORF rechnet ab 2024 mit hohen Verlusten"}]},{"@type":"WebSite","@id":"https:\/\/kulturonline.tv\/at\/#website","url":"https:\/\/kulturonline.tv\/at\/","name":"Kultur Online TV &amp; FM","description":"Wir sind Kultur 2.0 zum sehen &amp; h\u00f6ren","publisher":{"@id":"https:\/\/kulturonline.tv\/at\/#organization"},"potentialAction":[{"@type":"SearchAction","target":{"@type":"EntryPoint","urlTemplate":"https:\/\/kulturonline.tv\/at\/?s={search_term_string}"},"query-input":{"@type":"PropertyValueSpecification","valueRequired":true,"valueName":"search_term_string"}}],"inLanguage":"de-AT"},{"@type":"Organization","@id":"https:\/\/kulturonline.tv\/at\/#organization","name":"Kultur Online TV","url":"https:\/\/kulturonline.tv\/at\/","logo":{"@type":"ImageObject","inLanguage":"de-AT","@id":"https:\/\/kulturonline.tv\/at\/#\/schema\/logo\/image\/","url":"https:\/\/kulturonline.tv\/wp-content\/uploads\/2021\/08\/Kultur-Online-Tv-Logo-Endversion-neu.png","contentUrl":"https:\/\/kulturonline.tv\/wp-content\/uploads\/2021\/08\/Kultur-Online-Tv-Logo-Endversion-neu.png","width":200,"height":200,"caption":"Kultur Online TV"},"image":{"@id":"https:\/\/kulturonline.tv\/at\/#\/schema\/logo\/image\/"},"sameAs":["https:\/\/www.facebook.com\/kulturonline.tv","https:\/\/www.instagram.com\/kulturonline.tv"]},{"@type":"Person","@id":"https:\/\/kulturonline.tv\/at\/#\/schema\/person\/b0fac729bb9a0c193fb1df23449df4fe","name":"guenter.wolfgang"}]}},"_links":{"self":[{"href":"https:\/\/kulturonline.tv\/at\/wp-json\/wp\/v2\/posts\/42422","targetHints":{"allow":["GET"]}}],"collection":[{"href":"https:\/\/kulturonline.tv\/at\/wp-json\/wp\/v2\/posts"}],"about":[{"href":"https:\/\/kulturonline.tv\/at\/wp-json\/wp\/v2\/types\/post"}],"author":[{"embeddable":true,"href":"https:\/\/kulturonline.tv\/at\/wp-json\/wp\/v2\/users\/2"}],"replies":[{"embeddable":true,"href":"https:\/\/kulturonline.tv\/at\/wp-json\/wp\/v2\/comments?post=42422"}],"version-history":[{"count":0,"href":"https:\/\/kulturonline.tv\/at\/wp-json\/wp\/v2\/posts\/42422\/revisions"}],"wp:featuredmedia":[{"embeddable":true,"href":"https:\/\/kulturonline.tv\/at\/wp-json\/wp\/v2\/media\/42430"}],"wp:attachment":[{"href":"https:\/\/kulturonline.tv\/at\/wp-json\/wp\/v2\/media?parent=42422"}],"wp:term":[{"taxonomy":"category","embeddable":true,"href":"https:\/\/kulturonline.tv\/at\/wp-json\/wp\/v2\/categories?post=42422"},{"taxonomy":"post_tag","embeddable":true,"href":"https:\/\/kulturonline.tv\/at\/wp-json\/wp\/v2\/tags?post=42422"}],"curies":[{"name":"wp","href":"https:\/\/api.w.org\/{rel}","templated":true}]}}