{"id":45479,"date":"2022-12-13T00:06:06","date_gmt":"2022-12-12T23:06:06","guid":{"rendered":"https:\/\/kulturonline.tv\/uncategorized\/banshees-of-inisherin-mit-den-meisten-globe-nominierungen"},"modified":"2022-12-13T00:06:31","modified_gmt":"2022-12-12T23:06:31","slug":"banshees-of-inisherin-mit-den-meisten-globe-nominierungen","status":"publish","type":"post","link":"https:\/\/kulturonline.tv\/at\/banshees-of-inisherin-mit-den-meisten-globe-nominierungen\/","title":{"rendered":"&#8222;Banshees of Inisherin&#8220; mit den meisten Globe-Nominierungen"},"content":{"rendered":"\n<p>Die beiden Blockbusterfortsetzungen &#8222;Avatar: The Way of Water&#8220; und &#8222;Top Gun: Maverick&#8220; geh\u00f6ren zu den Topnominierten f\u00fcr die Golden Globes 2023.<\/p>\n\n\n\n<figure class=\"wp-block-image size-full is-resized\"><img decoding=\"async\" src=\"https:\/\/kulturonline.tv\/wp-content\/uploads\/2022\/12\/Golden_Globes-Kultur-Online-TV-edited.jpg\" alt=\"\" class=\"wp-image-45476\" width=\"843\" srcset=\"https:\/\/kulturonline.tv\/wp-content\/uploads\/2022\/12\/Golden_Globes-Kultur-Online-TV-edited.jpg 450w, https:\/\/kulturonline.tv\/wp-content\/uploads\/2022\/12\/Golden_Globes-Kultur-Online-TV-edited-416x260.jpg 416w\" sizes=\"(max-width: 450px) 100vw, 450px\" \/><figcaption class=\"wp-element-caption\">\u00a9 jdeeringdavis, CC BY 2.0 <a href=\"https:\/\/creativecommons.org\/licenses\/by\/2.0\">https:\/\/creativecommons.org\/licenses\/by\/2.0<\/a>, via Wikimedia Commons<\/figcaption><\/figure>\n\n\n\n<p>An der Spitze der Nominierungen liegt jedoch die Satire &#8222;The Banshees of Inisherin&#8220; mit acht Nennungen. Die Nominierungen durch den Verband der Auslandspresse (HFPA) wurden am Montag in 27 Kategorien in LA bekanntgegeben. Die Troph\u00e4en werden am 10. J\u00e4nner vergeben &#8211; nach der Debatte um mangelnde Diversit\u00e4t nun wieder im Fernsehen.<\/p>\n\n\n\n<p>Kultur Online TV<\/p>\n\n\n\n<p>#news #medien #film<\/p>\n","protected":false},"excerpt":{"rendered":"<p>Die beiden Blockbusterfortsetzungen &#8222;Avatar: The Way of Water&#8220; und &#8222;Top Gun: Maverick&#8220; geh\u00f6ren zu den Topnominierten f\u00fcr die Golden Globes 2023. An der Spitze der Nominierungen liegt jedoch die Satire &#8222;The Banshees of Inisherin&#8220; mit acht Nennungen. Die Nominierungen durch den Verband der Auslandspresse (HFPA) wurden am Montag in 27 Kategorien in LA bekanntgegeben. Die [&hellip;]<\/p>\n","protected":false},"author":2,"featured_media":45477,"comment_status":"closed","ping_status":"closed","sticky":false,"template":"","format":"standard","meta":{"_acf_changed":false,"footnotes":""},"categories":[188,123],"tags":[],"class_list":["post-45479","post","type-post","status-publish","format-standard","has-post-thumbnail","hentry","category-medien","category-newsflash"],"acf":[],"yoast_head":"<!-- This site is optimized with the Yoast SEO plugin v26.1.1 - https:\/\/yoast.com\/wordpress\/plugins\/seo\/ -->\n<title>&quot;Banshees of Inisherin&quot; mit den meisten Globe-Nominierungen - Kultur Online TV &amp; FM<\/title>\n<meta name=\"description\" content=\"Die beiden Blockbusterfortsetzungen &quot;Avatar: The Way of Water&quot; und &quot;Top Gun: Maverick&quot; geh\u00f6ren zu den Topnominierten f\u00fcr die Golden Globes 2023.\" \/>\n<meta name=\"robots\" content=\"index, follow, max-snippet:-1, max-image-preview:large, max-video-preview:-1\" \/>\n<link rel=\"canonical\" href=\"https:\/\/kulturonline.tv\/at\/banshees-of-inisherin-mit-den-meisten-globe-nominierungen\/\" \/>\n<meta property=\"og:locale\" content=\"de_DE\" \/>\n<meta property=\"og:type\" content=\"article\" \/>\n<meta property=\"og:title\" content=\"&quot;Banshees of Inisherin&quot; mit den meisten Globe-Nominierungen - Kultur Online TV &amp; FM\" \/>\n<meta property=\"og:description\" content=\"Die beiden Blockbusterfortsetzungen &quot;Avatar: The Way of Water&quot; und &quot;Top Gun: Maverick&quot; geh\u00f6ren zu den Topnominierten f\u00fcr die Golden Globes 2023.\" \/>\n<meta property=\"og:url\" content=\"https:\/\/kulturonline.tv\/at\/banshees-of-inisherin-mit-den-meisten-globe-nominierungen\/\" \/>\n<meta property=\"og:site_name\" content=\"Kultur Online TV &amp; FM\" \/>\n<meta property=\"article:publisher\" content=\"https:\/\/www.facebook.com\/kulturonline.tv\" \/>\n<meta property=\"article:published_time\" content=\"2022-12-12T23:06:06+00:00\" \/>\n<meta property=\"article:modified_time\" content=\"2022-12-12T23:06:31+00:00\" \/>\n<meta property=\"og:image\" content=\"https:\/\/kulturonline.tv\/wp-content\/uploads\/2022\/12\/Golden_Globes-Kultur-Online-TV-edited.jpg\" \/>\n\t<meta property=\"og:image:width\" content=\"450\" \/>\n\t<meta property=\"og:image:height\" content=\"281\" \/>\n\t<meta property=\"og:image:type\" content=\"image\/jpeg\" \/>\n<meta name=\"author\" content=\"guenter.wolfgang\" \/>\n<meta name=\"twitter:card\" content=\"summary_large_image\" \/>\n<meta name=\"twitter:label1\" content=\"Verfasst von\" \/>\n\t<meta name=\"twitter:data1\" content=\"guenter.wolfgang\" \/>\n<script type=\"application\/ld+json\" class=\"yoast-schema-graph\">{\"@context\":\"https:\/\/schema.org\",\"@graph\":[{\"@type\":\"Article\",\"@id\":\"https:\/\/kulturonline.tv\/at\/banshees-of-inisherin-mit-den-meisten-globe-nominierungen\/#article\",\"isPartOf\":{\"@id\":\"https:\/\/kulturonline.tv\/at\/banshees-of-inisherin-mit-den-meisten-globe-nominierungen\/\"},\"author\":{\"name\":\"guenter.wolfgang\",\"@id\":\"https:\/\/kulturonline.tv\/at\/#\/schema\/person\/b0fac729bb9a0c193fb1df23449df4fe\"},\"headline\":\"&#8222;Banshees of Inisherin&#8220; mit den meisten Globe-Nominierungen\",\"datePublished\":\"2022-12-12T23:06:06+00:00\",\"dateModified\":\"2022-12-12T23:06:31+00:00\",\"mainEntityOfPage\":{\"@id\":\"https:\/\/kulturonline.tv\/at\/banshees-of-inisherin-mit-den-meisten-globe-nominierungen\/\"},\"wordCount\":98,\"publisher\":{\"@id\":\"https:\/\/kulturonline.tv\/at\/#organization\"},\"image\":{\"@id\":\"https:\/\/kulturonline.tv\/at\/banshees-of-inisherin-mit-den-meisten-globe-nominierungen\/#primaryimage\"},\"thumbnailUrl\":\"https:\/\/kulturonline.tv\/wp-content\/uploads\/2022\/12\/Golden_Globes-Kultur-Online-TV-edited.jpg\",\"articleSection\":[\"Medien\",\"Newsflash\"],\"inLanguage\":\"de-AT\"},{\"@type\":\"WebPage\",\"@id\":\"https:\/\/kulturonline.tv\/at\/banshees-of-inisherin-mit-den-meisten-globe-nominierungen\/\",\"url\":\"https:\/\/kulturonline.tv\/at\/banshees-of-inisherin-mit-den-meisten-globe-nominierungen\/\",\"name\":\"\\\"Banshees of Inisherin\\\" mit den meisten Globe-Nominierungen - Kultur Online TV &amp; FM\",\"isPartOf\":{\"@id\":\"https:\/\/kulturonline.tv\/at\/#website\"},\"primaryImageOfPage\":{\"@id\":\"https:\/\/kulturonline.tv\/at\/banshees-of-inisherin-mit-den-meisten-globe-nominierungen\/#primaryimage\"},\"image\":{\"@id\":\"https:\/\/kulturonline.tv\/at\/banshees-of-inisherin-mit-den-meisten-globe-nominierungen\/#primaryimage\"},\"thumbnailUrl\":\"https:\/\/kulturonline.tv\/wp-content\/uploads\/2022\/12\/Golden_Globes-Kultur-Online-TV-edited.jpg\",\"datePublished\":\"2022-12-12T23:06:06+00:00\",\"dateModified\":\"2022-12-12T23:06:31+00:00\",\"description\":\"Die beiden Blockbusterfortsetzungen \\\"Avatar: The Way of Water\\\" und \\\"Top Gun: Maverick\\\" geh\u00f6ren zu den Topnominierten f\u00fcr die Golden Globes 2023.\",\"breadcrumb\":{\"@id\":\"https:\/\/kulturonline.tv\/at\/banshees-of-inisherin-mit-den-meisten-globe-nominierungen\/#breadcrumb\"},\"inLanguage\":\"de-AT\",\"potentialAction\":[{\"@type\":\"ReadAction\",\"target\":[\"https:\/\/kulturonline.tv\/at\/banshees-of-inisherin-mit-den-meisten-globe-nominierungen\/\"]}]},{\"@type\":\"ImageObject\",\"inLanguage\":\"de-AT\",\"@id\":\"https:\/\/kulturonline.tv\/at\/banshees-of-inisherin-mit-den-meisten-globe-nominierungen\/#primaryimage\",\"url\":\"https:\/\/kulturonline.tv\/wp-content\/uploads\/2022\/12\/Golden_Globes-Kultur-Online-TV-edited.jpg\",\"contentUrl\":\"https:\/\/kulturonline.tv\/wp-content\/uploads\/2022\/12\/Golden_Globes-Kultur-Online-TV-edited.jpg\",\"width\":450,\"height\":281},{\"@type\":\"BreadcrumbList\",\"@id\":\"https:\/\/kulturonline.tv\/at\/banshees-of-inisherin-mit-den-meisten-globe-nominierungen\/#breadcrumb\",\"itemListElement\":[{\"@type\":\"ListItem\",\"position\":1,\"name\":\"Startseite\",\"item\":\"https:\/\/kulturonline.tv\/at\/\"},{\"@type\":\"ListItem\",\"position\":2,\"name\":\"&#8222;Banshees of Inisherin&#8220; mit den meisten Globe-Nominierungen\"}]},{\"@type\":\"WebSite\",\"@id\":\"https:\/\/kulturonline.tv\/at\/#website\",\"url\":\"https:\/\/kulturonline.tv\/at\/\",\"name\":\"Kultur Online TV &amp; FM\",\"description\":\"Wir sind Kultur 2.0 zum sehen &amp; h\u00f6ren\",\"publisher\":{\"@id\":\"https:\/\/kulturonline.tv\/at\/#organization\"},\"potentialAction\":[{\"@type\":\"SearchAction\",\"target\":{\"@type\":\"EntryPoint\",\"urlTemplate\":\"https:\/\/kulturonline.tv\/at\/?s={search_term_string}\"},\"query-input\":{\"@type\":\"PropertyValueSpecification\",\"valueRequired\":true,\"valueName\":\"search_term_string\"}}],\"inLanguage\":\"de-AT\"},{\"@type\":\"Organization\",\"@id\":\"https:\/\/kulturonline.tv\/at\/#organization\",\"name\":\"Kultur Online TV\",\"url\":\"https:\/\/kulturonline.tv\/at\/\",\"logo\":{\"@type\":\"ImageObject\",\"inLanguage\":\"de-AT\",\"@id\":\"https:\/\/kulturonline.tv\/at\/#\/schema\/logo\/image\/\",\"url\":\"https:\/\/kulturonline.tv\/wp-content\/uploads\/2021\/08\/Kultur-Online-Tv-Logo-Endversion-neu.png\",\"contentUrl\":\"https:\/\/kulturonline.tv\/wp-content\/uploads\/2021\/08\/Kultur-Online-Tv-Logo-Endversion-neu.png\",\"width\":200,\"height\":200,\"caption\":\"Kultur Online TV\"},\"image\":{\"@id\":\"https:\/\/kulturonline.tv\/at\/#\/schema\/logo\/image\/\"},\"sameAs\":[\"https:\/\/www.facebook.com\/kulturonline.tv\",\"https:\/\/www.instagram.com\/kulturonline.tv\"]},{\"@type\":\"Person\",\"@id\":\"https:\/\/kulturonline.tv\/at\/#\/schema\/person\/b0fac729bb9a0c193fb1df23449df4fe\",\"name\":\"guenter.wolfgang\"}]}<\/script>\n<!-- \/ Yoast SEO plugin. -->","yoast_head_json":{"title":"\"Banshees of Inisherin\" mit den meisten Globe-Nominierungen - Kultur Online TV &amp; FM","description":"Die beiden Blockbusterfortsetzungen \"Avatar: The Way of Water\" und \"Top Gun: Maverick\" geh\u00f6ren zu den Topnominierten f\u00fcr die Golden Globes 2023.","robots":{"index":"index","follow":"follow","max-snippet":"max-snippet:-1","max-image-preview":"max-image-preview:large","max-video-preview":"max-video-preview:-1"},"canonical":"https:\/\/kulturonline.tv\/at\/banshees-of-inisherin-mit-den-meisten-globe-nominierungen\/","og_locale":"de_DE","og_type":"article","og_title":"\"Banshees of Inisherin\" mit den meisten Globe-Nominierungen - Kultur Online TV &amp; FM","og_description":"Die beiden Blockbusterfortsetzungen \"Avatar: The Way of Water\" und \"Top Gun: Maverick\" geh\u00f6ren zu den Topnominierten f\u00fcr die Golden Globes 2023.","og_url":"https:\/\/kulturonline.tv\/at\/banshees-of-inisherin-mit-den-meisten-globe-nominierungen\/","og_site_name":"Kultur Online TV &amp; FM","article_publisher":"https:\/\/www.facebook.com\/kulturonline.tv","article_published_time":"2022-12-12T23:06:06+00:00","article_modified_time":"2022-12-12T23:06:31+00:00","og_image":[{"width":450,"height":281,"url":"https:\/\/kulturonline.tv\/wp-content\/uploads\/2022\/12\/Golden_Globes-Kultur-Online-TV-edited.jpg","type":"image\/jpeg"}],"author":"guenter.wolfgang","twitter_card":"summary_large_image","twitter_misc":{"Verfasst von":"guenter.wolfgang"},"schema":{"@context":"https:\/\/schema.org","@graph":[{"@type":"Article","@id":"https:\/\/kulturonline.tv\/at\/banshees-of-inisherin-mit-den-meisten-globe-nominierungen\/#article","isPartOf":{"@id":"https:\/\/kulturonline.tv\/at\/banshees-of-inisherin-mit-den-meisten-globe-nominierungen\/"},"author":{"name":"guenter.wolfgang","@id":"https:\/\/kulturonline.tv\/at\/#\/schema\/person\/b0fac729bb9a0c193fb1df23449df4fe"},"headline":"&#8222;Banshees of Inisherin&#8220; mit den meisten Globe-Nominierungen","datePublished":"2022-12-12T23:06:06+00:00","dateModified":"2022-12-12T23:06:31+00:00","mainEntityOfPage":{"@id":"https:\/\/kulturonline.tv\/at\/banshees-of-inisherin-mit-den-meisten-globe-nominierungen\/"},"wordCount":98,"publisher":{"@id":"https:\/\/kulturonline.tv\/at\/#organization"},"image":{"@id":"https:\/\/kulturonline.tv\/at\/banshees-of-inisherin-mit-den-meisten-globe-nominierungen\/#primaryimage"},"thumbnailUrl":"https:\/\/kulturonline.tv\/wp-content\/uploads\/2022\/12\/Golden_Globes-Kultur-Online-TV-edited.jpg","articleSection":["Medien","Newsflash"],"inLanguage":"de-AT"},{"@type":"WebPage","@id":"https:\/\/kulturonline.tv\/at\/banshees-of-inisherin-mit-den-meisten-globe-nominierungen\/","url":"https:\/\/kulturonline.tv\/at\/banshees-of-inisherin-mit-den-meisten-globe-nominierungen\/","name":"\"Banshees of Inisherin\" mit den meisten Globe-Nominierungen - Kultur Online TV &amp; FM","isPartOf":{"@id":"https:\/\/kulturonline.tv\/at\/#website"},"primaryImageOfPage":{"@id":"https:\/\/kulturonline.tv\/at\/banshees-of-inisherin-mit-den-meisten-globe-nominierungen\/#primaryimage"},"image":{"@id":"https:\/\/kulturonline.tv\/at\/banshees-of-inisherin-mit-den-meisten-globe-nominierungen\/#primaryimage"},"thumbnailUrl":"https:\/\/kulturonline.tv\/wp-content\/uploads\/2022\/12\/Golden_Globes-Kultur-Online-TV-edited.jpg","datePublished":"2022-12-12T23:06:06+00:00","dateModified":"2022-12-12T23:06:31+00:00","description":"Die beiden Blockbusterfortsetzungen \"Avatar: The Way of Water\" und \"Top Gun: Maverick\" geh\u00f6ren zu den Topnominierten f\u00fcr die Golden Globes 2023.","breadcrumb":{"@id":"https:\/\/kulturonline.tv\/at\/banshees-of-inisherin-mit-den-meisten-globe-nominierungen\/#breadcrumb"},"inLanguage":"de-AT","potentialAction":[{"@type":"ReadAction","target":["https:\/\/kulturonline.tv\/at\/banshees-of-inisherin-mit-den-meisten-globe-nominierungen\/"]}]},{"@type":"ImageObject","inLanguage":"de-AT","@id":"https:\/\/kulturonline.tv\/at\/banshees-of-inisherin-mit-den-meisten-globe-nominierungen\/#primaryimage","url":"https:\/\/kulturonline.tv\/wp-content\/uploads\/2022\/12\/Golden_Globes-Kultur-Online-TV-edited.jpg","contentUrl":"https:\/\/kulturonline.tv\/wp-content\/uploads\/2022\/12\/Golden_Globes-Kultur-Online-TV-edited.jpg","width":450,"height":281},{"@type":"BreadcrumbList","@id":"https:\/\/kulturonline.tv\/at\/banshees-of-inisherin-mit-den-meisten-globe-nominierungen\/#breadcrumb","itemListElement":[{"@type":"ListItem","position":1,"name":"Startseite","item":"https:\/\/kulturonline.tv\/at\/"},{"@type":"ListItem","position":2,"name":"&#8222;Banshees of Inisherin&#8220; mit den meisten Globe-Nominierungen"}]},{"@type":"WebSite","@id":"https:\/\/kulturonline.tv\/at\/#website","url":"https:\/\/kulturonline.tv\/at\/","name":"Kultur Online TV &amp; FM","description":"Wir sind Kultur 2.0 zum sehen &amp; h\u00f6ren","publisher":{"@id":"https:\/\/kulturonline.tv\/at\/#organization"},"potentialAction":[{"@type":"SearchAction","target":{"@type":"EntryPoint","urlTemplate":"https:\/\/kulturonline.tv\/at\/?s={search_term_string}"},"query-input":{"@type":"PropertyValueSpecification","valueRequired":true,"valueName":"search_term_string"}}],"inLanguage":"de-AT"},{"@type":"Organization","@id":"https:\/\/kulturonline.tv\/at\/#organization","name":"Kultur Online TV","url":"https:\/\/kulturonline.tv\/at\/","logo":{"@type":"ImageObject","inLanguage":"de-AT","@id":"https:\/\/kulturonline.tv\/at\/#\/schema\/logo\/image\/","url":"https:\/\/kulturonline.tv\/wp-content\/uploads\/2021\/08\/Kultur-Online-Tv-Logo-Endversion-neu.png","contentUrl":"https:\/\/kulturonline.tv\/wp-content\/uploads\/2021\/08\/Kultur-Online-Tv-Logo-Endversion-neu.png","width":200,"height":200,"caption":"Kultur Online TV"},"image":{"@id":"https:\/\/kulturonline.tv\/at\/#\/schema\/logo\/image\/"},"sameAs":["https:\/\/www.facebook.com\/kulturonline.tv","https:\/\/www.instagram.com\/kulturonline.tv"]},{"@type":"Person","@id":"https:\/\/kulturonline.tv\/at\/#\/schema\/person\/b0fac729bb9a0c193fb1df23449df4fe","name":"guenter.wolfgang"}]}},"_links":{"self":[{"href":"https:\/\/kulturonline.tv\/at\/wp-json\/wp\/v2\/posts\/45479","targetHints":{"allow":["GET"]}}],"collection":[{"href":"https:\/\/kulturonline.tv\/at\/wp-json\/wp\/v2\/posts"}],"about":[{"href":"https:\/\/kulturonline.tv\/at\/wp-json\/wp\/v2\/types\/post"}],"author":[{"embeddable":true,"href":"https:\/\/kulturonline.tv\/at\/wp-json\/wp\/v2\/users\/2"}],"replies":[{"embeddable":true,"href":"https:\/\/kulturonline.tv\/at\/wp-json\/wp\/v2\/comments?post=45479"}],"version-history":[{"count":0,"href":"https:\/\/kulturonline.tv\/at\/wp-json\/wp\/v2\/posts\/45479\/revisions"}],"wp:featuredmedia":[{"embeddable":true,"href":"https:\/\/kulturonline.tv\/at\/wp-json\/wp\/v2\/media\/45477"}],"wp:attachment":[{"href":"https:\/\/kulturonline.tv\/at\/wp-json\/wp\/v2\/media?parent=45479"}],"wp:term":[{"taxonomy":"category","embeddable":true,"href":"https:\/\/kulturonline.tv\/at\/wp-json\/wp\/v2\/categories?post=45479"},{"taxonomy":"post_tag","embeddable":true,"href":"https:\/\/kulturonline.tv\/at\/wp-json\/wp\/v2\/tags?post=45479"}],"curies":[{"name":"wp","href":"https:\/\/api.w.org\/{rel}","templated":true}]}}