{"id":45796,"date":"2022-12-13T22:32:47","date_gmt":"2022-12-13T21:32:47","guid":{"rendered":"https:\/\/kulturonline.tv\/?p=45796"},"modified":"2022-12-13T22:44:17","modified_gmt":"2022-12-13T21:44:17","slug":"21-nominierte-fuer-den-deutschen-hoerbuchpreis","status":"publish","type":"post","link":"https:\/\/kulturonline.tv\/at\/21-nominierte-fuer-den-deutschen-hoerbuchpreis\/","title":{"rendered":"21 Nominierte f\u00fcr den Deutschen H\u00f6rbuchpreis"},"content":{"rendered":"\n<p>F\u00fcr den Deutschen H\u00f6rbuchpreis 2023 stehen die 21 Nominierten fest: In sieben Kategorien hat die Jury jeweils drei Produktionen f\u00fcr die Endrunde ausgew\u00e4hlt.<\/p>\n\n\n\n<figure class=\"wp-block-image size-large\"><img fetchpriority=\"high\" decoding=\"async\" width=\"1600\" height=\"1067\" src=\"https:\/\/kulturonline.tv\/wp-content\/uploads\/2021\/09\/Hoerbuecher-1-1600x1067.jpg\" alt=\"\" class=\"wp-image-5393\" srcset=\"https:\/\/kulturonline.tv\/wp-content\/uploads\/2021\/09\/Hoerbuecher-1-1600x1067.jpg 1600w, https:\/\/kulturonline.tv\/wp-content\/uploads\/2021\/09\/Hoerbuecher-1-600x400.jpg 600w, https:\/\/kulturonline.tv\/wp-content\/uploads\/2021\/09\/Hoerbuecher-1-800x533.jpg 800w, https:\/\/kulturonline.tv\/wp-content\/uploads\/2021\/09\/Hoerbuecher-1-768x512.jpg 768w, https:\/\/kulturonline.tv\/wp-content\/uploads\/2021\/09\/Hoerbuecher-1-1536x1024.jpg 1536w, https:\/\/kulturonline.tv\/wp-content\/uploads\/2021\/09\/Hoerbuecher-1.jpg 1920w\" sizes=\"(max-width: 1600px) 100vw, 1600px\" \/><\/figure>\n\n\n\n<p>Partner f\u00fcr die Kinderjury ist in diesem Wettbewerbsjahr das Literaturb\u00fcro Ostwestfalen-Lippe in Detmold. Die anderen Gewinner werden von der siebenk\u00f6pfigen Preistr\u00e4gerjury ausgew\u00e4hlt. Erstmals seit der Pandemie tagen alle Jurys wieder in Pr\u00e4senz. Die Preisverleihung findet am 28. Februar 2023 zum Auftakt der Litcologne statt.<\/p>\n\n\n\n<p>Finalistinnen in der Kategorie Beste Interpretin sind die Schauspielerinnen und Sprecherinnen Nina Hoss (Zur See von D\u00f6rte Hansen, Random House Audio), Anna Maria M\u00fche (Die Singul\u00e4re Frau von Katja Kullmann, Der Audio Verlag) und Meike R\u00f6tzer (Vielleicht Esther von Katja Petrowskaja, Der Audio Verlag \/ SWR).<\/p>\n\n\n\n<p>F\u00fcr die Auszeichnung als Bester Interpret gehen die Sprecher Frank Arnold (Internat von Zerhij Zhadan, SAGA Egmont \/ AUDIOBUCH), Max von Pufendorf (Ich ist ein anderer von Jon Fosse, H\u00f6rkultur Verlag) und Uve Teschner (Ich verliebe mich so leicht von Herv\u00e9 Le Tellier, JUMBO Neue Medien &amp; Verlag) ins Rennen.<\/p>\n\n\n\n<p>Drei Senderproduktionen stehen in der Kategorie Bestes H\u00f6rspiel im Finale: Mit Bonjour Tristesse nach Fran\u00e7oise Sagan (Regie: Ulrich Lampen, Der Audio Verlag) und Briefe aus der H\u00f6lle (H\u00f6rspielfassung: Andreas Weiser, ebenfalls Der Audio Verlag) darf sich der Hessische Rundfunk \u00fcber zwei Nominierungen freuen. Sein Mitbewerber ist der Westdeutsche Rundfunk mit Vom Wind verweht \u2013 Die Prissy Edition (Regie: J\u00f6rg Schl\u00fcter, Der H\u00f6rverlag).<\/p>\n\n\n\n<p>F\u00fcr die diesj\u00e4hrige Kinderjury haben ihre erwachsenen Jurykolleg:innen folgende Titel in der Kategorie Bestes Kinderh\u00f6rbuch ausgew\u00e4hlt: Bunte Schnurrbart-Tage von Shelly Brown und Chad Morris, gelesen von Julia Nachtmann (H\u00f6rcompany), Die Nelsons greifen nach den Sternen von Erin Entrada Kelly, gesprochen von Julian Greis, Sascha Icks und Hanno Koffler (H\u00f6rbuch Hamburg \/ Silberfisch), und Sansaria. Tr\u00e4ume der Finsternis von Tania Messner, vorgetragen von Jona Mues (Oetinger Audio).<\/p>\n\n\n\n<p>Als Beste Unterhaltung sind drei vorz\u00fcglich eingelesene Romane nominiert: Die Lehman Brothers von Stefano Massini, gesprochen von Stefan Merki (Bonnevoice H\u00f6rbuchverlag), Ein simpler Eingriff von Yael Inokai, interpretiert von Lisa Hrdina (derDiwan H\u00f6rbuchverlag \/ hr), sowie Eine Frage der Chemie von Bonnie Garmus, gelesen von Luise Helm (H\u00f6rbuch Hamburg \/ Osterwoldaudio).<\/p>\n\n\n\n<p>Die undotierte Kategorie Das besondere H\u00f6rbuch w\u00fcrdigt herausragende verlegerische Leistungen im zur\u00fcckliegenden H\u00f6rbuchjahr. Als solche sehen die Juror:innen den vierteiligen H\u00f6rspielzyklus Der Ring des Nibelungen nach Richard Wagner (Der Audio Verlag \/ rbb), das H\u00f6rbuch Die sch\u00f6ne M\u00fcllerin von Stefan Weiller (erschienen bei speak low) und die Produktion Trotzdem Mutter. Drei Frauen erz\u00e4hlen von Klaus Sander und Maike Struve (suppos\u00e9).<\/p>\n\n\n\n<p>Neben den besten H\u00f6rb\u00fcchern des Jahres wird auch der Beste Podcast pr\u00e4miert. Hier haben folgende Produktionen Chancen auf die Auszeichnung: 17 Tage Scheitern \u2013 wie Freiwillige in Afghanistan aushalfen von Mohamed Amjahid (WDR), Mitten am Tag \/ H\u00f6rspiel und True Crime-Dokumentation, eine Produktion der PantaSounds GmbH, sowie der Gespr\u00e4chspodcast STUDIO KOMPLEX mit Anne-Katrin Eutin und David Ahlf (hr).<\/p>\n\n\n\n<p>Wie der Deutsche Buchpreis und der Deutsche Sachbuchpreis kooperiert erstmals auch der Deutsche H\u00f6rbuchpreis mit NetGalley, einer Online-Plattform f\u00fcr Rezensent:innen, Blogger:innen und Buchh\u00e4ndler:innen. \u00dcber den NetGalley-Account des DHP erhalten registrierte Mitglieder auf Anfrage einen kostenfreien Zugang zu den nominierten Titeln, um diese zu rezensieren und weiterzuempfehlen.<\/p>\n\n\n\n<p>Partner f\u00fcr die Kinderjury ist in diesem Wettbewerbsjahr das Literaturb\u00fcro Ostwestfalen-Lippe in Detmold. Die anderen Gewinner:innen werden von der siebenk\u00f6pfigen Preistr\u00e4gerjury ausgew\u00e4hlt. Erstmals seit der Pandemie tagen alle Jurys wieder in Pr\u00e4senz.<\/p>\n\n\n\n<p>Die Preisverleihung, inzwischen als Live-Radioshow von WDR 5 etabliert, wird im Rahmen einer \u201eARD Radiokulturnacht\u201c von den anderen Kulturwellen der ARD \u00fcbernommen und findet am 28. Februar 2023 zum Auftakt der Lit.COLOGNE statt.<\/p>\n\n\n\n<p>Kultur Online TV<\/p>\n\n\n\n<p>#news #literatur<\/p>\n","protected":false},"excerpt":{"rendered":"<p>F\u00fcr den Deutschen H\u00f6rbuchpreis 2023 stehen die 21 Nominierten fest: In sieben Kategorien hat die Jury jeweils drei Produktionen f\u00fcr die Endrunde ausgew\u00e4hlt. Partner f\u00fcr die Kinderjury ist in diesem Wettbewerbsjahr das Literaturb\u00fcro Ostwestfalen-Lippe in Detmold. Die anderen Gewinner werden von der siebenk\u00f6pfigen Preistr\u00e4gerjury ausgew\u00e4hlt. Erstmals seit der Pandemie tagen alle Jurys wieder in Pr\u00e4senz. [&hellip;]<\/p>\n","protected":false},"author":2,"featured_media":5393,"comment_status":"closed","ping_status":"closed","sticky":false,"template":"","format":"standard","meta":{"_acf_changed":false,"footnotes":""},"categories":[133],"tags":[],"class_list":["post-45796","post","type-post","status-publish","format-standard","has-post-thumbnail","hentry","category-literatur"],"acf":[],"yoast_head":"<!-- This site is optimized with the Yoast SEO plugin v26.1.1 - https:\/\/yoast.com\/wordpress\/plugins\/seo\/ -->\n<title>21 Nominierte f\u00fcr den Deutschen H\u00f6rbuchpreis - Kultur Online TV &amp; FM<\/title>\n<meta name=\"description\" content=\"F\u00fcr den Deutschen H\u00f6rbuchpreis 2023 stehen die 21 Nominierten fest: In sieben Kategorien hat die Jury jeweils drei Produktionen f\u00fcr die Endrunde ausgew\u00e4hlt.\" \/>\n<meta name=\"robots\" content=\"index, follow, max-snippet:-1, max-image-preview:large, max-video-preview:-1\" \/>\n<link rel=\"canonical\" href=\"https:\/\/kulturonline.tv\/at\/21-nominierte-fuer-den-deutschen-hoerbuchpreis\/\" \/>\n<meta property=\"og:locale\" content=\"de_DE\" \/>\n<meta property=\"og:type\" content=\"article\" \/>\n<meta property=\"og:title\" content=\"21 Nominierte f\u00fcr den Deutschen H\u00f6rbuchpreis - Kultur Online TV &amp; FM\" \/>\n<meta property=\"og:description\" content=\"F\u00fcr den Deutschen H\u00f6rbuchpreis 2023 stehen die 21 Nominierten fest: In sieben Kategorien hat die Jury jeweils drei Produktionen f\u00fcr die Endrunde ausgew\u00e4hlt.\" \/>\n<meta property=\"og:url\" content=\"https:\/\/kulturonline.tv\/at\/21-nominierte-fuer-den-deutschen-hoerbuchpreis\/\" \/>\n<meta property=\"og:site_name\" content=\"Kultur Online TV &amp; FM\" \/>\n<meta property=\"article:publisher\" content=\"https:\/\/www.facebook.com\/kulturonline.tv\" \/>\n<meta property=\"article:published_time\" content=\"2022-12-13T21:32:47+00:00\" \/>\n<meta property=\"article:modified_time\" content=\"2022-12-13T21:44:17+00:00\" \/>\n<meta property=\"og:image\" content=\"https:\/\/kulturonline.tv\/wp-content\/uploads\/2021\/09\/Hoerbuecher-1.jpg\" \/>\n\t<meta property=\"og:image:width\" content=\"1920\" \/>\n\t<meta property=\"og:image:height\" content=\"1280\" \/>\n\t<meta property=\"og:image:type\" content=\"image\/jpeg\" \/>\n<meta name=\"author\" content=\"guenter.wolfgang\" \/>\n<meta name=\"twitter:card\" content=\"summary_large_image\" \/>\n<meta name=\"twitter:label1\" content=\"Verfasst von\" \/>\n\t<meta name=\"twitter:data1\" content=\"guenter.wolfgang\" \/>\n\t<meta name=\"twitter:label2\" content=\"Gesch\u00e4tzte Lesezeit\" \/>\n\t<meta name=\"twitter:data2\" content=\"3 Minuten\" \/>\n<script type=\"application\/ld+json\" class=\"yoast-schema-graph\">{\"@context\":\"https:\/\/schema.org\",\"@graph\":[{\"@type\":\"Article\",\"@id\":\"https:\/\/kulturonline.tv\/at\/21-nominierte-fuer-den-deutschen-hoerbuchpreis\/#article\",\"isPartOf\":{\"@id\":\"https:\/\/kulturonline.tv\/at\/21-nominierte-fuer-den-deutschen-hoerbuchpreis\/\"},\"author\":{\"name\":\"guenter.wolfgang\",\"@id\":\"https:\/\/kulturonline.tv\/at\/#\/schema\/person\/b0fac729bb9a0c193fb1df23449df4fe\"},\"headline\":\"21 Nominierte f\u00fcr den Deutschen H\u00f6rbuchpreis\",\"datePublished\":\"2022-12-13T21:32:47+00:00\",\"dateModified\":\"2022-12-13T21:44:17+00:00\",\"mainEntityOfPage\":{\"@id\":\"https:\/\/kulturonline.tv\/at\/21-nominierte-fuer-den-deutschen-hoerbuchpreis\/\"},\"wordCount\":630,\"publisher\":{\"@id\":\"https:\/\/kulturonline.tv\/at\/#organization\"},\"image\":{\"@id\":\"https:\/\/kulturonline.tv\/at\/21-nominierte-fuer-den-deutschen-hoerbuchpreis\/#primaryimage\"},\"thumbnailUrl\":\"https:\/\/kulturonline.tv\/wp-content\/uploads\/2021\/09\/Hoerbuecher-1.jpg\",\"articleSection\":[\"Literatur\"],\"inLanguage\":\"de-AT\"},{\"@type\":\"WebPage\",\"@id\":\"https:\/\/kulturonline.tv\/at\/21-nominierte-fuer-den-deutschen-hoerbuchpreis\/\",\"url\":\"https:\/\/kulturonline.tv\/at\/21-nominierte-fuer-den-deutschen-hoerbuchpreis\/\",\"name\":\"21 Nominierte f\u00fcr den Deutschen H\u00f6rbuchpreis - Kultur Online TV &amp; FM\",\"isPartOf\":{\"@id\":\"https:\/\/kulturonline.tv\/at\/#website\"},\"primaryImageOfPage\":{\"@id\":\"https:\/\/kulturonline.tv\/at\/21-nominierte-fuer-den-deutschen-hoerbuchpreis\/#primaryimage\"},\"image\":{\"@id\":\"https:\/\/kulturonline.tv\/at\/21-nominierte-fuer-den-deutschen-hoerbuchpreis\/#primaryimage\"},\"thumbnailUrl\":\"https:\/\/kulturonline.tv\/wp-content\/uploads\/2021\/09\/Hoerbuecher-1.jpg\",\"datePublished\":\"2022-12-13T21:32:47+00:00\",\"dateModified\":\"2022-12-13T21:44:17+00:00\",\"description\":\"F\u00fcr den Deutschen H\u00f6rbuchpreis 2023 stehen die 21 Nominierten fest: In sieben Kategorien hat die Jury jeweils drei Produktionen f\u00fcr die Endrunde ausgew\u00e4hlt.\",\"breadcrumb\":{\"@id\":\"https:\/\/kulturonline.tv\/at\/21-nominierte-fuer-den-deutschen-hoerbuchpreis\/#breadcrumb\"},\"inLanguage\":\"de-AT\",\"potentialAction\":[{\"@type\":\"ReadAction\",\"target\":[\"https:\/\/kulturonline.tv\/at\/21-nominierte-fuer-den-deutschen-hoerbuchpreis\/\"]}]},{\"@type\":\"ImageObject\",\"inLanguage\":\"de-AT\",\"@id\":\"https:\/\/kulturonline.tv\/at\/21-nominierte-fuer-den-deutschen-hoerbuchpreis\/#primaryimage\",\"url\":\"https:\/\/kulturonline.tv\/wp-content\/uploads\/2021\/09\/Hoerbuecher-1.jpg\",\"contentUrl\":\"https:\/\/kulturonline.tv\/wp-content\/uploads\/2021\/09\/Hoerbuecher-1.jpg\",\"width\":1920,\"height\":1280},{\"@type\":\"BreadcrumbList\",\"@id\":\"https:\/\/kulturonline.tv\/at\/21-nominierte-fuer-den-deutschen-hoerbuchpreis\/#breadcrumb\",\"itemListElement\":[{\"@type\":\"ListItem\",\"position\":1,\"name\":\"Startseite\",\"item\":\"https:\/\/kulturonline.tv\/at\/\"},{\"@type\":\"ListItem\",\"position\":2,\"name\":\"21 Nominierte f\u00fcr den Deutschen H\u00f6rbuchpreis\"}]},{\"@type\":\"WebSite\",\"@id\":\"https:\/\/kulturonline.tv\/at\/#website\",\"url\":\"https:\/\/kulturonline.tv\/at\/\",\"name\":\"Kultur Online TV &amp; FM\",\"description\":\"Wir sind Kultur 2.0 zum sehen &amp; h\u00f6ren\",\"publisher\":{\"@id\":\"https:\/\/kulturonline.tv\/at\/#organization\"},\"potentialAction\":[{\"@type\":\"SearchAction\",\"target\":{\"@type\":\"EntryPoint\",\"urlTemplate\":\"https:\/\/kulturonline.tv\/at\/?s={search_term_string}\"},\"query-input\":{\"@type\":\"PropertyValueSpecification\",\"valueRequired\":true,\"valueName\":\"search_term_string\"}}],\"inLanguage\":\"de-AT\"},{\"@type\":\"Organization\",\"@id\":\"https:\/\/kulturonline.tv\/at\/#organization\",\"name\":\"Kultur Online TV\",\"url\":\"https:\/\/kulturonline.tv\/at\/\",\"logo\":{\"@type\":\"ImageObject\",\"inLanguage\":\"de-AT\",\"@id\":\"https:\/\/kulturonline.tv\/at\/#\/schema\/logo\/image\/\",\"url\":\"https:\/\/kulturonline.tv\/wp-content\/uploads\/2021\/08\/Kultur-Online-Tv-Logo-Endversion-neu.png\",\"contentUrl\":\"https:\/\/kulturonline.tv\/wp-content\/uploads\/2021\/08\/Kultur-Online-Tv-Logo-Endversion-neu.png\",\"width\":200,\"height\":200,\"caption\":\"Kultur Online TV\"},\"image\":{\"@id\":\"https:\/\/kulturonline.tv\/at\/#\/schema\/logo\/image\/\"},\"sameAs\":[\"https:\/\/www.facebook.com\/kulturonline.tv\",\"https:\/\/www.instagram.com\/kulturonline.tv\"]},{\"@type\":\"Person\",\"@id\":\"https:\/\/kulturonline.tv\/at\/#\/schema\/person\/b0fac729bb9a0c193fb1df23449df4fe\",\"name\":\"guenter.wolfgang\"}]}<\/script>\n<!-- \/ Yoast SEO plugin. -->","yoast_head_json":{"title":"21 Nominierte f\u00fcr den Deutschen H\u00f6rbuchpreis - Kultur Online TV &amp; FM","description":"F\u00fcr den Deutschen H\u00f6rbuchpreis 2023 stehen die 21 Nominierten fest: In sieben Kategorien hat die Jury jeweils drei Produktionen f\u00fcr die Endrunde ausgew\u00e4hlt.","robots":{"index":"index","follow":"follow","max-snippet":"max-snippet:-1","max-image-preview":"max-image-preview:large","max-video-preview":"max-video-preview:-1"},"canonical":"https:\/\/kulturonline.tv\/at\/21-nominierte-fuer-den-deutschen-hoerbuchpreis\/","og_locale":"de_DE","og_type":"article","og_title":"21 Nominierte f\u00fcr den Deutschen H\u00f6rbuchpreis - Kultur Online TV &amp; FM","og_description":"F\u00fcr den Deutschen H\u00f6rbuchpreis 2023 stehen die 21 Nominierten fest: In sieben Kategorien hat die Jury jeweils drei Produktionen f\u00fcr die Endrunde ausgew\u00e4hlt.","og_url":"https:\/\/kulturonline.tv\/at\/21-nominierte-fuer-den-deutschen-hoerbuchpreis\/","og_site_name":"Kultur Online TV &amp; FM","article_publisher":"https:\/\/www.facebook.com\/kulturonline.tv","article_published_time":"2022-12-13T21:32:47+00:00","article_modified_time":"2022-12-13T21:44:17+00:00","og_image":[{"width":1920,"height":1280,"url":"https:\/\/kulturonline.tv\/wp-content\/uploads\/2021\/09\/Hoerbuecher-1.jpg","type":"image\/jpeg"}],"author":"guenter.wolfgang","twitter_card":"summary_large_image","twitter_misc":{"Verfasst von":"guenter.wolfgang","Gesch\u00e4tzte Lesezeit":"3 Minuten"},"schema":{"@context":"https:\/\/schema.org","@graph":[{"@type":"Article","@id":"https:\/\/kulturonline.tv\/at\/21-nominierte-fuer-den-deutschen-hoerbuchpreis\/#article","isPartOf":{"@id":"https:\/\/kulturonline.tv\/at\/21-nominierte-fuer-den-deutschen-hoerbuchpreis\/"},"author":{"name":"guenter.wolfgang","@id":"https:\/\/kulturonline.tv\/at\/#\/schema\/person\/b0fac729bb9a0c193fb1df23449df4fe"},"headline":"21 Nominierte f\u00fcr den Deutschen H\u00f6rbuchpreis","datePublished":"2022-12-13T21:32:47+00:00","dateModified":"2022-12-13T21:44:17+00:00","mainEntityOfPage":{"@id":"https:\/\/kulturonline.tv\/at\/21-nominierte-fuer-den-deutschen-hoerbuchpreis\/"},"wordCount":630,"publisher":{"@id":"https:\/\/kulturonline.tv\/at\/#organization"},"image":{"@id":"https:\/\/kulturonline.tv\/at\/21-nominierte-fuer-den-deutschen-hoerbuchpreis\/#primaryimage"},"thumbnailUrl":"https:\/\/kulturonline.tv\/wp-content\/uploads\/2021\/09\/Hoerbuecher-1.jpg","articleSection":["Literatur"],"inLanguage":"de-AT"},{"@type":"WebPage","@id":"https:\/\/kulturonline.tv\/at\/21-nominierte-fuer-den-deutschen-hoerbuchpreis\/","url":"https:\/\/kulturonline.tv\/at\/21-nominierte-fuer-den-deutschen-hoerbuchpreis\/","name":"21 Nominierte f\u00fcr den Deutschen H\u00f6rbuchpreis - Kultur Online TV &amp; FM","isPartOf":{"@id":"https:\/\/kulturonline.tv\/at\/#website"},"primaryImageOfPage":{"@id":"https:\/\/kulturonline.tv\/at\/21-nominierte-fuer-den-deutschen-hoerbuchpreis\/#primaryimage"},"image":{"@id":"https:\/\/kulturonline.tv\/at\/21-nominierte-fuer-den-deutschen-hoerbuchpreis\/#primaryimage"},"thumbnailUrl":"https:\/\/kulturonline.tv\/wp-content\/uploads\/2021\/09\/Hoerbuecher-1.jpg","datePublished":"2022-12-13T21:32:47+00:00","dateModified":"2022-12-13T21:44:17+00:00","description":"F\u00fcr den Deutschen H\u00f6rbuchpreis 2023 stehen die 21 Nominierten fest: In sieben Kategorien hat die Jury jeweils drei Produktionen f\u00fcr die Endrunde ausgew\u00e4hlt.","breadcrumb":{"@id":"https:\/\/kulturonline.tv\/at\/21-nominierte-fuer-den-deutschen-hoerbuchpreis\/#breadcrumb"},"inLanguage":"de-AT","potentialAction":[{"@type":"ReadAction","target":["https:\/\/kulturonline.tv\/at\/21-nominierte-fuer-den-deutschen-hoerbuchpreis\/"]}]},{"@type":"ImageObject","inLanguage":"de-AT","@id":"https:\/\/kulturonline.tv\/at\/21-nominierte-fuer-den-deutschen-hoerbuchpreis\/#primaryimage","url":"https:\/\/kulturonline.tv\/wp-content\/uploads\/2021\/09\/Hoerbuecher-1.jpg","contentUrl":"https:\/\/kulturonline.tv\/wp-content\/uploads\/2021\/09\/Hoerbuecher-1.jpg","width":1920,"height":1280},{"@type":"BreadcrumbList","@id":"https:\/\/kulturonline.tv\/at\/21-nominierte-fuer-den-deutschen-hoerbuchpreis\/#breadcrumb","itemListElement":[{"@type":"ListItem","position":1,"name":"Startseite","item":"https:\/\/kulturonline.tv\/at\/"},{"@type":"ListItem","position":2,"name":"21 Nominierte f\u00fcr den Deutschen H\u00f6rbuchpreis"}]},{"@type":"WebSite","@id":"https:\/\/kulturonline.tv\/at\/#website","url":"https:\/\/kulturonline.tv\/at\/","name":"Kultur Online TV &amp; FM","description":"Wir sind Kultur 2.0 zum sehen &amp; h\u00f6ren","publisher":{"@id":"https:\/\/kulturonline.tv\/at\/#organization"},"potentialAction":[{"@type":"SearchAction","target":{"@type":"EntryPoint","urlTemplate":"https:\/\/kulturonline.tv\/at\/?s={search_term_string}"},"query-input":{"@type":"PropertyValueSpecification","valueRequired":true,"valueName":"search_term_string"}}],"inLanguage":"de-AT"},{"@type":"Organization","@id":"https:\/\/kulturonline.tv\/at\/#organization","name":"Kultur Online TV","url":"https:\/\/kulturonline.tv\/at\/","logo":{"@type":"ImageObject","inLanguage":"de-AT","@id":"https:\/\/kulturonline.tv\/at\/#\/schema\/logo\/image\/","url":"https:\/\/kulturonline.tv\/wp-content\/uploads\/2021\/08\/Kultur-Online-Tv-Logo-Endversion-neu.png","contentUrl":"https:\/\/kulturonline.tv\/wp-content\/uploads\/2021\/08\/Kultur-Online-Tv-Logo-Endversion-neu.png","width":200,"height":200,"caption":"Kultur Online TV"},"image":{"@id":"https:\/\/kulturonline.tv\/at\/#\/schema\/logo\/image\/"},"sameAs":["https:\/\/www.facebook.com\/kulturonline.tv","https:\/\/www.instagram.com\/kulturonline.tv"]},{"@type":"Person","@id":"https:\/\/kulturonline.tv\/at\/#\/schema\/person\/b0fac729bb9a0c193fb1df23449df4fe","name":"guenter.wolfgang"}]}},"_links":{"self":[{"href":"https:\/\/kulturonline.tv\/at\/wp-json\/wp\/v2\/posts\/45796","targetHints":{"allow":["GET"]}}],"collection":[{"href":"https:\/\/kulturonline.tv\/at\/wp-json\/wp\/v2\/posts"}],"about":[{"href":"https:\/\/kulturonline.tv\/at\/wp-json\/wp\/v2\/types\/post"}],"author":[{"embeddable":true,"href":"https:\/\/kulturonline.tv\/at\/wp-json\/wp\/v2\/users\/2"}],"replies":[{"embeddable":true,"href":"https:\/\/kulturonline.tv\/at\/wp-json\/wp\/v2\/comments?post=45796"}],"version-history":[{"count":0,"href":"https:\/\/kulturonline.tv\/at\/wp-json\/wp\/v2\/posts\/45796\/revisions"}],"wp:featuredmedia":[{"embeddable":true,"href":"https:\/\/kulturonline.tv\/at\/wp-json\/wp\/v2\/media\/5393"}],"wp:attachment":[{"href":"https:\/\/kulturonline.tv\/at\/wp-json\/wp\/v2\/media?parent=45796"}],"wp:term":[{"taxonomy":"category","embeddable":true,"href":"https:\/\/kulturonline.tv\/at\/wp-json\/wp\/v2\/categories?post=45796"},{"taxonomy":"post_tag","embeddable":true,"href":"https:\/\/kulturonline.tv\/at\/wp-json\/wp\/v2\/tags?post=45796"}],"curies":[{"name":"wp","href":"https:\/\/api.w.org\/{rel}","templated":true}]}}