{"id":47537,"date":"2023-01-02T09:08:51","date_gmt":"2023-01-02T08:08:51","guid":{"rendered":"https:\/\/kulturonline.tv\/?p=47537"},"modified":"2023-11-17T21:09:31","modified_gmt":"2023-11-17T20:09:31","slug":"belvedere-das-kunstmuseum-im-digitalen-zeitalter-2","status":"publish","type":"post","link":"https:\/\/kulturonline.tv\/at\/belvedere-das-kunstmuseum-im-digitalen-zeitalter-2\/","title":{"rendered":"BELVEDERE: Das Kunstmuseum im digitalen Zeitalter"},"content":{"rendered":"\n<p>Die erfolgreiche Tagungsreihe des Belvedere zur digitalen Transformation von Kunstmuseen geht in die n\u00e4chste Runde. Der Fokus der f\u00fcnften internationalen Konferenz liegt auf dem Metaverse \u2013 einer verk\u00f6rperten Virtual-Reality-Erfahrung \u2013 und dessen Verbindung zu Kulturinstitutionen. Im Anschluss an vier Online-Panels finden Workshops und eine Podiumsdiskussion vor Ort im Belvedere 21 statt.<\/p>\n\n\n\n<figure class=\"wp-block-image size-full is-resized\"><img decoding=\"async\" src=\"https:\/\/kulturonline.tv\/wp-content\/uploads\/2023\/01\/Oberes_Belvedere_Wien_1030-edited.jpg\" alt=\"\" class=\"wp-image-47540\" width=\"839\" srcset=\"https:\/\/kulturonline.tv\/wp-content\/uploads\/2023\/01\/Oberes_Belvedere_Wien_1030-edited.jpg 800w, https:\/\/kulturonline.tv\/wp-content\/uploads\/2023\/01\/Oberes_Belvedere_Wien_1030-edited-768x432.jpg 768w, https:\/\/kulturonline.tv\/wp-content\/uploads\/2023\/01\/Oberes_Belvedere_Wien_1030-edited-600x338.jpg 600w\" sizes=\"(max-width: 800px) 100vw, 800px\" \/><figcaption class=\"wp-element-caption\">\u00a9 Foto: Wienwiki \/ Admin1, CC BY-SA 3.0, via Wikimedia Commons<\/figcaption><\/figure>\n\n\n\n<p>Die von der globalen COVID-19-Pandemie ausgehende Digitalisierung des Alltags trug wesentlich dazu bei, die Metaverse-Debatte auch in den kulturellen Bereich zu tragen. W\u00e4hrend Metaverse von einigen als Vermarktung einer Idee aus den 1990er-Jahren betrachtet wird, ist es f\u00fcr andere einer der wichtigsten Trends der Zukunft, der alles revolutionieren wird \u2013 nicht zuletzt Kulturinstitutionen und Museen.<\/p>\n\n\n\n<p>Mit dem Launch der NFTs von Gustav Klimts Kuss verk\u00fcndete das Belvedere Anfang 2022 seinen Einstieg ins Metaverse und erregte damit international Aufsehen. Die dadurch angesto\u00dfenen Debatten nimmt das Museum zum Anlass, sich kritisch mit dem imaginierten Metaverse auseinanderzusetzen und komplexen Fragen nachzugehen: Wie sieht ein Kunstmuseum im Metaverse aus? Welche Rolle soll es darin spielen? Welche Aspekte des Metaverse wie Augmented und Virtual Reality oder NFTs sollten im Kulturbereich priorit\u00e4r verfolgt werden? Und wie werden sich diese Entwicklungen in den kommenden Jahren auf die gesellschaftliche Rolle von Museen auswirken?<\/p>\n\n\n\n<p>Stella Rollig, Generaldirektorin des Belvedere: Mit dieser Konferenz haben wir vor f\u00fcnf Jahren ein Forum etabliert, das international einen fruchtbringenden Austausch zum Thema Digitalisierung erm\u00f6glicht und zukunftsweisende Fragen er\u00f6rtert. Ziel der diesj\u00e4hrigen Tagung ist, eine kritische Auseinandersetzung mit dem Metaverse im kulturellen Feld anzusto\u00dfen.<\/p>\n\n\n\n<p>Internationale Expert*innen thematisieren in vier Online-Themenbl\u00f6cken immersive Erfahrungen zwischen Virtualit\u00e4t und Realit\u00e4t, die Verlinkung von Kulturerbe-Daten, den Wertediskurs rund um das Metaverse und NFTs sowie die Selbstwahrnehmung und die soziale Rolle von Museen. Den Auftakt bildet am 16. J\u00e4nner ein Panel zum Thema NFTs &amp; Blockchain, bei dem es um die musealen Erfahrungen mit Non-Fungible Tokens geht. Um 19 Uhr steht die Keynote Lecture von Johanna Drucker (University of California, Los Angeles) zum Thema The Virtual Muse(um): Authenticity, Immersion, and New Forms of Delusion auf dem Programm. Weitere Panels umrei\u00dfen die Themen Meta-Spaces (am 17.1.), Linked Open Data (am 18.1.) sowie Participation &amp; Gamification (am 19.1.).<\/p>\n\n\n\n<p>Unter dem Motto \u201ethink global, act local\u201c werden am Freitag (20.1.) auch Veranstaltungen vor Ort im Belvedere 21 angeboten. Lokale Expert*innen beleuchten mit angemeldeten Teilnehmenden in Workshops unter anderem NFTs, Augmented Reality oder Daten-Visualisierungen aus verschiedenen Perspektiven. Bei der abschlie\u00dfenden Podiumsdiskussion spricht Christian Huemer, Leiter des Belvedere Research Center, im Blickle Kino mit Claus Pias (Leuphana Universit\u00e4t L\u00fcneburg), Johanna Pirker (Ludwig-Maximilians-Universit\u00e4t M\u00fcnchen; Technische Universit\u00e4t Graz) und Christa Sommerer (Kunstuniversit\u00e4t Linz) \u00fcber Themen wie digitales Bild, Gamifizierung und k\u00fcnstliche Intelligenz.<\/p>\n\n\n\n<p>Christian Huemer, Leiter des Belvedere Research Center: Die vielf\u00e4ltigen Definitionen des Begriffs Metaverse reichen von \u201eKollektivraum in der Virtualit\u00e4t\u201c \u00fcber \u201everk\u00f6rpertes Internet\u201c bis hin zu \u201eOrt der Simulation und Kollaboration\u201c. Allen gemeinsam ist die zunehmende Nachfrage nach immersiven Erfahrungen zwischen Virtualit\u00e4t und Realit\u00e4t und einem Zusammenwachsen von Netzwerken. Jetzt gilt es jenseits von Schwarz-Wei\u00df-Denken die Chancen und Risiken von Museen in dieser hybriden Welt auszuloten.<\/p>\n\n\n\n<p>Konferenzkomitee: Johanna Aufreiter, Christian Huemer, Anna-Marie Kroupov\u00e1 (Belvedere, Wien), Johanna Drucker (University of California, Los Angeles), Sonja Gasser (Stiftung f\u00fcr Kunst, Kultur und Geschichte, Winterthur), Harald Klinke (Ludwig-Maximilians-Universit\u00e4t M\u00fcnchen)<\/p>\n\n\n\n<p>Kultur Online TV<\/p>\n\n\n\n<p>#kunst #kultur #news<\/p>\n\n\n\n<figure class=\"wp-block-image\"><img decoding=\"async\" src=\"https:\/\/t.adcell.com\/p\/image?promoId=324827&amp;slotId=98564\" alt=\"travelWorld\"\/><\/figure>\n\n\n\n<p><a href=\"https:\/\/t.adcell.com\/p\/click?promoId=324827&amp;slotId=98564\" target=\"_blank\" rel=\"noreferrer noopener\"><\/a><\/p>\n","protected":false},"excerpt":{"rendered":"<p>Die erfolgreiche Tagungsreihe des Belvedere zur digitalen Transformation von Kunstmuseen geht in die n\u00e4chste Runde. Der Fokus der f\u00fcnften internationalen Konferenz liegt auf dem Metaverse \u2013 einer verk\u00f6rperten Virtual-Reality-Erfahrung \u2013 und dessen Verbindung zu Kulturinstitutionen. Im Anschluss an vier Online-Panels finden Workshops und eine Podiumsdiskussion vor Ort im Belvedere 21 statt. Die von der globalen [&hellip;]<\/p>\n","protected":false},"author":2,"featured_media":47540,"comment_status":"closed","ping_status":"closed","sticky":false,"template":"","format":"standard","meta":{"_acf_changed":false,"footnotes":""},"categories":[188],"tags":[],"class_list":["post-47537","post","type-post","status-publish","format-standard","has-post-thumbnail","hentry","category-medien"],"acf":[],"yoast_head":"<!-- This site is optimized with the Yoast SEO plugin v26.1.1 - https:\/\/yoast.com\/wordpress\/plugins\/seo\/ -->\n<title>BELVEDERE: Das Kunstmuseum im digitalen Zeitalter - Kultur Online TV &amp; FM<\/title>\n<meta name=\"description\" content=\"Kultur sehen und H\u00f6ren\" \/>\n<meta name=\"robots\" content=\"index, follow, max-snippet:-1, max-image-preview:large, max-video-preview:-1\" \/>\n<link rel=\"canonical\" href=\"https:\/\/kulturonline.tv\/at\/belvedere-das-kunstmuseum-im-digitalen-zeitalter-2\/\" \/>\n<meta property=\"og:locale\" content=\"de_DE\" \/>\n<meta property=\"og:type\" content=\"article\" \/>\n<meta property=\"og:title\" content=\"BELVEDERE: Das Kunstmuseum im digitalen Zeitalter - Kultur Online TV &amp; FM\" \/>\n<meta property=\"og:description\" content=\"Kultur sehen und H\u00f6ren\" \/>\n<meta property=\"og:url\" content=\"https:\/\/kulturonline.tv\/at\/belvedere-das-kunstmuseum-im-digitalen-zeitalter-2\/\" \/>\n<meta property=\"og:site_name\" content=\"Kultur Online TV &amp; FM\" \/>\n<meta property=\"article:publisher\" content=\"https:\/\/www.facebook.com\/kulturonline.tv\" \/>\n<meta property=\"article:published_time\" content=\"2023-01-02T08:08:51+00:00\" \/>\n<meta property=\"article:modified_time\" content=\"2023-11-17T20:09:31+00:00\" \/>\n<meta property=\"og:image\" content=\"https:\/\/kulturonline.tv\/wp-content\/uploads\/2023\/01\/Oberes_Belvedere_Wien_1030-edited.jpg\" \/>\n\t<meta property=\"og:image:width\" content=\"800\" \/>\n\t<meta property=\"og:image:height\" content=\"450\" \/>\n\t<meta property=\"og:image:type\" content=\"image\/jpeg\" \/>\n<meta name=\"author\" content=\"guenter.wolfgang\" \/>\n<meta name=\"twitter:card\" content=\"summary_large_image\" \/>\n<meta name=\"twitter:label1\" content=\"Verfasst von\" \/>\n\t<meta name=\"twitter:data1\" content=\"guenter.wolfgang\" \/>\n\t<meta name=\"twitter:label2\" content=\"Gesch\u00e4tzte Lesezeit\" \/>\n\t<meta name=\"twitter:data2\" content=\"3 Minuten\" \/>\n<script type=\"application\/ld+json\" class=\"yoast-schema-graph\">{\"@context\":\"https:\/\/schema.org\",\"@graph\":[{\"@type\":\"Article\",\"@id\":\"https:\/\/kulturonline.tv\/at\/belvedere-das-kunstmuseum-im-digitalen-zeitalter-2\/#article\",\"isPartOf\":{\"@id\":\"https:\/\/kulturonline.tv\/at\/belvedere-das-kunstmuseum-im-digitalen-zeitalter-2\/\"},\"author\":{\"name\":\"guenter.wolfgang\",\"@id\":\"https:\/\/kulturonline.tv\/at\/#\/schema\/person\/b0fac729bb9a0c193fb1df23449df4fe\"},\"headline\":\"BELVEDERE: Das Kunstmuseum im digitalen Zeitalter\",\"datePublished\":\"2023-01-02T08:08:51+00:00\",\"dateModified\":\"2023-11-17T20:09:31+00:00\",\"mainEntityOfPage\":{\"@id\":\"https:\/\/kulturonline.tv\/at\/belvedere-das-kunstmuseum-im-digitalen-zeitalter-2\/\"},\"wordCount\":566,\"publisher\":{\"@id\":\"https:\/\/kulturonline.tv\/at\/#organization\"},\"image\":{\"@id\":\"https:\/\/kulturonline.tv\/at\/belvedere-das-kunstmuseum-im-digitalen-zeitalter-2\/#primaryimage\"},\"thumbnailUrl\":\"https:\/\/kulturonline.tv\/wp-content\/uploads\/2023\/01\/Oberes_Belvedere_Wien_1030-edited.jpg\",\"articleSection\":[\"Medien\"],\"inLanguage\":\"de-AT\"},{\"@type\":\"WebPage\",\"@id\":\"https:\/\/kulturonline.tv\/at\/belvedere-das-kunstmuseum-im-digitalen-zeitalter-2\/\",\"url\":\"https:\/\/kulturonline.tv\/at\/belvedere-das-kunstmuseum-im-digitalen-zeitalter-2\/\",\"name\":\"BELVEDERE: Das Kunstmuseum im digitalen Zeitalter - Kultur Online TV &amp; FM\",\"isPartOf\":{\"@id\":\"https:\/\/kulturonline.tv\/at\/#website\"},\"primaryImageOfPage\":{\"@id\":\"https:\/\/kulturonline.tv\/at\/belvedere-das-kunstmuseum-im-digitalen-zeitalter-2\/#primaryimage\"},\"image\":{\"@id\":\"https:\/\/kulturonline.tv\/at\/belvedere-das-kunstmuseum-im-digitalen-zeitalter-2\/#primaryimage\"},\"thumbnailUrl\":\"https:\/\/kulturonline.tv\/wp-content\/uploads\/2023\/01\/Oberes_Belvedere_Wien_1030-edited.jpg\",\"datePublished\":\"2023-01-02T08:08:51+00:00\",\"dateModified\":\"2023-11-17T20:09:31+00:00\",\"description\":\"Kultur sehen und H\u00f6ren\",\"breadcrumb\":{\"@id\":\"https:\/\/kulturonline.tv\/at\/belvedere-das-kunstmuseum-im-digitalen-zeitalter-2\/#breadcrumb\"},\"inLanguage\":\"de-AT\",\"potentialAction\":[{\"@type\":\"ReadAction\",\"target\":[\"https:\/\/kulturonline.tv\/at\/belvedere-das-kunstmuseum-im-digitalen-zeitalter-2\/\"]}]},{\"@type\":\"ImageObject\",\"inLanguage\":\"de-AT\",\"@id\":\"https:\/\/kulturonline.tv\/at\/belvedere-das-kunstmuseum-im-digitalen-zeitalter-2\/#primaryimage\",\"url\":\"https:\/\/kulturonline.tv\/wp-content\/uploads\/2023\/01\/Oberes_Belvedere_Wien_1030-edited.jpg\",\"contentUrl\":\"https:\/\/kulturonline.tv\/wp-content\/uploads\/2023\/01\/Oberes_Belvedere_Wien_1030-edited.jpg\",\"width\":800,\"height\":450},{\"@type\":\"BreadcrumbList\",\"@id\":\"https:\/\/kulturonline.tv\/at\/belvedere-das-kunstmuseum-im-digitalen-zeitalter-2\/#breadcrumb\",\"itemListElement\":[{\"@type\":\"ListItem\",\"position\":1,\"name\":\"Startseite\",\"item\":\"https:\/\/kulturonline.tv\/at\/\"},{\"@type\":\"ListItem\",\"position\":2,\"name\":\"BELVEDERE: Das Kunstmuseum im digitalen Zeitalter\"}]},{\"@type\":\"WebSite\",\"@id\":\"https:\/\/kulturonline.tv\/at\/#website\",\"url\":\"https:\/\/kulturonline.tv\/at\/\",\"name\":\"Kultur Online TV &amp; FM\",\"description\":\"Wir sind Kultur 2.0 zum sehen &amp; h\u00f6ren\",\"publisher\":{\"@id\":\"https:\/\/kulturonline.tv\/at\/#organization\"},\"potentialAction\":[{\"@type\":\"SearchAction\",\"target\":{\"@type\":\"EntryPoint\",\"urlTemplate\":\"https:\/\/kulturonline.tv\/at\/?s={search_term_string}\"},\"query-input\":{\"@type\":\"PropertyValueSpecification\",\"valueRequired\":true,\"valueName\":\"search_term_string\"}}],\"inLanguage\":\"de-AT\"},{\"@type\":\"Organization\",\"@id\":\"https:\/\/kulturonline.tv\/at\/#organization\",\"name\":\"Kultur Online TV\",\"url\":\"https:\/\/kulturonline.tv\/at\/\",\"logo\":{\"@type\":\"ImageObject\",\"inLanguage\":\"de-AT\",\"@id\":\"https:\/\/kulturonline.tv\/at\/#\/schema\/logo\/image\/\",\"url\":\"https:\/\/kulturonline.tv\/wp-content\/uploads\/2021\/08\/Kultur-Online-Tv-Logo-Endversion-neu.png\",\"contentUrl\":\"https:\/\/kulturonline.tv\/wp-content\/uploads\/2021\/08\/Kultur-Online-Tv-Logo-Endversion-neu.png\",\"width\":200,\"height\":200,\"caption\":\"Kultur Online TV\"},\"image\":{\"@id\":\"https:\/\/kulturonline.tv\/at\/#\/schema\/logo\/image\/\"},\"sameAs\":[\"https:\/\/www.facebook.com\/kulturonline.tv\",\"https:\/\/www.instagram.com\/kulturonline.tv\"]},{\"@type\":\"Person\",\"@id\":\"https:\/\/kulturonline.tv\/at\/#\/schema\/person\/b0fac729bb9a0c193fb1df23449df4fe\",\"name\":\"guenter.wolfgang\"}]}<\/script>\n<!-- \/ Yoast SEO plugin. -->","yoast_head_json":{"title":"BELVEDERE: Das Kunstmuseum im digitalen Zeitalter - Kultur Online TV &amp; FM","description":"Kultur sehen und H\u00f6ren","robots":{"index":"index","follow":"follow","max-snippet":"max-snippet:-1","max-image-preview":"max-image-preview:large","max-video-preview":"max-video-preview:-1"},"canonical":"https:\/\/kulturonline.tv\/at\/belvedere-das-kunstmuseum-im-digitalen-zeitalter-2\/","og_locale":"de_DE","og_type":"article","og_title":"BELVEDERE: Das Kunstmuseum im digitalen Zeitalter - Kultur Online TV &amp; FM","og_description":"Kultur sehen und H\u00f6ren","og_url":"https:\/\/kulturonline.tv\/at\/belvedere-das-kunstmuseum-im-digitalen-zeitalter-2\/","og_site_name":"Kultur Online TV &amp; FM","article_publisher":"https:\/\/www.facebook.com\/kulturonline.tv","article_published_time":"2023-01-02T08:08:51+00:00","article_modified_time":"2023-11-17T20:09:31+00:00","og_image":[{"width":800,"height":450,"url":"https:\/\/kulturonline.tv\/wp-content\/uploads\/2023\/01\/Oberes_Belvedere_Wien_1030-edited.jpg","type":"image\/jpeg"}],"author":"guenter.wolfgang","twitter_card":"summary_large_image","twitter_misc":{"Verfasst von":"guenter.wolfgang","Gesch\u00e4tzte Lesezeit":"3 Minuten"},"schema":{"@context":"https:\/\/schema.org","@graph":[{"@type":"Article","@id":"https:\/\/kulturonline.tv\/at\/belvedere-das-kunstmuseum-im-digitalen-zeitalter-2\/#article","isPartOf":{"@id":"https:\/\/kulturonline.tv\/at\/belvedere-das-kunstmuseum-im-digitalen-zeitalter-2\/"},"author":{"name":"guenter.wolfgang","@id":"https:\/\/kulturonline.tv\/at\/#\/schema\/person\/b0fac729bb9a0c193fb1df23449df4fe"},"headline":"BELVEDERE: Das Kunstmuseum im digitalen Zeitalter","datePublished":"2023-01-02T08:08:51+00:00","dateModified":"2023-11-17T20:09:31+00:00","mainEntityOfPage":{"@id":"https:\/\/kulturonline.tv\/at\/belvedere-das-kunstmuseum-im-digitalen-zeitalter-2\/"},"wordCount":566,"publisher":{"@id":"https:\/\/kulturonline.tv\/at\/#organization"},"image":{"@id":"https:\/\/kulturonline.tv\/at\/belvedere-das-kunstmuseum-im-digitalen-zeitalter-2\/#primaryimage"},"thumbnailUrl":"https:\/\/kulturonline.tv\/wp-content\/uploads\/2023\/01\/Oberes_Belvedere_Wien_1030-edited.jpg","articleSection":["Medien"],"inLanguage":"de-AT"},{"@type":"WebPage","@id":"https:\/\/kulturonline.tv\/at\/belvedere-das-kunstmuseum-im-digitalen-zeitalter-2\/","url":"https:\/\/kulturonline.tv\/at\/belvedere-das-kunstmuseum-im-digitalen-zeitalter-2\/","name":"BELVEDERE: Das Kunstmuseum im digitalen Zeitalter - Kultur Online TV &amp; FM","isPartOf":{"@id":"https:\/\/kulturonline.tv\/at\/#website"},"primaryImageOfPage":{"@id":"https:\/\/kulturonline.tv\/at\/belvedere-das-kunstmuseum-im-digitalen-zeitalter-2\/#primaryimage"},"image":{"@id":"https:\/\/kulturonline.tv\/at\/belvedere-das-kunstmuseum-im-digitalen-zeitalter-2\/#primaryimage"},"thumbnailUrl":"https:\/\/kulturonline.tv\/wp-content\/uploads\/2023\/01\/Oberes_Belvedere_Wien_1030-edited.jpg","datePublished":"2023-01-02T08:08:51+00:00","dateModified":"2023-11-17T20:09:31+00:00","description":"Kultur sehen und H\u00f6ren","breadcrumb":{"@id":"https:\/\/kulturonline.tv\/at\/belvedere-das-kunstmuseum-im-digitalen-zeitalter-2\/#breadcrumb"},"inLanguage":"de-AT","potentialAction":[{"@type":"ReadAction","target":["https:\/\/kulturonline.tv\/at\/belvedere-das-kunstmuseum-im-digitalen-zeitalter-2\/"]}]},{"@type":"ImageObject","inLanguage":"de-AT","@id":"https:\/\/kulturonline.tv\/at\/belvedere-das-kunstmuseum-im-digitalen-zeitalter-2\/#primaryimage","url":"https:\/\/kulturonline.tv\/wp-content\/uploads\/2023\/01\/Oberes_Belvedere_Wien_1030-edited.jpg","contentUrl":"https:\/\/kulturonline.tv\/wp-content\/uploads\/2023\/01\/Oberes_Belvedere_Wien_1030-edited.jpg","width":800,"height":450},{"@type":"BreadcrumbList","@id":"https:\/\/kulturonline.tv\/at\/belvedere-das-kunstmuseum-im-digitalen-zeitalter-2\/#breadcrumb","itemListElement":[{"@type":"ListItem","position":1,"name":"Startseite","item":"https:\/\/kulturonline.tv\/at\/"},{"@type":"ListItem","position":2,"name":"BELVEDERE: Das Kunstmuseum im digitalen Zeitalter"}]},{"@type":"WebSite","@id":"https:\/\/kulturonline.tv\/at\/#website","url":"https:\/\/kulturonline.tv\/at\/","name":"Kultur Online TV &amp; FM","description":"Wir sind Kultur 2.0 zum sehen &amp; h\u00f6ren","publisher":{"@id":"https:\/\/kulturonline.tv\/at\/#organization"},"potentialAction":[{"@type":"SearchAction","target":{"@type":"EntryPoint","urlTemplate":"https:\/\/kulturonline.tv\/at\/?s={search_term_string}"},"query-input":{"@type":"PropertyValueSpecification","valueRequired":true,"valueName":"search_term_string"}}],"inLanguage":"de-AT"},{"@type":"Organization","@id":"https:\/\/kulturonline.tv\/at\/#organization","name":"Kultur Online TV","url":"https:\/\/kulturonline.tv\/at\/","logo":{"@type":"ImageObject","inLanguage":"de-AT","@id":"https:\/\/kulturonline.tv\/at\/#\/schema\/logo\/image\/","url":"https:\/\/kulturonline.tv\/wp-content\/uploads\/2021\/08\/Kultur-Online-Tv-Logo-Endversion-neu.png","contentUrl":"https:\/\/kulturonline.tv\/wp-content\/uploads\/2021\/08\/Kultur-Online-Tv-Logo-Endversion-neu.png","width":200,"height":200,"caption":"Kultur Online TV"},"image":{"@id":"https:\/\/kulturonline.tv\/at\/#\/schema\/logo\/image\/"},"sameAs":["https:\/\/www.facebook.com\/kulturonline.tv","https:\/\/www.instagram.com\/kulturonline.tv"]},{"@type":"Person","@id":"https:\/\/kulturonline.tv\/at\/#\/schema\/person\/b0fac729bb9a0c193fb1df23449df4fe","name":"guenter.wolfgang"}]}},"_links":{"self":[{"href":"https:\/\/kulturonline.tv\/at\/wp-json\/wp\/v2\/posts\/47537","targetHints":{"allow":["GET"]}}],"collection":[{"href":"https:\/\/kulturonline.tv\/at\/wp-json\/wp\/v2\/posts"}],"about":[{"href":"https:\/\/kulturonline.tv\/at\/wp-json\/wp\/v2\/types\/post"}],"author":[{"embeddable":true,"href":"https:\/\/kulturonline.tv\/at\/wp-json\/wp\/v2\/users\/2"}],"replies":[{"embeddable":true,"href":"https:\/\/kulturonline.tv\/at\/wp-json\/wp\/v2\/comments?post=47537"}],"version-history":[{"count":0,"href":"https:\/\/kulturonline.tv\/at\/wp-json\/wp\/v2\/posts\/47537\/revisions"}],"wp:featuredmedia":[{"embeddable":true,"href":"https:\/\/kulturonline.tv\/at\/wp-json\/wp\/v2\/media\/47540"}],"wp:attachment":[{"href":"https:\/\/kulturonline.tv\/at\/wp-json\/wp\/v2\/media?parent=47537"}],"wp:term":[{"taxonomy":"category","embeddable":true,"href":"https:\/\/kulturonline.tv\/at\/wp-json\/wp\/v2\/categories?post=47537"},{"taxonomy":"post_tag","embeddable":true,"href":"https:\/\/kulturonline.tv\/at\/wp-json\/wp\/v2\/tags?post=47537"}],"curies":[{"name":"wp","href":"https:\/\/api.w.org\/{rel}","templated":true}]}}