{"id":47590,"date":"2023-01-02T11:20:23","date_gmt":"2023-01-02T10:20:23","guid":{"rendered":"https:\/\/kulturonline.tv\/?p=47590"},"modified":"2023-01-02T18:31:10","modified_gmt":"2023-01-02T17:31:10","slug":"robert-menasse-erhaelt-den-bruno-kreisky-preis-2022","status":"publish","type":"post","link":"https:\/\/kulturonline.tv\/at\/robert-menasse-erhaelt-den-bruno-kreisky-preis-2022\/","title":{"rendered":"Robert Menasse erh\u00e4lt den Bruno-Kreisky-Preis 2022"},"content":{"rendered":"\n<p>Der Bruno-Kreisky-Preis f\u00fcr das Politische Buch 2022 geht an Robert Menasse f\u00fcr den Roman &#8222;Die Erweiterung&#8220;.<\/p>\n\n\n\n<figure class=\"wp-block-image size-full\"><img fetchpriority=\"high\" decoding=\"async\" width=\"800\" height=\"450\" src=\"https:\/\/kulturonline.tv\/wp-content\/uploads\/2023\/01\/Robert-Menasse-Kultur-Online-TV-edited.jpg\" alt=\"\" class=\"wp-image-47593\" srcset=\"https:\/\/kulturonline.tv\/wp-content\/uploads\/2023\/01\/Robert-Menasse-Kultur-Online-TV-edited.jpg 800w, https:\/\/kulturonline.tv\/wp-content\/uploads\/2023\/01\/Robert-Menasse-Kultur-Online-TV-edited-768x432.jpg 768w, https:\/\/kulturonline.tv\/wp-content\/uploads\/2023\/01\/Robert-Menasse-Kultur-Online-TV-edited-600x338.jpg 600w\" sizes=\"(max-width: 800px) 100vw, 800px\" \/><figcaption class=\"wp-element-caption\">\u00a9 Heike Huslage-Koch, CC BY-SA 4.0, via Wikimedia Commons<\/figcaption><\/figure>\n\n\n\n<p>Bei dem Werk, der Fortsetzung von Menasses EU-Bestseller &#8222;Die Hauptstadt&#8220;, verbinden sich Sachkenntnis, Ironie und ein starkes europ\u00e4isches Herz, so die Begr\u00fcndung der Jury. Menasse folgt mit der Auszeichnung seiner Schwester Eva nach, die im Vorjahr f\u00fcr &#8222;Dunkelblum&#8220; geehrt wurde. Den Preis f\u00fcr das publizistische Gesamtwerk erh\u00e4lt indes Salman Rushdie.<\/p>\n\n\n\n<p>&#8222;Sein Name und sein Werk sind Symbol f\u00fcr die universelle Kraft der Freiheit des Wortes und f\u00fcr den Preis, den man daf\u00fcr bezahlen kann&#8220;, hie\u00df es am Sonntag in einer Aussendung \u00fcber den Geehrten, der im Vorjahr durch das Attentat eine religi\u00f6sen Fanatikers schwer verletzt wurde.<\/p>\n\n\n\n<p>Der Sonderpreis &#8222;Arbeitswelten &#8211; Bildungswelten&#8220; geht heuer an Alexia Weiss f\u00fcr &#8222;Zerschlagt das Schulsystem und baut es neu&#8220;, w\u00e4hrend es gleich zwei Anerkennungspreise gibt. Judith Kohlenberger wird hiermit f\u00fcr ihre Schrift &#8222;Das Fluchtparadox&#8220; gew\u00fcrdigt, Marlene Engelhorn f\u00fcr ihr Buch &#8222;Geld&#8220;. Und schlie\u00dflich geht ein Preis f\u00fcr besondere verlegerische Leistungen an den Verlag Kremayr &amp; Scheriau, der unter anderem Bruno Kreiskys Memoiren ver\u00f6ffentlichte.<\/p>\n\n\n\n<p>Bruno Kreisky betonte stets, durch das Lesen von B\u00fcchern \u201egeformt worden zu sein\u201c. Dieser Inspiration folgend wird seit 1993 der Bruno-Kreisky-Preis f\u00fcr das Politische Buch verliehen. J\u00e4hrlich wird damit vom Karl-Renner-Institut in Zusammenarbeit mit dem SP\u00d6-Parlamentsklub und der sozialdemokratischen Bildungsorganisation politische Literatur ausgezeichnet, die f\u00fcr Freiheit, Gleichheit, soziale Gerechtigkeit, Solidarit\u00e4t und Toleranz einsteht. Den Hauptpreis f\u00fcr das Politische Buch des Jahres 2022 erh\u00e4lt Robert Menasse f\u00fcr \u201eDie Erweiterung\u201c (Suhrkamp, 2022). Der Preis f\u00fcr das publizistische Gesamtwerk wird heuer an Salman Rushdie vergeben. Die Preisverleihungen finden im ersten Halbjahr 2023 in Wien statt. ****<\/p>\n\n\n\n<p>Zum Hauptpreis: Wenn es einem Chronisten der EU-Geschichte, zu dem Robert Menasse jedenfalls geworden ist, gelingt, einen intellektuell anspruchsvollen Unterhaltungsroman vorzulegen, so ist dies bei dem oft als technokratisch, langweilig und spr\u00f6de denunzierten Au\u00dfenbild der Europ\u00e4ischen Union eine gro\u00dfartige erz\u00e4hlerische Leistung. In \u201eDie Erweiterung\u201c verbinden sich detailreiche Sachkenntnis, eine geh\u00f6rige Portion Ironie und ein starkes europ\u00e4isches Herz zu einem Roman, der als historisches Lehrbuch, Trag\u00f6die, Satire und Liebesgeschichte gelesen werden kann. Diese Vielfalt der erz\u00e4hlten Geschichte, die sich um den Beitrittswunsch Albaniens entspinnt, f\u00fchrt so ins schillernde Innenleben der EU. Zwei \u201eBlutsbr\u00fcder\u201c, verbunden durch einen Schwur im Untergrundkampf gegen das polnische kommunistische Regime, machen nach der Wende politische Karrieren. Der eine wird Regierungschef Polens, der andere ein hoher Beamter der Europ\u00e4ischen Kommission, zust\u00e4ndig f\u00fcr die Erweiterungs-Politik. Unz\u00e4hlige menschliche Schicksale werden episch aufgespannt und verbinden sich dann doch in einem gro\u00dfen Showdown. Trotz vieler Ambivalenzen, Untiefen und Niederungen dieser europ\u00e4ischen Figuren und deren \u201ePolitik\u201c ruft Menasse mit seinem zweiten Europa-Roman dazu auf, dass wir uns angesichts wachsender Nationalismen viel \u00f6fter an dem gro\u00dfartigen Projekt vereinigtes Europa erfreuen und intensiver um es k\u00e4mpfen sollten.<\/p>\n\n\n\n<p>Der Preis f\u00fcr das publizistische Gesamtwerk wird heuer an Salman Rushdie vergeben. Sein Name und sein Werk sind Symbol f\u00fcr die universelle Kraft der Freiheit des Wortes und f\u00fcr den Preis, den man daf\u00fcr bezahlen kann. Rushdie ist ein Meistererz\u00e4hler, der mit seiner literarischen Kraft, die Magisches und Reales verbindet, alle Schleier von L\u00fcge, Propaganda und Torheit provokant durchdringt und uns vor Augen f\u00fchrt, wie tr\u00fcgerisch, provisorisch und hinf\u00e4llig die menschliche reale Welt doch ist. Das hat seit der Ver\u00f6ffentlichung der \u201eSatanischen Verse\u201c sein Leben gepr\u00e4gt. Im Jahr 1989 belegte ihn eine Fatwa mit dem Todesurteil. 33 Jahre sp\u00e4ter wurde er \u201elebensver\u00e4ndernd\u201c durch ein Attentat eines religi\u00f6sen Fanatikers schwer verletzt.<\/p>\n\n\n\n<p>Sein Kampf und sein Schicksal im globalen Konflikt um das Recht, schreiben zu d\u00fcrfen, wonach dem freien Geist der Sinn steht, geht uns alle an. Rushdies Werk hat die Weltliteratur gepr\u00e4gt. Es wurde mit zahlreichen internationalen Preisen bedacht und in \u00fcber 40 Sprachen \u00fcbersetzt.<\/p>\n\n\n\n<p>Die weiteren Preistr\u00e4ger*innen im \u00dcberblick:<\/p>\n\n\n\n<p>Der Sonderpreis \u201eArbeitswelten \u2013 Bildungswelten\u201c geht an Alexia Weiss f\u00fcr \u201eZerschlagt das Schulsystem und baut es neu\u201c (Kremayr &amp; Scheriau, 2022). Die Journalistin und Autorin zeigt, wie gro\u00df die Unzufriedenheit mit dem \u00f6sterreichischen Schulsystem bereits ist \u2013 bei den P\u00e4dagog*innen und bei den Eltern. Der Druck und das Pensum sind gro\u00df. Der Schulalltag bewegt sich zwischen \u00dcber- und Unterforderung der Kinder und \u00dcberlastung der Lehrenden und Eltern. Weiss beschreibt in ihrer Publikation mutige Ans\u00e4tze, wie in einem inklusiven Schulsystem die Bed\u00fcrfnisse jedes einzelnen Kindes in den Vordergrund ger\u00fcckt, Defizite ausgeglichen und Talente gef\u00f6rdert werden k\u00f6nnen. Ideologische Fragen m\u00fcssen dabei in den Hintergrund treten und die physische, psychische, soziale sowie \u00f6konomische Situation eines Kindes im Zentrum stehen.<\/p>\n\n\n\n<p>Der Anerkennungspreis wird heuer zweifach vergeben: An Judith Kohlenberger f\u00fcr ihre Schrift \u201eDas Fluchtparadox\u201c (Kremayr &amp; Scheriau, 2022) und an Marlene Engelhorn f\u00fcr ihr Buch \u201eGeld\u201c (Kremayr &amp; Scheriau, 2022).<\/p>\n\n\n\n<p>Wenige brennende Themen sind so sehr der undifferenzierten Polemik und populistischen Mobilisierung ausgesetzt wie das Thema Flucht. Auf dem R\u00fccken von Menschen, die so viel verloren haben und massiv unter Druck stehen, wird politisches Kleingeld gewechselt, ohne Hilfe und politische L\u00f6sungen anbieten zu wollen. Umso wichtiger sind wissenschaftliche Forschung und Expertise, wie Fluchtforscherin Judith Kohlenberger sie f\u00fcr die \u00f6ffentliche Debatte einbringt. Ihr Buch ist eine detaillierte Analyse unseres Umgangs mit Vertreibung und Vertriebenen und ein Aufzeigen von Wegen einer menschlichen Asyl- und Integrationspolitik. Sie mahnt moralische Verantwortung und das Vertrauen in unsere Institutionen, unseren Rechtsstaat und unsere Zivilgesellschaft ein.<\/p>\n\n\n\n<p>Marlene Engelhorn wei\u00df, wovon sie spricht: Sie ist eine Millionenerbin, die mit der Aussage, 90 Prozent ihres Erbes spenden zu wollen, das Licht der \u00d6ffentlichkeit suchte. Warum? Mit diesem Schritt wollte sie auf das gesellschaftspolitische Problem der Intransparenz von Reichtum und den demokratiepolitischen Schaden, den \u00dcberreichtum anrichtet, hinweisen. Ihre pers\u00f6nlichen Erfahrungen, ihre gesellschaftspolitischen Thesen und ihre damit verbundenen Forderungen hat sie nun in einem packenden Buch ver\u00f6ffentlicht. Sie stellt dr\u00e4ngende Fragen: \u201eWie viel ist genug?\u201c, \u201eWas ist das gute Leben f\u00fcr alle?\u201c, \u201eWie wollen wir teilen?\u201c und \u201eIn wessen H\u00e4nden liegt das Recht zu entscheiden?\u201c. Ihr Text gibt spannende Antworten und entwirft eine Vision einer gerechten demokratischen Gesellschaft.<\/p>\n\n\n\n<p>Der Preis f\u00fcr besondere verlegerische Leistungen geht an den Verlag Kremayr &amp; Scheriau. Der Verlag Kremayr &amp; Scheriau wurde im Jahr 1951 von Rudolf Kremayr und Wilhelm Scheriau gegr\u00fcndet, 1966 beteiligte sich Bertelsmann am Verlag und 1991 wurde der Orac-Sachbuchverlag \u00fcbernommen. Zu den gro\u00dfen Erfolgen der Vergangenheit geh\u00f6ren u. a. Hugo Portisch und sein Opus magnum \u201e\u00d6sterreich I\u201c und \u201e\u00d6sterreich II\u201c, die Memoiren von Bruno Kreisky und das \u201e\u00d6sterreichische Jahrhundert\u201c von Hellmut Andics. Einen besonderen Schwerpunkt seit langem, und vor allem auch gegenw\u00e4rtig, bilden kritische Sachb\u00fccher, die den gesellschaftspolitischen Diskurs in \u00d6sterreich seit jeher bereichern. Im Jahr 2015 wurde schlie\u00dflich eines der spannendsten Literaturprogramme mit dem Fokus auf junge \u00f6sterreichische Gegenwartsautor*innen ins Leben gerufen, das dem Spiel mit Sprache freien Lauf l\u00e4sst und der Literatur Innovationsr\u00e4ume er\u00f6ffnet.<\/p>\n\n\n\n<p>Kultur Online TV<\/p>\n\n\n\n<p>#news #literatur #preise<\/p>\n\n\n\n<figure class=\"wp-block-image\"><img decoding=\"async\" src=\"https:\/\/t.adcell.com\/p\/image?promoId=289302&amp;slotId=98564\" alt=\"Krimirausch \"\/><\/figure>\n\n\n\n<p><a href=\"https:\/\/t.adcell.com\/p\/click?promoId=289302&amp;slotId=98564\" target=\"_blank\" rel=\"noreferrer noopener\"><\/a><\/p>\n\n\n\n<p><a href=\"https:\/\/t.adcell.com\/p\/click?promoId=289302&amp;slotId=98564\" target=\"_blank\" rel=\"noreferrer noopener\"><\/a><\/p>\n\n\n\n<p><a href=\"https:\/\/t.adcell.com\/p\/click?promoId=289301&amp;slotId=98564\" target=\"_blank\" rel=\"noreferrer noopener\"><\/a><\/p>\n\n\n\n<p><\/p>\n\n\n\n<p><a href=\"https:\/\/www.vienna.at\/robert-menasse-erhaelt-den-bruno-kreisky-preis-2022\/7824016#comments\"><\/a><\/p>\n","protected":false},"excerpt":{"rendered":"<p>Der Bruno-Kreisky-Preis f\u00fcr das Politische Buch 2022 geht an Robert Menasse f\u00fcr den Roman &#8222;Die Erweiterung&#8220;. Bei dem Werk, der Fortsetzung von Menasses EU-Bestseller &#8222;Die Hauptstadt&#8220;, verbinden sich Sachkenntnis, Ironie und ein starkes europ\u00e4isches Herz, so die Begr\u00fcndung der Jury. Menasse folgt mit der Auszeichnung seiner Schwester Eva nach, die im Vorjahr f\u00fcr &#8222;Dunkelblum&#8220; geehrt [&hellip;]<\/p>\n","protected":false},"author":2,"featured_media":47593,"comment_status":"closed","ping_status":"closed","sticky":false,"template":"","format":"standard","meta":{"_acf_changed":false,"footnotes":""},"categories":[133],"tags":[],"class_list":["post-47590","post","type-post","status-publish","format-standard","has-post-thumbnail","hentry","category-literatur"],"acf":[],"yoast_head":"<!-- This site is optimized with the Yoast SEO plugin v26.1.1 - https:\/\/yoast.com\/wordpress\/plugins\/seo\/ -->\n<title>Robert Menasse erh\u00e4lt den Bruno-Kreisky-Preis 2022 - Kultur Online TV &amp; FM<\/title>\n<meta name=\"description\" content=\"Der Bruno-Kreisky-Preis f\u00fcr das Politische Buch 2022 geht an Robert Menasse f\u00fcr den Roman &quot;Die Erweiterung&quot;.\" \/>\n<meta name=\"robots\" content=\"index, follow, max-snippet:-1, max-image-preview:large, max-video-preview:-1\" \/>\n<link rel=\"canonical\" href=\"https:\/\/kulturonline.tv\/at\/robert-menasse-erhaelt-den-bruno-kreisky-preis-2022\/\" \/>\n<meta property=\"og:locale\" content=\"de_DE\" \/>\n<meta property=\"og:type\" content=\"article\" \/>\n<meta property=\"og:title\" content=\"Robert Menasse erh\u00e4lt den Bruno-Kreisky-Preis 2022 - Kultur Online TV &amp; FM\" \/>\n<meta property=\"og:description\" content=\"Der Bruno-Kreisky-Preis f\u00fcr das Politische Buch 2022 geht an Robert Menasse f\u00fcr den Roman &quot;Die Erweiterung&quot;.\" \/>\n<meta property=\"og:url\" content=\"https:\/\/kulturonline.tv\/at\/robert-menasse-erhaelt-den-bruno-kreisky-preis-2022\/\" \/>\n<meta property=\"og:site_name\" content=\"Kultur Online TV &amp; FM\" \/>\n<meta property=\"article:publisher\" content=\"https:\/\/www.facebook.com\/kulturonline.tv\" \/>\n<meta property=\"article:published_time\" content=\"2023-01-02T10:20:23+00:00\" \/>\n<meta property=\"article:modified_time\" content=\"2023-01-02T17:31:10+00:00\" \/>\n<meta property=\"og:image\" content=\"https:\/\/kulturonline.tv\/wp-content\/uploads\/2023\/01\/Robert-Menasse-Kultur-Online-TV-edited.jpg\" \/>\n\t<meta property=\"og:image:width\" content=\"800\" \/>\n\t<meta property=\"og:image:height\" content=\"450\" \/>\n\t<meta property=\"og:image:type\" content=\"image\/jpeg\" \/>\n<meta name=\"author\" content=\"guenter.wolfgang\" \/>\n<meta name=\"twitter:card\" content=\"summary_large_image\" \/>\n<meta name=\"twitter:label1\" content=\"Verfasst von\" \/>\n\t<meta name=\"twitter:data1\" content=\"guenter.wolfgang\" \/>\n\t<meta name=\"twitter:label2\" content=\"Gesch\u00e4tzte Lesezeit\" \/>\n\t<meta name=\"twitter:data2\" content=\"6 Minuten\" \/>\n<script type=\"application\/ld+json\" class=\"yoast-schema-graph\">{\"@context\":\"https:\/\/schema.org\",\"@graph\":[{\"@type\":\"Article\",\"@id\":\"https:\/\/kulturonline.tv\/at\/robert-menasse-erhaelt-den-bruno-kreisky-preis-2022\/#article\",\"isPartOf\":{\"@id\":\"https:\/\/kulturonline.tv\/at\/robert-menasse-erhaelt-den-bruno-kreisky-preis-2022\/\"},\"author\":{\"name\":\"guenter.wolfgang\",\"@id\":\"https:\/\/kulturonline.tv\/at\/#\/schema\/person\/b0fac729bb9a0c193fb1df23449df4fe\"},\"headline\":\"Robert Menasse erh\u00e4lt den Bruno-Kreisky-Preis 2022\",\"datePublished\":\"2023-01-02T10:20:23+00:00\",\"dateModified\":\"2023-01-02T17:31:10+00:00\",\"mainEntityOfPage\":{\"@id\":\"https:\/\/kulturonline.tv\/at\/robert-menasse-erhaelt-den-bruno-kreisky-preis-2022\/\"},\"wordCount\":1184,\"publisher\":{\"@id\":\"https:\/\/kulturonline.tv\/at\/#organization\"},\"image\":{\"@id\":\"https:\/\/kulturonline.tv\/at\/robert-menasse-erhaelt-den-bruno-kreisky-preis-2022\/#primaryimage\"},\"thumbnailUrl\":\"https:\/\/kulturonline.tv\/wp-content\/uploads\/2023\/01\/Robert-Menasse-Kultur-Online-TV-edited.jpg\",\"articleSection\":[\"Literatur\"],\"inLanguage\":\"de-AT\"},{\"@type\":\"WebPage\",\"@id\":\"https:\/\/kulturonline.tv\/at\/robert-menasse-erhaelt-den-bruno-kreisky-preis-2022\/\",\"url\":\"https:\/\/kulturonline.tv\/at\/robert-menasse-erhaelt-den-bruno-kreisky-preis-2022\/\",\"name\":\"Robert Menasse erh\u00e4lt den Bruno-Kreisky-Preis 2022 - Kultur Online TV &amp; FM\",\"isPartOf\":{\"@id\":\"https:\/\/kulturonline.tv\/at\/#website\"},\"primaryImageOfPage\":{\"@id\":\"https:\/\/kulturonline.tv\/at\/robert-menasse-erhaelt-den-bruno-kreisky-preis-2022\/#primaryimage\"},\"image\":{\"@id\":\"https:\/\/kulturonline.tv\/at\/robert-menasse-erhaelt-den-bruno-kreisky-preis-2022\/#primaryimage\"},\"thumbnailUrl\":\"https:\/\/kulturonline.tv\/wp-content\/uploads\/2023\/01\/Robert-Menasse-Kultur-Online-TV-edited.jpg\",\"datePublished\":\"2023-01-02T10:20:23+00:00\",\"dateModified\":\"2023-01-02T17:31:10+00:00\",\"description\":\"Der Bruno-Kreisky-Preis f\u00fcr das Politische Buch 2022 geht an Robert Menasse f\u00fcr den Roman \\\"Die Erweiterung\\\".\",\"breadcrumb\":{\"@id\":\"https:\/\/kulturonline.tv\/at\/robert-menasse-erhaelt-den-bruno-kreisky-preis-2022\/#breadcrumb\"},\"inLanguage\":\"de-AT\",\"potentialAction\":[{\"@type\":\"ReadAction\",\"target\":[\"https:\/\/kulturonline.tv\/at\/robert-menasse-erhaelt-den-bruno-kreisky-preis-2022\/\"]}]},{\"@type\":\"ImageObject\",\"inLanguage\":\"de-AT\",\"@id\":\"https:\/\/kulturonline.tv\/at\/robert-menasse-erhaelt-den-bruno-kreisky-preis-2022\/#primaryimage\",\"url\":\"https:\/\/kulturonline.tv\/wp-content\/uploads\/2023\/01\/Robert-Menasse-Kultur-Online-TV-edited.jpg\",\"contentUrl\":\"https:\/\/kulturonline.tv\/wp-content\/uploads\/2023\/01\/Robert-Menasse-Kultur-Online-TV-edited.jpg\",\"width\":800,\"height\":450},{\"@type\":\"BreadcrumbList\",\"@id\":\"https:\/\/kulturonline.tv\/at\/robert-menasse-erhaelt-den-bruno-kreisky-preis-2022\/#breadcrumb\",\"itemListElement\":[{\"@type\":\"ListItem\",\"position\":1,\"name\":\"Startseite\",\"item\":\"https:\/\/kulturonline.tv\/at\/\"},{\"@type\":\"ListItem\",\"position\":2,\"name\":\"Robert Menasse erh\u00e4lt den Bruno-Kreisky-Preis 2022\"}]},{\"@type\":\"WebSite\",\"@id\":\"https:\/\/kulturonline.tv\/at\/#website\",\"url\":\"https:\/\/kulturonline.tv\/at\/\",\"name\":\"Kultur Online TV &amp; FM\",\"description\":\"Wir sind Kultur 2.0 zum sehen &amp; h\u00f6ren\",\"publisher\":{\"@id\":\"https:\/\/kulturonline.tv\/at\/#organization\"},\"potentialAction\":[{\"@type\":\"SearchAction\",\"target\":{\"@type\":\"EntryPoint\",\"urlTemplate\":\"https:\/\/kulturonline.tv\/at\/?s={search_term_string}\"},\"query-input\":{\"@type\":\"PropertyValueSpecification\",\"valueRequired\":true,\"valueName\":\"search_term_string\"}}],\"inLanguage\":\"de-AT\"},{\"@type\":\"Organization\",\"@id\":\"https:\/\/kulturonline.tv\/at\/#organization\",\"name\":\"Kultur Online TV\",\"url\":\"https:\/\/kulturonline.tv\/at\/\",\"logo\":{\"@type\":\"ImageObject\",\"inLanguage\":\"de-AT\",\"@id\":\"https:\/\/kulturonline.tv\/at\/#\/schema\/logo\/image\/\",\"url\":\"https:\/\/kulturonline.tv\/wp-content\/uploads\/2021\/08\/Kultur-Online-Tv-Logo-Endversion-neu.png\",\"contentUrl\":\"https:\/\/kulturonline.tv\/wp-content\/uploads\/2021\/08\/Kultur-Online-Tv-Logo-Endversion-neu.png\",\"width\":200,\"height\":200,\"caption\":\"Kultur Online TV\"},\"image\":{\"@id\":\"https:\/\/kulturonline.tv\/at\/#\/schema\/logo\/image\/\"},\"sameAs\":[\"https:\/\/www.facebook.com\/kulturonline.tv\",\"https:\/\/www.instagram.com\/kulturonline.tv\"]},{\"@type\":\"Person\",\"@id\":\"https:\/\/kulturonline.tv\/at\/#\/schema\/person\/b0fac729bb9a0c193fb1df23449df4fe\",\"name\":\"guenter.wolfgang\"}]}<\/script>\n<!-- \/ Yoast SEO plugin. -->","yoast_head_json":{"title":"Robert Menasse erh\u00e4lt den Bruno-Kreisky-Preis 2022 - Kultur Online TV &amp; FM","description":"Der Bruno-Kreisky-Preis f\u00fcr das Politische Buch 2022 geht an Robert Menasse f\u00fcr den Roman \"Die Erweiterung\".","robots":{"index":"index","follow":"follow","max-snippet":"max-snippet:-1","max-image-preview":"max-image-preview:large","max-video-preview":"max-video-preview:-1"},"canonical":"https:\/\/kulturonline.tv\/at\/robert-menasse-erhaelt-den-bruno-kreisky-preis-2022\/","og_locale":"de_DE","og_type":"article","og_title":"Robert Menasse erh\u00e4lt den Bruno-Kreisky-Preis 2022 - Kultur Online TV &amp; FM","og_description":"Der Bruno-Kreisky-Preis f\u00fcr das Politische Buch 2022 geht an Robert Menasse f\u00fcr den Roman \"Die Erweiterung\".","og_url":"https:\/\/kulturonline.tv\/at\/robert-menasse-erhaelt-den-bruno-kreisky-preis-2022\/","og_site_name":"Kultur Online TV &amp; FM","article_publisher":"https:\/\/www.facebook.com\/kulturonline.tv","article_published_time":"2023-01-02T10:20:23+00:00","article_modified_time":"2023-01-02T17:31:10+00:00","og_image":[{"width":800,"height":450,"url":"https:\/\/kulturonline.tv\/wp-content\/uploads\/2023\/01\/Robert-Menasse-Kultur-Online-TV-edited.jpg","type":"image\/jpeg"}],"author":"guenter.wolfgang","twitter_card":"summary_large_image","twitter_misc":{"Verfasst von":"guenter.wolfgang","Gesch\u00e4tzte Lesezeit":"6 Minuten"},"schema":{"@context":"https:\/\/schema.org","@graph":[{"@type":"Article","@id":"https:\/\/kulturonline.tv\/at\/robert-menasse-erhaelt-den-bruno-kreisky-preis-2022\/#article","isPartOf":{"@id":"https:\/\/kulturonline.tv\/at\/robert-menasse-erhaelt-den-bruno-kreisky-preis-2022\/"},"author":{"name":"guenter.wolfgang","@id":"https:\/\/kulturonline.tv\/at\/#\/schema\/person\/b0fac729bb9a0c193fb1df23449df4fe"},"headline":"Robert Menasse erh\u00e4lt den Bruno-Kreisky-Preis 2022","datePublished":"2023-01-02T10:20:23+00:00","dateModified":"2023-01-02T17:31:10+00:00","mainEntityOfPage":{"@id":"https:\/\/kulturonline.tv\/at\/robert-menasse-erhaelt-den-bruno-kreisky-preis-2022\/"},"wordCount":1184,"publisher":{"@id":"https:\/\/kulturonline.tv\/at\/#organization"},"image":{"@id":"https:\/\/kulturonline.tv\/at\/robert-menasse-erhaelt-den-bruno-kreisky-preis-2022\/#primaryimage"},"thumbnailUrl":"https:\/\/kulturonline.tv\/wp-content\/uploads\/2023\/01\/Robert-Menasse-Kultur-Online-TV-edited.jpg","articleSection":["Literatur"],"inLanguage":"de-AT"},{"@type":"WebPage","@id":"https:\/\/kulturonline.tv\/at\/robert-menasse-erhaelt-den-bruno-kreisky-preis-2022\/","url":"https:\/\/kulturonline.tv\/at\/robert-menasse-erhaelt-den-bruno-kreisky-preis-2022\/","name":"Robert Menasse erh\u00e4lt den Bruno-Kreisky-Preis 2022 - Kultur Online TV &amp; FM","isPartOf":{"@id":"https:\/\/kulturonline.tv\/at\/#website"},"primaryImageOfPage":{"@id":"https:\/\/kulturonline.tv\/at\/robert-menasse-erhaelt-den-bruno-kreisky-preis-2022\/#primaryimage"},"image":{"@id":"https:\/\/kulturonline.tv\/at\/robert-menasse-erhaelt-den-bruno-kreisky-preis-2022\/#primaryimage"},"thumbnailUrl":"https:\/\/kulturonline.tv\/wp-content\/uploads\/2023\/01\/Robert-Menasse-Kultur-Online-TV-edited.jpg","datePublished":"2023-01-02T10:20:23+00:00","dateModified":"2023-01-02T17:31:10+00:00","description":"Der Bruno-Kreisky-Preis f\u00fcr das Politische Buch 2022 geht an Robert Menasse f\u00fcr den Roman \"Die Erweiterung\".","breadcrumb":{"@id":"https:\/\/kulturonline.tv\/at\/robert-menasse-erhaelt-den-bruno-kreisky-preis-2022\/#breadcrumb"},"inLanguage":"de-AT","potentialAction":[{"@type":"ReadAction","target":["https:\/\/kulturonline.tv\/at\/robert-menasse-erhaelt-den-bruno-kreisky-preis-2022\/"]}]},{"@type":"ImageObject","inLanguage":"de-AT","@id":"https:\/\/kulturonline.tv\/at\/robert-menasse-erhaelt-den-bruno-kreisky-preis-2022\/#primaryimage","url":"https:\/\/kulturonline.tv\/wp-content\/uploads\/2023\/01\/Robert-Menasse-Kultur-Online-TV-edited.jpg","contentUrl":"https:\/\/kulturonline.tv\/wp-content\/uploads\/2023\/01\/Robert-Menasse-Kultur-Online-TV-edited.jpg","width":800,"height":450},{"@type":"BreadcrumbList","@id":"https:\/\/kulturonline.tv\/at\/robert-menasse-erhaelt-den-bruno-kreisky-preis-2022\/#breadcrumb","itemListElement":[{"@type":"ListItem","position":1,"name":"Startseite","item":"https:\/\/kulturonline.tv\/at\/"},{"@type":"ListItem","position":2,"name":"Robert Menasse erh\u00e4lt den Bruno-Kreisky-Preis 2022"}]},{"@type":"WebSite","@id":"https:\/\/kulturonline.tv\/at\/#website","url":"https:\/\/kulturonline.tv\/at\/","name":"Kultur Online TV &amp; FM","description":"Wir sind Kultur 2.0 zum sehen &amp; h\u00f6ren","publisher":{"@id":"https:\/\/kulturonline.tv\/at\/#organization"},"potentialAction":[{"@type":"SearchAction","target":{"@type":"EntryPoint","urlTemplate":"https:\/\/kulturonline.tv\/at\/?s={search_term_string}"},"query-input":{"@type":"PropertyValueSpecification","valueRequired":true,"valueName":"search_term_string"}}],"inLanguage":"de-AT"},{"@type":"Organization","@id":"https:\/\/kulturonline.tv\/at\/#organization","name":"Kultur Online TV","url":"https:\/\/kulturonline.tv\/at\/","logo":{"@type":"ImageObject","inLanguage":"de-AT","@id":"https:\/\/kulturonline.tv\/at\/#\/schema\/logo\/image\/","url":"https:\/\/kulturonline.tv\/wp-content\/uploads\/2021\/08\/Kultur-Online-Tv-Logo-Endversion-neu.png","contentUrl":"https:\/\/kulturonline.tv\/wp-content\/uploads\/2021\/08\/Kultur-Online-Tv-Logo-Endversion-neu.png","width":200,"height":200,"caption":"Kultur Online TV"},"image":{"@id":"https:\/\/kulturonline.tv\/at\/#\/schema\/logo\/image\/"},"sameAs":["https:\/\/www.facebook.com\/kulturonline.tv","https:\/\/www.instagram.com\/kulturonline.tv"]},{"@type":"Person","@id":"https:\/\/kulturonline.tv\/at\/#\/schema\/person\/b0fac729bb9a0c193fb1df23449df4fe","name":"guenter.wolfgang"}]}},"_links":{"self":[{"href":"https:\/\/kulturonline.tv\/at\/wp-json\/wp\/v2\/posts\/47590","targetHints":{"allow":["GET"]}}],"collection":[{"href":"https:\/\/kulturonline.tv\/at\/wp-json\/wp\/v2\/posts"}],"about":[{"href":"https:\/\/kulturonline.tv\/at\/wp-json\/wp\/v2\/types\/post"}],"author":[{"embeddable":true,"href":"https:\/\/kulturonline.tv\/at\/wp-json\/wp\/v2\/users\/2"}],"replies":[{"embeddable":true,"href":"https:\/\/kulturonline.tv\/at\/wp-json\/wp\/v2\/comments?post=47590"}],"version-history":[{"count":0,"href":"https:\/\/kulturonline.tv\/at\/wp-json\/wp\/v2\/posts\/47590\/revisions"}],"wp:featuredmedia":[{"embeddable":true,"href":"https:\/\/kulturonline.tv\/at\/wp-json\/wp\/v2\/media\/47593"}],"wp:attachment":[{"href":"https:\/\/kulturonline.tv\/at\/wp-json\/wp\/v2\/media?parent=47590"}],"wp:term":[{"taxonomy":"category","embeddable":true,"href":"https:\/\/kulturonline.tv\/at\/wp-json\/wp\/v2\/categories?post=47590"},{"taxonomy":"post_tag","embeddable":true,"href":"https:\/\/kulturonline.tv\/at\/wp-json\/wp\/v2\/tags?post=47590"}],"curies":[{"name":"wp","href":"https:\/\/api.w.org\/{rel}","templated":true}]}}