{"id":48088,"date":"2023-01-11T21:51:23","date_gmt":"2023-01-11T20:51:23","guid":{"rendered":"https:\/\/kulturonline.tv\/?p=48088"},"modified":"2023-01-11T21:51:25","modified_gmt":"2023-01-11T20:51:25","slug":"theresia-prammer-und-regaip-minareci","status":"publish","type":"post","link":"https:\/\/kulturonline.tv\/at\/theresia-prammer-und-regaip-minareci\/","title":{"rendered":"Theresia Prammer und Regaip Minareci"},"content":{"rendered":"\n<p>Mit \u00d6sterreichischem Staatspreis f\u00fcr literarische \u00dcbersetzung 2022 ausgezeichnet<\/p>\n\n\n\n<figure class=\"wp-block-image size-large\"><img fetchpriority=\"high\" decoding=\"async\" width=\"1600\" height=\"900\" src=\"https:\/\/kulturonline.tv\/wp-content\/uploads\/2022\/01\/Literatur-1-edited-1600x900.jpg\" alt=\"\" class=\"wp-image-20968\" srcset=\"https:\/\/kulturonline.tv\/wp-content\/uploads\/2022\/01\/Literatur-1-edited-1600x900.jpg 1600w, https:\/\/kulturonline.tv\/wp-content\/uploads\/2022\/01\/Literatur-1-edited-600x338.jpg 600w, https:\/\/kulturonline.tv\/wp-content\/uploads\/2022\/01\/Literatur-1-edited-800x450.jpg 800w, https:\/\/kulturonline.tv\/wp-content\/uploads\/2022\/01\/Literatur-1-edited-768x432.jpg 768w, https:\/\/kulturonline.tv\/wp-content\/uploads\/2022\/01\/Literatur-1-edited-1536x864.jpg 1536w, https:\/\/kulturonline.tv\/wp-content\/uploads\/2022\/01\/Literatur-1-edited.jpg 1920w\" sizes=\"(max-width: 1600px) 100vw, 1600px\" \/><\/figure>\n\n\n\n<p>40 in- und ausl\u00e4ndische \u00dcbersetzerinnen und \u00dcbersetzer erhalten \u00dcbersetzungspr\u00e4mien f\u00fcr 2022 im Gesamtwert von 65.900 Euro. <\/p>\n\n\n\n<p>Der \u00dcbersetzungsbeirat des Bundesministeriums f\u00fcr Kunst, Kultur, \u00f6ffentlichen Dienst und Sport (BMK\u00d6S) hat die Preistr\u00e4gerinnen des \u00f6sterreichischen Staatspreises f\u00fcr literarische \u00dcbersetzung des Jahres 2022 verk\u00fcndet: Der Preis f\u00fcr die \u00dcbersetzung ins Deutsche geht an Theresia Prammer, der Preis f\u00fcr die \u00dcbersetzung \u00f6sterreichischer Literatur in eine Fremdsprache an Regaip Minareci.<\/p>\n\n\n\n<p>Dar\u00fcber hinaus wurden in- und ausl\u00e4ndischen \u00dcbersetzer:innen 40 Pr\u00e4mien im Gesamtwert von 65.900 Euro f\u00fcr besonders gelungene \u00dcbersetzungen zeitgen\u00f6ssischer Literatur verliehen.<\/p>\n\n\n\n<p>\u201eWer die hohe Kunst der Neuschreibung beherrscht, versteht sich auf das \u00dcberbr\u00fccken von Grenzen. Literatur\u00fcbersetzerinnen und -\u00fcbersetzer sind in zwei oder mehreren Sprachwelten zuhause und schwingen als Sprachakrobatinnen und Sprachakrobaten geschickt von der Ausgangs- in die Zielkultur, die sie mit ihrem Schaffen bereichern und mitgestalten. Mit ihrer verbindenden Rolle erm\u00f6glichen sie ihrem Lesepublikum den Zugang in literarische Welten, die ihnen sonst verwehrt bleiben w\u00fcrden\u201c, gratuliert Kunst- und Kulturstaatssekret\u00e4rin Andrea Mayer allen ausgezeichneten \u00dcbersetzer:innen.<\/p>\n\n\n\n<p>Den Staatspreis f\u00fcr die \u00dcbersetzung ins Deutsche erhielt die promovierte Romanistin, \u00dcbersetzerin, Autorin und Essayistin Theresia Prammer (*1973 in Nieder\u00f6sterreich). Sie \u00fcbersetzt Lyrik aus dem Italienischen (Pier Paolo Pasolini, Amelia Rosselli, Valerio Magrelli) und aus dem Franz\u00f6sischen (Gh\u00e9rasim Luca) ins Deutsche.<\/p>\n\n\n\n<p>Die Jury begr\u00fcndete die Entscheidung nicht nur mit Prammers hervorragender \u00fcbersetzerischer Leistung, sondern betonte auch ihre bedeutende Rolle als \u00dcbersetzungstheoretikerin und bei der Vermittlung fremdsprachiger Literatur in der Praxis, die im von ihr gegr\u00fcndeten Berliner Literatursalon Attico sowie dem Dante-Zentrum f\u00fcr Poesie und Poetik zum Ausdruck kommt.<\/p>\n\n\n\n<p>Der Staatspreis f\u00fcr die \u00dcbersetzung \u00f6sterreichischer Literatur wurde an die t\u00fcrkische \u00dcbersetzerin Regaip Minareci (*1955 in Istanbul) vergeben, die u. a. Werke von Franz Kafka, Robert Musil, Stefan Zweig, Peter Handke oder Daniel Glattauer ins T\u00fcrkische \u00fcbertr\u00e4gt und auch als Lektorin und Journalistin t\u00e4tig ist.<\/p>\n\n\n\n<p>Die Jury betonte Minarecis Engagement auf mehreren Ebenen. Zum einen bringe sie die \u00f6sterreichische Literatur der t\u00fcrkischen Leserschaft n\u00e4her \u2013 sowohl in der T\u00fcrkei als auch in der Diaspora in deutschsprachigen L\u00e4ndern \u2013, zum anderen setze sie mit der hohen Qualit\u00e4t und Pr\u00e4zision ihrer Arbeit Ma\u00dfst\u00e4be f\u00fcr den germanistischen Nachwuchs in ihrem Heimatland.<\/p>\n\n\n\n<p>Dem \u00dcbersetzungsbeirat des BMK\u00d6S geh\u00f6ren Dr. Waltraud Kolb, DDr. Michael R\u00f6ssner, Dr. Velizar Sadovski und Dr. Monica Wenusch an.<\/p>\n\n\n\n<p>Der Staatspreis f\u00fcr literarische \u00dcbersetzung wird j\u00e4hrlich vom BMK\u00d6S vergeben. Die Verleihung der mit jeweils 10.000 Euro dotierten Staatspreise wird am 2. Juli 2023 im Literaturhaus Wien \u00fcber die B\u00fchne gehen.<\/p>\n\n\n\n<p>Kultur Online TV<\/p>\n\n\n\n<p>#literatur #news #preise<\/p>\n\n\n\n<p><\/p>\n\n\n\n<figure class=\"wp-block-image\"><img decoding=\"async\" src=\"https:\/\/t.adcell.com\/p\/image?promoId=315790&amp;slotId=98564\" alt=\"select holidays\"\/><\/figure>\n\n\n\n<p><a href=\"https:\/\/t.adcell.com\/p\/click?promoId=315790&amp;slotId=98564\" target=\"_blank\" rel=\"noreferrer noopener\"><\/a><\/p>\n\n\n\n<p><\/p>\n","protected":false},"excerpt":{"rendered":"<p>Mit \u00d6sterreichischem Staatspreis f\u00fcr literarische \u00dcbersetzung 2022 ausgezeichnet 40 in- und ausl\u00e4ndische \u00dcbersetzerinnen und \u00dcbersetzer erhalten \u00dcbersetzungspr\u00e4mien f\u00fcr 2022 im Gesamtwert von 65.900 Euro. Der \u00dcbersetzungsbeirat des Bundesministeriums f\u00fcr Kunst, Kultur, \u00f6ffentlichen Dienst und Sport (BMK\u00d6S) hat die Preistr\u00e4gerinnen des \u00f6sterreichischen Staatspreises f\u00fcr literarische \u00dcbersetzung des Jahres 2022 verk\u00fcndet: Der Preis f\u00fcr die \u00dcbersetzung ins [&hellip;]<\/p>\n","protected":false},"author":2,"featured_media":17164,"comment_status":"closed","ping_status":"closed","sticky":false,"template":"","format":"standard","meta":{"_acf_changed":false,"footnotes":""},"categories":[133],"tags":[],"class_list":["post-48088","post","type-post","status-publish","format-standard","has-post-thumbnail","hentry","category-literatur"],"acf":[],"yoast_head":"<!-- This site is optimized with the Yoast SEO plugin v26.1.1 - https:\/\/yoast.com\/wordpress\/plugins\/seo\/ -->\n<title>Theresia Prammer und Regaip Minareci - Kultur Online TV &amp; FM<\/title>\n<meta name=\"description\" content=\"40 in- und ausl\u00e4ndische \u00dcbersetzerinnen und \u00dcbersetzer erhalten \u00dcbersetzungspr\u00e4mien f\u00fcr 2022 im Gesamtwert von 65.900 Euro.\" \/>\n<meta name=\"robots\" content=\"index, follow, max-snippet:-1, max-image-preview:large, max-video-preview:-1\" \/>\n<link rel=\"canonical\" href=\"https:\/\/kulturonline.tv\/at\/theresia-prammer-und-regaip-minareci\/\" \/>\n<meta property=\"og:locale\" content=\"de_DE\" \/>\n<meta property=\"og:type\" content=\"article\" \/>\n<meta property=\"og:title\" content=\"Theresia Prammer und Regaip Minareci - Kultur Online TV &amp; FM\" \/>\n<meta property=\"og:description\" content=\"40 in- und ausl\u00e4ndische \u00dcbersetzerinnen und \u00dcbersetzer erhalten \u00dcbersetzungspr\u00e4mien f\u00fcr 2022 im Gesamtwert von 65.900 Euro.\" \/>\n<meta property=\"og:url\" content=\"https:\/\/kulturonline.tv\/at\/theresia-prammer-und-regaip-minareci\/\" \/>\n<meta property=\"og:site_name\" content=\"Kultur Online TV &amp; FM\" \/>\n<meta property=\"article:publisher\" content=\"https:\/\/www.facebook.com\/kulturonline.tv\" \/>\n<meta property=\"article:published_time\" content=\"2023-01-11T20:51:23+00:00\" \/>\n<meta property=\"article:modified_time\" content=\"2023-01-11T20:51:25+00:00\" \/>\n<meta property=\"og:image\" content=\"https:\/\/kulturonline.tv\/wp-content\/uploads\/2021\/12\/Buch-Geschichte-Lernen-Bibliothek-1060x394-1-edited.jpg\" \/>\n\t<meta property=\"og:image:width\" content=\"700\" \/>\n\t<meta property=\"og:image:height\" content=\"394\" \/>\n\t<meta property=\"og:image:type\" content=\"image\/jpeg\" \/>\n<meta name=\"author\" content=\"guenter.wolfgang\" \/>\n<meta name=\"twitter:card\" content=\"summary_large_image\" \/>\n<meta name=\"twitter:label1\" content=\"Verfasst von\" \/>\n\t<meta name=\"twitter:data1\" content=\"guenter.wolfgang\" \/>\n\t<meta name=\"twitter:label2\" content=\"Gesch\u00e4tzte Lesezeit\" \/>\n\t<meta name=\"twitter:data2\" content=\"2 Minuten\" \/>\n<script type=\"application\/ld+json\" class=\"yoast-schema-graph\">{\"@context\":\"https:\/\/schema.org\",\"@graph\":[{\"@type\":\"Article\",\"@id\":\"https:\/\/kulturonline.tv\/at\/theresia-prammer-und-regaip-minareci\/#article\",\"isPartOf\":{\"@id\":\"https:\/\/kulturonline.tv\/at\/theresia-prammer-und-regaip-minareci\/\"},\"author\":{\"name\":\"guenter.wolfgang\",\"@id\":\"https:\/\/kulturonline.tv\/at\/#\/schema\/person\/b0fac729bb9a0c193fb1df23449df4fe\"},\"headline\":\"Theresia Prammer und Regaip Minareci\",\"datePublished\":\"2023-01-11T20:51:23+00:00\",\"dateModified\":\"2023-01-11T20:51:25+00:00\",\"mainEntityOfPage\":{\"@id\":\"https:\/\/kulturonline.tv\/at\/theresia-prammer-und-regaip-minareci\/\"},\"wordCount\":452,\"publisher\":{\"@id\":\"https:\/\/kulturonline.tv\/at\/#organization\"},\"image\":{\"@id\":\"https:\/\/kulturonline.tv\/at\/theresia-prammer-und-regaip-minareci\/#primaryimage\"},\"thumbnailUrl\":\"https:\/\/kulturonline.tv\/wp-content\/uploads\/2021\/12\/Buch-Geschichte-Lernen-Bibliothek-1060x394-1-edited.jpg\",\"articleSection\":[\"Literatur\"],\"inLanguage\":\"de-AT\"},{\"@type\":\"WebPage\",\"@id\":\"https:\/\/kulturonline.tv\/at\/theresia-prammer-und-regaip-minareci\/\",\"url\":\"https:\/\/kulturonline.tv\/at\/theresia-prammer-und-regaip-minareci\/\",\"name\":\"Theresia Prammer und Regaip Minareci - Kultur Online TV &amp; FM\",\"isPartOf\":{\"@id\":\"https:\/\/kulturonline.tv\/at\/#website\"},\"primaryImageOfPage\":{\"@id\":\"https:\/\/kulturonline.tv\/at\/theresia-prammer-und-regaip-minareci\/#primaryimage\"},\"image\":{\"@id\":\"https:\/\/kulturonline.tv\/at\/theresia-prammer-und-regaip-minareci\/#primaryimage\"},\"thumbnailUrl\":\"https:\/\/kulturonline.tv\/wp-content\/uploads\/2021\/12\/Buch-Geschichte-Lernen-Bibliothek-1060x394-1-edited.jpg\",\"datePublished\":\"2023-01-11T20:51:23+00:00\",\"dateModified\":\"2023-01-11T20:51:25+00:00\",\"description\":\"40 in- und ausl\u00e4ndische \u00dcbersetzerinnen und \u00dcbersetzer erhalten \u00dcbersetzungspr\u00e4mien f\u00fcr 2022 im Gesamtwert von 65.900 Euro.\",\"breadcrumb\":{\"@id\":\"https:\/\/kulturonline.tv\/at\/theresia-prammer-und-regaip-minareci\/#breadcrumb\"},\"inLanguage\":\"de-AT\",\"potentialAction\":[{\"@type\":\"ReadAction\",\"target\":[\"https:\/\/kulturonline.tv\/at\/theresia-prammer-und-regaip-minareci\/\"]}]},{\"@type\":\"ImageObject\",\"inLanguage\":\"de-AT\",\"@id\":\"https:\/\/kulturonline.tv\/at\/theresia-prammer-und-regaip-minareci\/#primaryimage\",\"url\":\"https:\/\/kulturonline.tv\/wp-content\/uploads\/2021\/12\/Buch-Geschichte-Lernen-Bibliothek-1060x394-1-edited.jpg\",\"contentUrl\":\"https:\/\/kulturonline.tv\/wp-content\/uploads\/2021\/12\/Buch-Geschichte-Lernen-Bibliothek-1060x394-1-edited.jpg\",\"width\":700,\"height\":394},{\"@type\":\"BreadcrumbList\",\"@id\":\"https:\/\/kulturonline.tv\/at\/theresia-prammer-und-regaip-minareci\/#breadcrumb\",\"itemListElement\":[{\"@type\":\"ListItem\",\"position\":1,\"name\":\"Startseite\",\"item\":\"https:\/\/kulturonline.tv\/at\/\"},{\"@type\":\"ListItem\",\"position\":2,\"name\":\"Theresia Prammer und Regaip Minareci\"}]},{\"@type\":\"WebSite\",\"@id\":\"https:\/\/kulturonline.tv\/at\/#website\",\"url\":\"https:\/\/kulturonline.tv\/at\/\",\"name\":\"Kultur Online TV &amp; FM\",\"description\":\"Wir sind Kultur 2.0 zum sehen &amp; h\u00f6ren\",\"publisher\":{\"@id\":\"https:\/\/kulturonline.tv\/at\/#organization\"},\"potentialAction\":[{\"@type\":\"SearchAction\",\"target\":{\"@type\":\"EntryPoint\",\"urlTemplate\":\"https:\/\/kulturonline.tv\/at\/?s={search_term_string}\"},\"query-input\":{\"@type\":\"PropertyValueSpecification\",\"valueRequired\":true,\"valueName\":\"search_term_string\"}}],\"inLanguage\":\"de-AT\"},{\"@type\":\"Organization\",\"@id\":\"https:\/\/kulturonline.tv\/at\/#organization\",\"name\":\"Kultur Online TV\",\"url\":\"https:\/\/kulturonline.tv\/at\/\",\"logo\":{\"@type\":\"ImageObject\",\"inLanguage\":\"de-AT\",\"@id\":\"https:\/\/kulturonline.tv\/at\/#\/schema\/logo\/image\/\",\"url\":\"https:\/\/kulturonline.tv\/wp-content\/uploads\/2021\/08\/Kultur-Online-Tv-Logo-Endversion-neu.png\",\"contentUrl\":\"https:\/\/kulturonline.tv\/wp-content\/uploads\/2021\/08\/Kultur-Online-Tv-Logo-Endversion-neu.png\",\"width\":200,\"height\":200,\"caption\":\"Kultur Online TV\"},\"image\":{\"@id\":\"https:\/\/kulturonline.tv\/at\/#\/schema\/logo\/image\/\"},\"sameAs\":[\"https:\/\/www.facebook.com\/kulturonline.tv\",\"https:\/\/www.instagram.com\/kulturonline.tv\"]},{\"@type\":\"Person\",\"@id\":\"https:\/\/kulturonline.tv\/at\/#\/schema\/person\/b0fac729bb9a0c193fb1df23449df4fe\",\"name\":\"guenter.wolfgang\"}]}<\/script>\n<!-- \/ Yoast SEO plugin. -->","yoast_head_json":{"title":"Theresia Prammer und Regaip Minareci - Kultur Online TV &amp; FM","description":"40 in- und ausl\u00e4ndische \u00dcbersetzerinnen und \u00dcbersetzer erhalten \u00dcbersetzungspr\u00e4mien f\u00fcr 2022 im Gesamtwert von 65.900 Euro.","robots":{"index":"index","follow":"follow","max-snippet":"max-snippet:-1","max-image-preview":"max-image-preview:large","max-video-preview":"max-video-preview:-1"},"canonical":"https:\/\/kulturonline.tv\/at\/theresia-prammer-und-regaip-minareci\/","og_locale":"de_DE","og_type":"article","og_title":"Theresia Prammer und Regaip Minareci - Kultur Online TV &amp; FM","og_description":"40 in- und ausl\u00e4ndische \u00dcbersetzerinnen und \u00dcbersetzer erhalten \u00dcbersetzungspr\u00e4mien f\u00fcr 2022 im Gesamtwert von 65.900 Euro.","og_url":"https:\/\/kulturonline.tv\/at\/theresia-prammer-und-regaip-minareci\/","og_site_name":"Kultur Online TV &amp; FM","article_publisher":"https:\/\/www.facebook.com\/kulturonline.tv","article_published_time":"2023-01-11T20:51:23+00:00","article_modified_time":"2023-01-11T20:51:25+00:00","og_image":[{"width":700,"height":394,"url":"https:\/\/kulturonline.tv\/wp-content\/uploads\/2021\/12\/Buch-Geschichte-Lernen-Bibliothek-1060x394-1-edited.jpg","type":"image\/jpeg"}],"author":"guenter.wolfgang","twitter_card":"summary_large_image","twitter_misc":{"Verfasst von":"guenter.wolfgang","Gesch\u00e4tzte Lesezeit":"2 Minuten"},"schema":{"@context":"https:\/\/schema.org","@graph":[{"@type":"Article","@id":"https:\/\/kulturonline.tv\/at\/theresia-prammer-und-regaip-minareci\/#article","isPartOf":{"@id":"https:\/\/kulturonline.tv\/at\/theresia-prammer-und-regaip-minareci\/"},"author":{"name":"guenter.wolfgang","@id":"https:\/\/kulturonline.tv\/at\/#\/schema\/person\/b0fac729bb9a0c193fb1df23449df4fe"},"headline":"Theresia Prammer und Regaip Minareci","datePublished":"2023-01-11T20:51:23+00:00","dateModified":"2023-01-11T20:51:25+00:00","mainEntityOfPage":{"@id":"https:\/\/kulturonline.tv\/at\/theresia-prammer-und-regaip-minareci\/"},"wordCount":452,"publisher":{"@id":"https:\/\/kulturonline.tv\/at\/#organization"},"image":{"@id":"https:\/\/kulturonline.tv\/at\/theresia-prammer-und-regaip-minareci\/#primaryimage"},"thumbnailUrl":"https:\/\/kulturonline.tv\/wp-content\/uploads\/2021\/12\/Buch-Geschichte-Lernen-Bibliothek-1060x394-1-edited.jpg","articleSection":["Literatur"],"inLanguage":"de-AT"},{"@type":"WebPage","@id":"https:\/\/kulturonline.tv\/at\/theresia-prammer-und-regaip-minareci\/","url":"https:\/\/kulturonline.tv\/at\/theresia-prammer-und-regaip-minareci\/","name":"Theresia Prammer und Regaip Minareci - Kultur Online TV &amp; FM","isPartOf":{"@id":"https:\/\/kulturonline.tv\/at\/#website"},"primaryImageOfPage":{"@id":"https:\/\/kulturonline.tv\/at\/theresia-prammer-und-regaip-minareci\/#primaryimage"},"image":{"@id":"https:\/\/kulturonline.tv\/at\/theresia-prammer-und-regaip-minareci\/#primaryimage"},"thumbnailUrl":"https:\/\/kulturonline.tv\/wp-content\/uploads\/2021\/12\/Buch-Geschichte-Lernen-Bibliothek-1060x394-1-edited.jpg","datePublished":"2023-01-11T20:51:23+00:00","dateModified":"2023-01-11T20:51:25+00:00","description":"40 in- und ausl\u00e4ndische \u00dcbersetzerinnen und \u00dcbersetzer erhalten \u00dcbersetzungspr\u00e4mien f\u00fcr 2022 im Gesamtwert von 65.900 Euro.","breadcrumb":{"@id":"https:\/\/kulturonline.tv\/at\/theresia-prammer-und-regaip-minareci\/#breadcrumb"},"inLanguage":"de-AT","potentialAction":[{"@type":"ReadAction","target":["https:\/\/kulturonline.tv\/at\/theresia-prammer-und-regaip-minareci\/"]}]},{"@type":"ImageObject","inLanguage":"de-AT","@id":"https:\/\/kulturonline.tv\/at\/theresia-prammer-und-regaip-minareci\/#primaryimage","url":"https:\/\/kulturonline.tv\/wp-content\/uploads\/2021\/12\/Buch-Geschichte-Lernen-Bibliothek-1060x394-1-edited.jpg","contentUrl":"https:\/\/kulturonline.tv\/wp-content\/uploads\/2021\/12\/Buch-Geschichte-Lernen-Bibliothek-1060x394-1-edited.jpg","width":700,"height":394},{"@type":"BreadcrumbList","@id":"https:\/\/kulturonline.tv\/at\/theresia-prammer-und-regaip-minareci\/#breadcrumb","itemListElement":[{"@type":"ListItem","position":1,"name":"Startseite","item":"https:\/\/kulturonline.tv\/at\/"},{"@type":"ListItem","position":2,"name":"Theresia Prammer und Regaip Minareci"}]},{"@type":"WebSite","@id":"https:\/\/kulturonline.tv\/at\/#website","url":"https:\/\/kulturonline.tv\/at\/","name":"Kultur Online TV &amp; FM","description":"Wir sind Kultur 2.0 zum sehen &amp; h\u00f6ren","publisher":{"@id":"https:\/\/kulturonline.tv\/at\/#organization"},"potentialAction":[{"@type":"SearchAction","target":{"@type":"EntryPoint","urlTemplate":"https:\/\/kulturonline.tv\/at\/?s={search_term_string}"},"query-input":{"@type":"PropertyValueSpecification","valueRequired":true,"valueName":"search_term_string"}}],"inLanguage":"de-AT"},{"@type":"Organization","@id":"https:\/\/kulturonline.tv\/at\/#organization","name":"Kultur Online TV","url":"https:\/\/kulturonline.tv\/at\/","logo":{"@type":"ImageObject","inLanguage":"de-AT","@id":"https:\/\/kulturonline.tv\/at\/#\/schema\/logo\/image\/","url":"https:\/\/kulturonline.tv\/wp-content\/uploads\/2021\/08\/Kultur-Online-Tv-Logo-Endversion-neu.png","contentUrl":"https:\/\/kulturonline.tv\/wp-content\/uploads\/2021\/08\/Kultur-Online-Tv-Logo-Endversion-neu.png","width":200,"height":200,"caption":"Kultur Online TV"},"image":{"@id":"https:\/\/kulturonline.tv\/at\/#\/schema\/logo\/image\/"},"sameAs":["https:\/\/www.facebook.com\/kulturonline.tv","https:\/\/www.instagram.com\/kulturonline.tv"]},{"@type":"Person","@id":"https:\/\/kulturonline.tv\/at\/#\/schema\/person\/b0fac729bb9a0c193fb1df23449df4fe","name":"guenter.wolfgang"}]}},"_links":{"self":[{"href":"https:\/\/kulturonline.tv\/at\/wp-json\/wp\/v2\/posts\/48088","targetHints":{"allow":["GET"]}}],"collection":[{"href":"https:\/\/kulturonline.tv\/at\/wp-json\/wp\/v2\/posts"}],"about":[{"href":"https:\/\/kulturonline.tv\/at\/wp-json\/wp\/v2\/types\/post"}],"author":[{"embeddable":true,"href":"https:\/\/kulturonline.tv\/at\/wp-json\/wp\/v2\/users\/2"}],"replies":[{"embeddable":true,"href":"https:\/\/kulturonline.tv\/at\/wp-json\/wp\/v2\/comments?post=48088"}],"version-history":[{"count":0,"href":"https:\/\/kulturonline.tv\/at\/wp-json\/wp\/v2\/posts\/48088\/revisions"}],"wp:featuredmedia":[{"embeddable":true,"href":"https:\/\/kulturonline.tv\/at\/wp-json\/wp\/v2\/media\/17164"}],"wp:attachment":[{"href":"https:\/\/kulturonline.tv\/at\/wp-json\/wp\/v2\/media?parent=48088"}],"wp:term":[{"taxonomy":"category","embeddable":true,"href":"https:\/\/kulturonline.tv\/at\/wp-json\/wp\/v2\/categories?post=48088"},{"taxonomy":"post_tag","embeddable":true,"href":"https:\/\/kulturonline.tv\/at\/wp-json\/wp\/v2\/tags?post=48088"}],"curies":[{"name":"wp","href":"https:\/\/api.w.org\/{rel}","templated":true}]}}