{"id":48396,"date":"2023-01-15T06:30:34","date_gmt":"2023-01-15T05:30:34","guid":{"rendered":"https:\/\/kulturonline.tv\/?p=48396"},"modified":"2023-01-15T06:30:36","modified_gmt":"2023-01-15T05:30:36","slug":"wiener-autor-und-kulturjournalist-ulrich-weinzierl-verstorben","status":"publish","type":"post","link":"https:\/\/kulturonline.tv\/at\/wiener-autor-und-kulturjournalist-ulrich-weinzierl-verstorben\/","title":{"rendered":"Wiener Autor und Kulturjournalist Ulrich Weinzierl verstorben"},"content":{"rendered":"\n<p>Mit Ulrich Weinzierl verliert \u00d6sterreich einen der angesehensten Kulturjournalisten und Literaturkritiker.<\/p>\n\n\n\n<figure class=\"wp-block-image size-large\"><img fetchpriority=\"high\" decoding=\"async\" width=\"1600\" height=\"900\" src=\"https:\/\/kulturonline.tv\/wp-content\/uploads\/2023\/01\/ktv-1600x900.jpg\" alt=\"\" class=\"wp-image-48397\" srcset=\"https:\/\/kulturonline.tv\/wp-content\/uploads\/2023\/01\/ktv-1600x900.jpg 1600w, https:\/\/kulturonline.tv\/wp-content\/uploads\/2023\/01\/ktv-800x450.jpg 800w, https:\/\/kulturonline.tv\/wp-content\/uploads\/2023\/01\/ktv-768x432.jpg 768w, https:\/\/kulturonline.tv\/wp-content\/uploads\/2023\/01\/ktv-1536x864.jpg 1536w, https:\/\/kulturonline.tv\/wp-content\/uploads\/2023\/01\/ktv-600x338.jpg 600w, https:\/\/kulturonline.tv\/wp-content\/uploads\/2023\/01\/ktv.jpg 1920w\" sizes=\"(max-width: 1600px) 100vw, 1600px\" \/><\/figure>\n\n\n\n<p>\u201eUlrich Weinzierl hat sich der Literatur, insbesondere der \u00f6sterreichischen, verschrieben. Mit seinen bemerkenswerten Publikationen \u00fcber Alfred Polgar, Hugo von Hofmannstahl, Stefan Zweig, Arthur Schnitzler oder Carl Seelig hat er unseren Blick f\u00fcr deren Werke und Biografien nachhaltig ver\u00e4ndert. <\/p>\n\n\n\n<p>F\u00fcr seine Verdienste als aufmerksamer, diskursf\u00f6rdernd Beobachter des kulturellen Geschehens wurde er zu Recht schon vor Langem mit dem \u00d6sterreichischer Staatspreis f\u00fcr Literaturkritik ausgezeichnet. Als Mitglied der Jury des Ingeborg-Bachmann-Preises war er ein wertvoller Hinweisgeber, wie Literatur unserem Leben bereichern kann. <\/p>\n\n\n\n<p>Kultur Online TV<\/p>\n\n\n\n<p>#news #literatur<\/p>\n","protected":false},"excerpt":{"rendered":"<p>Mit Ulrich Weinzierl verliert \u00d6sterreich einen der angesehensten Kulturjournalisten und Literaturkritiker. \u201eUlrich Weinzierl hat sich der Literatur, insbesondere der \u00f6sterreichischen, verschrieben. Mit seinen bemerkenswerten Publikationen \u00fcber Alfred Polgar, Hugo von Hofmannstahl, Stefan Zweig, Arthur Schnitzler oder Carl Seelig hat er unseren Blick f\u00fcr deren Werke und Biografien nachhaltig ver\u00e4ndert. F\u00fcr seine Verdienste als aufmerksamer, diskursf\u00f6rdernd [&hellip;]<\/p>\n","protected":false},"author":2,"featured_media":48397,"comment_status":"closed","ping_status":"closed","sticky":false,"template":"","format":"standard","meta":{"_acf_changed":false,"footnotes":""},"categories":[133],"tags":[],"class_list":["post-48396","post","type-post","status-publish","format-standard","has-post-thumbnail","hentry","category-literatur"],"acf":[],"yoast_head":"<!-- This site is optimized with the Yoast SEO plugin v26.1.1 - https:\/\/yoast.com\/wordpress\/plugins\/seo\/ -->\n<title>Wiener Autor und Kulturjournalist Ulrich Weinzierl verstorben - Kultur Online TV &amp; FM<\/title>\n<meta name=\"description\" content=\"Mit Ulrich Weinzierl verliert \u00d6sterreich einen der angesehensten Kulturjournalisten und Literaturkritiker.\" \/>\n<meta name=\"robots\" content=\"index, follow, max-snippet:-1, max-image-preview:large, max-video-preview:-1\" \/>\n<link rel=\"canonical\" href=\"https:\/\/kulturonline.tv\/at\/wiener-autor-und-kulturjournalist-ulrich-weinzierl-verstorben\/\" \/>\n<meta property=\"og:locale\" content=\"de_DE\" \/>\n<meta property=\"og:type\" content=\"article\" \/>\n<meta property=\"og:title\" content=\"Wiener Autor und Kulturjournalist Ulrich Weinzierl verstorben - Kultur Online TV &amp; FM\" \/>\n<meta property=\"og:description\" content=\"Mit Ulrich Weinzierl verliert \u00d6sterreich einen der angesehensten Kulturjournalisten und Literaturkritiker.\" \/>\n<meta property=\"og:url\" content=\"https:\/\/kulturonline.tv\/at\/wiener-autor-und-kulturjournalist-ulrich-weinzierl-verstorben\/\" \/>\n<meta property=\"og:site_name\" content=\"Kultur Online TV &amp; FM\" \/>\n<meta property=\"article:publisher\" content=\"https:\/\/www.facebook.com\/kulturonline.tv\" \/>\n<meta property=\"article:published_time\" content=\"2023-01-15T05:30:34+00:00\" \/>\n<meta property=\"article:modified_time\" content=\"2023-01-15T05:30:36+00:00\" \/>\n<meta property=\"og:image\" content=\"https:\/\/kulturonline.tv\/wp-content\/uploads\/2023\/01\/ktv.jpg\" \/>\n\t<meta property=\"og:image:width\" content=\"1920\" \/>\n\t<meta property=\"og:image:height\" content=\"1080\" \/>\n\t<meta property=\"og:image:type\" content=\"image\/jpeg\" \/>\n<meta name=\"author\" content=\"guenter.wolfgang\" \/>\n<meta name=\"twitter:card\" content=\"summary_large_image\" \/>\n<meta name=\"twitter:label1\" content=\"Verfasst von\" \/>\n\t<meta name=\"twitter:data1\" content=\"guenter.wolfgang\" \/>\n\t<meta name=\"twitter:label2\" content=\"Gesch\u00e4tzte Lesezeit\" \/>\n\t<meta name=\"twitter:data2\" content=\"1 Minute\" \/>\n<script type=\"application\/ld+json\" class=\"yoast-schema-graph\">{\"@context\":\"https:\/\/schema.org\",\"@graph\":[{\"@type\":\"Article\",\"@id\":\"https:\/\/kulturonline.tv\/at\/wiener-autor-und-kulturjournalist-ulrich-weinzierl-verstorben\/#article\",\"isPartOf\":{\"@id\":\"https:\/\/kulturonline.tv\/at\/wiener-autor-und-kulturjournalist-ulrich-weinzierl-verstorben\/\"},\"author\":{\"name\":\"guenter.wolfgang\",\"@id\":\"https:\/\/kulturonline.tv\/at\/#\/schema\/person\/b0fac729bb9a0c193fb1df23449df4fe\"},\"headline\":\"Wiener Autor und Kulturjournalist Ulrich Weinzierl verstorben\",\"datePublished\":\"2023-01-15T05:30:34+00:00\",\"dateModified\":\"2023-01-15T05:30:36+00:00\",\"mainEntityOfPage\":{\"@id\":\"https:\/\/kulturonline.tv\/at\/wiener-autor-und-kulturjournalist-ulrich-weinzierl-verstorben\/\"},\"wordCount\":107,\"publisher\":{\"@id\":\"https:\/\/kulturonline.tv\/at\/#organization\"},\"image\":{\"@id\":\"https:\/\/kulturonline.tv\/at\/wiener-autor-und-kulturjournalist-ulrich-weinzierl-verstorben\/#primaryimage\"},\"thumbnailUrl\":\"https:\/\/kulturonline.tv\/wp-content\/uploads\/2023\/01\/ktv.jpg\",\"articleSection\":[\"Literatur\"],\"inLanguage\":\"de-AT\"},{\"@type\":\"WebPage\",\"@id\":\"https:\/\/kulturonline.tv\/at\/wiener-autor-und-kulturjournalist-ulrich-weinzierl-verstorben\/\",\"url\":\"https:\/\/kulturonline.tv\/at\/wiener-autor-und-kulturjournalist-ulrich-weinzierl-verstorben\/\",\"name\":\"Wiener Autor und Kulturjournalist Ulrich Weinzierl verstorben - Kultur Online TV &amp; FM\",\"isPartOf\":{\"@id\":\"https:\/\/kulturonline.tv\/at\/#website\"},\"primaryImageOfPage\":{\"@id\":\"https:\/\/kulturonline.tv\/at\/wiener-autor-und-kulturjournalist-ulrich-weinzierl-verstorben\/#primaryimage\"},\"image\":{\"@id\":\"https:\/\/kulturonline.tv\/at\/wiener-autor-und-kulturjournalist-ulrich-weinzierl-verstorben\/#primaryimage\"},\"thumbnailUrl\":\"https:\/\/kulturonline.tv\/wp-content\/uploads\/2023\/01\/ktv.jpg\",\"datePublished\":\"2023-01-15T05:30:34+00:00\",\"dateModified\":\"2023-01-15T05:30:36+00:00\",\"description\":\"Mit Ulrich Weinzierl verliert \u00d6sterreich einen der angesehensten Kulturjournalisten und Literaturkritiker.\",\"breadcrumb\":{\"@id\":\"https:\/\/kulturonline.tv\/at\/wiener-autor-und-kulturjournalist-ulrich-weinzierl-verstorben\/#breadcrumb\"},\"inLanguage\":\"de-AT\",\"potentialAction\":[{\"@type\":\"ReadAction\",\"target\":[\"https:\/\/kulturonline.tv\/at\/wiener-autor-und-kulturjournalist-ulrich-weinzierl-verstorben\/\"]}]},{\"@type\":\"ImageObject\",\"inLanguage\":\"de-AT\",\"@id\":\"https:\/\/kulturonline.tv\/at\/wiener-autor-und-kulturjournalist-ulrich-weinzierl-verstorben\/#primaryimage\",\"url\":\"https:\/\/kulturonline.tv\/wp-content\/uploads\/2023\/01\/ktv.jpg\",\"contentUrl\":\"https:\/\/kulturonline.tv\/wp-content\/uploads\/2023\/01\/ktv.jpg\",\"width\":1920,\"height\":1080},{\"@type\":\"BreadcrumbList\",\"@id\":\"https:\/\/kulturonline.tv\/at\/wiener-autor-und-kulturjournalist-ulrich-weinzierl-verstorben\/#breadcrumb\",\"itemListElement\":[{\"@type\":\"ListItem\",\"position\":1,\"name\":\"Startseite\",\"item\":\"https:\/\/kulturonline.tv\/at\/\"},{\"@type\":\"ListItem\",\"position\":2,\"name\":\"Wiener Autor und Kulturjournalist Ulrich Weinzierl verstorben\"}]},{\"@type\":\"WebSite\",\"@id\":\"https:\/\/kulturonline.tv\/at\/#website\",\"url\":\"https:\/\/kulturonline.tv\/at\/\",\"name\":\"Kultur Online TV &amp; FM\",\"description\":\"Wir sind Kultur 2.0 zum sehen &amp; h\u00f6ren\",\"publisher\":{\"@id\":\"https:\/\/kulturonline.tv\/at\/#organization\"},\"potentialAction\":[{\"@type\":\"SearchAction\",\"target\":{\"@type\":\"EntryPoint\",\"urlTemplate\":\"https:\/\/kulturonline.tv\/at\/?s={search_term_string}\"},\"query-input\":{\"@type\":\"PropertyValueSpecification\",\"valueRequired\":true,\"valueName\":\"search_term_string\"}}],\"inLanguage\":\"de-AT\"},{\"@type\":\"Organization\",\"@id\":\"https:\/\/kulturonline.tv\/at\/#organization\",\"name\":\"Kultur Online TV\",\"url\":\"https:\/\/kulturonline.tv\/at\/\",\"logo\":{\"@type\":\"ImageObject\",\"inLanguage\":\"de-AT\",\"@id\":\"https:\/\/kulturonline.tv\/at\/#\/schema\/logo\/image\/\",\"url\":\"https:\/\/kulturonline.tv\/wp-content\/uploads\/2021\/08\/Kultur-Online-Tv-Logo-Endversion-neu.png\",\"contentUrl\":\"https:\/\/kulturonline.tv\/wp-content\/uploads\/2021\/08\/Kultur-Online-Tv-Logo-Endversion-neu.png\",\"width\":200,\"height\":200,\"caption\":\"Kultur Online TV\"},\"image\":{\"@id\":\"https:\/\/kulturonline.tv\/at\/#\/schema\/logo\/image\/\"},\"sameAs\":[\"https:\/\/www.facebook.com\/kulturonline.tv\",\"https:\/\/www.instagram.com\/kulturonline.tv\"]},{\"@type\":\"Person\",\"@id\":\"https:\/\/kulturonline.tv\/at\/#\/schema\/person\/b0fac729bb9a0c193fb1df23449df4fe\",\"name\":\"guenter.wolfgang\"}]}<\/script>\n<!-- \/ Yoast SEO plugin. -->","yoast_head_json":{"title":"Wiener Autor und Kulturjournalist Ulrich Weinzierl verstorben - Kultur Online TV &amp; FM","description":"Mit Ulrich Weinzierl verliert \u00d6sterreich einen der angesehensten Kulturjournalisten und Literaturkritiker.","robots":{"index":"index","follow":"follow","max-snippet":"max-snippet:-1","max-image-preview":"max-image-preview:large","max-video-preview":"max-video-preview:-1"},"canonical":"https:\/\/kulturonline.tv\/at\/wiener-autor-und-kulturjournalist-ulrich-weinzierl-verstorben\/","og_locale":"de_DE","og_type":"article","og_title":"Wiener Autor und Kulturjournalist Ulrich Weinzierl verstorben - Kultur Online TV &amp; FM","og_description":"Mit Ulrich Weinzierl verliert \u00d6sterreich einen der angesehensten Kulturjournalisten und Literaturkritiker.","og_url":"https:\/\/kulturonline.tv\/at\/wiener-autor-und-kulturjournalist-ulrich-weinzierl-verstorben\/","og_site_name":"Kultur Online TV &amp; FM","article_publisher":"https:\/\/www.facebook.com\/kulturonline.tv","article_published_time":"2023-01-15T05:30:34+00:00","article_modified_time":"2023-01-15T05:30:36+00:00","og_image":[{"width":1920,"height":1080,"url":"https:\/\/kulturonline.tv\/wp-content\/uploads\/2023\/01\/ktv.jpg","type":"image\/jpeg"}],"author":"guenter.wolfgang","twitter_card":"summary_large_image","twitter_misc":{"Verfasst von":"guenter.wolfgang","Gesch\u00e4tzte Lesezeit":"1 Minute"},"schema":{"@context":"https:\/\/schema.org","@graph":[{"@type":"Article","@id":"https:\/\/kulturonline.tv\/at\/wiener-autor-und-kulturjournalist-ulrich-weinzierl-verstorben\/#article","isPartOf":{"@id":"https:\/\/kulturonline.tv\/at\/wiener-autor-und-kulturjournalist-ulrich-weinzierl-verstorben\/"},"author":{"name":"guenter.wolfgang","@id":"https:\/\/kulturonline.tv\/at\/#\/schema\/person\/b0fac729bb9a0c193fb1df23449df4fe"},"headline":"Wiener Autor und Kulturjournalist Ulrich Weinzierl verstorben","datePublished":"2023-01-15T05:30:34+00:00","dateModified":"2023-01-15T05:30:36+00:00","mainEntityOfPage":{"@id":"https:\/\/kulturonline.tv\/at\/wiener-autor-und-kulturjournalist-ulrich-weinzierl-verstorben\/"},"wordCount":107,"publisher":{"@id":"https:\/\/kulturonline.tv\/at\/#organization"},"image":{"@id":"https:\/\/kulturonline.tv\/at\/wiener-autor-und-kulturjournalist-ulrich-weinzierl-verstorben\/#primaryimage"},"thumbnailUrl":"https:\/\/kulturonline.tv\/wp-content\/uploads\/2023\/01\/ktv.jpg","articleSection":["Literatur"],"inLanguage":"de-AT"},{"@type":"WebPage","@id":"https:\/\/kulturonline.tv\/at\/wiener-autor-und-kulturjournalist-ulrich-weinzierl-verstorben\/","url":"https:\/\/kulturonline.tv\/at\/wiener-autor-und-kulturjournalist-ulrich-weinzierl-verstorben\/","name":"Wiener Autor und Kulturjournalist Ulrich Weinzierl verstorben - Kultur Online TV &amp; FM","isPartOf":{"@id":"https:\/\/kulturonline.tv\/at\/#website"},"primaryImageOfPage":{"@id":"https:\/\/kulturonline.tv\/at\/wiener-autor-und-kulturjournalist-ulrich-weinzierl-verstorben\/#primaryimage"},"image":{"@id":"https:\/\/kulturonline.tv\/at\/wiener-autor-und-kulturjournalist-ulrich-weinzierl-verstorben\/#primaryimage"},"thumbnailUrl":"https:\/\/kulturonline.tv\/wp-content\/uploads\/2023\/01\/ktv.jpg","datePublished":"2023-01-15T05:30:34+00:00","dateModified":"2023-01-15T05:30:36+00:00","description":"Mit Ulrich Weinzierl verliert \u00d6sterreich einen der angesehensten Kulturjournalisten und Literaturkritiker.","breadcrumb":{"@id":"https:\/\/kulturonline.tv\/at\/wiener-autor-und-kulturjournalist-ulrich-weinzierl-verstorben\/#breadcrumb"},"inLanguage":"de-AT","potentialAction":[{"@type":"ReadAction","target":["https:\/\/kulturonline.tv\/at\/wiener-autor-und-kulturjournalist-ulrich-weinzierl-verstorben\/"]}]},{"@type":"ImageObject","inLanguage":"de-AT","@id":"https:\/\/kulturonline.tv\/at\/wiener-autor-und-kulturjournalist-ulrich-weinzierl-verstorben\/#primaryimage","url":"https:\/\/kulturonline.tv\/wp-content\/uploads\/2023\/01\/ktv.jpg","contentUrl":"https:\/\/kulturonline.tv\/wp-content\/uploads\/2023\/01\/ktv.jpg","width":1920,"height":1080},{"@type":"BreadcrumbList","@id":"https:\/\/kulturonline.tv\/at\/wiener-autor-und-kulturjournalist-ulrich-weinzierl-verstorben\/#breadcrumb","itemListElement":[{"@type":"ListItem","position":1,"name":"Startseite","item":"https:\/\/kulturonline.tv\/at\/"},{"@type":"ListItem","position":2,"name":"Wiener Autor und Kulturjournalist Ulrich Weinzierl verstorben"}]},{"@type":"WebSite","@id":"https:\/\/kulturonline.tv\/at\/#website","url":"https:\/\/kulturonline.tv\/at\/","name":"Kultur Online TV &amp; FM","description":"Wir sind Kultur 2.0 zum sehen &amp; h\u00f6ren","publisher":{"@id":"https:\/\/kulturonline.tv\/at\/#organization"},"potentialAction":[{"@type":"SearchAction","target":{"@type":"EntryPoint","urlTemplate":"https:\/\/kulturonline.tv\/at\/?s={search_term_string}"},"query-input":{"@type":"PropertyValueSpecification","valueRequired":true,"valueName":"search_term_string"}}],"inLanguage":"de-AT"},{"@type":"Organization","@id":"https:\/\/kulturonline.tv\/at\/#organization","name":"Kultur Online TV","url":"https:\/\/kulturonline.tv\/at\/","logo":{"@type":"ImageObject","inLanguage":"de-AT","@id":"https:\/\/kulturonline.tv\/at\/#\/schema\/logo\/image\/","url":"https:\/\/kulturonline.tv\/wp-content\/uploads\/2021\/08\/Kultur-Online-Tv-Logo-Endversion-neu.png","contentUrl":"https:\/\/kulturonline.tv\/wp-content\/uploads\/2021\/08\/Kultur-Online-Tv-Logo-Endversion-neu.png","width":200,"height":200,"caption":"Kultur Online TV"},"image":{"@id":"https:\/\/kulturonline.tv\/at\/#\/schema\/logo\/image\/"},"sameAs":["https:\/\/www.facebook.com\/kulturonline.tv","https:\/\/www.instagram.com\/kulturonline.tv"]},{"@type":"Person","@id":"https:\/\/kulturonline.tv\/at\/#\/schema\/person\/b0fac729bb9a0c193fb1df23449df4fe","name":"guenter.wolfgang"}]}},"_links":{"self":[{"href":"https:\/\/kulturonline.tv\/at\/wp-json\/wp\/v2\/posts\/48396","targetHints":{"allow":["GET"]}}],"collection":[{"href":"https:\/\/kulturonline.tv\/at\/wp-json\/wp\/v2\/posts"}],"about":[{"href":"https:\/\/kulturonline.tv\/at\/wp-json\/wp\/v2\/types\/post"}],"author":[{"embeddable":true,"href":"https:\/\/kulturonline.tv\/at\/wp-json\/wp\/v2\/users\/2"}],"replies":[{"embeddable":true,"href":"https:\/\/kulturonline.tv\/at\/wp-json\/wp\/v2\/comments?post=48396"}],"version-history":[{"count":0,"href":"https:\/\/kulturonline.tv\/at\/wp-json\/wp\/v2\/posts\/48396\/revisions"}],"wp:featuredmedia":[{"embeddable":true,"href":"https:\/\/kulturonline.tv\/at\/wp-json\/wp\/v2\/media\/48397"}],"wp:attachment":[{"href":"https:\/\/kulturonline.tv\/at\/wp-json\/wp\/v2\/media?parent=48396"}],"wp:term":[{"taxonomy":"category","embeddable":true,"href":"https:\/\/kulturonline.tv\/at\/wp-json\/wp\/v2\/categories?post=48396"},{"taxonomy":"post_tag","embeddable":true,"href":"https:\/\/kulturonline.tv\/at\/wp-json\/wp\/v2\/tags?post=48396"}],"curies":[{"name":"wp","href":"https:\/\/api.w.org\/{rel}","templated":true}]}}