{"id":48451,"date":"2023-01-22T08:28:45","date_gmt":"2023-01-22T07:28:45","guid":{"rendered":"https:\/\/kulturonline.tv\/?p=48451"},"modified":"2023-01-22T08:28:46","modified_gmt":"2023-01-22T07:28:46","slug":"literatur-stipendiatinnen-der-stadt-wien-fuer-2023-stehen-fest","status":"publish","type":"post","link":"https:\/\/kulturonline.tv\/at\/literatur-stipendiatinnen-der-stadt-wien-fuer-2023-stehen-fest\/","title":{"rendered":"Literatur-Stipendiat*innen der Stadt Wien f\u00fcr 2023 stehen fest"},"content":{"rendered":"\n<p>Paul Ferstl, Eva Geber, Tanja Paar und Richard Schuberth erhalten das Elias-Canetti-Stipendium der Stadt Wien. Weitere 24 Wiener Autor*innen werden mit Arbeitsstipendien gef\u00f6rdert.<\/p>\n\n\n\n<figure class=\"wp-block-image size-full\"><img fetchpriority=\"high\" decoding=\"async\" width=\"1280\" height=\"720\" src=\"https:\/\/kulturonline.tv\/wp-content\/uploads\/2021\/09\/Kultur-Online-TV-Literatur.jpg\" alt=\"\" class=\"wp-image-7271\" srcset=\"https:\/\/kulturonline.tv\/wp-content\/uploads\/2021\/09\/Kultur-Online-TV-Literatur.jpg 1280w, https:\/\/kulturonline.tv\/wp-content\/uploads\/2021\/09\/Kultur-Online-TV-Literatur-600x338.jpg 600w, https:\/\/kulturonline.tv\/wp-content\/uploads\/2021\/09\/Kultur-Online-TV-Literatur-800x450.jpg 800w, https:\/\/kulturonline.tv\/wp-content\/uploads\/2021\/09\/Kultur-Online-TV-Literatur-768x432.jpg 768w\" sizes=\"(max-width: 1280px) 100vw, 1280px\" \/><\/figure>\n\n\n\n<p>Seit 40 Jahren stiftet die Kulturabteilung der Stadt Wien zu Ehren des Nobelpreistr\u00e4gers f\u00fcr Literatur, Elias Canetti, ein Stipendium f\u00fcr Wiener Autor<em>innen. Es wird zur F\u00f6rderung gr\u00f6\u00dferer literarischer Arbeiten f\u00fcr die Dauer von jeweils einem Jahr vergeben und kann auf bis zu drei Jahre verl\u00e4ngert werden. Autor<\/em>innen, die bereits ein repr\u00e4sentatives Werkverzeichnis vorweisen k\u00f6nnen, bekommen so die M\u00f6glichkeit, sich \u00fcber einen l\u00e4ngeren Zeitraum hinweg intensiv auf ihre schriftstellerische Arbeit zu konzentrieren. Die Stipendien werden monatlich ausbezahlt und sind mit einer Gesamtsumme von jeweils 18.000 Euro dotiert.<\/p>\n\n\n\n<p>Paul Ferstl, Eva Geber und Tanja Paar erhalten das Elias-Canetti-Stipendium 2023 zum ersten Mal, Richard Schuberths Stipendium wird um ein Jahr verl\u00e4ngert. In der Jurybegr\u00fcndung hei\u00dft es dazu:<\/p>\n\n\n\n<p>\u201ePaul Ferstls Romanprojekt \u201eRostrot\u201c setzt sich in packender Weise mit den politischen, sozialen und gesellschaftlichen Krisen und Gegens\u00e4tzen der Jahre zwischen 1934 und 1938 an der steirischen Eisenstra\u00dfe, in Leoben und Eisenerz, auseinander. Es ist ein zeitgeschichtlicher Roman von au\u00dferordentlicher Qualit\u00e4t zu erwarten.<\/p>\n\n\n\n<p>Auf den \u00fcberschaubaren Raum der Stadtgemeinde von Hainburg bezogen, dehnt sich das Vorhaben von Eva Geber zugleich thematisch und zeitlich weit aus. Von der sogenannten \u201eKeltenzeit\u201c bis in die Gegenwart soll die geplante literarische Erkundung reichen, die das tr\u00fcgerische Kontinuum von Stadtgeschichte aufsprengt. Ihren sozialen, feministischen und antifaschistischen Ansatz wird die Autorin hier im dokumentarisch fundierten Erz\u00e4hlen zu entfalten suchen. Zu erwarten ist eine von Mitgef\u00fchl und kritischer Distanz bestimmte literarische Chronik.<\/p>\n\n\n\n<p>Tanja Paars Romanprojekt \u201eDer Scheitel seiner Frau\u201c widmet sich der im Semmeringgebiet in der Zeit zwischen den 1920er und den 1940er Jahren zusammentreffenden gemischten Gesellschaft. Es handelt sich um betuchte Sommerfrischler, aber auch um einheimische \u201ekleine\u201c Leute \u2013 Beamte, Kaufleute, Arbeiter*innen. Der Roman verspricht fundierte zeitgeschichtliche Einblicke, unter anderem in die Geschicke der j\u00fcdischen Bev\u00f6lkerung. Die eingereichte Textprobe besticht durch ihre raffinierte Erz\u00e4hlweise.\u201c<\/p>\n\n\n\n<p>\u201eEs ist mir ein gro\u00dfes Anliegen, die Arbeitsbedingungen von K\u00fcnstler<em>innen stetig zu verbessern. Dies ist mit der dauerhaften Verankerung der Arbeitsstipendien ins F\u00f6rdersystem der Kulturabteilung gelungen. Denn hier wird der gesamte Schaffensprozess, das Recherchieren ebenso wie das Schreiben von literarischen und dramatischen Texten unterst\u00fctzt \u2013 denn k\u00fcnstlerisches Schaffen ist Arbeit und wird von der Stadt Wien auch als solche anerkannt\u201c, unterstreicht Wiens Kulturstadtr\u00e4tin Veronica Kaup-Hasler. \u201eAuch den Elias-Canetti-Stipendiat<\/em>innen gratuliere ich und hoffe, dass die nachhaltige Unterst\u00fctzung dazu beitr\u00e4gt, ihre vielversprechenden Buchprojekte bestm\u00f6glich zu verwirklichen.\u201c<\/p>\n\n\n\n<p>Wiener Arbeitsstipendien f\u00fcr Dramatik und Literatur<\/p>\n\n\n\n<p>Auch die Empf\u00e4nger<em>innen der Arbeitsstipendien f\u00fcr Dramatik und Literatur stehen fest. 24 Autor<\/em>innen konnten die jeweiligen Fachjurys mit ihren eingereichten Textproben \u00fcberzeugen. Sie erhalten f\u00fcr das Jahr 2023 eine monatliche Unterst\u00fctzung von 1.500 Euro.<\/p>\n\n\n\n<p>Das Arbeitsstipendium Dramatik wird an Autor<em>innen verliehen, die sich \u00fcber einen l\u00e4ngeren Zeitraum hinweg der Fertigstellung eines gr\u00f6\u00dferen dramatischen Projektes (B\u00fchnenst\u00fcck, Film- oder Fernsehdrehbuch, Opernlibretto, H\u00f6rspiel etc.) widmen wollen. Fr\u00fcher als Wiener Dramatik Stipendium bekannt, stand es j\u00e4hrlich nur drei Stipendiat<\/em>innen zur Verf\u00fcgung. Im Jahr 2021 baute die Kulturabteilung der Stadt Wien ihr F\u00f6rderprogramm erheblich aus und unterst\u00fctzt nun j\u00e4hrlich 12 Wiener Dramatiker<em>innen in Form eines Arbeitsstipendiums. Dies gilt auch f\u00fcr das Arbeitsstipendium Literatur, das Wiener Autor<\/em>innen bei der Umsetzung eines gr\u00f6\u00dferen schriftstellerischen Projekts finanziell unterst\u00fctzen soll. Auch hier werden seit 2021 j\u00e4hrlich 12 Wiener Autor*innen in ihrem literarischen Schaffen gef\u00f6rdert.<\/p>\n\n\n\n<p>\u201eDie Erweiterung des F\u00f6rderprogramms in Form von Arbeitsstipendien ist eines unserer Erfolgsprojekte. 24 Wiener Dramatiker<em>innen und Literat<\/em>innen, ob angehend oder bereits etabliert, erhalten dadurch die M\u00f6glichkeit, ein Jahr lang finanziell unabh\u00e4ngig an ihren vielversprechenden Texten zu arbeiten. Die Stipendien sind eine nachhaltige St\u00e4rkung der Wiener Literaturszene, von der zu guter Letzt auch wir als Leser*innen profitieren werden\u201c, so Anita Zemlyak, Leiterin der Kulturabteilung.<\/p>\n\n\n\n<p>Alle Stipendiat*innen wurden von unabh\u00e4ngigen Fachjurys empfohlen.<\/p>\n\n\n\n<p>Kultur Online TV<\/p>\n\n\n\n<p>#literatur #news<\/p>\n","protected":false},"excerpt":{"rendered":"<p>Paul Ferstl, Eva Geber, Tanja Paar und Richard Schuberth erhalten das Elias-Canetti-Stipendium der Stadt Wien. Weitere 24 Wiener Autor*innen werden mit Arbeitsstipendien gef\u00f6rdert. Seit 40 Jahren stiftet die Kulturabteilung der Stadt Wien zu Ehren des Nobelpreistr\u00e4gers f\u00fcr Literatur, Elias Canetti, ein Stipendium f\u00fcr Wiener Autorinnen. Es wird zur F\u00f6rderung gr\u00f6\u00dferer literarischer Arbeiten f\u00fcr die Dauer [&hellip;]<\/p>\n","protected":false},"author":2,"featured_media":7524,"comment_status":"closed","ping_status":"closed","sticky":false,"template":"","format":"standard","meta":{"_acf_changed":false,"footnotes":""},"categories":[133],"tags":[],"class_list":["post-48451","post","type-post","status-publish","format-standard","has-post-thumbnail","hentry","category-literatur"],"acf":[],"yoast_head":"<!-- This site is optimized with the Yoast SEO plugin v26.1.1 - https:\/\/yoast.com\/wordpress\/plugins\/seo\/ -->\n<title>Literatur-Stipendiat*innen der Stadt Wien f\u00fcr 2023 stehen fest - Kultur Online TV &amp; FM<\/title>\n<meta name=\"description\" content=\"Seit 40 Jahren stiftet die Kulturabteilung der Stadt Wien zu Ehren des Nobelpreistr\u00e4gers f\u00fcr Literatur, Elias Canetti, ein Stipendium f\u00fcr Wiener Autorinnen.\" \/>\n<meta name=\"robots\" content=\"index, follow, max-snippet:-1, max-image-preview:large, max-video-preview:-1\" \/>\n<link rel=\"canonical\" href=\"https:\/\/kulturonline.tv\/at\/literatur-stipendiatinnen-der-stadt-wien-fuer-2023-stehen-fest\/\" \/>\n<meta property=\"og:locale\" content=\"de_DE\" \/>\n<meta property=\"og:type\" content=\"article\" \/>\n<meta property=\"og:title\" content=\"Literatur-Stipendiat*innen der Stadt Wien f\u00fcr 2023 stehen fest - Kultur Online TV &amp; FM\" \/>\n<meta property=\"og:description\" content=\"Seit 40 Jahren stiftet die Kulturabteilung der Stadt Wien zu Ehren des Nobelpreistr\u00e4gers f\u00fcr Literatur, Elias Canetti, ein Stipendium f\u00fcr Wiener Autorinnen.\" \/>\n<meta property=\"og:url\" content=\"https:\/\/kulturonline.tv\/at\/literatur-stipendiatinnen-der-stadt-wien-fuer-2023-stehen-fest\/\" \/>\n<meta property=\"og:site_name\" content=\"Kultur Online TV &amp; FM\" \/>\n<meta property=\"article:publisher\" content=\"https:\/\/www.facebook.com\/kulturonline.tv\" \/>\n<meta property=\"article:published_time\" content=\"2023-01-22T07:28:45+00:00\" \/>\n<meta property=\"article:modified_time\" content=\"2023-01-22T07:28:46+00:00\" \/>\n<meta property=\"og:image\" content=\"https:\/\/kulturonline.tv\/wp-content\/uploads\/2021\/10\/Kultur-Online-TV-Lieratur-1.jpg\" \/>\n\t<meta property=\"og:image:width\" content=\"1920\" \/>\n\t<meta property=\"og:image:height\" content=\"903\" \/>\n\t<meta property=\"og:image:type\" content=\"image\/jpeg\" \/>\n<meta name=\"author\" content=\"guenter.wolfgang\" \/>\n<meta name=\"twitter:card\" content=\"summary_large_image\" \/>\n<meta name=\"twitter:label1\" content=\"Verfasst von\" \/>\n\t<meta name=\"twitter:data1\" content=\"guenter.wolfgang\" \/>\n\t<meta name=\"twitter:label2\" content=\"Gesch\u00e4tzte Lesezeit\" \/>\n\t<meta name=\"twitter:data2\" content=\"3 Minuten\" \/>\n<script type=\"application\/ld+json\" class=\"yoast-schema-graph\">{\"@context\":\"https:\/\/schema.org\",\"@graph\":[{\"@type\":\"Article\",\"@id\":\"https:\/\/kulturonline.tv\/at\/literatur-stipendiatinnen-der-stadt-wien-fuer-2023-stehen-fest\/#article\",\"isPartOf\":{\"@id\":\"https:\/\/kulturonline.tv\/at\/literatur-stipendiatinnen-der-stadt-wien-fuer-2023-stehen-fest\/\"},\"author\":{\"name\":\"guenter.wolfgang\",\"@id\":\"https:\/\/kulturonline.tv\/at\/#\/schema\/person\/b0fac729bb9a0c193fb1df23449df4fe\"},\"headline\":\"Literatur-Stipendiat*innen der Stadt Wien f\u00fcr 2023 stehen fest\",\"datePublished\":\"2023-01-22T07:28:45+00:00\",\"dateModified\":\"2023-01-22T07:28:46+00:00\",\"mainEntityOfPage\":{\"@id\":\"https:\/\/kulturonline.tv\/at\/literatur-stipendiatinnen-der-stadt-wien-fuer-2023-stehen-fest\/\"},\"wordCount\":673,\"publisher\":{\"@id\":\"https:\/\/kulturonline.tv\/at\/#organization\"},\"image\":{\"@id\":\"https:\/\/kulturonline.tv\/at\/literatur-stipendiatinnen-der-stadt-wien-fuer-2023-stehen-fest\/#primaryimage\"},\"thumbnailUrl\":\"https:\/\/kulturonline.tv\/wp-content\/uploads\/2021\/10\/Kultur-Online-TV-Lieratur-1.jpg\",\"articleSection\":[\"Literatur\"],\"inLanguage\":\"de-AT\"},{\"@type\":\"WebPage\",\"@id\":\"https:\/\/kulturonline.tv\/at\/literatur-stipendiatinnen-der-stadt-wien-fuer-2023-stehen-fest\/\",\"url\":\"https:\/\/kulturonline.tv\/at\/literatur-stipendiatinnen-der-stadt-wien-fuer-2023-stehen-fest\/\",\"name\":\"Literatur-Stipendiat*innen der Stadt Wien f\u00fcr 2023 stehen fest - Kultur Online TV &amp; FM\",\"isPartOf\":{\"@id\":\"https:\/\/kulturonline.tv\/at\/#website\"},\"primaryImageOfPage\":{\"@id\":\"https:\/\/kulturonline.tv\/at\/literatur-stipendiatinnen-der-stadt-wien-fuer-2023-stehen-fest\/#primaryimage\"},\"image\":{\"@id\":\"https:\/\/kulturonline.tv\/at\/literatur-stipendiatinnen-der-stadt-wien-fuer-2023-stehen-fest\/#primaryimage\"},\"thumbnailUrl\":\"https:\/\/kulturonline.tv\/wp-content\/uploads\/2021\/10\/Kultur-Online-TV-Lieratur-1.jpg\",\"datePublished\":\"2023-01-22T07:28:45+00:00\",\"dateModified\":\"2023-01-22T07:28:46+00:00\",\"description\":\"Seit 40 Jahren stiftet die Kulturabteilung der Stadt Wien zu Ehren des Nobelpreistr\u00e4gers f\u00fcr Literatur, Elias Canetti, ein Stipendium f\u00fcr Wiener Autorinnen.\",\"breadcrumb\":{\"@id\":\"https:\/\/kulturonline.tv\/at\/literatur-stipendiatinnen-der-stadt-wien-fuer-2023-stehen-fest\/#breadcrumb\"},\"inLanguage\":\"de-AT\",\"potentialAction\":[{\"@type\":\"ReadAction\",\"target\":[\"https:\/\/kulturonline.tv\/at\/literatur-stipendiatinnen-der-stadt-wien-fuer-2023-stehen-fest\/\"]}]},{\"@type\":\"ImageObject\",\"inLanguage\":\"de-AT\",\"@id\":\"https:\/\/kulturonline.tv\/at\/literatur-stipendiatinnen-der-stadt-wien-fuer-2023-stehen-fest\/#primaryimage\",\"url\":\"https:\/\/kulturonline.tv\/wp-content\/uploads\/2021\/10\/Kultur-Online-TV-Lieratur-1.jpg\",\"contentUrl\":\"https:\/\/kulturonline.tv\/wp-content\/uploads\/2021\/10\/Kultur-Online-TV-Lieratur-1.jpg\",\"width\":1920,\"height\":903},{\"@type\":\"BreadcrumbList\",\"@id\":\"https:\/\/kulturonline.tv\/at\/literatur-stipendiatinnen-der-stadt-wien-fuer-2023-stehen-fest\/#breadcrumb\",\"itemListElement\":[{\"@type\":\"ListItem\",\"position\":1,\"name\":\"Startseite\",\"item\":\"https:\/\/kulturonline.tv\/at\/\"},{\"@type\":\"ListItem\",\"position\":2,\"name\":\"Literatur-Stipendiat*innen der Stadt Wien f\u00fcr 2023 stehen fest\"}]},{\"@type\":\"WebSite\",\"@id\":\"https:\/\/kulturonline.tv\/at\/#website\",\"url\":\"https:\/\/kulturonline.tv\/at\/\",\"name\":\"Kultur Online TV &amp; FM\",\"description\":\"Wir sind Kultur 2.0 zum sehen &amp; h\u00f6ren\",\"publisher\":{\"@id\":\"https:\/\/kulturonline.tv\/at\/#organization\"},\"potentialAction\":[{\"@type\":\"SearchAction\",\"target\":{\"@type\":\"EntryPoint\",\"urlTemplate\":\"https:\/\/kulturonline.tv\/at\/?s={search_term_string}\"},\"query-input\":{\"@type\":\"PropertyValueSpecification\",\"valueRequired\":true,\"valueName\":\"search_term_string\"}}],\"inLanguage\":\"de-AT\"},{\"@type\":\"Organization\",\"@id\":\"https:\/\/kulturonline.tv\/at\/#organization\",\"name\":\"Kultur Online TV\",\"url\":\"https:\/\/kulturonline.tv\/at\/\",\"logo\":{\"@type\":\"ImageObject\",\"inLanguage\":\"de-AT\",\"@id\":\"https:\/\/kulturonline.tv\/at\/#\/schema\/logo\/image\/\",\"url\":\"https:\/\/kulturonline.tv\/wp-content\/uploads\/2021\/08\/Kultur-Online-Tv-Logo-Endversion-neu.png\",\"contentUrl\":\"https:\/\/kulturonline.tv\/wp-content\/uploads\/2021\/08\/Kultur-Online-Tv-Logo-Endversion-neu.png\",\"width\":200,\"height\":200,\"caption\":\"Kultur Online TV\"},\"image\":{\"@id\":\"https:\/\/kulturonline.tv\/at\/#\/schema\/logo\/image\/\"},\"sameAs\":[\"https:\/\/www.facebook.com\/kulturonline.tv\",\"https:\/\/www.instagram.com\/kulturonline.tv\"]},{\"@type\":\"Person\",\"@id\":\"https:\/\/kulturonline.tv\/at\/#\/schema\/person\/b0fac729bb9a0c193fb1df23449df4fe\",\"name\":\"guenter.wolfgang\"}]}<\/script>\n<!-- \/ Yoast SEO plugin. -->","yoast_head_json":{"title":"Literatur-Stipendiat*innen der Stadt Wien f\u00fcr 2023 stehen fest - Kultur Online TV &amp; FM","description":"Seit 40 Jahren stiftet die Kulturabteilung der Stadt Wien zu Ehren des Nobelpreistr\u00e4gers f\u00fcr Literatur, Elias Canetti, ein Stipendium f\u00fcr Wiener Autorinnen.","robots":{"index":"index","follow":"follow","max-snippet":"max-snippet:-1","max-image-preview":"max-image-preview:large","max-video-preview":"max-video-preview:-1"},"canonical":"https:\/\/kulturonline.tv\/at\/literatur-stipendiatinnen-der-stadt-wien-fuer-2023-stehen-fest\/","og_locale":"de_DE","og_type":"article","og_title":"Literatur-Stipendiat*innen der Stadt Wien f\u00fcr 2023 stehen fest - Kultur Online TV &amp; FM","og_description":"Seit 40 Jahren stiftet die Kulturabteilung der Stadt Wien zu Ehren des Nobelpreistr\u00e4gers f\u00fcr Literatur, Elias Canetti, ein Stipendium f\u00fcr Wiener Autorinnen.","og_url":"https:\/\/kulturonline.tv\/at\/literatur-stipendiatinnen-der-stadt-wien-fuer-2023-stehen-fest\/","og_site_name":"Kultur Online TV &amp; FM","article_publisher":"https:\/\/www.facebook.com\/kulturonline.tv","article_published_time":"2023-01-22T07:28:45+00:00","article_modified_time":"2023-01-22T07:28:46+00:00","og_image":[{"width":1920,"height":903,"url":"https:\/\/kulturonline.tv\/wp-content\/uploads\/2021\/10\/Kultur-Online-TV-Lieratur-1.jpg","type":"image\/jpeg"}],"author":"guenter.wolfgang","twitter_card":"summary_large_image","twitter_misc":{"Verfasst von":"guenter.wolfgang","Gesch\u00e4tzte Lesezeit":"3 Minuten"},"schema":{"@context":"https:\/\/schema.org","@graph":[{"@type":"Article","@id":"https:\/\/kulturonline.tv\/at\/literatur-stipendiatinnen-der-stadt-wien-fuer-2023-stehen-fest\/#article","isPartOf":{"@id":"https:\/\/kulturonline.tv\/at\/literatur-stipendiatinnen-der-stadt-wien-fuer-2023-stehen-fest\/"},"author":{"name":"guenter.wolfgang","@id":"https:\/\/kulturonline.tv\/at\/#\/schema\/person\/b0fac729bb9a0c193fb1df23449df4fe"},"headline":"Literatur-Stipendiat*innen der Stadt Wien f\u00fcr 2023 stehen fest","datePublished":"2023-01-22T07:28:45+00:00","dateModified":"2023-01-22T07:28:46+00:00","mainEntityOfPage":{"@id":"https:\/\/kulturonline.tv\/at\/literatur-stipendiatinnen-der-stadt-wien-fuer-2023-stehen-fest\/"},"wordCount":673,"publisher":{"@id":"https:\/\/kulturonline.tv\/at\/#organization"},"image":{"@id":"https:\/\/kulturonline.tv\/at\/literatur-stipendiatinnen-der-stadt-wien-fuer-2023-stehen-fest\/#primaryimage"},"thumbnailUrl":"https:\/\/kulturonline.tv\/wp-content\/uploads\/2021\/10\/Kultur-Online-TV-Lieratur-1.jpg","articleSection":["Literatur"],"inLanguage":"de-AT"},{"@type":"WebPage","@id":"https:\/\/kulturonline.tv\/at\/literatur-stipendiatinnen-der-stadt-wien-fuer-2023-stehen-fest\/","url":"https:\/\/kulturonline.tv\/at\/literatur-stipendiatinnen-der-stadt-wien-fuer-2023-stehen-fest\/","name":"Literatur-Stipendiat*innen der Stadt Wien f\u00fcr 2023 stehen fest - Kultur Online TV &amp; FM","isPartOf":{"@id":"https:\/\/kulturonline.tv\/at\/#website"},"primaryImageOfPage":{"@id":"https:\/\/kulturonline.tv\/at\/literatur-stipendiatinnen-der-stadt-wien-fuer-2023-stehen-fest\/#primaryimage"},"image":{"@id":"https:\/\/kulturonline.tv\/at\/literatur-stipendiatinnen-der-stadt-wien-fuer-2023-stehen-fest\/#primaryimage"},"thumbnailUrl":"https:\/\/kulturonline.tv\/wp-content\/uploads\/2021\/10\/Kultur-Online-TV-Lieratur-1.jpg","datePublished":"2023-01-22T07:28:45+00:00","dateModified":"2023-01-22T07:28:46+00:00","description":"Seit 40 Jahren stiftet die Kulturabteilung der Stadt Wien zu Ehren des Nobelpreistr\u00e4gers f\u00fcr Literatur, Elias Canetti, ein Stipendium f\u00fcr Wiener Autorinnen.","breadcrumb":{"@id":"https:\/\/kulturonline.tv\/at\/literatur-stipendiatinnen-der-stadt-wien-fuer-2023-stehen-fest\/#breadcrumb"},"inLanguage":"de-AT","potentialAction":[{"@type":"ReadAction","target":["https:\/\/kulturonline.tv\/at\/literatur-stipendiatinnen-der-stadt-wien-fuer-2023-stehen-fest\/"]}]},{"@type":"ImageObject","inLanguage":"de-AT","@id":"https:\/\/kulturonline.tv\/at\/literatur-stipendiatinnen-der-stadt-wien-fuer-2023-stehen-fest\/#primaryimage","url":"https:\/\/kulturonline.tv\/wp-content\/uploads\/2021\/10\/Kultur-Online-TV-Lieratur-1.jpg","contentUrl":"https:\/\/kulturonline.tv\/wp-content\/uploads\/2021\/10\/Kultur-Online-TV-Lieratur-1.jpg","width":1920,"height":903},{"@type":"BreadcrumbList","@id":"https:\/\/kulturonline.tv\/at\/literatur-stipendiatinnen-der-stadt-wien-fuer-2023-stehen-fest\/#breadcrumb","itemListElement":[{"@type":"ListItem","position":1,"name":"Startseite","item":"https:\/\/kulturonline.tv\/at\/"},{"@type":"ListItem","position":2,"name":"Literatur-Stipendiat*innen der Stadt Wien f\u00fcr 2023 stehen fest"}]},{"@type":"WebSite","@id":"https:\/\/kulturonline.tv\/at\/#website","url":"https:\/\/kulturonline.tv\/at\/","name":"Kultur Online TV &amp; FM","description":"Wir sind Kultur 2.0 zum sehen &amp; h\u00f6ren","publisher":{"@id":"https:\/\/kulturonline.tv\/at\/#organization"},"potentialAction":[{"@type":"SearchAction","target":{"@type":"EntryPoint","urlTemplate":"https:\/\/kulturonline.tv\/at\/?s={search_term_string}"},"query-input":{"@type":"PropertyValueSpecification","valueRequired":true,"valueName":"search_term_string"}}],"inLanguage":"de-AT"},{"@type":"Organization","@id":"https:\/\/kulturonline.tv\/at\/#organization","name":"Kultur Online TV","url":"https:\/\/kulturonline.tv\/at\/","logo":{"@type":"ImageObject","inLanguage":"de-AT","@id":"https:\/\/kulturonline.tv\/at\/#\/schema\/logo\/image\/","url":"https:\/\/kulturonline.tv\/wp-content\/uploads\/2021\/08\/Kultur-Online-Tv-Logo-Endversion-neu.png","contentUrl":"https:\/\/kulturonline.tv\/wp-content\/uploads\/2021\/08\/Kultur-Online-Tv-Logo-Endversion-neu.png","width":200,"height":200,"caption":"Kultur Online TV"},"image":{"@id":"https:\/\/kulturonline.tv\/at\/#\/schema\/logo\/image\/"},"sameAs":["https:\/\/www.facebook.com\/kulturonline.tv","https:\/\/www.instagram.com\/kulturonline.tv"]},{"@type":"Person","@id":"https:\/\/kulturonline.tv\/at\/#\/schema\/person\/b0fac729bb9a0c193fb1df23449df4fe","name":"guenter.wolfgang"}]}},"_links":{"self":[{"href":"https:\/\/kulturonline.tv\/at\/wp-json\/wp\/v2\/posts\/48451","targetHints":{"allow":["GET"]}}],"collection":[{"href":"https:\/\/kulturonline.tv\/at\/wp-json\/wp\/v2\/posts"}],"about":[{"href":"https:\/\/kulturonline.tv\/at\/wp-json\/wp\/v2\/types\/post"}],"author":[{"embeddable":true,"href":"https:\/\/kulturonline.tv\/at\/wp-json\/wp\/v2\/users\/2"}],"replies":[{"embeddable":true,"href":"https:\/\/kulturonline.tv\/at\/wp-json\/wp\/v2\/comments?post=48451"}],"version-history":[{"count":0,"href":"https:\/\/kulturonline.tv\/at\/wp-json\/wp\/v2\/posts\/48451\/revisions"}],"wp:featuredmedia":[{"embeddable":true,"href":"https:\/\/kulturonline.tv\/at\/wp-json\/wp\/v2\/media\/7524"}],"wp:attachment":[{"href":"https:\/\/kulturonline.tv\/at\/wp-json\/wp\/v2\/media?parent=48451"}],"wp:term":[{"taxonomy":"category","embeddable":true,"href":"https:\/\/kulturonline.tv\/at\/wp-json\/wp\/v2\/categories?post=48451"},{"taxonomy":"post_tag","embeddable":true,"href":"https:\/\/kulturonline.tv\/at\/wp-json\/wp\/v2\/tags?post=48451"}],"curies":[{"name":"wp","href":"https:\/\/api.w.org\/{rel}","templated":true}]}}