{"id":57252,"date":"2023-03-11T20:50:45","date_gmt":"2023-03-11T19:50:45","guid":{"rendered":"https:\/\/kulturonline.tv\/?p=57252"},"modified":"2023-03-11T20:50:47","modified_gmt":"2023-03-11T19:50:47","slug":"ernst-jandl-preis-fuer-lyrik-2023-an-anja-utler","status":"publish","type":"post","link":"https:\/\/kulturonline.tv\/at\/ernst-jandl-preis-fuer-lyrik-2023-an-anja-utler\/","title":{"rendered":"Ernst-Jandl-Preis f\u00fcr Lyrik 2023 an Anja Utler"},"content":{"rendered":"\n<p>\u201eEine einzigartige Dichterin, eine poetisch denkende Essayistin und eine Autorin, die in der Kunst des Vortrags und der Performance neue Wege geht\u201c.<\/p>\n\n\n\n<figure class=\"wp-block-image size-large\"><img fetchpriority=\"high\" decoding=\"async\" width=\"1595\" height=\"897\" src=\"https:\/\/kulturonline.tv\/wp-content\/uploads\/2023\/03\/Ernst_Jandl_and_Friederike_Mayroecker_public_reading_1974-11_Vienna_Austria-edited.jpg\" alt=\"\" class=\"wp-image-57255\" srcset=\"https:\/\/kulturonline.tv\/wp-content\/uploads\/2023\/03\/Ernst_Jandl_and_Friederike_Mayroecker_public_reading_1974-11_Vienna_Austria-edited.jpg 1595w, https:\/\/kulturonline.tv\/wp-content\/uploads\/2023\/03\/Ernst_Jandl_and_Friederike_Mayroecker_public_reading_1974-11_Vienna_Austria-edited-800x450.jpg 800w, https:\/\/kulturonline.tv\/wp-content\/uploads\/2023\/03\/Ernst_Jandl_and_Friederike_Mayroecker_public_reading_1974-11_Vienna_Austria-edited-768x432.jpg 768w, https:\/\/kulturonline.tv\/wp-content\/uploads\/2023\/03\/Ernst_Jandl_and_Friederike_Mayroecker_public_reading_1974-11_Vienna_Austria-edited-1536x864.jpg 1536w, https:\/\/kulturonline.tv\/wp-content\/uploads\/2023\/03\/Ernst_Jandl_and_Friederike_Mayroecker_public_reading_1974-11_Vienna_Austria-edited-320x180.jpg 320w, https:\/\/kulturonline.tv\/wp-content\/uploads\/2023\/03\/Ernst_Jandl_and_Friederike_Mayroecker_public_reading_1974-11_Vienna_Austria-edited-480x270.jpg 480w, https:\/\/kulturonline.tv\/wp-content\/uploads\/2023\/03\/Ernst_Jandl_and_Friederike_Mayroecker_public_reading_1974-11_Vienna_Austria-edited-600x337.jpg 600w\" sizes=\"(max-width: 1595px) 100vw, 1595px\" \/><figcaption class=\"wp-element-caption\">\u00a9 Wolfgang H. W\u00f6gerer, Wien, \u00d6sterreich., CC BY-SA 3.0 <a href=\"https:\/\/creativecommons.org\/licenses\/by-sa\/3.0\">https:\/\/creativecommons.org\/licenses\/by-sa\/3.0<\/a>, via Wikimedia Commons<\/figcaption><\/figure>\n\n\n\n<p>Zum Gedenken an den am 9. Juni 2000 verstorbenen Autor und Dichter Ernst Jandl wurde 2001 der Ernst-Jandl-Preis f\u00fcr Lyrik gestiftet, der im Zwei-Jahres-Rhythmus an deutschsprachige Dichterinnen und Dichter vergeben wird. Heuer wird die 1973 in Schwandorf (D) geborene Autorin, Dichterin, Essayistin und \u00dcbersetzerin Anja Utler ausgezeichnet.<\/p>\n\n\n\n<p>\u201eDer Ernst-Jandl-Preis des Jahres 2023 geht an eine Sprachk\u00fcnstlerin, die in ihren lyrischen Texten Erfahrungs- und Resonanzr\u00e4ume \u00f6ffnet, in denen die Koordinaten von Welt, Sprache und Ich verschoben werden: an Anja Utler\u201c, so Staatssekret\u00e4rin Andrea Mayer \u201eAnja Utler, die in ihren Themen und Stoffen ganz und gar gegenw\u00e4rtig ist und in der Tradition der modernen Lyrik schreibt, versteht es, in ihrer literarischen Arbeit an die Anf\u00e4nge der Dichtung zu erinnern, an Klang, Rhythmus und Gesang, an die gro\u00dfe Sprach- und Sprechkunst des Gedichts, in der es immer auch um Existenzielles geht. Sie ist eine einzigartige Dichterin, \u00dcbersetzerin, poetisch denkende Essayistin und eine Autorin, die in der Kunst des Vortrags und der Performance neue Wege geht.\u201c<\/p>\n\n\n\n<p>Die Begr\u00fcndung der Jury, der Hanna Engelmeier; Paul Jandl, Thomas Poiss, Monika Rinck und Ferdinand Schmatz angeh\u00f6rten: Den Ernst-Jandl-Preis des Jahres 2023 erh\u00e4lt die Dichterin, \u00dcbersetzerin, Dozentin und Theoretikerin Anja Utler. Bereits ihr fr\u00fcher Gedichtband \u201em\u00fcnden \u2013 entz\u00fcngeln\u201c (2004) r\u00fcckt, mit seiner Konzentration auf M\u00fcndlichkeit und die Artikulation des Wortmaterials, den K\u00f6rper als Medium der Sprache ins Zentrum. Utlers eingehende Besch\u00e4ftigung mit Techniken des Sprechens zeigt sich zudem in ihrer eigenen avancierten Vortragspraxis, die die Lesung als eigenst\u00e4ndige Kulturtechnik ernstnimmt. Dem so genannten performativen Turn in der Lyrik hat sie 2016 eine h\u00f6chst interessante Studie gewidmet, in der poetologische Theorie auf empirisch erhobene Daten trifft: \u201emanchmal sehr mitrei\u00dfend. \u00dcber die poetische Erfahrung gesprochener Gedichte\u201c.<\/p>\n\n\n\n<p>Der Preis ist mit 15.000 Euro dotiert und wird am Samstag, dem 24. Juni 2023, im Rahmen der Ernst-Jandl-Lyriktage verliehen, die von 23. bis 25. Juni in Neuberg an der M\u00fcrz\/Steiermark stattfinden werden.<\/p>\n\n\n\n<p>Staatssekret\u00e4rin Andrea Mayer: \u201eVeranstaltungen wie unsere Lyriktage in Neuberg an der M\u00fcrz sind mir ein besonderes Anliegen. Denn dort verleihen wir nicht nur einen bedeutenden Preis, der den Namen von Ernst Jandl tr\u00e4gt, sondern dort finden sich auch heuer wieder Dichterinnen und Dichter ein, um uns auf eindrucksvolle Weise zu zeigen, was Gedichte in der heutigen Zeit zu leisten imstande sind. Bei den Ernst-Jandl-Lyriktagen in Neuberg an der M\u00fcrz kommen Dichtung und Publikum miteinander ins Gespr\u00e4ch.\u201c<\/p>\n\n\n\n<p>Preistr\u00e4gerinnen und Preistr\u00e4ger des Ernst-Jandl-Preises f\u00fcr Lyrik<br>Anja Utler (2023), Brigitta Falkner (2021), Oswald Egger (2019), Monika Rinck (2017 Franz Josef Czernin), (2015), Elke Erb (2013), Peter Waterhouse (2011), Ferdinand Schmatz (2009), Paul W\u00fchr (2007), Michael Donhauser (2005), Felix Philipp Ingold (2003), Thomas Kling (2001)<\/p>\n\n\n\n<p>Anja Utler, geboren am 24. Juli 1973 in Schwandorf (Deutschland), arbeitet als Dichterin, Essayistin und \u00dcbersetzerin. Ihre Gedichte gibt es gesprochen, geschrieben und performt. H\u00f6ren, Sprechen und Lesen sind in ihrer Poesie Kr\u00e4fte, die Denken und F\u00fchlen formen und so in die Welt eingreifen.<br>Anja Utler studierte Slavistik, Anglistik und Sprecherziehung. 2003 wurde sie mit einer Arbeit zu Geschlechterfragen in der russischen Lyrik der Moderne promoviert. Ihre j\u00fcngste theoretische Arbeit (manchmal sehr mitrei\u00dfend, 2016) besch\u00e4ftigt sich mit der Frage, welche Schichten des (Sprach-)Bewusstseins in Bewegung gesetzt werden, wenn eine Person sich Gedichte anh\u00f6rt.<br>2018\/19 war Anja Utler Thomas-Kling-Poetikdozentin an der Universit\u00e4t Bonn, im akademischen Jahr 2017\/18 Gastprofessorin f\u00fcr Sprachkunst an der Universit\u00e4t f\u00fcr angewandte Kunst Wien, 2015 unterrichtete sie als Writer-in-Residence am Oberlin College (Ohio). Sie ist Honorary Fellow des International Writing Program in Iowa, Mitglied des P.E.N. Berlin und der Deutschen Akademie f\u00fcr Sprache und Dichtung.<br>Anja Utlers Gedichte wurden in mehr als 20 Sprachen \u00fcbersetzt und ver\u00f6ffentlicht. <\/p>\n\n\n\n<p>Kultur Online TV<\/p>\n\n\n\n<p>#literatur #musik #news<\/p>\n","protected":false},"excerpt":{"rendered":"<p>\u201eEine einzigartige Dichterin, eine poetisch denkende Essayistin und eine Autorin, die in der Kunst des Vortrags und der Performance neue Wege geht\u201c. Zum Gedenken an den am 9. Juni 2000 verstorbenen Autor und Dichter Ernst Jandl wurde 2001 der Ernst-Jandl-Preis f\u00fcr Lyrik gestiftet, der im Zwei-Jahres-Rhythmus an deutschsprachige Dichterinnen und Dichter vergeben wird. Heuer wird [&hellip;]<\/p>\n","protected":false},"author":2,"featured_media":57255,"comment_status":"closed","ping_status":"closed","sticky":false,"template":"","format":"standard","meta":{"_acf_changed":false,"footnotes":""},"categories":[133],"tags":[],"class_list":["post-57252","post","type-post","status-publish","format-standard","has-post-thumbnail","hentry","category-literatur"],"acf":[],"yoast_head":"<!-- This site is optimized with the Yoast SEO plugin v26.1.1 - https:\/\/yoast.com\/wordpress\/plugins\/seo\/ -->\n<title>Ernst-Jandl-Preis f\u00fcr Lyrik 2023 an Anja Utler - Kultur Online TV &amp; FM<\/title>\n<meta name=\"description\" content=\"\u201eEine einzigartige Dichterin, eine poetisch denkende Essayistin und eine Autorin, die in der Kunst des Vortrags und der Performance neue Wege geht\u201c.\" \/>\n<meta name=\"robots\" content=\"index, follow, max-snippet:-1, max-image-preview:large, max-video-preview:-1\" \/>\n<link rel=\"canonical\" href=\"https:\/\/kulturonline.tv\/at\/ernst-jandl-preis-fuer-lyrik-2023-an-anja-utler\/\" \/>\n<meta property=\"og:locale\" content=\"de_DE\" \/>\n<meta property=\"og:type\" content=\"article\" \/>\n<meta property=\"og:title\" content=\"Ernst-Jandl-Preis f\u00fcr Lyrik 2023 an Anja Utler - Kultur Online TV &amp; FM\" \/>\n<meta property=\"og:description\" content=\"\u201eEine einzigartige Dichterin, eine poetisch denkende Essayistin und eine Autorin, die in der Kunst des Vortrags und der Performance neue Wege geht\u201c.\" \/>\n<meta property=\"og:url\" content=\"https:\/\/kulturonline.tv\/at\/ernst-jandl-preis-fuer-lyrik-2023-an-anja-utler\/\" \/>\n<meta property=\"og:site_name\" content=\"Kultur Online TV &amp; FM\" \/>\n<meta property=\"article:publisher\" content=\"https:\/\/www.facebook.com\/kulturonline.tv\" \/>\n<meta property=\"article:published_time\" content=\"2023-03-11T19:50:45+00:00\" \/>\n<meta property=\"article:modified_time\" content=\"2023-03-11T19:50:47+00:00\" \/>\n<meta property=\"og:image\" content=\"https:\/\/kulturonline.tv\/wp-content\/uploads\/2023\/03\/Ernst_Jandl_and_Friederike_Mayroecker_public_reading_1974-11_Vienna_Austria-edited.jpg\" \/>\n\t<meta property=\"og:image:width\" content=\"1595\" \/>\n\t<meta property=\"og:image:height\" content=\"897\" \/>\n\t<meta property=\"og:image:type\" content=\"image\/jpeg\" \/>\n<meta name=\"author\" content=\"guenter.wolfgang\" \/>\n<meta name=\"twitter:card\" content=\"summary_large_image\" \/>\n<meta name=\"twitter:label1\" content=\"Verfasst von\" \/>\n\t<meta name=\"twitter:data1\" content=\"guenter.wolfgang\" \/>\n\t<meta name=\"twitter:label2\" content=\"Gesch\u00e4tzte Lesezeit\" \/>\n\t<meta name=\"twitter:data2\" content=\"3 Minuten\" \/>\n<script type=\"application\/ld+json\" class=\"yoast-schema-graph\">{\"@context\":\"https:\/\/schema.org\",\"@graph\":[{\"@type\":\"Article\",\"@id\":\"https:\/\/kulturonline.tv\/at\/ernst-jandl-preis-fuer-lyrik-2023-an-anja-utler\/#article\",\"isPartOf\":{\"@id\":\"https:\/\/kulturonline.tv\/at\/ernst-jandl-preis-fuer-lyrik-2023-an-anja-utler\/\"},\"author\":{\"name\":\"guenter.wolfgang\",\"@id\":\"https:\/\/kulturonline.tv\/at\/#\/schema\/person\/b0fac729bb9a0c193fb1df23449df4fe\"},\"headline\":\"Ernst-Jandl-Preis f\u00fcr Lyrik 2023 an Anja Utler\",\"datePublished\":\"2023-03-11T19:50:45+00:00\",\"dateModified\":\"2023-03-11T19:50:47+00:00\",\"mainEntityOfPage\":{\"@id\":\"https:\/\/kulturonline.tv\/at\/ernst-jandl-preis-fuer-lyrik-2023-an-anja-utler\/\"},\"wordCount\":652,\"publisher\":{\"@id\":\"https:\/\/kulturonline.tv\/at\/#organization\"},\"image\":{\"@id\":\"https:\/\/kulturonline.tv\/at\/ernst-jandl-preis-fuer-lyrik-2023-an-anja-utler\/#primaryimage\"},\"thumbnailUrl\":\"https:\/\/kulturonline.tv\/wp-content\/uploads\/2023\/03\/Ernst_Jandl_and_Friederike_Mayroecker_public_reading_1974-11_Vienna_Austria-edited.jpg\",\"articleSection\":[\"Literatur\"],\"inLanguage\":\"de-AT\"},{\"@type\":\"WebPage\",\"@id\":\"https:\/\/kulturonline.tv\/at\/ernst-jandl-preis-fuer-lyrik-2023-an-anja-utler\/\",\"url\":\"https:\/\/kulturonline.tv\/at\/ernst-jandl-preis-fuer-lyrik-2023-an-anja-utler\/\",\"name\":\"Ernst-Jandl-Preis f\u00fcr Lyrik 2023 an Anja Utler - Kultur Online TV &amp; FM\",\"isPartOf\":{\"@id\":\"https:\/\/kulturonline.tv\/at\/#website\"},\"primaryImageOfPage\":{\"@id\":\"https:\/\/kulturonline.tv\/at\/ernst-jandl-preis-fuer-lyrik-2023-an-anja-utler\/#primaryimage\"},\"image\":{\"@id\":\"https:\/\/kulturonline.tv\/at\/ernst-jandl-preis-fuer-lyrik-2023-an-anja-utler\/#primaryimage\"},\"thumbnailUrl\":\"https:\/\/kulturonline.tv\/wp-content\/uploads\/2023\/03\/Ernst_Jandl_and_Friederike_Mayroecker_public_reading_1974-11_Vienna_Austria-edited.jpg\",\"datePublished\":\"2023-03-11T19:50:45+00:00\",\"dateModified\":\"2023-03-11T19:50:47+00:00\",\"description\":\"\u201eEine einzigartige Dichterin, eine poetisch denkende Essayistin und eine Autorin, die in der Kunst des Vortrags und der Performance neue Wege geht\u201c.\",\"breadcrumb\":{\"@id\":\"https:\/\/kulturonline.tv\/at\/ernst-jandl-preis-fuer-lyrik-2023-an-anja-utler\/#breadcrumb\"},\"inLanguage\":\"de-AT\",\"potentialAction\":[{\"@type\":\"ReadAction\",\"target\":[\"https:\/\/kulturonline.tv\/at\/ernst-jandl-preis-fuer-lyrik-2023-an-anja-utler\/\"]}]},{\"@type\":\"ImageObject\",\"inLanguage\":\"de-AT\",\"@id\":\"https:\/\/kulturonline.tv\/at\/ernst-jandl-preis-fuer-lyrik-2023-an-anja-utler\/#primaryimage\",\"url\":\"https:\/\/kulturonline.tv\/wp-content\/uploads\/2023\/03\/Ernst_Jandl_and_Friederike_Mayroecker_public_reading_1974-11_Vienna_Austria-edited.jpg\",\"contentUrl\":\"https:\/\/kulturonline.tv\/wp-content\/uploads\/2023\/03\/Ernst_Jandl_and_Friederike_Mayroecker_public_reading_1974-11_Vienna_Austria-edited.jpg\",\"width\":1595,\"height\":897},{\"@type\":\"BreadcrumbList\",\"@id\":\"https:\/\/kulturonline.tv\/at\/ernst-jandl-preis-fuer-lyrik-2023-an-anja-utler\/#breadcrumb\",\"itemListElement\":[{\"@type\":\"ListItem\",\"position\":1,\"name\":\"Startseite\",\"item\":\"https:\/\/kulturonline.tv\/at\/\"},{\"@type\":\"ListItem\",\"position\":2,\"name\":\"Ernst-Jandl-Preis f\u00fcr Lyrik 2023 an Anja Utler\"}]},{\"@type\":\"WebSite\",\"@id\":\"https:\/\/kulturonline.tv\/at\/#website\",\"url\":\"https:\/\/kulturonline.tv\/at\/\",\"name\":\"Kultur Online TV &amp; FM\",\"description\":\"Wir sind Kultur 2.0 zum sehen &amp; h\u00f6ren\",\"publisher\":{\"@id\":\"https:\/\/kulturonline.tv\/at\/#organization\"},\"potentialAction\":[{\"@type\":\"SearchAction\",\"target\":{\"@type\":\"EntryPoint\",\"urlTemplate\":\"https:\/\/kulturonline.tv\/at\/?s={search_term_string}\"},\"query-input\":{\"@type\":\"PropertyValueSpecification\",\"valueRequired\":true,\"valueName\":\"search_term_string\"}}],\"inLanguage\":\"de-AT\"},{\"@type\":\"Organization\",\"@id\":\"https:\/\/kulturonline.tv\/at\/#organization\",\"name\":\"Kultur Online TV\",\"url\":\"https:\/\/kulturonline.tv\/at\/\",\"logo\":{\"@type\":\"ImageObject\",\"inLanguage\":\"de-AT\",\"@id\":\"https:\/\/kulturonline.tv\/at\/#\/schema\/logo\/image\/\",\"url\":\"https:\/\/kulturonline.tv\/wp-content\/uploads\/2021\/08\/Kultur-Online-Tv-Logo-Endversion-neu.png\",\"contentUrl\":\"https:\/\/kulturonline.tv\/wp-content\/uploads\/2021\/08\/Kultur-Online-Tv-Logo-Endversion-neu.png\",\"width\":200,\"height\":200,\"caption\":\"Kultur Online TV\"},\"image\":{\"@id\":\"https:\/\/kulturonline.tv\/at\/#\/schema\/logo\/image\/\"},\"sameAs\":[\"https:\/\/www.facebook.com\/kulturonline.tv\",\"https:\/\/www.instagram.com\/kulturonline.tv\"]},{\"@type\":\"Person\",\"@id\":\"https:\/\/kulturonline.tv\/at\/#\/schema\/person\/b0fac729bb9a0c193fb1df23449df4fe\",\"name\":\"guenter.wolfgang\"}]}<\/script>\n<!-- \/ Yoast SEO plugin. -->","yoast_head_json":{"title":"Ernst-Jandl-Preis f\u00fcr Lyrik 2023 an Anja Utler - Kultur Online TV &amp; FM","description":"\u201eEine einzigartige Dichterin, eine poetisch denkende Essayistin und eine Autorin, die in der Kunst des Vortrags und der Performance neue Wege geht\u201c.","robots":{"index":"index","follow":"follow","max-snippet":"max-snippet:-1","max-image-preview":"max-image-preview:large","max-video-preview":"max-video-preview:-1"},"canonical":"https:\/\/kulturonline.tv\/at\/ernst-jandl-preis-fuer-lyrik-2023-an-anja-utler\/","og_locale":"de_DE","og_type":"article","og_title":"Ernst-Jandl-Preis f\u00fcr Lyrik 2023 an Anja Utler - Kultur Online TV &amp; FM","og_description":"\u201eEine einzigartige Dichterin, eine poetisch denkende Essayistin und eine Autorin, die in der Kunst des Vortrags und der Performance neue Wege geht\u201c.","og_url":"https:\/\/kulturonline.tv\/at\/ernst-jandl-preis-fuer-lyrik-2023-an-anja-utler\/","og_site_name":"Kultur Online TV &amp; FM","article_publisher":"https:\/\/www.facebook.com\/kulturonline.tv","article_published_time":"2023-03-11T19:50:45+00:00","article_modified_time":"2023-03-11T19:50:47+00:00","og_image":[{"width":1595,"height":897,"url":"https:\/\/kulturonline.tv\/wp-content\/uploads\/2023\/03\/Ernst_Jandl_and_Friederike_Mayroecker_public_reading_1974-11_Vienna_Austria-edited.jpg","type":"image\/jpeg"}],"author":"guenter.wolfgang","twitter_card":"summary_large_image","twitter_misc":{"Verfasst von":"guenter.wolfgang","Gesch\u00e4tzte Lesezeit":"3 Minuten"},"schema":{"@context":"https:\/\/schema.org","@graph":[{"@type":"Article","@id":"https:\/\/kulturonline.tv\/at\/ernst-jandl-preis-fuer-lyrik-2023-an-anja-utler\/#article","isPartOf":{"@id":"https:\/\/kulturonline.tv\/at\/ernst-jandl-preis-fuer-lyrik-2023-an-anja-utler\/"},"author":{"name":"guenter.wolfgang","@id":"https:\/\/kulturonline.tv\/at\/#\/schema\/person\/b0fac729bb9a0c193fb1df23449df4fe"},"headline":"Ernst-Jandl-Preis f\u00fcr Lyrik 2023 an Anja Utler","datePublished":"2023-03-11T19:50:45+00:00","dateModified":"2023-03-11T19:50:47+00:00","mainEntityOfPage":{"@id":"https:\/\/kulturonline.tv\/at\/ernst-jandl-preis-fuer-lyrik-2023-an-anja-utler\/"},"wordCount":652,"publisher":{"@id":"https:\/\/kulturonline.tv\/at\/#organization"},"image":{"@id":"https:\/\/kulturonline.tv\/at\/ernst-jandl-preis-fuer-lyrik-2023-an-anja-utler\/#primaryimage"},"thumbnailUrl":"https:\/\/kulturonline.tv\/wp-content\/uploads\/2023\/03\/Ernst_Jandl_and_Friederike_Mayroecker_public_reading_1974-11_Vienna_Austria-edited.jpg","articleSection":["Literatur"],"inLanguage":"de-AT"},{"@type":"WebPage","@id":"https:\/\/kulturonline.tv\/at\/ernst-jandl-preis-fuer-lyrik-2023-an-anja-utler\/","url":"https:\/\/kulturonline.tv\/at\/ernst-jandl-preis-fuer-lyrik-2023-an-anja-utler\/","name":"Ernst-Jandl-Preis f\u00fcr Lyrik 2023 an Anja Utler - Kultur Online TV &amp; FM","isPartOf":{"@id":"https:\/\/kulturonline.tv\/at\/#website"},"primaryImageOfPage":{"@id":"https:\/\/kulturonline.tv\/at\/ernst-jandl-preis-fuer-lyrik-2023-an-anja-utler\/#primaryimage"},"image":{"@id":"https:\/\/kulturonline.tv\/at\/ernst-jandl-preis-fuer-lyrik-2023-an-anja-utler\/#primaryimage"},"thumbnailUrl":"https:\/\/kulturonline.tv\/wp-content\/uploads\/2023\/03\/Ernst_Jandl_and_Friederike_Mayroecker_public_reading_1974-11_Vienna_Austria-edited.jpg","datePublished":"2023-03-11T19:50:45+00:00","dateModified":"2023-03-11T19:50:47+00:00","description":"\u201eEine einzigartige Dichterin, eine poetisch denkende Essayistin und eine Autorin, die in der Kunst des Vortrags und der Performance neue Wege geht\u201c.","breadcrumb":{"@id":"https:\/\/kulturonline.tv\/at\/ernst-jandl-preis-fuer-lyrik-2023-an-anja-utler\/#breadcrumb"},"inLanguage":"de-AT","potentialAction":[{"@type":"ReadAction","target":["https:\/\/kulturonline.tv\/at\/ernst-jandl-preis-fuer-lyrik-2023-an-anja-utler\/"]}]},{"@type":"ImageObject","inLanguage":"de-AT","@id":"https:\/\/kulturonline.tv\/at\/ernst-jandl-preis-fuer-lyrik-2023-an-anja-utler\/#primaryimage","url":"https:\/\/kulturonline.tv\/wp-content\/uploads\/2023\/03\/Ernst_Jandl_and_Friederike_Mayroecker_public_reading_1974-11_Vienna_Austria-edited.jpg","contentUrl":"https:\/\/kulturonline.tv\/wp-content\/uploads\/2023\/03\/Ernst_Jandl_and_Friederike_Mayroecker_public_reading_1974-11_Vienna_Austria-edited.jpg","width":1595,"height":897},{"@type":"BreadcrumbList","@id":"https:\/\/kulturonline.tv\/at\/ernst-jandl-preis-fuer-lyrik-2023-an-anja-utler\/#breadcrumb","itemListElement":[{"@type":"ListItem","position":1,"name":"Startseite","item":"https:\/\/kulturonline.tv\/at\/"},{"@type":"ListItem","position":2,"name":"Ernst-Jandl-Preis f\u00fcr Lyrik 2023 an Anja Utler"}]},{"@type":"WebSite","@id":"https:\/\/kulturonline.tv\/at\/#website","url":"https:\/\/kulturonline.tv\/at\/","name":"Kultur Online TV &amp; FM","description":"Wir sind Kultur 2.0 zum sehen &amp; h\u00f6ren","publisher":{"@id":"https:\/\/kulturonline.tv\/at\/#organization"},"potentialAction":[{"@type":"SearchAction","target":{"@type":"EntryPoint","urlTemplate":"https:\/\/kulturonline.tv\/at\/?s={search_term_string}"},"query-input":{"@type":"PropertyValueSpecification","valueRequired":true,"valueName":"search_term_string"}}],"inLanguage":"de-AT"},{"@type":"Organization","@id":"https:\/\/kulturonline.tv\/at\/#organization","name":"Kultur Online TV","url":"https:\/\/kulturonline.tv\/at\/","logo":{"@type":"ImageObject","inLanguage":"de-AT","@id":"https:\/\/kulturonline.tv\/at\/#\/schema\/logo\/image\/","url":"https:\/\/kulturonline.tv\/wp-content\/uploads\/2021\/08\/Kultur-Online-Tv-Logo-Endversion-neu.png","contentUrl":"https:\/\/kulturonline.tv\/wp-content\/uploads\/2021\/08\/Kultur-Online-Tv-Logo-Endversion-neu.png","width":200,"height":200,"caption":"Kultur Online TV"},"image":{"@id":"https:\/\/kulturonline.tv\/at\/#\/schema\/logo\/image\/"},"sameAs":["https:\/\/www.facebook.com\/kulturonline.tv","https:\/\/www.instagram.com\/kulturonline.tv"]},{"@type":"Person","@id":"https:\/\/kulturonline.tv\/at\/#\/schema\/person\/b0fac729bb9a0c193fb1df23449df4fe","name":"guenter.wolfgang"}]}},"_links":{"self":[{"href":"https:\/\/kulturonline.tv\/at\/wp-json\/wp\/v2\/posts\/57252","targetHints":{"allow":["GET"]}}],"collection":[{"href":"https:\/\/kulturonline.tv\/at\/wp-json\/wp\/v2\/posts"}],"about":[{"href":"https:\/\/kulturonline.tv\/at\/wp-json\/wp\/v2\/types\/post"}],"author":[{"embeddable":true,"href":"https:\/\/kulturonline.tv\/at\/wp-json\/wp\/v2\/users\/2"}],"replies":[{"embeddable":true,"href":"https:\/\/kulturonline.tv\/at\/wp-json\/wp\/v2\/comments?post=57252"}],"version-history":[{"count":0,"href":"https:\/\/kulturonline.tv\/at\/wp-json\/wp\/v2\/posts\/57252\/revisions"}],"wp:featuredmedia":[{"embeddable":true,"href":"https:\/\/kulturonline.tv\/at\/wp-json\/wp\/v2\/media\/57255"}],"wp:attachment":[{"href":"https:\/\/kulturonline.tv\/at\/wp-json\/wp\/v2\/media?parent=57252"}],"wp:term":[{"taxonomy":"category","embeddable":true,"href":"https:\/\/kulturonline.tv\/at\/wp-json\/wp\/v2\/categories?post=57252"},{"taxonomy":"post_tag","embeddable":true,"href":"https:\/\/kulturonline.tv\/at\/wp-json\/wp\/v2\/tags?post=57252"}],"curies":[{"name":"wp","href":"https:\/\/api.w.org\/{rel}","templated":true}]}}