{"id":58808,"date":"2023-04-30T19:56:12","date_gmt":"2023-04-30T17:56:12","guid":{"rendered":"https:\/\/kulturonline.tv\/?p=58808"},"modified":"2023-05-14T21:34:38","modified_gmt":"2023-05-14T19:34:38","slug":"wir-sind-wieder-unterwegs-am-flaniermarkt-in-der-neubaugasse-wien","status":"publish","type":"post","link":"https:\/\/kulturonline.tv\/at\/wir-sind-wieder-unterwegs-am-flaniermarkt-in-der-neubaugasse-wien\/","title":{"rendered":"Wir sind wieder unterwegs am Flaniermarkt in der Neubaugasse Wien"},"content":{"rendered":"\n<p>Am 05. und 06. Mai 2023 sind wir wieder vor Ort beim Flaniermarkt in der Neubaugasse Wien. Diesmal findet Ihr uns bei unserem neuen Kooperationspartner <strong>&#8222;Leitenbauer&#8220; <\/strong>in der Neubaugasse 71 bei der Erh\u00f6hung zwischen der Neustift- und der Burggasse. <\/p>\n\n\n\n<figure class=\"wp-block-video\"><video controls src=\"https:\/\/kulturonline.tv\/wp-content\/uploads\/2023\/04\/Kultur-Online-TV-FM-2023.mp4\"><\/video><\/figure>\n\n\n\n<h6 class=\"wp-block-heading\"><strong>Video Sponsored by Kultur Online TV<\/strong>  \u00a9 2023<\/h6>\n\n\n\n<p>Die als \u201eStra\u00dfe der Spezialist:innen\u201c bekannte Neubaugasse ist um ein besonderes Lokal reicher: Beim \u201eLeitenbauer\u201c findet das qualit\u00e4tsbewusste Publikum einen Feinkostladen mit hochwertiger Mischung aus \u00f6sterreichischen und internationalen Wurstspezialit\u00e4ten erg\u00e4nzt mit allerlei Schmankerln, ausgew\u00e4hlten Imbissen \u2013 auch zum Mitnehmen \u2013 und einem besonderen Weinangebot. Das Konzept besticht durch<br>die Produktspezialisierung und der Verbindung von Gastronomie und Delikatessengesch\u00e4ft. Vieles aus dem exklusiven Nahversorger-Sortiment stammt bewusst aus dem \u201eGr\u00e4tzl\u201c oder von \u201edahoam\u201c aus Salzburg.<\/p>\n\n\n\n<p>Mit dabei ist auch zum ersten mal unser Partner <a href=\"https:\/\/www.spudycuisine.com\/\">SPUDYCUISINE<\/a> der euch neben den Feinkostprodukten von Georg Leitenbauer f\u00fcr alle Veganer eine k\u00f6stliche vegane Curry Wurst anbieten wird.<\/p>\n\n\n\n<figure class=\"wp-block-image size-full is-resized\"><img fetchpriority=\"high\" decoding=\"async\" src=\"https:\/\/kulturonline.tv\/wp-content\/uploads\/2023\/04\/Spudy-Cusine.png\" alt=\"\" class=\"wp-image-58819\" width=\"843\" height=\"424\"\/><\/figure>\n\n\n\n<p><strong>Spudy Cuisine: 100% vegan, extra gesund, mega k\u00f6stlich und neu!<br>Einfach gesunde Power aus nachhaltiger Produktion<\/strong><\/p>\n\n\n\n<p>Spudy Cuisine beweist, das veganes und gesundes Essen auch super gut schmecken kann und ohne<br>die schlechten Zusatzstoffe wie versteckte Zucker, Geschmacksverst\u00e4rker, Konservierungsmittel, die<br>in den meisten Fertigprodukten sind, auskommt.<br>Das Start-up bietet eine breite Palette an nachhaltigen, veganen Produkten, die vor allem k\u00f6stlich<br>schmecken, denn beim Geschmack gibt es keine Kompromisse. Aber sie sind auch mega gesund,<br>denn Spudy Cuisine verwendet nur beste Produkte aus kontrolliertem biologischem Anbau. Denn bei<br>Spudy Cuisine kommen nur Kr\u00e4uter, Gew\u00fcrze und mehr zum Einsatz, die die Gerichte mit den<br>Wirkstoffen der Natur haltbar machen. Alle Produkte von Spudy Cuisine sind auch laktosefrei. Neben<br>der Gesundheit stehen auch Nachhaltigkeit und Schutz von Tier und Mensch im Vordergrund.<br>Zu den Spudy Cuisine Gerichten z\u00e4hlen leckere Curryw\u00fcrste, feurige Chilis, herzhafte Currys, k\u00f6stliche<br>Sauce Bolognese, erfrischende Relishes, saftiges Gulasch, raffinerte Geschnetzeltes und mehr f\u00fcr<br>eine perfekte vegane Genusszeit.<\/p>\n\n\n\n<figure class=\"wp-block-image size-full\"><img decoding=\"async\" width=\"1536\" height=\"864\" src=\"https:\/\/kulturonline.tv\/wp-content\/uploads\/2023\/04\/image.png\" alt=\"\" class=\"wp-image-58821\" srcset=\"https:\/\/kulturonline.tv\/wp-content\/uploads\/2023\/04\/image.png 1536w, https:\/\/kulturonline.tv\/wp-content\/uploads\/2023\/04\/image-800x450.png 800w, https:\/\/kulturonline.tv\/wp-content\/uploads\/2023\/04\/image-768x432.png 768w, https:\/\/kulturonline.tv\/wp-content\/uploads\/2023\/04\/image-600x338.png 600w\" sizes=\"(max-width: 1536px) 100vw, 1536px\" \/><\/figure>\n\n\n\n<h6 class=\"wp-block-heading\"><strong>Bild \u00a9 Kultur Online TV 2023<\/strong><\/h6>\n\n\n\n<p>Der Flaniermarkt in der Neubaugasse hat schon lange Tradition, zweimal im Jahr lockt er Besucher:innen aus der ganzen Stadt an.<\/p>\n\n\n\n<p>Entlang der gesamten Neubaugasse warten am 5. und 6. Mai 2023 ab 8:30 Uhr, rund 320 Aussteller:innen, auf viele Besucher:innen und machen Lust aufs Entdecken: alte Sch\u00e4tze, neue Schn\u00e4ppchen und Kulinarisches f\u00fcr jeden Geschmack \u2013 das ist der Flaniermarkt in der Neubaugasse, einer der gr\u00f6\u00dften M\u00e4rkte \u00d6sterreichs.<\/p>\n\n\n\n<p>Unter dem Motto \u201eDie Neubaugasse tanzt\u201c bringt das Kulturprogramm der Bezirksvorstehung am Neubau Musik-Acts, Tanzperformances, Walking-Acts und Tanz-Workshops zum Flaniermarkt und begeistert das Marktpublikum in der Stra\u00dfe der Spezialist:innen an beiden Veranstaltungstag<\/p>\n\n\n\n<p>Wir haben wider unsere kleine Kulturb\u00fchne aufgebaut und berichten Live an beiden Tagen von dieser Veranstaltung \u00fcber unser Kultur Radio- <a href=\"https:\/\/kulturonline.tv\/de\/onlineradio\">Kultur Online FM<\/a> <\/p>\n\n\n\n<p><\/p>\n\n\n\n<figure class=\"wp-block-image size-full is-resized\"><img decoding=\"async\" src=\"https:\/\/kulturonline.tv\/wp-content\/uploads\/2023\/04\/Neubaugasse.jpg\" alt=\"\" class=\"wp-image-58815\" width=\"841\" height=\"450\" srcset=\"https:\/\/kulturonline.tv\/wp-content\/uploads\/2023\/04\/Neubaugasse.jpg 752w, https:\/\/kulturonline.tv\/wp-content\/uploads\/2023\/04\/Neubaugasse-600x321.jpg 600w\" sizes=\"(max-width: 841px) 100vw, 841px\" \/><\/figure>\n\n\n\n<h6 class=\"wp-block-heading\"><strong>\u00a9 Bild Neubaugasse<\/strong><\/h6>\n\n\n\n<p><strong>Programm\u00fcbersicht<br>Kinderinsel<br>Richtergasse\/Neubaugasse<br>Freitag, 5.5.2023<\/strong><\/p>\n\n\n\n<p>15 Uhr, raketenstarke Kinderlieder mit Kiri Rakete<br>16:30 Uhr, Clowneskes Theater mit Akrobatik, Musik uvm. mit Martha Labil<br>17 Uhr, ASAGAN: Mitmach-Lesekonzert, Die Donaupiraten<\/p>\n\n\n\n<p><strong>Samstag, 6.5.2023<\/strong><\/p>\n\n\n\n<p>12:30 Uhr, ASAGAN: Mitmach-Lesekonzert, Die Donaupiraten<br>16:30 Uhr, Zirkus- und Akrobatik-Show von Fausto Tenorio<br>17:30 Uhr ASAGAN: Mitmach-Lesekonzert, Die Donaupiraten<\/p>\n\n\n\n<p>ab 14 Uhr, Workshop: Mach dein eigenes Buch, ASAGAN<\/p>\n\n\n\n<p>Tanzinsel \u2013 Schnupperworkshops zum Mitmachen<br>Lindengasse\/Neubaugasse<br>Nach allen Tanzeinlagen gibt es Schnupperworkshops zum Mitmachen.<\/p>\n\n\n\n<p><strong>Freitag, 5.5.2023<\/strong><\/p>\n\n\n\n<p>11 &amp; 13 Uhr<br>Ausblicke auf die Show \u201eLET\u2019S GO TOGETHER \u2013 Das Gute-Laune-Rock\u2019n\u2019Roll-Musical\u201c, Konservatorium Sunrise Studios<br>14 Uhr<br>Cha Cha Cha, Tanzschule Kopetzky<br>15:30 Uhr<br>Line Dance, Tanzschule Kopetzky<br>17 Uhr<br>Salsa, Salon de la Luz<br>18 Uhr<br>Tango, Salon de la Luz<\/p>\n\n\n\n<p><strong>Samstag, 6.5.2023<\/strong><\/p>\n\n\n\n<p>10 Uhr<br>Mauersegler Tanz \u2013 laOla Kinder-Crew, arriOla Tanzstudio<br>11 Uhr<br>Ausblicke auf die Show \u201eLET\u2019S GO TOGETHER \u2013 Das Gute-Laune-Rock\u2019n\u2019Roll-Musical\u201c, Konservatorium Sunrise Studios<br>13 Uhr<br>Boogie, Tanzschule Kopetzky<br>14 Uhr<br>Ausblicke auf die Show \u201eLET\u2019S GO TOGETHER \u2013 Das Gute-Laune-Rock\u2019n\u2019Roll-Musical\u201c, Konservatorium Sunrise Studios<br>14:45 Uhr<br>Salsa, Salon de la Luz<br>15:30 Uhr<br>Tango, Salon de la Luz<br>16 Uhr<br>Line Dance, Tanzschule Kopetzky<br>17 Uhr<br>musikalischer Ausklang, Bester Chor vor der Autobahn<\/p>\n\n\n\n<p>Kulturinsel<br>Neubauhof, Neubaugasse 64-66<br><strong>Freitag, 5.5.2023<\/strong><\/p>\n\n\n\n<p>10 Uhr<br>Yerassyl Klassik<br>12 Uhr<br>Siren Call Livemusik<br>14 Uhr<br>Musikdarbietung, Auszug aus dem Programm \u201eLET\u2019S GO TOGETHER \u2013 Das Gute-Laune-Rock\u2019n\u2019Roll-Musical\u201c \u2013 Konservatorium Sunrise Studios<br>15 Uhr<br>De Cordoba Livemusik<br>16:30 Uhr<br>Zirkus- und Akrobatik-Show von Fausto Tenorio<br>17:30 Uhr<br>The Willow Three Livemusik<\/p>\n\n\n\n<p><strong>Samstag, 6.5.2023<\/strong><\/p>\n\n\n\n<p>10 Uhr<br>Siren Call Livemusik<br>12 Uhr<br>Musikdarbietung, Auszug aus dem Programm \u201eLET\u2019S GO TOGETHER \u2013 Das Gute-Laune-Rock\u2019n\u2019Roll-Musical\u201c \u2013 Konservatorium Sunrise Studios<br>13 Uhr<br>De Cordoba Livemusik<br>15 Uhr<br>da Weana Livemusik<br>16:30 Uhr<br>Clowneskes Theater mit Akrobatik, Musik uvm. mit Martha Labil<br>17:30 Uhr<br>The Willow Three Livemusik<\/p>\n\n\n\n<p>Musikinsel<br>Neubaugasse 77<br>Freitag, 5.5.2023<\/p>\n\n\n\n<p>12 &amp; 15:30 Uhr<br>Die Gipsy Prinzen Livemusik<br>14 Uhr<br>The Willow Three Livemusik<\/p>\n\n\n\n<p><strong>Samstag, 6.5.2023<\/strong><\/p>\n\n\n\n<p>12 &amp; 15:30 Uhr<br>Die Gipsy Prinzen Livemusik<br>14 Uhr<br>The Willow Three Livemusik<\/p>\n\n\n\n<p>Walking Act &amp; Livemusik\u2013 unterwegs in der Neubaugasse<br><strong>Freitag, 5.5.2023<\/strong><\/p>\n\n\n\n<p>Secret Circus, Fausto &amp; Martha<br>Die Gipsy Prinzen Livemusik<\/p>\n\n\n\n<p><strong>Samstag, 6.5.2023<\/strong><\/p>\n\n\n\n<p>Secret Circus, Fausto &amp; Martha<br>Die Gipsy Prinzen Livemusik<\/p>\n\n\n\n<p>Der Kinderflohmarkt<br>Damit sich auch die J\u00fcngsten am Kaufen und Verkaufen beteiligen und ihr Taschengeld aufbessern k\u00f6nnen, gibt es einen eigenen Kinderflohmarkt in der Richtergasse. Teilnehmen k\u00f6nnen Kinder bis zum vollendeten 12 Lebensjahr. Die Teilnahme ist gratis. Erwachsene sind nur als zur\u00fcckhaltende Unterst\u00fctzung erlaubt. Termin ist immer an den Veranstaltungstagen des Flaniermarktes in der Neubaugasse:<\/p>\n\n\n\n<p>Freitag, 5. Mai 2023, 13 \u2013 19 Uhr<br>Samstag, 6. Mai 2023, 9 \u2013 19 Uhr<\/p>\n\n\n\n<p><\/p>\n\n\n\n<figure class=\"wp-block-image size-large\"><img loading=\"lazy\" decoding=\"async\" width=\"1131\" height=\"1600\" src=\"https:\/\/kulturonline.tv\/wp-content\/uploads\/2023\/04\/05.und-06-mai-20023-2-1131x1600.png\" alt=\"\" class=\"wp-image-58809\" srcset=\"https:\/\/kulturonline.tv\/wp-content\/uploads\/2023\/04\/05.und-06-mai-20023-2-1131x1600.png 1131w, https:\/\/kulturonline.tv\/wp-content\/uploads\/2023\/04\/05.und-06-mai-20023-2-566x800.png 566w, https:\/\/kulturonline.tv\/wp-content\/uploads\/2023\/04\/05.und-06-mai-20023-2-768x1086.png 768w, https:\/\/kulturonline.tv\/wp-content\/uploads\/2023\/04\/05.und-06-mai-20023-2-1086x1536.png 1086w, https:\/\/kulturonline.tv\/wp-content\/uploads\/2023\/04\/05.und-06-mai-20023-2-1448x2048.png 1448w, https:\/\/kulturonline.tv\/wp-content\/uploads\/2023\/04\/05.und-06-mai-20023-2-600x849.png 600w, https:\/\/kulturonline.tv\/wp-content\/uploads\/2023\/04\/05.und-06-mai-20023-2.png 1587w\" sizes=\"(max-width: 1131px) 100vw, 1131px\" \/><\/figure>\n\n\n\n<p>#event #kunst #kultur<\/p>\n","protected":false},"excerpt":{"rendered":"<p>Am 05. und 06. Mai 2023 sind wir wieder vor Ort beim Flaniermarkt in der Neubaugasse Wien. Diesmal findet Ihr uns bei unserem neuen Kooperationspartner &#8222;Leitenbauer&#8220; in der Neubaugasse 71 bei der Erh\u00f6hung zwischen der Neustift- und der Burggasse. Video Sponsored by Kultur Online TV \u00a9 2023 Die als \u201eStra\u00dfe der Spezialist:innen\u201c bekannte Neubaugasse ist [&hellip;]<\/p>\n","protected":false},"author":2,"featured_media":58826,"comment_status":"closed","ping_status":"closed","sticky":false,"template":"","format":"standard","meta":{"_acf_changed":false,"footnotes":""},"categories":[175,378],"tags":[],"class_list":["post-58808","post","type-post","status-publish","format-standard","has-post-thumbnail","hentry","category-aktuelle-news-ueber-uns-at","category-blog-news-ueber-uns"],"acf":[],"yoast_head":"<!-- This site is optimized with the Yoast SEO plugin v26.1.1 - https:\/\/yoast.com\/wordpress\/plugins\/seo\/ -->\n<title>Wir sind wieder unterwegs am Flaniermarkt in der Neubaugasse Wien - Kultur Online TV &amp; FM<\/title>\n<meta name=\"description\" content=\"Am 05. und 06. Mai 2023 sind wir wieder vor Ort beim Flaniermarkt in der Neubaugasse Wien.\" \/>\n<meta name=\"robots\" content=\"index, follow, max-snippet:-1, max-image-preview:large, max-video-preview:-1\" \/>\n<link rel=\"canonical\" href=\"https:\/\/kulturonline.tv\/at\/wir-sind-wieder-unterwegs-am-flaniermarkt-in-der-neubaugasse-wien\/\" \/>\n<meta property=\"og:locale\" content=\"de_DE\" \/>\n<meta property=\"og:type\" content=\"article\" \/>\n<meta property=\"og:title\" content=\"Wir sind wieder unterwegs am Flaniermarkt in der Neubaugasse Wien - Kultur Online TV &amp; FM\" \/>\n<meta property=\"og:description\" content=\"Am 05. und 06. Mai 2023 sind wir wieder vor Ort beim Flaniermarkt in der Neubaugasse Wien.\" \/>\n<meta property=\"og:url\" content=\"https:\/\/kulturonline.tv\/at\/wir-sind-wieder-unterwegs-am-flaniermarkt-in-der-neubaugasse-wien\/\" \/>\n<meta property=\"og:site_name\" content=\"Kultur Online TV &amp; FM\" \/>\n<meta property=\"article:publisher\" content=\"https:\/\/www.facebook.com\/kulturonline.tv\" \/>\n<meta property=\"article:published_time\" content=\"2023-04-30T17:56:12+00:00\" \/>\n<meta property=\"article:modified_time\" content=\"2023-05-14T19:34:38+00:00\" \/>\n<meta property=\"og:image\" content=\"https:\/\/kulturonline.tv\/wp-content\/uploads\/2023\/04\/Flaniermarkt-2023-Kultur-Online-TV.png\" \/>\n\t<meta property=\"og:image:width\" content=\"1586\" \/>\n\t<meta property=\"og:image:height\" content=\"898\" \/>\n\t<meta property=\"og:image:type\" content=\"image\/png\" \/>\n<meta name=\"author\" content=\"guenter.wolfgang\" \/>\n<meta name=\"twitter:card\" content=\"summary_large_image\" \/>\n<meta name=\"twitter:label1\" content=\"Verfasst von\" \/>\n\t<meta name=\"twitter:data1\" content=\"guenter.wolfgang\" \/>\n\t<meta name=\"twitter:label2\" content=\"Gesch\u00e4tzte Lesezeit\" \/>\n\t<meta name=\"twitter:data2\" content=\"4 Minuten\" \/>\n<script type=\"application\/ld+json\" class=\"yoast-schema-graph\">{\"@context\":\"https:\/\/schema.org\",\"@graph\":[{\"@type\":\"Article\",\"@id\":\"https:\/\/kulturonline.tv\/at\/wir-sind-wieder-unterwegs-am-flaniermarkt-in-der-neubaugasse-wien\/#article\",\"isPartOf\":{\"@id\":\"https:\/\/kulturonline.tv\/at\/wir-sind-wieder-unterwegs-am-flaniermarkt-in-der-neubaugasse-wien\/\"},\"author\":{\"name\":\"guenter.wolfgang\",\"@id\":\"https:\/\/kulturonline.tv\/at\/#\/schema\/person\/b0fac729bb9a0c193fb1df23449df4fe\"},\"headline\":\"Wir sind wieder unterwegs am Flaniermarkt in der Neubaugasse Wien\",\"datePublished\":\"2023-04-30T17:56:12+00:00\",\"dateModified\":\"2023-05-14T19:34:38+00:00\",\"mainEntityOfPage\":{\"@id\":\"https:\/\/kulturonline.tv\/at\/wir-sind-wieder-unterwegs-am-flaniermarkt-in-der-neubaugasse-wien\/\"},\"wordCount\":798,\"publisher\":{\"@id\":\"https:\/\/kulturonline.tv\/at\/#organization\"},\"image\":{\"@id\":\"https:\/\/kulturonline.tv\/at\/wir-sind-wieder-unterwegs-am-flaniermarkt-in-der-neubaugasse-wien\/#primaryimage\"},\"thumbnailUrl\":\"https:\/\/kulturonline.tv\/wp-content\/uploads\/2023\/04\/Flaniermarkt-2023-Kultur-Online-TV.png\",\"articleSection\":[\"Blog\",\"Blog News \u00fcber uns\"],\"inLanguage\":\"de-AT\"},{\"@type\":\"WebPage\",\"@id\":\"https:\/\/kulturonline.tv\/at\/wir-sind-wieder-unterwegs-am-flaniermarkt-in-der-neubaugasse-wien\/\",\"url\":\"https:\/\/kulturonline.tv\/at\/wir-sind-wieder-unterwegs-am-flaniermarkt-in-der-neubaugasse-wien\/\",\"name\":\"Wir sind wieder unterwegs am Flaniermarkt in der Neubaugasse Wien - Kultur Online TV &amp; FM\",\"isPartOf\":{\"@id\":\"https:\/\/kulturonline.tv\/at\/#website\"},\"primaryImageOfPage\":{\"@id\":\"https:\/\/kulturonline.tv\/at\/wir-sind-wieder-unterwegs-am-flaniermarkt-in-der-neubaugasse-wien\/#primaryimage\"},\"image\":{\"@id\":\"https:\/\/kulturonline.tv\/at\/wir-sind-wieder-unterwegs-am-flaniermarkt-in-der-neubaugasse-wien\/#primaryimage\"},\"thumbnailUrl\":\"https:\/\/kulturonline.tv\/wp-content\/uploads\/2023\/04\/Flaniermarkt-2023-Kultur-Online-TV.png\",\"datePublished\":\"2023-04-30T17:56:12+00:00\",\"dateModified\":\"2023-05-14T19:34:38+00:00\",\"description\":\"Am 05. und 06. Mai 2023 sind wir wieder vor Ort beim Flaniermarkt in der Neubaugasse Wien.\",\"breadcrumb\":{\"@id\":\"https:\/\/kulturonline.tv\/at\/wir-sind-wieder-unterwegs-am-flaniermarkt-in-der-neubaugasse-wien\/#breadcrumb\"},\"inLanguage\":\"de-AT\",\"potentialAction\":[{\"@type\":\"ReadAction\",\"target\":[\"https:\/\/kulturonline.tv\/at\/wir-sind-wieder-unterwegs-am-flaniermarkt-in-der-neubaugasse-wien\/\"]}]},{\"@type\":\"ImageObject\",\"inLanguage\":\"de-AT\",\"@id\":\"https:\/\/kulturonline.tv\/at\/wir-sind-wieder-unterwegs-am-flaniermarkt-in-der-neubaugasse-wien\/#primaryimage\",\"url\":\"https:\/\/kulturonline.tv\/wp-content\/uploads\/2023\/04\/Flaniermarkt-2023-Kultur-Online-TV.png\",\"contentUrl\":\"https:\/\/kulturonline.tv\/wp-content\/uploads\/2023\/04\/Flaniermarkt-2023-Kultur-Online-TV.png\",\"width\":1586,\"height\":898},{\"@type\":\"BreadcrumbList\",\"@id\":\"https:\/\/kulturonline.tv\/at\/wir-sind-wieder-unterwegs-am-flaniermarkt-in-der-neubaugasse-wien\/#breadcrumb\",\"itemListElement\":[{\"@type\":\"ListItem\",\"position\":1,\"name\":\"Startseite\",\"item\":\"https:\/\/kulturonline.tv\/at\/\"},{\"@type\":\"ListItem\",\"position\":2,\"name\":\"Wir sind wieder unterwegs am Flaniermarkt in der Neubaugasse Wien\"}]},{\"@type\":\"WebSite\",\"@id\":\"https:\/\/kulturonline.tv\/at\/#website\",\"url\":\"https:\/\/kulturonline.tv\/at\/\",\"name\":\"Kultur Online TV &amp; FM\",\"description\":\"Wir sind Kultur 2.0 zum sehen &amp; h\u00f6ren\",\"publisher\":{\"@id\":\"https:\/\/kulturonline.tv\/at\/#organization\"},\"potentialAction\":[{\"@type\":\"SearchAction\",\"target\":{\"@type\":\"EntryPoint\",\"urlTemplate\":\"https:\/\/kulturonline.tv\/at\/?s={search_term_string}\"},\"query-input\":{\"@type\":\"PropertyValueSpecification\",\"valueRequired\":true,\"valueName\":\"search_term_string\"}}],\"inLanguage\":\"de-AT\"},{\"@type\":\"Organization\",\"@id\":\"https:\/\/kulturonline.tv\/at\/#organization\",\"name\":\"Kultur Online TV\",\"url\":\"https:\/\/kulturonline.tv\/at\/\",\"logo\":{\"@type\":\"ImageObject\",\"inLanguage\":\"de-AT\",\"@id\":\"https:\/\/kulturonline.tv\/at\/#\/schema\/logo\/image\/\",\"url\":\"https:\/\/kulturonline.tv\/wp-content\/uploads\/2021\/08\/Kultur-Online-Tv-Logo-Endversion-neu.png\",\"contentUrl\":\"https:\/\/kulturonline.tv\/wp-content\/uploads\/2021\/08\/Kultur-Online-Tv-Logo-Endversion-neu.png\",\"width\":200,\"height\":200,\"caption\":\"Kultur Online TV\"},\"image\":{\"@id\":\"https:\/\/kulturonline.tv\/at\/#\/schema\/logo\/image\/\"},\"sameAs\":[\"https:\/\/www.facebook.com\/kulturonline.tv\",\"https:\/\/www.instagram.com\/kulturonline.tv\"]},{\"@type\":\"Person\",\"@id\":\"https:\/\/kulturonline.tv\/at\/#\/schema\/person\/b0fac729bb9a0c193fb1df23449df4fe\",\"name\":\"guenter.wolfgang\"}]}<\/script>\n<!-- \/ Yoast SEO plugin. -->","yoast_head_json":{"title":"Wir sind wieder unterwegs am Flaniermarkt in der Neubaugasse Wien - Kultur Online TV &amp; FM","description":"Am 05. und 06. Mai 2023 sind wir wieder vor Ort beim Flaniermarkt in der Neubaugasse Wien.","robots":{"index":"index","follow":"follow","max-snippet":"max-snippet:-1","max-image-preview":"max-image-preview:large","max-video-preview":"max-video-preview:-1"},"canonical":"https:\/\/kulturonline.tv\/at\/wir-sind-wieder-unterwegs-am-flaniermarkt-in-der-neubaugasse-wien\/","og_locale":"de_DE","og_type":"article","og_title":"Wir sind wieder unterwegs am Flaniermarkt in der Neubaugasse Wien - Kultur Online TV &amp; FM","og_description":"Am 05. und 06. Mai 2023 sind wir wieder vor Ort beim Flaniermarkt in der Neubaugasse Wien.","og_url":"https:\/\/kulturonline.tv\/at\/wir-sind-wieder-unterwegs-am-flaniermarkt-in-der-neubaugasse-wien\/","og_site_name":"Kultur Online TV &amp; FM","article_publisher":"https:\/\/www.facebook.com\/kulturonline.tv","article_published_time":"2023-04-30T17:56:12+00:00","article_modified_time":"2023-05-14T19:34:38+00:00","og_image":[{"width":1586,"height":898,"url":"https:\/\/kulturonline.tv\/wp-content\/uploads\/2023\/04\/Flaniermarkt-2023-Kultur-Online-TV.png","type":"image\/png"}],"author":"guenter.wolfgang","twitter_card":"summary_large_image","twitter_misc":{"Verfasst von":"guenter.wolfgang","Gesch\u00e4tzte Lesezeit":"4 Minuten"},"schema":{"@context":"https:\/\/schema.org","@graph":[{"@type":"Article","@id":"https:\/\/kulturonline.tv\/at\/wir-sind-wieder-unterwegs-am-flaniermarkt-in-der-neubaugasse-wien\/#article","isPartOf":{"@id":"https:\/\/kulturonline.tv\/at\/wir-sind-wieder-unterwegs-am-flaniermarkt-in-der-neubaugasse-wien\/"},"author":{"name":"guenter.wolfgang","@id":"https:\/\/kulturonline.tv\/at\/#\/schema\/person\/b0fac729bb9a0c193fb1df23449df4fe"},"headline":"Wir sind wieder unterwegs am Flaniermarkt in der Neubaugasse Wien","datePublished":"2023-04-30T17:56:12+00:00","dateModified":"2023-05-14T19:34:38+00:00","mainEntityOfPage":{"@id":"https:\/\/kulturonline.tv\/at\/wir-sind-wieder-unterwegs-am-flaniermarkt-in-der-neubaugasse-wien\/"},"wordCount":798,"publisher":{"@id":"https:\/\/kulturonline.tv\/at\/#organization"},"image":{"@id":"https:\/\/kulturonline.tv\/at\/wir-sind-wieder-unterwegs-am-flaniermarkt-in-der-neubaugasse-wien\/#primaryimage"},"thumbnailUrl":"https:\/\/kulturonline.tv\/wp-content\/uploads\/2023\/04\/Flaniermarkt-2023-Kultur-Online-TV.png","articleSection":["Blog","Blog News \u00fcber uns"],"inLanguage":"de-AT"},{"@type":"WebPage","@id":"https:\/\/kulturonline.tv\/at\/wir-sind-wieder-unterwegs-am-flaniermarkt-in-der-neubaugasse-wien\/","url":"https:\/\/kulturonline.tv\/at\/wir-sind-wieder-unterwegs-am-flaniermarkt-in-der-neubaugasse-wien\/","name":"Wir sind wieder unterwegs am Flaniermarkt in der Neubaugasse Wien - Kultur Online TV &amp; FM","isPartOf":{"@id":"https:\/\/kulturonline.tv\/at\/#website"},"primaryImageOfPage":{"@id":"https:\/\/kulturonline.tv\/at\/wir-sind-wieder-unterwegs-am-flaniermarkt-in-der-neubaugasse-wien\/#primaryimage"},"image":{"@id":"https:\/\/kulturonline.tv\/at\/wir-sind-wieder-unterwegs-am-flaniermarkt-in-der-neubaugasse-wien\/#primaryimage"},"thumbnailUrl":"https:\/\/kulturonline.tv\/wp-content\/uploads\/2023\/04\/Flaniermarkt-2023-Kultur-Online-TV.png","datePublished":"2023-04-30T17:56:12+00:00","dateModified":"2023-05-14T19:34:38+00:00","description":"Am 05. und 06. Mai 2023 sind wir wieder vor Ort beim Flaniermarkt in der Neubaugasse Wien.","breadcrumb":{"@id":"https:\/\/kulturonline.tv\/at\/wir-sind-wieder-unterwegs-am-flaniermarkt-in-der-neubaugasse-wien\/#breadcrumb"},"inLanguage":"de-AT","potentialAction":[{"@type":"ReadAction","target":["https:\/\/kulturonline.tv\/at\/wir-sind-wieder-unterwegs-am-flaniermarkt-in-der-neubaugasse-wien\/"]}]},{"@type":"ImageObject","inLanguage":"de-AT","@id":"https:\/\/kulturonline.tv\/at\/wir-sind-wieder-unterwegs-am-flaniermarkt-in-der-neubaugasse-wien\/#primaryimage","url":"https:\/\/kulturonline.tv\/wp-content\/uploads\/2023\/04\/Flaniermarkt-2023-Kultur-Online-TV.png","contentUrl":"https:\/\/kulturonline.tv\/wp-content\/uploads\/2023\/04\/Flaniermarkt-2023-Kultur-Online-TV.png","width":1586,"height":898},{"@type":"BreadcrumbList","@id":"https:\/\/kulturonline.tv\/at\/wir-sind-wieder-unterwegs-am-flaniermarkt-in-der-neubaugasse-wien\/#breadcrumb","itemListElement":[{"@type":"ListItem","position":1,"name":"Startseite","item":"https:\/\/kulturonline.tv\/at\/"},{"@type":"ListItem","position":2,"name":"Wir sind wieder unterwegs am Flaniermarkt in der Neubaugasse Wien"}]},{"@type":"WebSite","@id":"https:\/\/kulturonline.tv\/at\/#website","url":"https:\/\/kulturonline.tv\/at\/","name":"Kultur Online TV &amp; FM","description":"Wir sind Kultur 2.0 zum sehen &amp; h\u00f6ren","publisher":{"@id":"https:\/\/kulturonline.tv\/at\/#organization"},"potentialAction":[{"@type":"SearchAction","target":{"@type":"EntryPoint","urlTemplate":"https:\/\/kulturonline.tv\/at\/?s={search_term_string}"},"query-input":{"@type":"PropertyValueSpecification","valueRequired":true,"valueName":"search_term_string"}}],"inLanguage":"de-AT"},{"@type":"Organization","@id":"https:\/\/kulturonline.tv\/at\/#organization","name":"Kultur Online TV","url":"https:\/\/kulturonline.tv\/at\/","logo":{"@type":"ImageObject","inLanguage":"de-AT","@id":"https:\/\/kulturonline.tv\/at\/#\/schema\/logo\/image\/","url":"https:\/\/kulturonline.tv\/wp-content\/uploads\/2021\/08\/Kultur-Online-Tv-Logo-Endversion-neu.png","contentUrl":"https:\/\/kulturonline.tv\/wp-content\/uploads\/2021\/08\/Kultur-Online-Tv-Logo-Endversion-neu.png","width":200,"height":200,"caption":"Kultur Online TV"},"image":{"@id":"https:\/\/kulturonline.tv\/at\/#\/schema\/logo\/image\/"},"sameAs":["https:\/\/www.facebook.com\/kulturonline.tv","https:\/\/www.instagram.com\/kulturonline.tv"]},{"@type":"Person","@id":"https:\/\/kulturonline.tv\/at\/#\/schema\/person\/b0fac729bb9a0c193fb1df23449df4fe","name":"guenter.wolfgang"}]}},"_links":{"self":[{"href":"https:\/\/kulturonline.tv\/at\/wp-json\/wp\/v2\/posts\/58808","targetHints":{"allow":["GET"]}}],"collection":[{"href":"https:\/\/kulturonline.tv\/at\/wp-json\/wp\/v2\/posts"}],"about":[{"href":"https:\/\/kulturonline.tv\/at\/wp-json\/wp\/v2\/types\/post"}],"author":[{"embeddable":true,"href":"https:\/\/kulturonline.tv\/at\/wp-json\/wp\/v2\/users\/2"}],"replies":[{"embeddable":true,"href":"https:\/\/kulturonline.tv\/at\/wp-json\/wp\/v2\/comments?post=58808"}],"version-history":[{"count":0,"href":"https:\/\/kulturonline.tv\/at\/wp-json\/wp\/v2\/posts\/58808\/revisions"}],"wp:featuredmedia":[{"embeddable":true,"href":"https:\/\/kulturonline.tv\/at\/wp-json\/wp\/v2\/media\/58826"}],"wp:attachment":[{"href":"https:\/\/kulturonline.tv\/at\/wp-json\/wp\/v2\/media?parent=58808"}],"wp:term":[{"taxonomy":"category","embeddable":true,"href":"https:\/\/kulturonline.tv\/at\/wp-json\/wp\/v2\/categories?post=58808"},{"taxonomy":"post_tag","embeddable":true,"href":"https:\/\/kulturonline.tv\/at\/wp-json\/wp\/v2\/tags?post=58808"}],"curies":[{"name":"wp","href":"https:\/\/api.w.org\/{rel}","templated":true}]}}