{"id":6645,"date":"2021-09-13T13:43:45","date_gmt":"2021-09-13T11:43:45","guid":{"rendered":"https:\/\/kulturonline.tv\/uncategorized\/verhuellung-des-arc-de-triomphe-hat-begonnen"},"modified":"2021-09-13T13:43:45","modified_gmt":"2021-09-13T11:43:45","slug":"verhuellung-des-arc-de-triomphe-hat-begonnen","status":"publish","type":"post","link":"https:\/\/kulturonline.tv\/at\/verhuellung-des-arc-de-triomphe-hat-begonnen\/","title":{"rendered":"Verh\u00fcllung des Arc de Triomphe hat begonnen"},"content":{"rendered":"\n<p><strong>In Paris hat die spektakul\u00e4re Verh\u00fcllung des Triumphbogens begonnen.<\/strong><\/p>\n\n\n\n<figure class=\"wp-block-image size-full\"><img fetchpriority=\"high\" decoding=\"async\" width=\"1280\" height=\"720\" src=\"https:\/\/kulturonline.tv\/wp-content\/uploads\/2021\/09\/Verhuellung-des-Arc-de-Triomphe-hat-begonnen.png\" alt=\"\" class=\"wp-image-6123\" srcset=\"https:\/\/kulturonline.tv\/wp-content\/uploads\/2021\/09\/Verhuellung-des-Arc-de-Triomphe-hat-begonnen.png 1280w, https:\/\/kulturonline.tv\/wp-content\/uploads\/2021\/09\/Verhuellung-des-Arc-de-Triomphe-hat-begonnen-600x338.png 600w, https:\/\/kulturonline.tv\/wp-content\/uploads\/2021\/09\/Verhuellung-des-Arc-de-Triomphe-hat-begonnen-800x450.png 800w, https:\/\/kulturonline.tv\/wp-content\/uploads\/2021\/09\/Verhuellung-des-Arc-de-Triomphe-hat-begonnen-768x432.png 768w\" sizes=\"(max-width: 1280px) 100vw, 1280px\" \/><\/figure>\n\n\n\n<p>Mehr als 70 Geb\u00e4udekletterer begannen damit, riesige Stoffbahnen \u00fcber das Wahrzeichen der franz\u00f6sischen Hauptstadt auszurollen. Bis zum 18. September soll die Verh\u00fcllung des Arc de Triomphe abgeschlossen sein. Damit erf\u00fcllt sich ein Lebenstraum des verstorbenen K\u00fcnstler Ehepaars Christo und Jean-Claude.<\/p>\n\n\n\n<p>Kultur Online TV<\/p>\n\n\n\n<p>#kunst #kultur<\/p>\n","protected":false},"excerpt":{"rendered":"<p>In Paris hat die spektakul\u00e4re Verh\u00fcllung des Triumphbogens begonnen. Mehr als 70 Geb\u00e4udekletterer begannen damit, riesige Stoffbahnen \u00fcber das Wahrzeichen der franz\u00f6sischen Hauptstadt auszurollen. Bis zum 18. September soll die Verh\u00fcllung des Arc de Triomphe abgeschlossen sein. Damit erf\u00fcllt sich ein Lebenstraum des verstorbenen K\u00fcnstler Ehepaars Christo und Jean-Claude. Kultur Online TV #kunst #kultur<\/p>\n","protected":false},"author":2,"featured_media":6124,"comment_status":"closed","ping_status":"closed","sticky":false,"template":"","format":"standard","meta":{"_acf_changed":false,"footnotes":""},"categories":[134],"tags":[],"class_list":["post-6645","post","type-post","status-publish","format-standard","has-post-thumbnail","hentry","category-kunst"],"acf":[],"yoast_head":"<!-- This site is optimized with the Yoast SEO plugin v26.1.1 - https:\/\/yoast.com\/wordpress\/plugins\/seo\/ -->\n<title>Verh\u00fcllung des Arc de Triomphe hat begonnen - Kultur Online TV &amp; FM<\/title>\n<meta name=\"description\" content=\"Kultur sehen und H\u00f6ren\" \/>\n<meta name=\"robots\" content=\"index, follow, max-snippet:-1, max-image-preview:large, max-video-preview:-1\" \/>\n<link rel=\"canonical\" href=\"https:\/\/kulturonline.tv\/at\/verhuellung-des-arc-de-triomphe-hat-begonnen\/\" \/>\n<meta property=\"og:locale\" content=\"de_DE\" \/>\n<meta property=\"og:type\" content=\"article\" \/>\n<meta property=\"og:title\" content=\"Verh\u00fcllung des Arc de Triomphe hat begonnen - Kultur Online TV &amp; FM\" \/>\n<meta property=\"og:description\" content=\"Kultur sehen und H\u00f6ren\" \/>\n<meta property=\"og:url\" content=\"https:\/\/kulturonline.tv\/at\/verhuellung-des-arc-de-triomphe-hat-begonnen\/\" \/>\n<meta property=\"og:site_name\" content=\"Kultur Online TV &amp; FM\" \/>\n<meta property=\"article:publisher\" content=\"https:\/\/www.facebook.com\/kulturonline.tv\" \/>\n<meta property=\"article:published_time\" content=\"2021-09-13T11:43:45+00:00\" \/>\n<meta property=\"og:image\" content=\"https:\/\/kulturonline.tv\/wp-content\/uploads\/2021\/09\/Verhuellung-des-Arc-de-Triomphe-hat-begonnen.png\" \/>\n\t<meta property=\"og:image:width\" content=\"1280\" \/>\n\t<meta property=\"og:image:height\" content=\"720\" \/>\n\t<meta property=\"og:image:type\" content=\"image\/png\" \/>\n<meta name=\"author\" content=\"guenter.wolfgang\" \/>\n<meta name=\"twitter:card\" content=\"summary_large_image\" \/>\n<meta name=\"twitter:label1\" content=\"Verfasst von\" \/>\n\t<meta name=\"twitter:data1\" content=\"guenter.wolfgang\" \/>\n\t<meta name=\"twitter:label2\" content=\"Gesch\u00e4tzte Lesezeit\" \/>\n\t<meta name=\"twitter:data2\" content=\"1 Minute\" \/>\n<script type=\"application\/ld+json\" class=\"yoast-schema-graph\">{\"@context\":\"https:\/\/schema.org\",\"@graph\":[{\"@type\":\"Article\",\"@id\":\"https:\/\/kulturonline.tv\/at\/verhuellung-des-arc-de-triomphe-hat-begonnen\/#article\",\"isPartOf\":{\"@id\":\"https:\/\/kulturonline.tv\/at\/verhuellung-des-arc-de-triomphe-hat-begonnen\/\"},\"author\":{\"name\":\"guenter.wolfgang\",\"@id\":\"https:\/\/kulturonline.tv\/at\/#\/schema\/person\/b0fac729bb9a0c193fb1df23449df4fe\"},\"headline\":\"Verh\u00fcllung des Arc de Triomphe hat begonnen\",\"datePublished\":\"2021-09-13T11:43:45+00:00\",\"mainEntityOfPage\":{\"@id\":\"https:\/\/kulturonline.tv\/at\/verhuellung-des-arc-de-triomphe-hat-begonnen\/\"},\"wordCount\":67,\"publisher\":{\"@id\":\"https:\/\/kulturonline.tv\/at\/#organization\"},\"image\":{\"@id\":\"https:\/\/kulturonline.tv\/at\/verhuellung-des-arc-de-triomphe-hat-begonnen\/#primaryimage\"},\"thumbnailUrl\":\"https:\/\/kulturonline.tv\/wp-content\/uploads\/2021\/09\/Verhuellung-des-Arc-de-Triomphe-hat-begonnen.png\",\"articleSection\":[\"Kunst\"],\"inLanguage\":\"de-AT\"},{\"@type\":\"WebPage\",\"@id\":\"https:\/\/kulturonline.tv\/at\/verhuellung-des-arc-de-triomphe-hat-begonnen\/\",\"url\":\"https:\/\/kulturonline.tv\/at\/verhuellung-des-arc-de-triomphe-hat-begonnen\/\",\"name\":\"Verh\u00fcllung des Arc de Triomphe hat begonnen - Kultur Online TV &amp; FM\",\"isPartOf\":{\"@id\":\"https:\/\/kulturonline.tv\/at\/#website\"},\"primaryImageOfPage\":{\"@id\":\"https:\/\/kulturonline.tv\/at\/verhuellung-des-arc-de-triomphe-hat-begonnen\/#primaryimage\"},\"image\":{\"@id\":\"https:\/\/kulturonline.tv\/at\/verhuellung-des-arc-de-triomphe-hat-begonnen\/#primaryimage\"},\"thumbnailUrl\":\"https:\/\/kulturonline.tv\/wp-content\/uploads\/2021\/09\/Verhuellung-des-Arc-de-Triomphe-hat-begonnen.png\",\"datePublished\":\"2021-09-13T11:43:45+00:00\",\"description\":\"Kultur sehen und H\u00f6ren\",\"breadcrumb\":{\"@id\":\"https:\/\/kulturonline.tv\/at\/verhuellung-des-arc-de-triomphe-hat-begonnen\/#breadcrumb\"},\"inLanguage\":\"de-AT\",\"potentialAction\":[{\"@type\":\"ReadAction\",\"target\":[\"https:\/\/kulturonline.tv\/at\/verhuellung-des-arc-de-triomphe-hat-begonnen\/\"]}]},{\"@type\":\"ImageObject\",\"inLanguage\":\"de-AT\",\"@id\":\"https:\/\/kulturonline.tv\/at\/verhuellung-des-arc-de-triomphe-hat-begonnen\/#primaryimage\",\"url\":\"https:\/\/kulturonline.tv\/wp-content\/uploads\/2021\/09\/Verhuellung-des-Arc-de-Triomphe-hat-begonnen.png\",\"contentUrl\":\"https:\/\/kulturonline.tv\/wp-content\/uploads\/2021\/09\/Verhuellung-des-Arc-de-Triomphe-hat-begonnen.png\",\"width\":1280,\"height\":720},{\"@type\":\"BreadcrumbList\",\"@id\":\"https:\/\/kulturonline.tv\/at\/verhuellung-des-arc-de-triomphe-hat-begonnen\/#breadcrumb\",\"itemListElement\":[{\"@type\":\"ListItem\",\"position\":1,\"name\":\"Startseite\",\"item\":\"https:\/\/kulturonline.tv\/at\/\"},{\"@type\":\"ListItem\",\"position\":2,\"name\":\"Verh\u00fcllung des Arc de Triomphe hat begonnen\"}]},{\"@type\":\"WebSite\",\"@id\":\"https:\/\/kulturonline.tv\/at\/#website\",\"url\":\"https:\/\/kulturonline.tv\/at\/\",\"name\":\"Kultur Online TV &amp; FM\",\"description\":\"Wir sind Kultur 2.0 zum sehen &amp; h\u00f6ren\",\"publisher\":{\"@id\":\"https:\/\/kulturonline.tv\/at\/#organization\"},\"potentialAction\":[{\"@type\":\"SearchAction\",\"target\":{\"@type\":\"EntryPoint\",\"urlTemplate\":\"https:\/\/kulturonline.tv\/at\/?s={search_term_string}\"},\"query-input\":{\"@type\":\"PropertyValueSpecification\",\"valueRequired\":true,\"valueName\":\"search_term_string\"}}],\"inLanguage\":\"de-AT\"},{\"@type\":\"Organization\",\"@id\":\"https:\/\/kulturonline.tv\/at\/#organization\",\"name\":\"Kultur Online TV\",\"url\":\"https:\/\/kulturonline.tv\/at\/\",\"logo\":{\"@type\":\"ImageObject\",\"inLanguage\":\"de-AT\",\"@id\":\"https:\/\/kulturonline.tv\/at\/#\/schema\/logo\/image\/\",\"url\":\"https:\/\/kulturonline.tv\/wp-content\/uploads\/2021\/08\/Kultur-Online-Tv-Logo-Endversion-neu.png\",\"contentUrl\":\"https:\/\/kulturonline.tv\/wp-content\/uploads\/2021\/08\/Kultur-Online-Tv-Logo-Endversion-neu.png\",\"width\":200,\"height\":200,\"caption\":\"Kultur Online TV\"},\"image\":{\"@id\":\"https:\/\/kulturonline.tv\/at\/#\/schema\/logo\/image\/\"},\"sameAs\":[\"https:\/\/www.facebook.com\/kulturonline.tv\",\"https:\/\/www.instagram.com\/kulturonline.tv\"]},{\"@type\":\"Person\",\"@id\":\"https:\/\/kulturonline.tv\/at\/#\/schema\/person\/b0fac729bb9a0c193fb1df23449df4fe\",\"name\":\"guenter.wolfgang\"}]}<\/script>\n<!-- \/ Yoast SEO plugin. -->","yoast_head_json":{"title":"Verh\u00fcllung des Arc de Triomphe hat begonnen - Kultur Online TV &amp; FM","description":"Kultur sehen und H\u00f6ren","robots":{"index":"index","follow":"follow","max-snippet":"max-snippet:-1","max-image-preview":"max-image-preview:large","max-video-preview":"max-video-preview:-1"},"canonical":"https:\/\/kulturonline.tv\/at\/verhuellung-des-arc-de-triomphe-hat-begonnen\/","og_locale":"de_DE","og_type":"article","og_title":"Verh\u00fcllung des Arc de Triomphe hat begonnen - Kultur Online TV &amp; FM","og_description":"Kultur sehen und H\u00f6ren","og_url":"https:\/\/kulturonline.tv\/at\/verhuellung-des-arc-de-triomphe-hat-begonnen\/","og_site_name":"Kultur Online TV &amp; FM","article_publisher":"https:\/\/www.facebook.com\/kulturonline.tv","article_published_time":"2021-09-13T11:43:45+00:00","og_image":[{"width":1280,"height":720,"url":"https:\/\/kulturonline.tv\/wp-content\/uploads\/2021\/09\/Verhuellung-des-Arc-de-Triomphe-hat-begonnen.png","type":"image\/png"}],"author":"guenter.wolfgang","twitter_card":"summary_large_image","twitter_misc":{"Verfasst von":"guenter.wolfgang","Gesch\u00e4tzte Lesezeit":"1 Minute"},"schema":{"@context":"https:\/\/schema.org","@graph":[{"@type":"Article","@id":"https:\/\/kulturonline.tv\/at\/verhuellung-des-arc-de-triomphe-hat-begonnen\/#article","isPartOf":{"@id":"https:\/\/kulturonline.tv\/at\/verhuellung-des-arc-de-triomphe-hat-begonnen\/"},"author":{"name":"guenter.wolfgang","@id":"https:\/\/kulturonline.tv\/at\/#\/schema\/person\/b0fac729bb9a0c193fb1df23449df4fe"},"headline":"Verh\u00fcllung des Arc de Triomphe hat begonnen","datePublished":"2021-09-13T11:43:45+00:00","mainEntityOfPage":{"@id":"https:\/\/kulturonline.tv\/at\/verhuellung-des-arc-de-triomphe-hat-begonnen\/"},"wordCount":67,"publisher":{"@id":"https:\/\/kulturonline.tv\/at\/#organization"},"image":{"@id":"https:\/\/kulturonline.tv\/at\/verhuellung-des-arc-de-triomphe-hat-begonnen\/#primaryimage"},"thumbnailUrl":"https:\/\/kulturonline.tv\/wp-content\/uploads\/2021\/09\/Verhuellung-des-Arc-de-Triomphe-hat-begonnen.png","articleSection":["Kunst"],"inLanguage":"de-AT"},{"@type":"WebPage","@id":"https:\/\/kulturonline.tv\/at\/verhuellung-des-arc-de-triomphe-hat-begonnen\/","url":"https:\/\/kulturonline.tv\/at\/verhuellung-des-arc-de-triomphe-hat-begonnen\/","name":"Verh\u00fcllung des Arc de Triomphe hat begonnen - Kultur Online TV &amp; FM","isPartOf":{"@id":"https:\/\/kulturonline.tv\/at\/#website"},"primaryImageOfPage":{"@id":"https:\/\/kulturonline.tv\/at\/verhuellung-des-arc-de-triomphe-hat-begonnen\/#primaryimage"},"image":{"@id":"https:\/\/kulturonline.tv\/at\/verhuellung-des-arc-de-triomphe-hat-begonnen\/#primaryimage"},"thumbnailUrl":"https:\/\/kulturonline.tv\/wp-content\/uploads\/2021\/09\/Verhuellung-des-Arc-de-Triomphe-hat-begonnen.png","datePublished":"2021-09-13T11:43:45+00:00","description":"Kultur sehen und H\u00f6ren","breadcrumb":{"@id":"https:\/\/kulturonline.tv\/at\/verhuellung-des-arc-de-triomphe-hat-begonnen\/#breadcrumb"},"inLanguage":"de-AT","potentialAction":[{"@type":"ReadAction","target":["https:\/\/kulturonline.tv\/at\/verhuellung-des-arc-de-triomphe-hat-begonnen\/"]}]},{"@type":"ImageObject","inLanguage":"de-AT","@id":"https:\/\/kulturonline.tv\/at\/verhuellung-des-arc-de-triomphe-hat-begonnen\/#primaryimage","url":"https:\/\/kulturonline.tv\/wp-content\/uploads\/2021\/09\/Verhuellung-des-Arc-de-Triomphe-hat-begonnen.png","contentUrl":"https:\/\/kulturonline.tv\/wp-content\/uploads\/2021\/09\/Verhuellung-des-Arc-de-Triomphe-hat-begonnen.png","width":1280,"height":720},{"@type":"BreadcrumbList","@id":"https:\/\/kulturonline.tv\/at\/verhuellung-des-arc-de-triomphe-hat-begonnen\/#breadcrumb","itemListElement":[{"@type":"ListItem","position":1,"name":"Startseite","item":"https:\/\/kulturonline.tv\/at\/"},{"@type":"ListItem","position":2,"name":"Verh\u00fcllung des Arc de Triomphe hat begonnen"}]},{"@type":"WebSite","@id":"https:\/\/kulturonline.tv\/at\/#website","url":"https:\/\/kulturonline.tv\/at\/","name":"Kultur Online TV &amp; FM","description":"Wir sind Kultur 2.0 zum sehen &amp; h\u00f6ren","publisher":{"@id":"https:\/\/kulturonline.tv\/at\/#organization"},"potentialAction":[{"@type":"SearchAction","target":{"@type":"EntryPoint","urlTemplate":"https:\/\/kulturonline.tv\/at\/?s={search_term_string}"},"query-input":{"@type":"PropertyValueSpecification","valueRequired":true,"valueName":"search_term_string"}}],"inLanguage":"de-AT"},{"@type":"Organization","@id":"https:\/\/kulturonline.tv\/at\/#organization","name":"Kultur Online TV","url":"https:\/\/kulturonline.tv\/at\/","logo":{"@type":"ImageObject","inLanguage":"de-AT","@id":"https:\/\/kulturonline.tv\/at\/#\/schema\/logo\/image\/","url":"https:\/\/kulturonline.tv\/wp-content\/uploads\/2021\/08\/Kultur-Online-Tv-Logo-Endversion-neu.png","contentUrl":"https:\/\/kulturonline.tv\/wp-content\/uploads\/2021\/08\/Kultur-Online-Tv-Logo-Endversion-neu.png","width":200,"height":200,"caption":"Kultur Online TV"},"image":{"@id":"https:\/\/kulturonline.tv\/at\/#\/schema\/logo\/image\/"},"sameAs":["https:\/\/www.facebook.com\/kulturonline.tv","https:\/\/www.instagram.com\/kulturonline.tv"]},{"@type":"Person","@id":"https:\/\/kulturonline.tv\/at\/#\/schema\/person\/b0fac729bb9a0c193fb1df23449df4fe","name":"guenter.wolfgang"}]}},"_links":{"self":[{"href":"https:\/\/kulturonline.tv\/at\/wp-json\/wp\/v2\/posts\/6645","targetHints":{"allow":["GET"]}}],"collection":[{"href":"https:\/\/kulturonline.tv\/at\/wp-json\/wp\/v2\/posts"}],"about":[{"href":"https:\/\/kulturonline.tv\/at\/wp-json\/wp\/v2\/types\/post"}],"author":[{"embeddable":true,"href":"https:\/\/kulturonline.tv\/at\/wp-json\/wp\/v2\/users\/2"}],"replies":[{"embeddable":true,"href":"https:\/\/kulturonline.tv\/at\/wp-json\/wp\/v2\/comments?post=6645"}],"version-history":[{"count":0,"href":"https:\/\/kulturonline.tv\/at\/wp-json\/wp\/v2\/posts\/6645\/revisions"}],"wp:featuredmedia":[{"embeddable":true,"href":"https:\/\/kulturonline.tv\/at\/wp-json\/wp\/v2\/media\/6124"}],"wp:attachment":[{"href":"https:\/\/kulturonline.tv\/at\/wp-json\/wp\/v2\/media?parent=6645"}],"wp:term":[{"taxonomy":"category","embeddable":true,"href":"https:\/\/kulturonline.tv\/at\/wp-json\/wp\/v2\/categories?post=6645"},{"taxonomy":"post_tag","embeddable":true,"href":"https:\/\/kulturonline.tv\/at\/wp-json\/wp\/v2\/tags?post=6645"}],"curies":[{"name":"wp","href":"https:\/\/api.w.org\/{rel}","templated":true}]}}