{"id":66762,"date":"2023-10-17T00:17:49","date_gmt":"2023-10-16T22:17:49","guid":{"rendered":"https:\/\/kulturonline.tv\/?p=66762"},"modified":"2023-10-17T00:22:01","modified_gmt":"2023-10-16T22:22:01","slug":"buchpraesentation-das-blaue-klavier-von-andreas-maleta-in-der-villa-thonet-in-wien","status":"publish","type":"post","link":"https:\/\/kulturonline.tv\/at\/buchpraesentation-das-blaue-klavier-von-andreas-maleta-in-der-villa-thonet-in-wien\/","title":{"rendered":"Buchpr\u00e4sentation &#8220;DAS BLAUE KLAVIER&#8221; von Andreas Maleta in der Villa-Thonet in Wien"},"content":{"rendered":"\n<p>Die Geschichte der Familien Thonet, Scheid und Auchentaller um 1900. Von Wien \u00fcber M\u00e4hren und Scheibbs nach Grado und Gmunden.<\/p>\n\n\n\n<figure class=\"wp-block-image size-large\"><img fetchpriority=\"high\" decoding=\"async\" width=\"2560\" height=\"1440\" src=\"https:\/\/kulturonline.tv\/wp-content\/uploads\/2023\/10\/Kultur-Online-TV-edited-scaled.jpg\" alt=\"\" class=\"wp-image-66765\" srcset=\"https:\/\/kulturonline.tv\/wp-content\/uploads\/2023\/10\/Kultur-Online-TV-edited-scaled.jpg 2560w, https:\/\/kulturonline.tv\/wp-content\/uploads\/2023\/10\/Kultur-Online-TV-edited-800x450.jpg 800w, https:\/\/kulturonline.tv\/wp-content\/uploads\/2023\/10\/Kultur-Online-TV-edited-1600x900.jpg 1600w, https:\/\/kulturonline.tv\/wp-content\/uploads\/2023\/10\/Kultur-Online-TV-edited-768x432.jpg 768w, https:\/\/kulturonline.tv\/wp-content\/uploads\/2023\/10\/Kultur-Online-TV-edited-1536x864.jpg 1536w, https:\/\/kulturonline.tv\/wp-content\/uploads\/2023\/10\/Kultur-Online-TV-edited-2048x1152.jpg 2048w, https:\/\/kulturonline.tv\/wp-content\/uploads\/2023\/10\/Kultur-Online-TV-edited-600x338.jpg 600w\" sizes=\"(max-width: 2560px) 100vw, 2560px\" \/><figcaption class=\"wp-element-caption\">Evamaria Schmertzing-Thonet &amp; Andreas Maleta mit seinem Buch vor dem Gem\u00e4lde ihrer Gro\u00dftante Martha Thonet, aus dem Leopold Museum.<\/figcaption><\/figure>\n\n\n\n<p>Als dem Autor vor einigen Jahren, ganz unerwartet, alte Dokumente, Fotos, Briefe und ein wunderbares G\u00e4stebuch aus der Familienvilla in die H\u00e4nde fielen, wurde er neugierig. Pl\u00f6tzlich wurde die Zeit um 1900 lebendig \u2013 durch die Welt von Martha und Victor Thonet, dem M\u00f6belfabrikanten, durch Josef Maria Auchentaller, dem Jugendstilmaler, und Georg Adam Scheid, dem internationalen Schmuckproduzenten aus Wien, die alle untereinander verwandt waren.<\/p>\n\n\n\n<p>Mit einem blauen Klavier in der Villa Scheid im Wiener Cottage (heute die Botschaft der Republik S\u00fcdkorea), einem Beethoven-Musikzimmer in ebendieser Villa, gestaltet von Josef Maria Auchentaller, Mitglied der Secession und Kollege von Gustav Klimt, fing alles an.<\/p>\n\n\n\n<p>Minuti\u00f6s recherchiert und romanhaft erz\u00e4hlt ist das Buch eine au\u00dfergew\u00f6hnliche Familiengeschichte, mit historischen und kulturgeschichtlichen Wurzeln in \u00d6sterreich um 1900.<\/p>\n\n\n\n<div class=\"wp-block-media-text is-stacked-on-mobile\" style=\"grid-template-columns:36% auto\"><figure class=\"wp-block-media-text__media\"><img decoding=\"async\" width=\"1099\" height=\"1600\" src=\"https:\/\/kulturonline.tv\/wp-content\/uploads\/2023\/10\/das-blaue-klavier-buch-kultur-online-tv-1099x1600.jpg\" alt=\"\" class=\"wp-image-66767 size-full\" srcset=\"https:\/\/kulturonline.tv\/wp-content\/uploads\/2023\/10\/das-blaue-klavier-buch-kultur-online-tv-1099x1600.jpg 1099w, https:\/\/kulturonline.tv\/wp-content\/uploads\/2023\/10\/das-blaue-klavier-buch-kultur-online-tv-550x800.jpg 550w, https:\/\/kulturonline.tv\/wp-content\/uploads\/2023\/10\/das-blaue-klavier-buch-kultur-online-tv-768x1118.jpg 768w, https:\/\/kulturonline.tv\/wp-content\/uploads\/2023\/10\/das-blaue-klavier-buch-kultur-online-tv-1055x1536.jpg 1055w, https:\/\/kulturonline.tv\/wp-content\/uploads\/2023\/10\/das-blaue-klavier-buch-kultur-online-tv-600x874.jpg 600w, https:\/\/kulturonline.tv\/wp-content\/uploads\/2023\/10\/das-blaue-klavier-buch-kultur-online-tv.jpg 1200w\" sizes=\"(max-width: 1099px) 100vw, 1099px\" \/><\/figure><div class=\"wp-block-media-text__content\">\n<p><\/p>\n<\/div><\/div>\n\n\n\n<p>Kultur Online TV<\/p>\n\n\n\n<p>#news #literatur #kultur<\/p>\n","protected":false},"excerpt":{"rendered":"<p>Die Geschichte der Familien Thonet, Scheid und Auchentaller um 1900. Von Wien \u00fcber M\u00e4hren und Scheibbs nach Grado und Gmunden. Als dem Autor vor einigen Jahren, ganz unerwartet, alte Dokumente, Fotos, Briefe und ein wunderbares G\u00e4stebuch aus der Familienvilla in die H\u00e4nde fielen, wurde er neugierig. Pl\u00f6tzlich wurde die Zeit um 1900 lebendig \u2013 durch [&hellip;]<\/p>\n","protected":false},"author":2,"featured_media":66766,"comment_status":"closed","ping_status":"closed","sticky":false,"template":"","format":"standard","meta":{"_acf_changed":false,"footnotes":""},"categories":[498,1],"tags":[],"class_list":["post-66762","post","type-post","status-publish","format-standard","has-post-thumbnail","hentry","category-literatur-headline-at","category-unkategorisiert"],"acf":[],"yoast_head":"<!-- This site is optimized with the Yoast SEO plugin v26.1.1 - https:\/\/yoast.com\/wordpress\/plugins\/seo\/ -->\n<title>Buchpr\u00e4sentation &#8220;DAS BLAUE KLAVIER&#8221; von Andreas Maleta in der Villa-Thonet in Wien - Kultur Online TV &amp; FM<\/title>\n<meta name=\"description\" content=\"Kultur sehen und H\u00f6ren\" \/>\n<meta name=\"robots\" content=\"index, follow, max-snippet:-1, max-image-preview:large, max-video-preview:-1\" \/>\n<link rel=\"canonical\" href=\"https:\/\/kulturonline.tv\/at\/buchpraesentation-das-blaue-klavier-von-andreas-maleta-in-der-villa-thonet-in-wien\/\" \/>\n<meta property=\"og:locale\" content=\"de_DE\" \/>\n<meta property=\"og:type\" content=\"article\" \/>\n<meta property=\"og:title\" content=\"Buchpr\u00e4sentation &#8220;DAS BLAUE KLAVIER&#8221; von Andreas Maleta in der Villa-Thonet in Wien - Kultur Online TV &amp; FM\" \/>\n<meta property=\"og:description\" content=\"Kultur sehen und H\u00f6ren\" \/>\n<meta property=\"og:url\" content=\"https:\/\/kulturonline.tv\/at\/buchpraesentation-das-blaue-klavier-von-andreas-maleta-in-der-villa-thonet-in-wien\/\" \/>\n<meta property=\"og:site_name\" content=\"Kultur Online TV &amp; FM\" \/>\n<meta property=\"article:publisher\" content=\"https:\/\/www.facebook.com\/kulturonline.tv\" \/>\n<meta property=\"article:published_time\" content=\"2023-10-16T22:17:49+00:00\" \/>\n<meta property=\"article:modified_time\" content=\"2023-10-16T22:22:01+00:00\" \/>\n<meta property=\"og:image\" content=\"https:\/\/kulturonline.tv\/wp-content\/uploads\/2023\/10\/Kultur-Online-TV-edited-scaled.jpg\" \/>\n\t<meta property=\"og:image:width\" content=\"2560\" \/>\n\t<meta property=\"og:image:height\" content=\"1440\" \/>\n\t<meta property=\"og:image:type\" content=\"image\/jpeg\" \/>\n<meta name=\"author\" content=\"guenter.wolfgang\" \/>\n<meta name=\"twitter:card\" content=\"summary_large_image\" \/>\n<meta name=\"twitter:label1\" content=\"Verfasst von\" \/>\n\t<meta name=\"twitter:data1\" content=\"guenter.wolfgang\" \/>\n\t<meta name=\"twitter:label2\" content=\"Gesch\u00e4tzte Lesezeit\" \/>\n\t<meta name=\"twitter:data2\" content=\"1 Minute\" \/>\n<script type=\"application\/ld+json\" class=\"yoast-schema-graph\">{\"@context\":\"https:\/\/schema.org\",\"@graph\":[{\"@type\":\"Article\",\"@id\":\"https:\/\/kulturonline.tv\/at\/buchpraesentation-das-blaue-klavier-von-andreas-maleta-in-der-villa-thonet-in-wien\/#article\",\"isPartOf\":{\"@id\":\"https:\/\/kulturonline.tv\/at\/buchpraesentation-das-blaue-klavier-von-andreas-maleta-in-der-villa-thonet-in-wien\/\"},\"author\":{\"name\":\"guenter.wolfgang\",\"@id\":\"https:\/\/kulturonline.tv\/at\/#\/schema\/person\/b0fac729bb9a0c193fb1df23449df4fe\"},\"headline\":\"Buchpr\u00e4sentation &#8220;DAS BLAUE KLAVIER&#8221; von Andreas Maleta in der Villa-Thonet in Wien\",\"datePublished\":\"2023-10-16T22:17:49+00:00\",\"dateModified\":\"2023-10-16T22:22:01+00:00\",\"mainEntityOfPage\":{\"@id\":\"https:\/\/kulturonline.tv\/at\/buchpraesentation-das-blaue-klavier-von-andreas-maleta-in-der-villa-thonet-in-wien\/\"},\"wordCount\":188,\"publisher\":{\"@id\":\"https:\/\/kulturonline.tv\/at\/#organization\"},\"image\":{\"@id\":\"https:\/\/kulturonline.tv\/at\/buchpraesentation-das-blaue-klavier-von-andreas-maleta-in-der-villa-thonet-in-wien\/#primaryimage\"},\"thumbnailUrl\":\"https:\/\/kulturonline.tv\/wp-content\/uploads\/2023\/10\/Kultur-Online-TV-edited-scaled.jpg\",\"articleSection\":[\"Literatur Headline\",\"Unkategorisiert\"],\"inLanguage\":\"de-AT\"},{\"@type\":\"WebPage\",\"@id\":\"https:\/\/kulturonline.tv\/at\/buchpraesentation-das-blaue-klavier-von-andreas-maleta-in-der-villa-thonet-in-wien\/\",\"url\":\"https:\/\/kulturonline.tv\/at\/buchpraesentation-das-blaue-klavier-von-andreas-maleta-in-der-villa-thonet-in-wien\/\",\"name\":\"Buchpr\u00e4sentation &#8220;DAS BLAUE KLAVIER&#8221; von Andreas Maleta in der Villa-Thonet in Wien - Kultur Online TV &amp; FM\",\"isPartOf\":{\"@id\":\"https:\/\/kulturonline.tv\/at\/#website\"},\"primaryImageOfPage\":{\"@id\":\"https:\/\/kulturonline.tv\/at\/buchpraesentation-das-blaue-klavier-von-andreas-maleta-in-der-villa-thonet-in-wien\/#primaryimage\"},\"image\":{\"@id\":\"https:\/\/kulturonline.tv\/at\/buchpraesentation-das-blaue-klavier-von-andreas-maleta-in-der-villa-thonet-in-wien\/#primaryimage\"},\"thumbnailUrl\":\"https:\/\/kulturonline.tv\/wp-content\/uploads\/2023\/10\/Kultur-Online-TV-edited-scaled.jpg\",\"datePublished\":\"2023-10-16T22:17:49+00:00\",\"dateModified\":\"2023-10-16T22:22:01+00:00\",\"description\":\"Kultur sehen und H\u00f6ren\",\"breadcrumb\":{\"@id\":\"https:\/\/kulturonline.tv\/at\/buchpraesentation-das-blaue-klavier-von-andreas-maleta-in-der-villa-thonet-in-wien\/#breadcrumb\"},\"inLanguage\":\"de-AT\",\"potentialAction\":[{\"@type\":\"ReadAction\",\"target\":[\"https:\/\/kulturonline.tv\/at\/buchpraesentation-das-blaue-klavier-von-andreas-maleta-in-der-villa-thonet-in-wien\/\"]}]},{\"@type\":\"ImageObject\",\"inLanguage\":\"de-AT\",\"@id\":\"https:\/\/kulturonline.tv\/at\/buchpraesentation-das-blaue-klavier-von-andreas-maleta-in-der-villa-thonet-in-wien\/#primaryimage\",\"url\":\"https:\/\/kulturonline.tv\/wp-content\/uploads\/2023\/10\/Kultur-Online-TV-edited-scaled.jpg\",\"contentUrl\":\"https:\/\/kulturonline.tv\/wp-content\/uploads\/2023\/10\/Kultur-Online-TV-edited-scaled.jpg\",\"width\":2560,\"height\":1440,\"caption\":\"Evamaria Schmertzing-Thonet &amp; Andreas Maleta mit seinem Buch vor dem Gem\u00e4lde ihrer Gro\u00dftante Martha Thonet, aus dem Leopold Museum.\"},{\"@type\":\"BreadcrumbList\",\"@id\":\"https:\/\/kulturonline.tv\/at\/buchpraesentation-das-blaue-klavier-von-andreas-maleta-in-der-villa-thonet-in-wien\/#breadcrumb\",\"itemListElement\":[{\"@type\":\"ListItem\",\"position\":1,\"name\":\"Startseite\",\"item\":\"https:\/\/kulturonline.tv\/at\/\"},{\"@type\":\"ListItem\",\"position\":2,\"name\":\"Buchpr\u00e4sentation &#8220;DAS BLAUE KLAVIER&#8221; von Andreas Maleta in der Villa-Thonet in Wien\"}]},{\"@type\":\"WebSite\",\"@id\":\"https:\/\/kulturonline.tv\/at\/#website\",\"url\":\"https:\/\/kulturonline.tv\/at\/\",\"name\":\"Kultur Online TV &amp; FM\",\"description\":\"Wir sind Kultur 2.0 zum sehen &amp; h\u00f6ren\",\"publisher\":{\"@id\":\"https:\/\/kulturonline.tv\/at\/#organization\"},\"potentialAction\":[{\"@type\":\"SearchAction\",\"target\":{\"@type\":\"EntryPoint\",\"urlTemplate\":\"https:\/\/kulturonline.tv\/at\/?s={search_term_string}\"},\"query-input\":{\"@type\":\"PropertyValueSpecification\",\"valueRequired\":true,\"valueName\":\"search_term_string\"}}],\"inLanguage\":\"de-AT\"},{\"@type\":\"Organization\",\"@id\":\"https:\/\/kulturonline.tv\/at\/#organization\",\"name\":\"Kultur Online TV\",\"url\":\"https:\/\/kulturonline.tv\/at\/\",\"logo\":{\"@type\":\"ImageObject\",\"inLanguage\":\"de-AT\",\"@id\":\"https:\/\/kulturonline.tv\/at\/#\/schema\/logo\/image\/\",\"url\":\"https:\/\/kulturonline.tv\/wp-content\/uploads\/2021\/08\/Kultur-Online-Tv-Logo-Endversion-neu.png\",\"contentUrl\":\"https:\/\/kulturonline.tv\/wp-content\/uploads\/2021\/08\/Kultur-Online-Tv-Logo-Endversion-neu.png\",\"width\":200,\"height\":200,\"caption\":\"Kultur Online TV\"},\"image\":{\"@id\":\"https:\/\/kulturonline.tv\/at\/#\/schema\/logo\/image\/\"},\"sameAs\":[\"https:\/\/www.facebook.com\/kulturonline.tv\",\"https:\/\/www.instagram.com\/kulturonline.tv\"]},{\"@type\":\"Person\",\"@id\":\"https:\/\/kulturonline.tv\/at\/#\/schema\/person\/b0fac729bb9a0c193fb1df23449df4fe\",\"name\":\"guenter.wolfgang\"}]}<\/script>\n<!-- \/ Yoast SEO plugin. -->","yoast_head_json":{"title":"Buchpr\u00e4sentation &#8220;DAS BLAUE KLAVIER&#8221; von Andreas Maleta in der Villa-Thonet in Wien - Kultur Online TV &amp; FM","description":"Kultur sehen und H\u00f6ren","robots":{"index":"index","follow":"follow","max-snippet":"max-snippet:-1","max-image-preview":"max-image-preview:large","max-video-preview":"max-video-preview:-1"},"canonical":"https:\/\/kulturonline.tv\/at\/buchpraesentation-das-blaue-klavier-von-andreas-maleta-in-der-villa-thonet-in-wien\/","og_locale":"de_DE","og_type":"article","og_title":"Buchpr\u00e4sentation &#8220;DAS BLAUE KLAVIER&#8221; von Andreas Maleta in der Villa-Thonet in Wien - Kultur Online TV &amp; FM","og_description":"Kultur sehen und H\u00f6ren","og_url":"https:\/\/kulturonline.tv\/at\/buchpraesentation-das-blaue-klavier-von-andreas-maleta-in-der-villa-thonet-in-wien\/","og_site_name":"Kultur Online TV &amp; FM","article_publisher":"https:\/\/www.facebook.com\/kulturonline.tv","article_published_time":"2023-10-16T22:17:49+00:00","article_modified_time":"2023-10-16T22:22:01+00:00","og_image":[{"width":2560,"height":1440,"url":"https:\/\/kulturonline.tv\/wp-content\/uploads\/2023\/10\/Kultur-Online-TV-edited-scaled.jpg","type":"image\/jpeg"}],"author":"guenter.wolfgang","twitter_card":"summary_large_image","twitter_misc":{"Verfasst von":"guenter.wolfgang","Gesch\u00e4tzte Lesezeit":"1 Minute"},"schema":{"@context":"https:\/\/schema.org","@graph":[{"@type":"Article","@id":"https:\/\/kulturonline.tv\/at\/buchpraesentation-das-blaue-klavier-von-andreas-maleta-in-der-villa-thonet-in-wien\/#article","isPartOf":{"@id":"https:\/\/kulturonline.tv\/at\/buchpraesentation-das-blaue-klavier-von-andreas-maleta-in-der-villa-thonet-in-wien\/"},"author":{"name":"guenter.wolfgang","@id":"https:\/\/kulturonline.tv\/at\/#\/schema\/person\/b0fac729bb9a0c193fb1df23449df4fe"},"headline":"Buchpr\u00e4sentation &#8220;DAS BLAUE KLAVIER&#8221; von Andreas Maleta in der Villa-Thonet in Wien","datePublished":"2023-10-16T22:17:49+00:00","dateModified":"2023-10-16T22:22:01+00:00","mainEntityOfPage":{"@id":"https:\/\/kulturonline.tv\/at\/buchpraesentation-das-blaue-klavier-von-andreas-maleta-in-der-villa-thonet-in-wien\/"},"wordCount":188,"publisher":{"@id":"https:\/\/kulturonline.tv\/at\/#organization"},"image":{"@id":"https:\/\/kulturonline.tv\/at\/buchpraesentation-das-blaue-klavier-von-andreas-maleta-in-der-villa-thonet-in-wien\/#primaryimage"},"thumbnailUrl":"https:\/\/kulturonline.tv\/wp-content\/uploads\/2023\/10\/Kultur-Online-TV-edited-scaled.jpg","articleSection":["Literatur Headline","Unkategorisiert"],"inLanguage":"de-AT"},{"@type":"WebPage","@id":"https:\/\/kulturonline.tv\/at\/buchpraesentation-das-blaue-klavier-von-andreas-maleta-in-der-villa-thonet-in-wien\/","url":"https:\/\/kulturonline.tv\/at\/buchpraesentation-das-blaue-klavier-von-andreas-maleta-in-der-villa-thonet-in-wien\/","name":"Buchpr\u00e4sentation &#8220;DAS BLAUE KLAVIER&#8221; von Andreas Maleta in der Villa-Thonet in Wien - Kultur Online TV &amp; FM","isPartOf":{"@id":"https:\/\/kulturonline.tv\/at\/#website"},"primaryImageOfPage":{"@id":"https:\/\/kulturonline.tv\/at\/buchpraesentation-das-blaue-klavier-von-andreas-maleta-in-der-villa-thonet-in-wien\/#primaryimage"},"image":{"@id":"https:\/\/kulturonline.tv\/at\/buchpraesentation-das-blaue-klavier-von-andreas-maleta-in-der-villa-thonet-in-wien\/#primaryimage"},"thumbnailUrl":"https:\/\/kulturonline.tv\/wp-content\/uploads\/2023\/10\/Kultur-Online-TV-edited-scaled.jpg","datePublished":"2023-10-16T22:17:49+00:00","dateModified":"2023-10-16T22:22:01+00:00","description":"Kultur sehen und H\u00f6ren","breadcrumb":{"@id":"https:\/\/kulturonline.tv\/at\/buchpraesentation-das-blaue-klavier-von-andreas-maleta-in-der-villa-thonet-in-wien\/#breadcrumb"},"inLanguage":"de-AT","potentialAction":[{"@type":"ReadAction","target":["https:\/\/kulturonline.tv\/at\/buchpraesentation-das-blaue-klavier-von-andreas-maleta-in-der-villa-thonet-in-wien\/"]}]},{"@type":"ImageObject","inLanguage":"de-AT","@id":"https:\/\/kulturonline.tv\/at\/buchpraesentation-das-blaue-klavier-von-andreas-maleta-in-der-villa-thonet-in-wien\/#primaryimage","url":"https:\/\/kulturonline.tv\/wp-content\/uploads\/2023\/10\/Kultur-Online-TV-edited-scaled.jpg","contentUrl":"https:\/\/kulturonline.tv\/wp-content\/uploads\/2023\/10\/Kultur-Online-TV-edited-scaled.jpg","width":2560,"height":1440,"caption":"Evamaria Schmertzing-Thonet &amp; Andreas Maleta mit seinem Buch vor dem Gem\u00e4lde ihrer Gro\u00dftante Martha Thonet, aus dem Leopold Museum."},{"@type":"BreadcrumbList","@id":"https:\/\/kulturonline.tv\/at\/buchpraesentation-das-blaue-klavier-von-andreas-maleta-in-der-villa-thonet-in-wien\/#breadcrumb","itemListElement":[{"@type":"ListItem","position":1,"name":"Startseite","item":"https:\/\/kulturonline.tv\/at\/"},{"@type":"ListItem","position":2,"name":"Buchpr\u00e4sentation &#8220;DAS BLAUE KLAVIER&#8221; von Andreas Maleta in der Villa-Thonet in Wien"}]},{"@type":"WebSite","@id":"https:\/\/kulturonline.tv\/at\/#website","url":"https:\/\/kulturonline.tv\/at\/","name":"Kultur Online TV &amp; FM","description":"Wir sind Kultur 2.0 zum sehen &amp; h\u00f6ren","publisher":{"@id":"https:\/\/kulturonline.tv\/at\/#organization"},"potentialAction":[{"@type":"SearchAction","target":{"@type":"EntryPoint","urlTemplate":"https:\/\/kulturonline.tv\/at\/?s={search_term_string}"},"query-input":{"@type":"PropertyValueSpecification","valueRequired":true,"valueName":"search_term_string"}}],"inLanguage":"de-AT"},{"@type":"Organization","@id":"https:\/\/kulturonline.tv\/at\/#organization","name":"Kultur Online TV","url":"https:\/\/kulturonline.tv\/at\/","logo":{"@type":"ImageObject","inLanguage":"de-AT","@id":"https:\/\/kulturonline.tv\/at\/#\/schema\/logo\/image\/","url":"https:\/\/kulturonline.tv\/wp-content\/uploads\/2021\/08\/Kultur-Online-Tv-Logo-Endversion-neu.png","contentUrl":"https:\/\/kulturonline.tv\/wp-content\/uploads\/2021\/08\/Kultur-Online-Tv-Logo-Endversion-neu.png","width":200,"height":200,"caption":"Kultur Online TV"},"image":{"@id":"https:\/\/kulturonline.tv\/at\/#\/schema\/logo\/image\/"},"sameAs":["https:\/\/www.facebook.com\/kulturonline.tv","https:\/\/www.instagram.com\/kulturonline.tv"]},{"@type":"Person","@id":"https:\/\/kulturonline.tv\/at\/#\/schema\/person\/b0fac729bb9a0c193fb1df23449df4fe","name":"guenter.wolfgang"}]}},"_links":{"self":[{"href":"https:\/\/kulturonline.tv\/at\/wp-json\/wp\/v2\/posts\/66762","targetHints":{"allow":["GET"]}}],"collection":[{"href":"https:\/\/kulturonline.tv\/at\/wp-json\/wp\/v2\/posts"}],"about":[{"href":"https:\/\/kulturonline.tv\/at\/wp-json\/wp\/v2\/types\/post"}],"author":[{"embeddable":true,"href":"https:\/\/kulturonline.tv\/at\/wp-json\/wp\/v2\/users\/2"}],"replies":[{"embeddable":true,"href":"https:\/\/kulturonline.tv\/at\/wp-json\/wp\/v2\/comments?post=66762"}],"version-history":[{"count":0,"href":"https:\/\/kulturonline.tv\/at\/wp-json\/wp\/v2\/posts\/66762\/revisions"}],"wp:featuredmedia":[{"embeddable":true,"href":"https:\/\/kulturonline.tv\/at\/wp-json\/wp\/v2\/media\/66766"}],"wp:attachment":[{"href":"https:\/\/kulturonline.tv\/at\/wp-json\/wp\/v2\/media?parent=66762"}],"wp:term":[{"taxonomy":"category","embeddable":true,"href":"https:\/\/kulturonline.tv\/at\/wp-json\/wp\/v2\/categories?post=66762"},{"taxonomy":"post_tag","embeddable":true,"href":"https:\/\/kulturonline.tv\/at\/wp-json\/wp\/v2\/tags?post=66762"}],"curies":[{"name":"wp","href":"https:\/\/api.w.org\/{rel}","templated":true}]}}