{"id":66772,"date":"2023-10-17T00:30:01","date_gmt":"2023-10-16T22:30:01","guid":{"rendered":"https:\/\/kulturonline.tv\/?p=66772"},"modified":"2023-10-17T00:35:44","modified_gmt":"2023-10-16T22:35:44","slug":"deutscher-buchpreis-an-tonio-schachinger","status":"publish","type":"post","link":"https:\/\/kulturonline.tv\/at\/deutscher-buchpreis-an-tonio-schachinger\/","title":{"rendered":"Deutscher Buchpreis an Tonio Schachinger"},"content":{"rendered":"\n<p><strong>Der \u00f6sterreichische Autor Tonio Schachinger ist mit dem Deutschen Buchpreis ausgezeichnet worden &#8211; f\u00fcr seinen Roman &#8222;Echtzeitalter&#8220;.<\/strong><\/p>\n\n\n\n<figure class=\"wp-block-image size-large is-resized\"><img fetchpriority=\"high\" decoding=\"async\" width=\"1600\" height=\"885\" src=\"https:\/\/kulturonline.tv\/wp-content\/uploads\/2023\/10\/Echtzeitalter-Kultur-Online-TV-Literatur-1600x885.png\" alt=\"\" class=\"wp-image-66773\" style=\"aspect-ratio:1.807909604519774;width:840px;height:auto\" srcset=\"https:\/\/kulturonline.tv\/wp-content\/uploads\/2023\/10\/Echtzeitalter-Kultur-Online-TV-Literatur-1600x885.png 1600w, https:\/\/kulturonline.tv\/wp-content\/uploads\/2023\/10\/Echtzeitalter-Kultur-Online-TV-Literatur-800x443.png 800w, https:\/\/kulturonline.tv\/wp-content\/uploads\/2023\/10\/Echtzeitalter-Kultur-Online-TV-Literatur-768x425.png 768w, https:\/\/kulturonline.tv\/wp-content\/uploads\/2023\/10\/Echtzeitalter-Kultur-Online-TV-Literatur-1536x850.png 1536w, https:\/\/kulturonline.tv\/wp-content\/uploads\/2023\/10\/Echtzeitalter-Kultur-Online-TV-Literatur-2048x1133.png 2048w, https:\/\/kulturonline.tv\/wp-content\/uploads\/2023\/10\/Echtzeitalter-Kultur-Online-TV-Literatur-600x332.png 600w\" sizes=\"(max-width: 1600px) 100vw, 1600px\" \/><\/figure>\n\n\n\n<p>Er erz\u00e4hlt die Geschichte eines Jugendlichen aus Wien, der in Computerspielen einen Ort der Fantasie und Unabh\u00e4ngigkeit entdeckt. Laut der Jury diskutiert Schachinger auf erz\u00e4hlerisch bemerkenswerte und zeitgem\u00e4\u00dfe Weise die Frage nach dem sozialen Platz der Literatur. Terezia Mora, Necati \u00d6ziri, Anne Rabe, Sylvie Schenk und Ulrike Sterblich waren ebenfalls f\u00fcr den Deutschen Buchpreis des Jahres nominiert. Ein Preisgeld von 25.000 Euro wird an den Gewinner ausgezahlt, w\u00e4hrend alle anderen Nominierten jeweils 2500 Euro erhalten.<\/p>\n\n\n\n<p>Kultur Online TV<\/p>\n\n\n\n<p>#news #literatur #preise<\/p>\n","protected":false},"excerpt":{"rendered":"<p>Der \u00f6sterreichische Autor Tonio Schachinger ist mit dem Deutschen Buchpreis ausgezeichnet worden &#8211; f\u00fcr seinen Roman &#8222;Echtzeitalter&#8220;. Er erz\u00e4hlt die Geschichte eines Jugendlichen aus Wien, der in Computerspielen einen Ort der Fantasie und Unabh\u00e4ngigkeit entdeckt. Laut der Jury diskutiert Schachinger auf erz\u00e4hlerisch bemerkenswerte und zeitgem\u00e4\u00dfe Weise die Frage nach dem sozialen Platz der Literatur. Terezia [&hellip;]<\/p>\n","protected":false},"author":2,"featured_media":66773,"comment_status":"closed","ping_status":"closed","sticky":false,"template":"","format":"standard","meta":{"_acf_changed":false,"footnotes":""},"categories":[133],"tags":[],"class_list":["post-66772","post","type-post","status-publish","format-standard","has-post-thumbnail","hentry","category-literatur"],"acf":[],"yoast_head":"<!-- This site is optimized with the Yoast SEO plugin v26.1.1 - https:\/\/yoast.com\/wordpress\/plugins\/seo\/ -->\n<title>Deutscher Buchpreis an Tonio Schachinger - Kultur Online TV &amp; FM<\/title>\n<meta name=\"description\" content=\"Kultur sehen und H\u00f6ren\" \/>\n<meta name=\"robots\" content=\"index, follow, max-snippet:-1, max-image-preview:large, max-video-preview:-1\" \/>\n<link rel=\"canonical\" href=\"https:\/\/kulturonline.tv\/at\/deutscher-buchpreis-an-tonio-schachinger\/\" \/>\n<meta property=\"og:locale\" content=\"de_DE\" \/>\n<meta property=\"og:type\" content=\"article\" \/>\n<meta property=\"og:title\" content=\"Deutscher Buchpreis an Tonio Schachinger - Kultur Online TV &amp; FM\" \/>\n<meta property=\"og:description\" content=\"Kultur sehen und H\u00f6ren\" \/>\n<meta property=\"og:url\" content=\"https:\/\/kulturonline.tv\/at\/deutscher-buchpreis-an-tonio-schachinger\/\" \/>\n<meta property=\"og:site_name\" content=\"Kultur Online TV &amp; FM\" \/>\n<meta property=\"article:publisher\" content=\"https:\/\/www.facebook.com\/kulturonline.tv\" \/>\n<meta property=\"article:published_time\" content=\"2023-10-16T22:30:01+00:00\" \/>\n<meta property=\"article:modified_time\" content=\"2023-10-16T22:35:44+00:00\" \/>\n<meta property=\"og:image\" content=\"https:\/\/kulturonline.tv\/wp-content\/uploads\/2023\/10\/Echtzeitalter-Kultur-Online-TV-Literatur.png\" \/>\n\t<meta property=\"og:image:width\" content=\"2560\" \/>\n\t<meta property=\"og:image:height\" content=\"1417\" \/>\n\t<meta property=\"og:image:type\" content=\"image\/png\" \/>\n<meta name=\"author\" content=\"guenter.wolfgang\" \/>\n<meta name=\"twitter:card\" content=\"summary_large_image\" \/>\n<meta name=\"twitter:label1\" content=\"Verfasst von\" \/>\n\t<meta name=\"twitter:data1\" content=\"guenter.wolfgang\" \/>\n\t<meta name=\"twitter:label2\" content=\"Gesch\u00e4tzte Lesezeit\" \/>\n\t<meta name=\"twitter:data2\" content=\"1 Minute\" \/>\n<script type=\"application\/ld+json\" class=\"yoast-schema-graph\">{\"@context\":\"https:\/\/schema.org\",\"@graph\":[{\"@type\":\"Article\",\"@id\":\"https:\/\/kulturonline.tv\/at\/deutscher-buchpreis-an-tonio-schachinger\/#article\",\"isPartOf\":{\"@id\":\"https:\/\/kulturonline.tv\/at\/deutscher-buchpreis-an-tonio-schachinger\/\"},\"author\":{\"name\":\"guenter.wolfgang\",\"@id\":\"https:\/\/kulturonline.tv\/at\/#\/schema\/person\/b0fac729bb9a0c193fb1df23449df4fe\"},\"headline\":\"Deutscher Buchpreis an Tonio Schachinger\",\"datePublished\":\"2023-10-16T22:30:01+00:00\",\"dateModified\":\"2023-10-16T22:35:44+00:00\",\"mainEntityOfPage\":{\"@id\":\"https:\/\/kulturonline.tv\/at\/deutscher-buchpreis-an-tonio-schachinger\/\"},\"wordCount\":108,\"publisher\":{\"@id\":\"https:\/\/kulturonline.tv\/at\/#organization\"},\"image\":{\"@id\":\"https:\/\/kulturonline.tv\/at\/deutscher-buchpreis-an-tonio-schachinger\/#primaryimage\"},\"thumbnailUrl\":\"https:\/\/kulturonline.tv\/wp-content\/uploads\/2023\/10\/Echtzeitalter-Kultur-Online-TV-Literatur.png\",\"articleSection\":[\"Literatur\"],\"inLanguage\":\"de-AT\"},{\"@type\":\"WebPage\",\"@id\":\"https:\/\/kulturonline.tv\/at\/deutscher-buchpreis-an-tonio-schachinger\/\",\"url\":\"https:\/\/kulturonline.tv\/at\/deutscher-buchpreis-an-tonio-schachinger\/\",\"name\":\"Deutscher Buchpreis an Tonio Schachinger - Kultur Online TV &amp; FM\",\"isPartOf\":{\"@id\":\"https:\/\/kulturonline.tv\/at\/#website\"},\"primaryImageOfPage\":{\"@id\":\"https:\/\/kulturonline.tv\/at\/deutscher-buchpreis-an-tonio-schachinger\/#primaryimage\"},\"image\":{\"@id\":\"https:\/\/kulturonline.tv\/at\/deutscher-buchpreis-an-tonio-schachinger\/#primaryimage\"},\"thumbnailUrl\":\"https:\/\/kulturonline.tv\/wp-content\/uploads\/2023\/10\/Echtzeitalter-Kultur-Online-TV-Literatur.png\",\"datePublished\":\"2023-10-16T22:30:01+00:00\",\"dateModified\":\"2023-10-16T22:35:44+00:00\",\"description\":\"Kultur sehen und H\u00f6ren\",\"breadcrumb\":{\"@id\":\"https:\/\/kulturonline.tv\/at\/deutscher-buchpreis-an-tonio-schachinger\/#breadcrumb\"},\"inLanguage\":\"de-AT\",\"potentialAction\":[{\"@type\":\"ReadAction\",\"target\":[\"https:\/\/kulturonline.tv\/at\/deutscher-buchpreis-an-tonio-schachinger\/\"]}]},{\"@type\":\"ImageObject\",\"inLanguage\":\"de-AT\",\"@id\":\"https:\/\/kulturonline.tv\/at\/deutscher-buchpreis-an-tonio-schachinger\/#primaryimage\",\"url\":\"https:\/\/kulturonline.tv\/wp-content\/uploads\/2023\/10\/Echtzeitalter-Kultur-Online-TV-Literatur.png\",\"contentUrl\":\"https:\/\/kulturonline.tv\/wp-content\/uploads\/2023\/10\/Echtzeitalter-Kultur-Online-TV-Literatur.png\",\"width\":2560,\"height\":1417},{\"@type\":\"BreadcrumbList\",\"@id\":\"https:\/\/kulturonline.tv\/at\/deutscher-buchpreis-an-tonio-schachinger\/#breadcrumb\",\"itemListElement\":[{\"@type\":\"ListItem\",\"position\":1,\"name\":\"Startseite\",\"item\":\"https:\/\/kulturonline.tv\/at\/\"},{\"@type\":\"ListItem\",\"position\":2,\"name\":\"Deutscher Buchpreis an Tonio Schachinger\"}]},{\"@type\":\"WebSite\",\"@id\":\"https:\/\/kulturonline.tv\/at\/#website\",\"url\":\"https:\/\/kulturonline.tv\/at\/\",\"name\":\"Kultur Online TV &amp; FM\",\"description\":\"Wir sind Kultur 2.0 zum sehen &amp; h\u00f6ren\",\"publisher\":{\"@id\":\"https:\/\/kulturonline.tv\/at\/#organization\"},\"potentialAction\":[{\"@type\":\"SearchAction\",\"target\":{\"@type\":\"EntryPoint\",\"urlTemplate\":\"https:\/\/kulturonline.tv\/at\/?s={search_term_string}\"},\"query-input\":{\"@type\":\"PropertyValueSpecification\",\"valueRequired\":true,\"valueName\":\"search_term_string\"}}],\"inLanguage\":\"de-AT\"},{\"@type\":\"Organization\",\"@id\":\"https:\/\/kulturonline.tv\/at\/#organization\",\"name\":\"Kultur Online TV\",\"url\":\"https:\/\/kulturonline.tv\/at\/\",\"logo\":{\"@type\":\"ImageObject\",\"inLanguage\":\"de-AT\",\"@id\":\"https:\/\/kulturonline.tv\/at\/#\/schema\/logo\/image\/\",\"url\":\"https:\/\/kulturonline.tv\/wp-content\/uploads\/2021\/08\/Kultur-Online-Tv-Logo-Endversion-neu.png\",\"contentUrl\":\"https:\/\/kulturonline.tv\/wp-content\/uploads\/2021\/08\/Kultur-Online-Tv-Logo-Endversion-neu.png\",\"width\":200,\"height\":200,\"caption\":\"Kultur Online TV\"},\"image\":{\"@id\":\"https:\/\/kulturonline.tv\/at\/#\/schema\/logo\/image\/\"},\"sameAs\":[\"https:\/\/www.facebook.com\/kulturonline.tv\",\"https:\/\/www.instagram.com\/kulturonline.tv\"]},{\"@type\":\"Person\",\"@id\":\"https:\/\/kulturonline.tv\/at\/#\/schema\/person\/b0fac729bb9a0c193fb1df23449df4fe\",\"name\":\"guenter.wolfgang\"}]}<\/script>\n<!-- \/ Yoast SEO plugin. -->","yoast_head_json":{"title":"Deutscher Buchpreis an Tonio Schachinger - Kultur Online TV &amp; FM","description":"Kultur sehen und H\u00f6ren","robots":{"index":"index","follow":"follow","max-snippet":"max-snippet:-1","max-image-preview":"max-image-preview:large","max-video-preview":"max-video-preview:-1"},"canonical":"https:\/\/kulturonline.tv\/at\/deutscher-buchpreis-an-tonio-schachinger\/","og_locale":"de_DE","og_type":"article","og_title":"Deutscher Buchpreis an Tonio Schachinger - Kultur Online TV &amp; FM","og_description":"Kultur sehen und H\u00f6ren","og_url":"https:\/\/kulturonline.tv\/at\/deutscher-buchpreis-an-tonio-schachinger\/","og_site_name":"Kultur Online TV &amp; FM","article_publisher":"https:\/\/www.facebook.com\/kulturonline.tv","article_published_time":"2023-10-16T22:30:01+00:00","article_modified_time":"2023-10-16T22:35:44+00:00","og_image":[{"width":2560,"height":1417,"url":"https:\/\/kulturonline.tv\/wp-content\/uploads\/2023\/10\/Echtzeitalter-Kultur-Online-TV-Literatur.png","type":"image\/png"}],"author":"guenter.wolfgang","twitter_card":"summary_large_image","twitter_misc":{"Verfasst von":"guenter.wolfgang","Gesch\u00e4tzte Lesezeit":"1 Minute"},"schema":{"@context":"https:\/\/schema.org","@graph":[{"@type":"Article","@id":"https:\/\/kulturonline.tv\/at\/deutscher-buchpreis-an-tonio-schachinger\/#article","isPartOf":{"@id":"https:\/\/kulturonline.tv\/at\/deutscher-buchpreis-an-tonio-schachinger\/"},"author":{"name":"guenter.wolfgang","@id":"https:\/\/kulturonline.tv\/at\/#\/schema\/person\/b0fac729bb9a0c193fb1df23449df4fe"},"headline":"Deutscher Buchpreis an Tonio Schachinger","datePublished":"2023-10-16T22:30:01+00:00","dateModified":"2023-10-16T22:35:44+00:00","mainEntityOfPage":{"@id":"https:\/\/kulturonline.tv\/at\/deutscher-buchpreis-an-tonio-schachinger\/"},"wordCount":108,"publisher":{"@id":"https:\/\/kulturonline.tv\/at\/#organization"},"image":{"@id":"https:\/\/kulturonline.tv\/at\/deutscher-buchpreis-an-tonio-schachinger\/#primaryimage"},"thumbnailUrl":"https:\/\/kulturonline.tv\/wp-content\/uploads\/2023\/10\/Echtzeitalter-Kultur-Online-TV-Literatur.png","articleSection":["Literatur"],"inLanguage":"de-AT"},{"@type":"WebPage","@id":"https:\/\/kulturonline.tv\/at\/deutscher-buchpreis-an-tonio-schachinger\/","url":"https:\/\/kulturonline.tv\/at\/deutscher-buchpreis-an-tonio-schachinger\/","name":"Deutscher Buchpreis an Tonio Schachinger - Kultur Online TV &amp; FM","isPartOf":{"@id":"https:\/\/kulturonline.tv\/at\/#website"},"primaryImageOfPage":{"@id":"https:\/\/kulturonline.tv\/at\/deutscher-buchpreis-an-tonio-schachinger\/#primaryimage"},"image":{"@id":"https:\/\/kulturonline.tv\/at\/deutscher-buchpreis-an-tonio-schachinger\/#primaryimage"},"thumbnailUrl":"https:\/\/kulturonline.tv\/wp-content\/uploads\/2023\/10\/Echtzeitalter-Kultur-Online-TV-Literatur.png","datePublished":"2023-10-16T22:30:01+00:00","dateModified":"2023-10-16T22:35:44+00:00","description":"Kultur sehen und H\u00f6ren","breadcrumb":{"@id":"https:\/\/kulturonline.tv\/at\/deutscher-buchpreis-an-tonio-schachinger\/#breadcrumb"},"inLanguage":"de-AT","potentialAction":[{"@type":"ReadAction","target":["https:\/\/kulturonline.tv\/at\/deutscher-buchpreis-an-tonio-schachinger\/"]}]},{"@type":"ImageObject","inLanguage":"de-AT","@id":"https:\/\/kulturonline.tv\/at\/deutscher-buchpreis-an-tonio-schachinger\/#primaryimage","url":"https:\/\/kulturonline.tv\/wp-content\/uploads\/2023\/10\/Echtzeitalter-Kultur-Online-TV-Literatur.png","contentUrl":"https:\/\/kulturonline.tv\/wp-content\/uploads\/2023\/10\/Echtzeitalter-Kultur-Online-TV-Literatur.png","width":2560,"height":1417},{"@type":"BreadcrumbList","@id":"https:\/\/kulturonline.tv\/at\/deutscher-buchpreis-an-tonio-schachinger\/#breadcrumb","itemListElement":[{"@type":"ListItem","position":1,"name":"Startseite","item":"https:\/\/kulturonline.tv\/at\/"},{"@type":"ListItem","position":2,"name":"Deutscher Buchpreis an Tonio Schachinger"}]},{"@type":"WebSite","@id":"https:\/\/kulturonline.tv\/at\/#website","url":"https:\/\/kulturonline.tv\/at\/","name":"Kultur Online TV &amp; FM","description":"Wir sind Kultur 2.0 zum sehen &amp; h\u00f6ren","publisher":{"@id":"https:\/\/kulturonline.tv\/at\/#organization"},"potentialAction":[{"@type":"SearchAction","target":{"@type":"EntryPoint","urlTemplate":"https:\/\/kulturonline.tv\/at\/?s={search_term_string}"},"query-input":{"@type":"PropertyValueSpecification","valueRequired":true,"valueName":"search_term_string"}}],"inLanguage":"de-AT"},{"@type":"Organization","@id":"https:\/\/kulturonline.tv\/at\/#organization","name":"Kultur Online TV","url":"https:\/\/kulturonline.tv\/at\/","logo":{"@type":"ImageObject","inLanguage":"de-AT","@id":"https:\/\/kulturonline.tv\/at\/#\/schema\/logo\/image\/","url":"https:\/\/kulturonline.tv\/wp-content\/uploads\/2021\/08\/Kultur-Online-Tv-Logo-Endversion-neu.png","contentUrl":"https:\/\/kulturonline.tv\/wp-content\/uploads\/2021\/08\/Kultur-Online-Tv-Logo-Endversion-neu.png","width":200,"height":200,"caption":"Kultur Online TV"},"image":{"@id":"https:\/\/kulturonline.tv\/at\/#\/schema\/logo\/image\/"},"sameAs":["https:\/\/www.facebook.com\/kulturonline.tv","https:\/\/www.instagram.com\/kulturonline.tv"]},{"@type":"Person","@id":"https:\/\/kulturonline.tv\/at\/#\/schema\/person\/b0fac729bb9a0c193fb1df23449df4fe","name":"guenter.wolfgang"}]}},"_links":{"self":[{"href":"https:\/\/kulturonline.tv\/at\/wp-json\/wp\/v2\/posts\/66772","targetHints":{"allow":["GET"]}}],"collection":[{"href":"https:\/\/kulturonline.tv\/at\/wp-json\/wp\/v2\/posts"}],"about":[{"href":"https:\/\/kulturonline.tv\/at\/wp-json\/wp\/v2\/types\/post"}],"author":[{"embeddable":true,"href":"https:\/\/kulturonline.tv\/at\/wp-json\/wp\/v2\/users\/2"}],"replies":[{"embeddable":true,"href":"https:\/\/kulturonline.tv\/at\/wp-json\/wp\/v2\/comments?post=66772"}],"version-history":[{"count":0,"href":"https:\/\/kulturonline.tv\/at\/wp-json\/wp\/v2\/posts\/66772\/revisions"}],"wp:featuredmedia":[{"embeddable":true,"href":"https:\/\/kulturonline.tv\/at\/wp-json\/wp\/v2\/media\/66773"}],"wp:attachment":[{"href":"https:\/\/kulturonline.tv\/at\/wp-json\/wp\/v2\/media?parent=66772"}],"wp:term":[{"taxonomy":"category","embeddable":true,"href":"https:\/\/kulturonline.tv\/at\/wp-json\/wp\/v2\/categories?post=66772"},{"taxonomy":"post_tag","embeddable":true,"href":"https:\/\/kulturonline.tv\/at\/wp-json\/wp\/v2\/tags?post=66772"}],"curies":[{"name":"wp","href":"https:\/\/api.w.org\/{rel}","templated":true}]}}