{"id":66845,"date":"2023-10-17T17:45:34","date_gmt":"2023-10-17T15:45:34","guid":{"rendered":"https:\/\/kulturonline.tv\/uncategorized\/deutsche-bibliotheksverband-dringt-darauf-bibliotheken-auch-an-sonntagen-zu-oeffnen"},"modified":"2023-10-17T17:54:43","modified_gmt":"2023-10-17T15:54:43","slug":"deutsche-bibliotheksverband-dringt-darauf-bibliotheken-auch-an-sonntagen-zu-oeffnen","status":"publish","type":"post","link":"https:\/\/kulturonline.tv\/at\/deutsche-bibliotheksverband-dringt-darauf-bibliotheken-auch-an-sonntagen-zu-oeffnen\/","title":{"rendered":"Deutsche Bibliotheksverband dringt darauf, Bibliotheken auch an Sonntagen zu \u00f6ffnen."},"content":{"rendered":"\n<p>Laut Heller, dem Bundesvorsitzenden des Verbandes, ist es bekannt, dass es einen hohen Bedarf an frei zug\u00e4nglichen, nicht kommerziellen Orten gibt, wie aus Pilotprojekten hervorgeht.<\/p>\n\n\n\n<figure class=\"wp-block-image size-full is-resized\"><img fetchpriority=\"high\" decoding=\"async\" width=\"1024\" height=\"576\" src=\"https:\/\/kulturonline.tv\/wp-content\/uploads\/2023\/10\/Bibliothek_Kultur-Online-Tv-edited.jpg\" alt=\"\" class=\"wp-image-66842\" style=\"aspect-ratio:1.7777777777777777;width:840px;height:auto\" srcset=\"https:\/\/kulturonline.tv\/wp-content\/uploads\/2023\/10\/Bibliothek_Kultur-Online-Tv-edited.jpg 1024w, https:\/\/kulturonline.tv\/wp-content\/uploads\/2023\/10\/Bibliothek_Kultur-Online-Tv-edited-800x450.jpg 800w, https:\/\/kulturonline.tv\/wp-content\/uploads\/2023\/10\/Bibliothek_Kultur-Online-Tv-edited-768x432.jpg 768w, https:\/\/kulturonline.tv\/wp-content\/uploads\/2023\/10\/Bibliothek_Kultur-Online-Tv-edited-600x338.jpg 600w\" sizes=\"(max-width: 1024px) 100vw, 1024px\" \/><\/figure>\n\n\n\n<p>\u00a9 Foto Fabi Fuu 76, CC BY-SA 4.0, via Wikimedia Commons<\/p>\n\n\n\n<p>Am Sonntag werden besonders Familien, berufst\u00e4tige Personen und auch Alleinstehende in Bibliotheken erscheinen, um dort Zeit zu verbringen. Es ist daher notwendig, eine gesetzliche Regelung zu schaffen, wie sie die Ampel-Parteien in ihrem Koalitionsvertrag zur F\u00f6rderung der Kultur angeboten haben. Der Bibliotheksverband forderte von der Bundesregierung eine einheitliche Regelung und die Aufhebung des Besch\u00e4ftigungsverbots f\u00fcr Angestellte in \u00d6ffentlichen Bibliotheken an Sonn- und Feiertagen.<\/p>\n\n\n\n<p>Kultur Online TV<\/p>\n\n\n\n<p>#news #literatur #b\u00fccher<\/p>\n","protected":false},"excerpt":{"rendered":"<p>Laut Heller, dem Bundesvorsitzenden des Verbandes, ist es bekannt, dass es einen hohen Bedarf an frei zug\u00e4nglichen, nicht kommerziellen Orten gibt, wie aus Pilotprojekten hervorgeht. \u00a9 Foto Fabi Fuu 76, CC BY-SA 4.0, via Wikimedia Commons Am Sonntag werden besonders Familien, berufst\u00e4tige Personen und auch Alleinstehende in Bibliotheken erscheinen, um dort Zeit zu verbringen. Es [&hellip;]<\/p>\n","protected":false},"author":2,"featured_media":66843,"comment_status":"closed","ping_status":"closed","sticky":false,"template":"","format":"standard","meta":{"_acf_changed":false,"footnotes":""},"categories":[133],"tags":[],"class_list":["post-66845","post","type-post","status-publish","format-standard","has-post-thumbnail","hentry","category-literatur"],"acf":[],"yoast_head":"<!-- This site is optimized with the Yoast SEO plugin v26.1.1 - https:\/\/yoast.com\/wordpress\/plugins\/seo\/ -->\n<title>Deutsche Bibliotheksverband dringt darauf, Bibliotheken auch an Sonntagen zu \u00f6ffnen. - Kultur Online TV &amp; FM<\/title>\n<meta name=\"description\" content=\"Laut Heller, dem Bundesvorsitzenden des Verbandes, ist es bekannt, dass es einen hohen Bedarf an frei zug\u00e4nglichen, nicht kommerziellen Orten gibt, wie aus Pilotprojekten hervorgeht.\" \/>\n<meta name=\"robots\" content=\"index, follow, max-snippet:-1, max-image-preview:large, max-video-preview:-1\" \/>\n<link rel=\"canonical\" href=\"https:\/\/kulturonline.tv\/at\/deutsche-bibliotheksverband-dringt-darauf-bibliotheken-auch-an-sonntagen-zu-oeffnen\/\" \/>\n<meta property=\"og:locale\" content=\"de_DE\" \/>\n<meta property=\"og:type\" content=\"article\" \/>\n<meta property=\"og:title\" content=\"Deutsche Bibliotheksverband dringt darauf, Bibliotheken auch an Sonntagen zu \u00f6ffnen. - Kultur Online TV &amp; FM\" \/>\n<meta property=\"og:description\" content=\"Laut Heller, dem Bundesvorsitzenden des Verbandes, ist es bekannt, dass es einen hohen Bedarf an frei zug\u00e4nglichen, nicht kommerziellen Orten gibt, wie aus Pilotprojekten hervorgeht.\" \/>\n<meta property=\"og:url\" content=\"https:\/\/kulturonline.tv\/at\/deutsche-bibliotheksverband-dringt-darauf-bibliotheken-auch-an-sonntagen-zu-oeffnen\/\" \/>\n<meta property=\"og:site_name\" content=\"Kultur Online TV &amp; FM\" \/>\n<meta property=\"article:publisher\" content=\"https:\/\/www.facebook.com\/kulturonline.tv\" \/>\n<meta property=\"article:published_time\" content=\"2023-10-17T15:45:34+00:00\" \/>\n<meta property=\"article:modified_time\" content=\"2023-10-17T15:54:43+00:00\" \/>\n<meta property=\"og:image\" content=\"https:\/\/kulturonline.tv\/wp-content\/uploads\/2023\/10\/Bibliothek_Kultur-Online-Tv-edited.jpg\" \/>\n\t<meta property=\"og:image:width\" content=\"1024\" \/>\n\t<meta property=\"og:image:height\" content=\"576\" \/>\n\t<meta property=\"og:image:type\" content=\"image\/jpeg\" \/>\n<meta name=\"author\" content=\"guenter.wolfgang\" \/>\n<meta name=\"twitter:card\" content=\"summary_large_image\" \/>\n<meta name=\"twitter:label1\" content=\"Verfasst von\" \/>\n\t<meta name=\"twitter:data1\" content=\"guenter.wolfgang\" \/>\n\t<meta name=\"twitter:label2\" content=\"Gesch\u00e4tzte Lesezeit\" \/>\n\t<meta name=\"twitter:data2\" content=\"1 Minute\" \/>\n<script type=\"application\/ld+json\" class=\"yoast-schema-graph\">{\"@context\":\"https:\/\/schema.org\",\"@graph\":[{\"@type\":\"Article\",\"@id\":\"https:\/\/kulturonline.tv\/at\/deutsche-bibliotheksverband-dringt-darauf-bibliotheken-auch-an-sonntagen-zu-oeffnen\/#article\",\"isPartOf\":{\"@id\":\"https:\/\/kulturonline.tv\/at\/deutsche-bibliotheksverband-dringt-darauf-bibliotheken-auch-an-sonntagen-zu-oeffnen\/\"},\"author\":{\"name\":\"guenter.wolfgang\",\"@id\":\"https:\/\/kulturonline.tv\/at\/#\/schema\/person\/b0fac729bb9a0c193fb1df23449df4fe\"},\"headline\":\"Deutsche Bibliotheksverband dringt darauf, Bibliotheken auch an Sonntagen zu \u00f6ffnen.\",\"datePublished\":\"2023-10-17T15:45:34+00:00\",\"dateModified\":\"2023-10-17T15:54:43+00:00\",\"mainEntityOfPage\":{\"@id\":\"https:\/\/kulturonline.tv\/at\/deutsche-bibliotheksverband-dringt-darauf-bibliotheken-auch-an-sonntagen-zu-oeffnen\/\"},\"wordCount\":118,\"publisher\":{\"@id\":\"https:\/\/kulturonline.tv\/at\/#organization\"},\"image\":{\"@id\":\"https:\/\/kulturonline.tv\/at\/deutsche-bibliotheksverband-dringt-darauf-bibliotheken-auch-an-sonntagen-zu-oeffnen\/#primaryimage\"},\"thumbnailUrl\":\"https:\/\/kulturonline.tv\/wp-content\/uploads\/2023\/10\/Bibliothek_Kultur-Online-Tv-edited.jpg\",\"articleSection\":[\"Literatur\"],\"inLanguage\":\"de-AT\"},{\"@type\":\"WebPage\",\"@id\":\"https:\/\/kulturonline.tv\/at\/deutsche-bibliotheksverband-dringt-darauf-bibliotheken-auch-an-sonntagen-zu-oeffnen\/\",\"url\":\"https:\/\/kulturonline.tv\/at\/deutsche-bibliotheksverband-dringt-darauf-bibliotheken-auch-an-sonntagen-zu-oeffnen\/\",\"name\":\"Deutsche Bibliotheksverband dringt darauf, Bibliotheken auch an Sonntagen zu \u00f6ffnen. - Kultur Online TV &amp; FM\",\"isPartOf\":{\"@id\":\"https:\/\/kulturonline.tv\/at\/#website\"},\"primaryImageOfPage\":{\"@id\":\"https:\/\/kulturonline.tv\/at\/deutsche-bibliotheksverband-dringt-darauf-bibliotheken-auch-an-sonntagen-zu-oeffnen\/#primaryimage\"},\"image\":{\"@id\":\"https:\/\/kulturonline.tv\/at\/deutsche-bibliotheksverband-dringt-darauf-bibliotheken-auch-an-sonntagen-zu-oeffnen\/#primaryimage\"},\"thumbnailUrl\":\"https:\/\/kulturonline.tv\/wp-content\/uploads\/2023\/10\/Bibliothek_Kultur-Online-Tv-edited.jpg\",\"datePublished\":\"2023-10-17T15:45:34+00:00\",\"dateModified\":\"2023-10-17T15:54:43+00:00\",\"description\":\"Laut Heller, dem Bundesvorsitzenden des Verbandes, ist es bekannt, dass es einen hohen Bedarf an frei zug\u00e4nglichen, nicht kommerziellen Orten gibt, wie aus Pilotprojekten hervorgeht.\",\"breadcrumb\":{\"@id\":\"https:\/\/kulturonline.tv\/at\/deutsche-bibliotheksverband-dringt-darauf-bibliotheken-auch-an-sonntagen-zu-oeffnen\/#breadcrumb\"},\"inLanguage\":\"de-AT\",\"potentialAction\":[{\"@type\":\"ReadAction\",\"target\":[\"https:\/\/kulturonline.tv\/at\/deutsche-bibliotheksverband-dringt-darauf-bibliotheken-auch-an-sonntagen-zu-oeffnen\/\"]}]},{\"@type\":\"ImageObject\",\"inLanguage\":\"de-AT\",\"@id\":\"https:\/\/kulturonline.tv\/at\/deutsche-bibliotheksverband-dringt-darauf-bibliotheken-auch-an-sonntagen-zu-oeffnen\/#primaryimage\",\"url\":\"https:\/\/kulturonline.tv\/wp-content\/uploads\/2023\/10\/Bibliothek_Kultur-Online-Tv-edited.jpg\",\"contentUrl\":\"https:\/\/kulturonline.tv\/wp-content\/uploads\/2023\/10\/Bibliothek_Kultur-Online-Tv-edited.jpg\",\"width\":1024,\"height\":576},{\"@type\":\"BreadcrumbList\",\"@id\":\"https:\/\/kulturonline.tv\/at\/deutsche-bibliotheksverband-dringt-darauf-bibliotheken-auch-an-sonntagen-zu-oeffnen\/#breadcrumb\",\"itemListElement\":[{\"@type\":\"ListItem\",\"position\":1,\"name\":\"Startseite\",\"item\":\"https:\/\/kulturonline.tv\/at\/\"},{\"@type\":\"ListItem\",\"position\":2,\"name\":\"Deutsche Bibliotheksverband dringt darauf, Bibliotheken auch an Sonntagen zu \u00f6ffnen.\"}]},{\"@type\":\"WebSite\",\"@id\":\"https:\/\/kulturonline.tv\/at\/#website\",\"url\":\"https:\/\/kulturonline.tv\/at\/\",\"name\":\"Kultur Online TV &amp; FM\",\"description\":\"Wir sind Kultur 2.0 zum sehen &amp; h\u00f6ren\",\"publisher\":{\"@id\":\"https:\/\/kulturonline.tv\/at\/#organization\"},\"potentialAction\":[{\"@type\":\"SearchAction\",\"target\":{\"@type\":\"EntryPoint\",\"urlTemplate\":\"https:\/\/kulturonline.tv\/at\/?s={search_term_string}\"},\"query-input\":{\"@type\":\"PropertyValueSpecification\",\"valueRequired\":true,\"valueName\":\"search_term_string\"}}],\"inLanguage\":\"de-AT\"},{\"@type\":\"Organization\",\"@id\":\"https:\/\/kulturonline.tv\/at\/#organization\",\"name\":\"Kultur Online TV\",\"url\":\"https:\/\/kulturonline.tv\/at\/\",\"logo\":{\"@type\":\"ImageObject\",\"inLanguage\":\"de-AT\",\"@id\":\"https:\/\/kulturonline.tv\/at\/#\/schema\/logo\/image\/\",\"url\":\"https:\/\/kulturonline.tv\/wp-content\/uploads\/2021\/08\/Kultur-Online-Tv-Logo-Endversion-neu.png\",\"contentUrl\":\"https:\/\/kulturonline.tv\/wp-content\/uploads\/2021\/08\/Kultur-Online-Tv-Logo-Endversion-neu.png\",\"width\":200,\"height\":200,\"caption\":\"Kultur Online TV\"},\"image\":{\"@id\":\"https:\/\/kulturonline.tv\/at\/#\/schema\/logo\/image\/\"},\"sameAs\":[\"https:\/\/www.facebook.com\/kulturonline.tv\",\"https:\/\/www.instagram.com\/kulturonline.tv\"]},{\"@type\":\"Person\",\"@id\":\"https:\/\/kulturonline.tv\/at\/#\/schema\/person\/b0fac729bb9a0c193fb1df23449df4fe\",\"name\":\"guenter.wolfgang\"}]}<\/script>\n<!-- \/ Yoast SEO plugin. -->","yoast_head_json":{"title":"Deutsche Bibliotheksverband dringt darauf, Bibliotheken auch an Sonntagen zu \u00f6ffnen. - Kultur Online TV &amp; FM","description":"Laut Heller, dem Bundesvorsitzenden des Verbandes, ist es bekannt, dass es einen hohen Bedarf an frei zug\u00e4nglichen, nicht kommerziellen Orten gibt, wie aus Pilotprojekten hervorgeht.","robots":{"index":"index","follow":"follow","max-snippet":"max-snippet:-1","max-image-preview":"max-image-preview:large","max-video-preview":"max-video-preview:-1"},"canonical":"https:\/\/kulturonline.tv\/at\/deutsche-bibliotheksverband-dringt-darauf-bibliotheken-auch-an-sonntagen-zu-oeffnen\/","og_locale":"de_DE","og_type":"article","og_title":"Deutsche Bibliotheksverband dringt darauf, Bibliotheken auch an Sonntagen zu \u00f6ffnen. - Kultur Online TV &amp; FM","og_description":"Laut Heller, dem Bundesvorsitzenden des Verbandes, ist es bekannt, dass es einen hohen Bedarf an frei zug\u00e4nglichen, nicht kommerziellen Orten gibt, wie aus Pilotprojekten hervorgeht.","og_url":"https:\/\/kulturonline.tv\/at\/deutsche-bibliotheksverband-dringt-darauf-bibliotheken-auch-an-sonntagen-zu-oeffnen\/","og_site_name":"Kultur Online TV &amp; FM","article_publisher":"https:\/\/www.facebook.com\/kulturonline.tv","article_published_time":"2023-10-17T15:45:34+00:00","article_modified_time":"2023-10-17T15:54:43+00:00","og_image":[{"width":1024,"height":576,"url":"https:\/\/kulturonline.tv\/wp-content\/uploads\/2023\/10\/Bibliothek_Kultur-Online-Tv-edited.jpg","type":"image\/jpeg"}],"author":"guenter.wolfgang","twitter_card":"summary_large_image","twitter_misc":{"Verfasst von":"guenter.wolfgang","Gesch\u00e4tzte Lesezeit":"1 Minute"},"schema":{"@context":"https:\/\/schema.org","@graph":[{"@type":"Article","@id":"https:\/\/kulturonline.tv\/at\/deutsche-bibliotheksverband-dringt-darauf-bibliotheken-auch-an-sonntagen-zu-oeffnen\/#article","isPartOf":{"@id":"https:\/\/kulturonline.tv\/at\/deutsche-bibliotheksverband-dringt-darauf-bibliotheken-auch-an-sonntagen-zu-oeffnen\/"},"author":{"name":"guenter.wolfgang","@id":"https:\/\/kulturonline.tv\/at\/#\/schema\/person\/b0fac729bb9a0c193fb1df23449df4fe"},"headline":"Deutsche Bibliotheksverband dringt darauf, Bibliotheken auch an Sonntagen zu \u00f6ffnen.","datePublished":"2023-10-17T15:45:34+00:00","dateModified":"2023-10-17T15:54:43+00:00","mainEntityOfPage":{"@id":"https:\/\/kulturonline.tv\/at\/deutsche-bibliotheksverband-dringt-darauf-bibliotheken-auch-an-sonntagen-zu-oeffnen\/"},"wordCount":118,"publisher":{"@id":"https:\/\/kulturonline.tv\/at\/#organization"},"image":{"@id":"https:\/\/kulturonline.tv\/at\/deutsche-bibliotheksverband-dringt-darauf-bibliotheken-auch-an-sonntagen-zu-oeffnen\/#primaryimage"},"thumbnailUrl":"https:\/\/kulturonline.tv\/wp-content\/uploads\/2023\/10\/Bibliothek_Kultur-Online-Tv-edited.jpg","articleSection":["Literatur"],"inLanguage":"de-AT"},{"@type":"WebPage","@id":"https:\/\/kulturonline.tv\/at\/deutsche-bibliotheksverband-dringt-darauf-bibliotheken-auch-an-sonntagen-zu-oeffnen\/","url":"https:\/\/kulturonline.tv\/at\/deutsche-bibliotheksverband-dringt-darauf-bibliotheken-auch-an-sonntagen-zu-oeffnen\/","name":"Deutsche Bibliotheksverband dringt darauf, Bibliotheken auch an Sonntagen zu \u00f6ffnen. - Kultur Online TV &amp; FM","isPartOf":{"@id":"https:\/\/kulturonline.tv\/at\/#website"},"primaryImageOfPage":{"@id":"https:\/\/kulturonline.tv\/at\/deutsche-bibliotheksverband-dringt-darauf-bibliotheken-auch-an-sonntagen-zu-oeffnen\/#primaryimage"},"image":{"@id":"https:\/\/kulturonline.tv\/at\/deutsche-bibliotheksverband-dringt-darauf-bibliotheken-auch-an-sonntagen-zu-oeffnen\/#primaryimage"},"thumbnailUrl":"https:\/\/kulturonline.tv\/wp-content\/uploads\/2023\/10\/Bibliothek_Kultur-Online-Tv-edited.jpg","datePublished":"2023-10-17T15:45:34+00:00","dateModified":"2023-10-17T15:54:43+00:00","description":"Laut Heller, dem Bundesvorsitzenden des Verbandes, ist es bekannt, dass es einen hohen Bedarf an frei zug\u00e4nglichen, nicht kommerziellen Orten gibt, wie aus Pilotprojekten hervorgeht.","breadcrumb":{"@id":"https:\/\/kulturonline.tv\/at\/deutsche-bibliotheksverband-dringt-darauf-bibliotheken-auch-an-sonntagen-zu-oeffnen\/#breadcrumb"},"inLanguage":"de-AT","potentialAction":[{"@type":"ReadAction","target":["https:\/\/kulturonline.tv\/at\/deutsche-bibliotheksverband-dringt-darauf-bibliotheken-auch-an-sonntagen-zu-oeffnen\/"]}]},{"@type":"ImageObject","inLanguage":"de-AT","@id":"https:\/\/kulturonline.tv\/at\/deutsche-bibliotheksverband-dringt-darauf-bibliotheken-auch-an-sonntagen-zu-oeffnen\/#primaryimage","url":"https:\/\/kulturonline.tv\/wp-content\/uploads\/2023\/10\/Bibliothek_Kultur-Online-Tv-edited.jpg","contentUrl":"https:\/\/kulturonline.tv\/wp-content\/uploads\/2023\/10\/Bibliothek_Kultur-Online-Tv-edited.jpg","width":1024,"height":576},{"@type":"BreadcrumbList","@id":"https:\/\/kulturonline.tv\/at\/deutsche-bibliotheksverband-dringt-darauf-bibliotheken-auch-an-sonntagen-zu-oeffnen\/#breadcrumb","itemListElement":[{"@type":"ListItem","position":1,"name":"Startseite","item":"https:\/\/kulturonline.tv\/at\/"},{"@type":"ListItem","position":2,"name":"Deutsche Bibliotheksverband dringt darauf, Bibliotheken auch an Sonntagen zu \u00f6ffnen."}]},{"@type":"WebSite","@id":"https:\/\/kulturonline.tv\/at\/#website","url":"https:\/\/kulturonline.tv\/at\/","name":"Kultur Online TV &amp; FM","description":"Wir sind Kultur 2.0 zum sehen &amp; h\u00f6ren","publisher":{"@id":"https:\/\/kulturonline.tv\/at\/#organization"},"potentialAction":[{"@type":"SearchAction","target":{"@type":"EntryPoint","urlTemplate":"https:\/\/kulturonline.tv\/at\/?s={search_term_string}"},"query-input":{"@type":"PropertyValueSpecification","valueRequired":true,"valueName":"search_term_string"}}],"inLanguage":"de-AT"},{"@type":"Organization","@id":"https:\/\/kulturonline.tv\/at\/#organization","name":"Kultur Online TV","url":"https:\/\/kulturonline.tv\/at\/","logo":{"@type":"ImageObject","inLanguage":"de-AT","@id":"https:\/\/kulturonline.tv\/at\/#\/schema\/logo\/image\/","url":"https:\/\/kulturonline.tv\/wp-content\/uploads\/2021\/08\/Kultur-Online-Tv-Logo-Endversion-neu.png","contentUrl":"https:\/\/kulturonline.tv\/wp-content\/uploads\/2021\/08\/Kultur-Online-Tv-Logo-Endversion-neu.png","width":200,"height":200,"caption":"Kultur Online TV"},"image":{"@id":"https:\/\/kulturonline.tv\/at\/#\/schema\/logo\/image\/"},"sameAs":["https:\/\/www.facebook.com\/kulturonline.tv","https:\/\/www.instagram.com\/kulturonline.tv"]},{"@type":"Person","@id":"https:\/\/kulturonline.tv\/at\/#\/schema\/person\/b0fac729bb9a0c193fb1df23449df4fe","name":"guenter.wolfgang"}]}},"_links":{"self":[{"href":"https:\/\/kulturonline.tv\/at\/wp-json\/wp\/v2\/posts\/66845","targetHints":{"allow":["GET"]}}],"collection":[{"href":"https:\/\/kulturonline.tv\/at\/wp-json\/wp\/v2\/posts"}],"about":[{"href":"https:\/\/kulturonline.tv\/at\/wp-json\/wp\/v2\/types\/post"}],"author":[{"embeddable":true,"href":"https:\/\/kulturonline.tv\/at\/wp-json\/wp\/v2\/users\/2"}],"replies":[{"embeddable":true,"href":"https:\/\/kulturonline.tv\/at\/wp-json\/wp\/v2\/comments?post=66845"}],"version-history":[{"count":0,"href":"https:\/\/kulturonline.tv\/at\/wp-json\/wp\/v2\/posts\/66845\/revisions"}],"wp:featuredmedia":[{"embeddable":true,"href":"https:\/\/kulturonline.tv\/at\/wp-json\/wp\/v2\/media\/66843"}],"wp:attachment":[{"href":"https:\/\/kulturonline.tv\/at\/wp-json\/wp\/v2\/media?parent=66845"}],"wp:term":[{"taxonomy":"category","embeddable":true,"href":"https:\/\/kulturonline.tv\/at\/wp-json\/wp\/v2\/categories?post=66845"},{"taxonomy":"post_tag","embeddable":true,"href":"https:\/\/kulturonline.tv\/at\/wp-json\/wp\/v2\/tags?post=66845"}],"curies":[{"name":"wp","href":"https:\/\/api.w.org\/{rel}","templated":true}]}}