{"id":6696,"date":"2021-08-20T21:53:58","date_gmt":"2021-08-20T19:53:58","guid":{"rendered":"https:\/\/kulturonline.tv\/uncategorized\/das-tiroler-literaturfestival-sprachsalz"},"modified":"2025-11-06T00:09:09","modified_gmt":"2025-11-05T23:09:09","slug":"das-tiroler-literaturfestival-sprachsalz","status":"publish","type":"post","link":"https:\/\/kulturonline.tv\/at\/das-tiroler-literaturfestival-sprachsalz\/","title":{"rendered":"Das Tiroler Literaturfestival &#8222;Sprachsalz&#8220;"},"content":{"rendered":"\n<p>Das Festival findet vom 10. bis 12. September nach 2020 bereits zum zweiten Mal rein digital statt.<\/p>\n\n\n\n<figure class=\"wp-block-image size-large\"><img fetchpriority=\"high\" decoding=\"async\" width=\"1024\" height=\"575\" src=\"https:\/\/kulturonline.tv\/wp-content\/uploads\/2021\/08\/sprachsalz-buecherturm-kultur-online-tv-1024x575.jpg\" alt=\"\" class=\"wp-image-4893\" srcset=\"https:\/\/kulturonline.tv\/wp-content\/uploads\/2021\/08\/sprachsalz-buecherturm-kultur-online-tv-1024x575.jpg 1024w, https:\/\/kulturonline.tv\/wp-content\/uploads\/2021\/08\/sprachsalz-buecherturm-kultur-online-tv-600x337.jpg 600w, https:\/\/kulturonline.tv\/wp-content\/uploads\/2021\/08\/sprachsalz-buecherturm-kultur-online-tv-300x169.jpg 300w, https:\/\/kulturonline.tv\/wp-content\/uploads\/2021\/08\/sprachsalz-buecherturm-kultur-online-tv-768x431.jpg 768w, https:\/\/kulturonline.tv\/wp-content\/uploads\/2021\/08\/sprachsalz-buecherturm-kultur-online-tv-1536x863.jpg 1536w, https:\/\/kulturonline.tv\/wp-content\/uploads\/2021\/08\/sprachsalz-buecherturm-kultur-online-tv.jpg 1650w\" sizes=\"(max-width: 1024px) 100vw, 1024px\" \/><\/figure>\n\n\n\n<p>Ein Hybridfestival, also eine Mischung aus analog und digital, w\u00e4re f\u00fcr 2022 nat\u00fcrlich das h\u00f6chste der Gef\u00fchle&#8220;, sagte Magdalena Kauz, die beim Festival f\u00fcr Programmierung und Organisation zust\u00e4ndig ist, am Freitag bei einer Pressekonferenz in Hall in Tirol.<\/p>\n\n\n\n<p>Bereits 2020 hat man durch das neue Digital-Setting des Festivals jedenfalls definitiv neue Publikumsschichten ansprechen k\u00f6nnen. &#8222;Wir hatten insgesamt weit \u00fcber 8.000 Zuschauer&#8220;, betonte Sprachsalz-Mastermind Heinz D. Heisl. Zudem habe man auch Autoren gewinnen k\u00f6nnen, die sonst wohl nicht nach Hall gekommen w\u00e4ren, merkte er an. &#8222;Literaturfans aus ganz Europa haben au\u00dferdem uns und Hall entdeckt&#8220;.<\/p>\n\n\n\n<p>Kultur Online TV<\/p>\n\n\n\n<p>#literatur #tirol <\/p>\n","protected":false},"excerpt":{"rendered":"<p>Das Festival findet vom 10. bis 12. September nach 2020 bereits zum zweiten Mal rein digital statt. Ein Hybridfestival, also eine Mischung aus analog und digital, w\u00e4re f\u00fcr 2022 nat\u00fcrlich das h\u00f6chste der Gef\u00fchle&#8220;, sagte Magdalena Kauz, die beim Festival f\u00fcr Programmierung und Organisation zust\u00e4ndig ist, am Freitag bei einer Pressekonferenz in Hall in Tirol. [&hellip;]<\/p>\n","protected":false},"author":2,"featured_media":4894,"comment_status":"closed","ping_status":"closed","sticky":false,"template":"","format":"standard","meta":{"_acf_changed":false,"footnotes":""},"categories":[955,133],"tags":[],"class_list":["post-6696","post","type-post","status-publish","format-standard","has-post-thumbnail","hentry","category-aus-den-regionen-tirol","category-literatur"],"acf":[],"yoast_head":"<!-- This site is optimized with the Yoast SEO plugin v26.1.1 - https:\/\/yoast.com\/wordpress\/plugins\/seo\/ -->\n<title>Das Tiroler Literaturfestival &quot;Sprachsalz&quot; - Kultur Online TV &amp; FM<\/title>\n<meta name=\"description\" content=\"Kultur sehen und H\u00f6ren\" \/>\n<meta name=\"robots\" content=\"index, follow, max-snippet:-1, max-image-preview:large, max-video-preview:-1\" \/>\n<link rel=\"canonical\" href=\"https:\/\/kulturonline.tv\/at\/das-tiroler-literaturfestival-sprachsalz\/\" \/>\n<meta property=\"og:locale\" content=\"de_DE\" \/>\n<meta property=\"og:type\" content=\"article\" \/>\n<meta property=\"og:title\" content=\"Das Tiroler Literaturfestival &quot;Sprachsalz&quot; - Kultur Online TV &amp; FM\" \/>\n<meta property=\"og:description\" content=\"Kultur sehen und H\u00f6ren\" \/>\n<meta property=\"og:url\" content=\"https:\/\/kulturonline.tv\/at\/das-tiroler-literaturfestival-sprachsalz\/\" \/>\n<meta property=\"og:site_name\" content=\"Kultur Online TV &amp; FM\" \/>\n<meta property=\"article:publisher\" content=\"https:\/\/www.facebook.com\/kulturonline.tv\" \/>\n<meta property=\"article:published_time\" content=\"2021-08-20T19:53:58+00:00\" \/>\n<meta property=\"article:modified_time\" content=\"2025-11-05T23:09:09+00:00\" \/>\n<meta property=\"og:image\" content=\"https:\/\/kulturonline.tv\/wp-content\/uploads\/2021\/08\/sprachsalz-buecherturm-kultur-online-tv.jpg\" \/>\n\t<meta property=\"og:image:width\" content=\"1650\" \/>\n\t<meta property=\"og:image:height\" content=\"927\" \/>\n\t<meta property=\"og:image:type\" content=\"image\/jpeg\" \/>\n<meta name=\"author\" content=\"guenter.wolfgang\" \/>\n<meta name=\"twitter:card\" content=\"summary_large_image\" \/>\n<meta name=\"twitter:label1\" content=\"Verfasst von\" \/>\n\t<meta name=\"twitter:data1\" content=\"guenter.wolfgang\" \/>\n\t<meta name=\"twitter:label2\" content=\"Gesch\u00e4tzte Lesezeit\" \/>\n\t<meta name=\"twitter:data2\" content=\"1 Minute\" \/>\n<script type=\"application\/ld+json\" class=\"yoast-schema-graph\">{\"@context\":\"https:\/\/schema.org\",\"@graph\":[{\"@type\":\"Article\",\"@id\":\"https:\/\/kulturonline.tv\/at\/das-tiroler-literaturfestival-sprachsalz\/#article\",\"isPartOf\":{\"@id\":\"https:\/\/kulturonline.tv\/at\/das-tiroler-literaturfestival-sprachsalz\/\"},\"author\":{\"name\":\"guenter.wolfgang\",\"@id\":\"https:\/\/kulturonline.tv\/at\/#\/schema\/person\/b0fac729bb9a0c193fb1df23449df4fe\"},\"headline\":\"Das Tiroler Literaturfestival &#8222;Sprachsalz&#8220;\",\"datePublished\":\"2021-08-20T19:53:58+00:00\",\"dateModified\":\"2025-11-05T23:09:09+00:00\",\"mainEntityOfPage\":{\"@id\":\"https:\/\/kulturonline.tv\/at\/das-tiroler-literaturfestival-sprachsalz\/\"},\"wordCount\":125,\"publisher\":{\"@id\":\"https:\/\/kulturonline.tv\/at\/#organization\"},\"image\":{\"@id\":\"https:\/\/kulturonline.tv\/at\/das-tiroler-literaturfestival-sprachsalz\/#primaryimage\"},\"thumbnailUrl\":\"https:\/\/kulturonline.tv\/wp-content\/uploads\/2021\/08\/sprachsalz-buecherturm-kultur-online-tv.jpg\",\"articleSection\":[\"Aus den Regionen Tirol\",\"Literatur\"],\"inLanguage\":\"de-AT\"},{\"@type\":\"WebPage\",\"@id\":\"https:\/\/kulturonline.tv\/at\/das-tiroler-literaturfestival-sprachsalz\/\",\"url\":\"https:\/\/kulturonline.tv\/at\/das-tiroler-literaturfestival-sprachsalz\/\",\"name\":\"Das Tiroler Literaturfestival \\\"Sprachsalz\\\" - Kultur Online TV &amp; FM\",\"isPartOf\":{\"@id\":\"https:\/\/kulturonline.tv\/at\/#website\"},\"primaryImageOfPage\":{\"@id\":\"https:\/\/kulturonline.tv\/at\/das-tiroler-literaturfestival-sprachsalz\/#primaryimage\"},\"image\":{\"@id\":\"https:\/\/kulturonline.tv\/at\/das-tiroler-literaturfestival-sprachsalz\/#primaryimage\"},\"thumbnailUrl\":\"https:\/\/kulturonline.tv\/wp-content\/uploads\/2021\/08\/sprachsalz-buecherturm-kultur-online-tv.jpg\",\"datePublished\":\"2021-08-20T19:53:58+00:00\",\"dateModified\":\"2025-11-05T23:09:09+00:00\",\"description\":\"Kultur sehen und H\u00f6ren\",\"breadcrumb\":{\"@id\":\"https:\/\/kulturonline.tv\/at\/das-tiroler-literaturfestival-sprachsalz\/#breadcrumb\"},\"inLanguage\":\"de-AT\",\"potentialAction\":[{\"@type\":\"ReadAction\",\"target\":[\"https:\/\/kulturonline.tv\/at\/das-tiroler-literaturfestival-sprachsalz\/\"]}]},{\"@type\":\"ImageObject\",\"inLanguage\":\"de-AT\",\"@id\":\"https:\/\/kulturonline.tv\/at\/das-tiroler-literaturfestival-sprachsalz\/#primaryimage\",\"url\":\"https:\/\/kulturonline.tv\/wp-content\/uploads\/2021\/08\/sprachsalz-buecherturm-kultur-online-tv.jpg\",\"contentUrl\":\"https:\/\/kulturonline.tv\/wp-content\/uploads\/2021\/08\/sprachsalz-buecherturm-kultur-online-tv.jpg\",\"width\":1650,\"height\":927},{\"@type\":\"BreadcrumbList\",\"@id\":\"https:\/\/kulturonline.tv\/at\/das-tiroler-literaturfestival-sprachsalz\/#breadcrumb\",\"itemListElement\":[{\"@type\":\"ListItem\",\"position\":1,\"name\":\"Startseite\",\"item\":\"https:\/\/kulturonline.tv\/at\/\"},{\"@type\":\"ListItem\",\"position\":2,\"name\":\"Das Tiroler Literaturfestival &#8222;Sprachsalz&#8220;\"}]},{\"@type\":\"WebSite\",\"@id\":\"https:\/\/kulturonline.tv\/at\/#website\",\"url\":\"https:\/\/kulturonline.tv\/at\/\",\"name\":\"Kultur Online TV &amp; FM\",\"description\":\"Wir sind Kultur 2.0 zum sehen &amp; h\u00f6ren\",\"publisher\":{\"@id\":\"https:\/\/kulturonline.tv\/at\/#organization\"},\"potentialAction\":[{\"@type\":\"SearchAction\",\"target\":{\"@type\":\"EntryPoint\",\"urlTemplate\":\"https:\/\/kulturonline.tv\/at\/?s={search_term_string}\"},\"query-input\":{\"@type\":\"PropertyValueSpecification\",\"valueRequired\":true,\"valueName\":\"search_term_string\"}}],\"inLanguage\":\"de-AT\"},{\"@type\":\"Organization\",\"@id\":\"https:\/\/kulturonline.tv\/at\/#organization\",\"name\":\"Kultur Online TV\",\"url\":\"https:\/\/kulturonline.tv\/at\/\",\"logo\":{\"@type\":\"ImageObject\",\"inLanguage\":\"de-AT\",\"@id\":\"https:\/\/kulturonline.tv\/at\/#\/schema\/logo\/image\/\",\"url\":\"https:\/\/kulturonline.tv\/wp-content\/uploads\/2021\/08\/Kultur-Online-Tv-Logo-Endversion-neu.png\",\"contentUrl\":\"https:\/\/kulturonline.tv\/wp-content\/uploads\/2021\/08\/Kultur-Online-Tv-Logo-Endversion-neu.png\",\"width\":200,\"height\":200,\"caption\":\"Kultur Online TV\"},\"image\":{\"@id\":\"https:\/\/kulturonline.tv\/at\/#\/schema\/logo\/image\/\"},\"sameAs\":[\"https:\/\/www.facebook.com\/kulturonline.tv\",\"https:\/\/www.instagram.com\/kulturonline.tv\"]},{\"@type\":\"Person\",\"@id\":\"https:\/\/kulturonline.tv\/at\/#\/schema\/person\/b0fac729bb9a0c193fb1df23449df4fe\",\"name\":\"guenter.wolfgang\"}]}<\/script>\n<!-- \/ Yoast SEO plugin. -->","yoast_head_json":{"title":"Das Tiroler Literaturfestival \"Sprachsalz\" - Kultur Online TV &amp; FM","description":"Kultur sehen und H\u00f6ren","robots":{"index":"index","follow":"follow","max-snippet":"max-snippet:-1","max-image-preview":"max-image-preview:large","max-video-preview":"max-video-preview:-1"},"canonical":"https:\/\/kulturonline.tv\/at\/das-tiroler-literaturfestival-sprachsalz\/","og_locale":"de_DE","og_type":"article","og_title":"Das Tiroler Literaturfestival \"Sprachsalz\" - Kultur Online TV &amp; FM","og_description":"Kultur sehen und H\u00f6ren","og_url":"https:\/\/kulturonline.tv\/at\/das-tiroler-literaturfestival-sprachsalz\/","og_site_name":"Kultur Online TV &amp; FM","article_publisher":"https:\/\/www.facebook.com\/kulturonline.tv","article_published_time":"2021-08-20T19:53:58+00:00","article_modified_time":"2025-11-05T23:09:09+00:00","og_image":[{"width":1650,"height":927,"url":"https:\/\/kulturonline.tv\/wp-content\/uploads\/2021\/08\/sprachsalz-buecherturm-kultur-online-tv.jpg","type":"image\/jpeg"}],"author":"guenter.wolfgang","twitter_card":"summary_large_image","twitter_misc":{"Verfasst von":"guenter.wolfgang","Gesch\u00e4tzte Lesezeit":"1 Minute"},"schema":{"@context":"https:\/\/schema.org","@graph":[{"@type":"Article","@id":"https:\/\/kulturonline.tv\/at\/das-tiroler-literaturfestival-sprachsalz\/#article","isPartOf":{"@id":"https:\/\/kulturonline.tv\/at\/das-tiroler-literaturfestival-sprachsalz\/"},"author":{"name":"guenter.wolfgang","@id":"https:\/\/kulturonline.tv\/at\/#\/schema\/person\/b0fac729bb9a0c193fb1df23449df4fe"},"headline":"Das Tiroler Literaturfestival &#8222;Sprachsalz&#8220;","datePublished":"2021-08-20T19:53:58+00:00","dateModified":"2025-11-05T23:09:09+00:00","mainEntityOfPage":{"@id":"https:\/\/kulturonline.tv\/at\/das-tiroler-literaturfestival-sprachsalz\/"},"wordCount":125,"publisher":{"@id":"https:\/\/kulturonline.tv\/at\/#organization"},"image":{"@id":"https:\/\/kulturonline.tv\/at\/das-tiroler-literaturfestival-sprachsalz\/#primaryimage"},"thumbnailUrl":"https:\/\/kulturonline.tv\/wp-content\/uploads\/2021\/08\/sprachsalz-buecherturm-kultur-online-tv.jpg","articleSection":["Aus den Regionen Tirol","Literatur"],"inLanguage":"de-AT"},{"@type":"WebPage","@id":"https:\/\/kulturonline.tv\/at\/das-tiroler-literaturfestival-sprachsalz\/","url":"https:\/\/kulturonline.tv\/at\/das-tiroler-literaturfestival-sprachsalz\/","name":"Das Tiroler Literaturfestival \"Sprachsalz\" - Kultur Online TV &amp; FM","isPartOf":{"@id":"https:\/\/kulturonline.tv\/at\/#website"},"primaryImageOfPage":{"@id":"https:\/\/kulturonline.tv\/at\/das-tiroler-literaturfestival-sprachsalz\/#primaryimage"},"image":{"@id":"https:\/\/kulturonline.tv\/at\/das-tiroler-literaturfestival-sprachsalz\/#primaryimage"},"thumbnailUrl":"https:\/\/kulturonline.tv\/wp-content\/uploads\/2021\/08\/sprachsalz-buecherturm-kultur-online-tv.jpg","datePublished":"2021-08-20T19:53:58+00:00","dateModified":"2025-11-05T23:09:09+00:00","description":"Kultur sehen und H\u00f6ren","breadcrumb":{"@id":"https:\/\/kulturonline.tv\/at\/das-tiroler-literaturfestival-sprachsalz\/#breadcrumb"},"inLanguage":"de-AT","potentialAction":[{"@type":"ReadAction","target":["https:\/\/kulturonline.tv\/at\/das-tiroler-literaturfestival-sprachsalz\/"]}]},{"@type":"ImageObject","inLanguage":"de-AT","@id":"https:\/\/kulturonline.tv\/at\/das-tiroler-literaturfestival-sprachsalz\/#primaryimage","url":"https:\/\/kulturonline.tv\/wp-content\/uploads\/2021\/08\/sprachsalz-buecherturm-kultur-online-tv.jpg","contentUrl":"https:\/\/kulturonline.tv\/wp-content\/uploads\/2021\/08\/sprachsalz-buecherturm-kultur-online-tv.jpg","width":1650,"height":927},{"@type":"BreadcrumbList","@id":"https:\/\/kulturonline.tv\/at\/das-tiroler-literaturfestival-sprachsalz\/#breadcrumb","itemListElement":[{"@type":"ListItem","position":1,"name":"Startseite","item":"https:\/\/kulturonline.tv\/at\/"},{"@type":"ListItem","position":2,"name":"Das Tiroler Literaturfestival &#8222;Sprachsalz&#8220;"}]},{"@type":"WebSite","@id":"https:\/\/kulturonline.tv\/at\/#website","url":"https:\/\/kulturonline.tv\/at\/","name":"Kultur Online TV &amp; FM","description":"Wir sind Kultur 2.0 zum sehen &amp; h\u00f6ren","publisher":{"@id":"https:\/\/kulturonline.tv\/at\/#organization"},"potentialAction":[{"@type":"SearchAction","target":{"@type":"EntryPoint","urlTemplate":"https:\/\/kulturonline.tv\/at\/?s={search_term_string}"},"query-input":{"@type":"PropertyValueSpecification","valueRequired":true,"valueName":"search_term_string"}}],"inLanguage":"de-AT"},{"@type":"Organization","@id":"https:\/\/kulturonline.tv\/at\/#organization","name":"Kultur Online TV","url":"https:\/\/kulturonline.tv\/at\/","logo":{"@type":"ImageObject","inLanguage":"de-AT","@id":"https:\/\/kulturonline.tv\/at\/#\/schema\/logo\/image\/","url":"https:\/\/kulturonline.tv\/wp-content\/uploads\/2021\/08\/Kultur-Online-Tv-Logo-Endversion-neu.png","contentUrl":"https:\/\/kulturonline.tv\/wp-content\/uploads\/2021\/08\/Kultur-Online-Tv-Logo-Endversion-neu.png","width":200,"height":200,"caption":"Kultur Online TV"},"image":{"@id":"https:\/\/kulturonline.tv\/at\/#\/schema\/logo\/image\/"},"sameAs":["https:\/\/www.facebook.com\/kulturonline.tv","https:\/\/www.instagram.com\/kulturonline.tv"]},{"@type":"Person","@id":"https:\/\/kulturonline.tv\/at\/#\/schema\/person\/b0fac729bb9a0c193fb1df23449df4fe","name":"guenter.wolfgang"}]}},"_links":{"self":[{"href":"https:\/\/kulturonline.tv\/at\/wp-json\/wp\/v2\/posts\/6696","targetHints":{"allow":["GET"]}}],"collection":[{"href":"https:\/\/kulturonline.tv\/at\/wp-json\/wp\/v2\/posts"}],"about":[{"href":"https:\/\/kulturonline.tv\/at\/wp-json\/wp\/v2\/types\/post"}],"author":[{"embeddable":true,"href":"https:\/\/kulturonline.tv\/at\/wp-json\/wp\/v2\/users\/2"}],"replies":[{"embeddable":true,"href":"https:\/\/kulturonline.tv\/at\/wp-json\/wp\/v2\/comments?post=6696"}],"version-history":[{"count":1,"href":"https:\/\/kulturonline.tv\/at\/wp-json\/wp\/v2\/posts\/6696\/revisions"}],"predecessor-version":[{"id":128527,"href":"https:\/\/kulturonline.tv\/at\/wp-json\/wp\/v2\/posts\/6696\/revisions\/128527"}],"wp:featuredmedia":[{"embeddable":true,"href":"https:\/\/kulturonline.tv\/at\/wp-json\/wp\/v2\/media\/4894"}],"wp:attachment":[{"href":"https:\/\/kulturonline.tv\/at\/wp-json\/wp\/v2\/media?parent=6696"}],"wp:term":[{"taxonomy":"category","embeddable":true,"href":"https:\/\/kulturonline.tv\/at\/wp-json\/wp\/v2\/categories?post=6696"},{"taxonomy":"post_tag","embeddable":true,"href":"https:\/\/kulturonline.tv\/at\/wp-json\/wp\/v2\/tags?post=6696"}],"curies":[{"name":"wp","href":"https:\/\/api.w.org\/{rel}","templated":true}]}}