{"id":6706,"date":"2021-08-17T22:44:08","date_gmt":"2021-08-17T20:44:08","guid":{"rendered":"https:\/\/kulturonline.tv\/uncategorized\/die-frauen-von-kilcarrion-ist-jojo-moyes-debuetroman"},"modified":"2021-08-17T22:44:08","modified_gmt":"2021-08-17T20:44:08","slug":"die-frauen-von-kilcarrion-ist-jojo-moyes-debuetroman","status":"publish","type":"post","link":"https:\/\/kulturonline.tv\/at\/die-frauen-von-kilcarrion-ist-jojo-moyes-debuetroman\/","title":{"rendered":"Die Frauen von Kilcarrion\u201c ist Jojo Moyes\u2018 Deb\u00fctroman"},"content":{"rendered":"\n<p><strong>Ein Umzug nach Hongkong, eine Heirat und eine wechselvolle Ehe<\/strong>.<\/p>\n\n\n\n<figure class=\"wp-block-image size-large\"><img fetchpriority=\"high\" decoding=\"async\" width=\"1024\" height=\"534\" src=\"https:\/\/kulturonline.tv\/wp-content\/uploads\/2021\/08\/Buchtipp-1-1024x534.png\" alt=\"\" class=\"wp-image-4634\" srcset=\"https:\/\/kulturonline.tv\/wp-content\/uploads\/2021\/08\/Buchtipp-1-1024x534.png 1024w, https:\/\/kulturonline.tv\/wp-content\/uploads\/2021\/08\/Buchtipp-1-600x313.png 600w, https:\/\/kulturonline.tv\/wp-content\/uploads\/2021\/08\/Buchtipp-1-300x157.png 300w, https:\/\/kulturonline.tv\/wp-content\/uploads\/2021\/08\/Buchtipp-1-768x401.png 768w, https:\/\/kulturonline.tv\/wp-content\/uploads\/2021\/08\/Buchtipp-1.png 1380w\" sizes=\"(max-width: 1024px) 100vw, 1024px\" \/><\/figure>\n\n\n\n<p>1953 ist Joy eine junge Frau aus England, die mit ihren Eltern in Hongkong lebt. Bei einer gro\u00dfen Feier lernt sie den Offizier Edward kennen und lieben. Die beiden beschlie\u00dfen, sehr schnell zu heiraten. Sie f\u00fchren eine Ehe mit vielen H\u00f6hen und Tiefen, ziehen nach Irland und bekommen zwei Kinder. Unter anderem Kate, die sich selbst als das ungeliebte schwarze Schaf in der Familie f\u00fchlt und den Eindruck hat, dass ihre Eltern ihr viele Vorw\u00fcrfe machen. Als die noch minderj\u00e4hrige Kate schwanger wird, zieht sie nach England und h\u00e4lt nur noch losen Kontakt zu ihren Eltern.<\/p>\n\n\n\n<p>Drei Frauen entschlie\u00dfen sich zu Offenheit, auch wenn es schmerzt<br>Im Jahr 1997 geht Kates Beziehung in die Br\u00fcche. Darunter leidet auch ihre sechzehnj\u00e4hrige Tochter Sabine \u2013 sie vermisst den Stiefvater. Daher schickt Kate ihre Tochter nach Irland zu den Gro\u00dfeltern. Sabine ist zun\u00e4chst sehr ungl\u00fccklich \u00fcber diesen Beschluss, auch hat sie Schwierigkeiten sich in Irland und dem alten Haus einzuleben. Zudem gestaltet sich das Zusammenleben mit ihrer Gro\u00dfmutter Joy und dem kranken Gro\u00dfvater Edward als kompliziert und konfliktreich. Dennoch ist Joy sehr bem\u00fcht, da sie hofft zu ihrer Enkelin ein besseres Verh\u00e4ltnis aufbauen zu k\u00f6nnen, als zu ihrer Tochter. Bald m\u00fcssen alle drei Frauen feststellen, dass manche Wunden nur durch bedingungslose Offenheit miteinander geheilt werden k\u00f6nnen, auch wenn die Erinnerungen an die Vergangenheit schmerzhaft sind.<\/p>\n\n\n\n<p>Kultur Online TV<\/p>\n\n\n\n<p>#buchtipp #literatur #kultur<\/p>\n","protected":false},"excerpt":{"rendered":"<p>Ein Umzug nach Hongkong, eine Heirat und eine wechselvolle Ehe. 1953 ist Joy eine junge Frau aus England, die mit ihren Eltern in Hongkong lebt. Bei einer gro\u00dfen Feier lernt sie den Offizier Edward kennen und lieben. Die beiden beschlie\u00dfen, sehr schnell zu heiraten. Sie f\u00fchren eine Ehe mit vielen H\u00f6hen und Tiefen, ziehen nach [&hellip;]<\/p>\n","protected":false},"author":2,"featured_media":4635,"comment_status":"closed","ping_status":"closed","sticky":false,"template":"","format":"standard","meta":{"_acf_changed":false,"footnotes":""},"categories":[133],"tags":[],"class_list":["post-6706","post","type-post","status-publish","format-standard","has-post-thumbnail","hentry","category-literatur"],"acf":[],"yoast_head":"<!-- This site is optimized with the Yoast SEO plugin v26.1.1 - https:\/\/yoast.com\/wordpress\/plugins\/seo\/ -->\n<title>Die Frauen von Kilcarrion\u201c ist Jojo Moyes\u2018 Deb\u00fctroman - Kultur Online TV &amp; FM<\/title>\n<meta name=\"description\" content=\"Kultur sehen und H\u00f6ren\" \/>\n<meta name=\"robots\" content=\"index, follow, max-snippet:-1, max-image-preview:large, max-video-preview:-1\" \/>\n<link rel=\"canonical\" href=\"https:\/\/kulturonline.tv\/at\/die-frauen-von-kilcarrion-ist-jojo-moyes-debuetroman\/\" \/>\n<meta property=\"og:locale\" content=\"de_DE\" \/>\n<meta property=\"og:type\" content=\"article\" \/>\n<meta property=\"og:title\" content=\"Die Frauen von Kilcarrion\u201c ist Jojo Moyes\u2018 Deb\u00fctroman - Kultur Online TV &amp; FM\" \/>\n<meta property=\"og:description\" content=\"Kultur sehen und H\u00f6ren\" \/>\n<meta property=\"og:url\" content=\"https:\/\/kulturonline.tv\/at\/die-frauen-von-kilcarrion-ist-jojo-moyes-debuetroman\/\" \/>\n<meta property=\"og:site_name\" content=\"Kultur Online TV &amp; FM\" \/>\n<meta property=\"article:publisher\" content=\"https:\/\/www.facebook.com\/kulturonline.tv\" \/>\n<meta property=\"article:published_time\" content=\"2021-08-17T20:44:08+00:00\" \/>\n<meta property=\"og:image\" content=\"https:\/\/kulturonline.tv\/wp-content\/uploads\/2021\/08\/Buchtipp-1.png\" \/>\n\t<meta property=\"og:image:width\" content=\"1380\" \/>\n\t<meta property=\"og:image:height\" content=\"720\" \/>\n\t<meta property=\"og:image:type\" content=\"image\/png\" \/>\n<meta name=\"author\" content=\"guenter.wolfgang\" \/>\n<meta name=\"twitter:card\" content=\"summary_large_image\" \/>\n<meta name=\"twitter:label1\" content=\"Verfasst von\" \/>\n\t<meta name=\"twitter:data1\" content=\"guenter.wolfgang\" \/>\n\t<meta name=\"twitter:label2\" content=\"Gesch\u00e4tzte Lesezeit\" \/>\n\t<meta name=\"twitter:data2\" content=\"2 Minuten\" \/>\n<script type=\"application\/ld+json\" class=\"yoast-schema-graph\">{\"@context\":\"https:\/\/schema.org\",\"@graph\":[{\"@type\":\"Article\",\"@id\":\"https:\/\/kulturonline.tv\/at\/die-frauen-von-kilcarrion-ist-jojo-moyes-debuetroman\/#article\",\"isPartOf\":{\"@id\":\"https:\/\/kulturonline.tv\/at\/die-frauen-von-kilcarrion-ist-jojo-moyes-debuetroman\/\"},\"author\":{\"name\":\"guenter.wolfgang\",\"@id\":\"https:\/\/kulturonline.tv\/at\/#\/schema\/person\/b0fac729bb9a0c193fb1df23449df4fe\"},\"headline\":\"Die Frauen von Kilcarrion\u201c ist Jojo Moyes\u2018 Deb\u00fctroman\",\"datePublished\":\"2021-08-17T20:44:08+00:00\",\"mainEntityOfPage\":{\"@id\":\"https:\/\/kulturonline.tv\/at\/die-frauen-von-kilcarrion-ist-jojo-moyes-debuetroman\/\"},\"wordCount\":264,\"publisher\":{\"@id\":\"https:\/\/kulturonline.tv\/at\/#organization\"},\"image\":{\"@id\":\"https:\/\/kulturonline.tv\/at\/die-frauen-von-kilcarrion-ist-jojo-moyes-debuetroman\/#primaryimage\"},\"thumbnailUrl\":\"https:\/\/kulturonline.tv\/wp-content\/uploads\/2021\/08\/Buchtipp-1.png\",\"articleSection\":[\"Literatur\"],\"inLanguage\":\"de-AT\"},{\"@type\":\"WebPage\",\"@id\":\"https:\/\/kulturonline.tv\/at\/die-frauen-von-kilcarrion-ist-jojo-moyes-debuetroman\/\",\"url\":\"https:\/\/kulturonline.tv\/at\/die-frauen-von-kilcarrion-ist-jojo-moyes-debuetroman\/\",\"name\":\"Die Frauen von Kilcarrion\u201c ist Jojo Moyes\u2018 Deb\u00fctroman - Kultur Online TV &amp; FM\",\"isPartOf\":{\"@id\":\"https:\/\/kulturonline.tv\/at\/#website\"},\"primaryImageOfPage\":{\"@id\":\"https:\/\/kulturonline.tv\/at\/die-frauen-von-kilcarrion-ist-jojo-moyes-debuetroman\/#primaryimage\"},\"image\":{\"@id\":\"https:\/\/kulturonline.tv\/at\/die-frauen-von-kilcarrion-ist-jojo-moyes-debuetroman\/#primaryimage\"},\"thumbnailUrl\":\"https:\/\/kulturonline.tv\/wp-content\/uploads\/2021\/08\/Buchtipp-1.png\",\"datePublished\":\"2021-08-17T20:44:08+00:00\",\"description\":\"Kultur sehen und H\u00f6ren\",\"breadcrumb\":{\"@id\":\"https:\/\/kulturonline.tv\/at\/die-frauen-von-kilcarrion-ist-jojo-moyes-debuetroman\/#breadcrumb\"},\"inLanguage\":\"de-AT\",\"potentialAction\":[{\"@type\":\"ReadAction\",\"target\":[\"https:\/\/kulturonline.tv\/at\/die-frauen-von-kilcarrion-ist-jojo-moyes-debuetroman\/\"]}]},{\"@type\":\"ImageObject\",\"inLanguage\":\"de-AT\",\"@id\":\"https:\/\/kulturonline.tv\/at\/die-frauen-von-kilcarrion-ist-jojo-moyes-debuetroman\/#primaryimage\",\"url\":\"https:\/\/kulturonline.tv\/wp-content\/uploads\/2021\/08\/Buchtipp-1.png\",\"contentUrl\":\"https:\/\/kulturonline.tv\/wp-content\/uploads\/2021\/08\/Buchtipp-1.png\",\"width\":1380,\"height\":720},{\"@type\":\"BreadcrumbList\",\"@id\":\"https:\/\/kulturonline.tv\/at\/die-frauen-von-kilcarrion-ist-jojo-moyes-debuetroman\/#breadcrumb\",\"itemListElement\":[{\"@type\":\"ListItem\",\"position\":1,\"name\":\"Startseite\",\"item\":\"https:\/\/kulturonline.tv\/at\/\"},{\"@type\":\"ListItem\",\"position\":2,\"name\":\"Die Frauen von Kilcarrion\u201c ist Jojo Moyes\u2018 Deb\u00fctroman\"}]},{\"@type\":\"WebSite\",\"@id\":\"https:\/\/kulturonline.tv\/at\/#website\",\"url\":\"https:\/\/kulturonline.tv\/at\/\",\"name\":\"Kultur Online TV &amp; FM\",\"description\":\"Wir sind Kultur 2.0 zum sehen &amp; h\u00f6ren\",\"publisher\":{\"@id\":\"https:\/\/kulturonline.tv\/at\/#organization\"},\"potentialAction\":[{\"@type\":\"SearchAction\",\"target\":{\"@type\":\"EntryPoint\",\"urlTemplate\":\"https:\/\/kulturonline.tv\/at\/?s={search_term_string}\"},\"query-input\":{\"@type\":\"PropertyValueSpecification\",\"valueRequired\":true,\"valueName\":\"search_term_string\"}}],\"inLanguage\":\"de-AT\"},{\"@type\":\"Organization\",\"@id\":\"https:\/\/kulturonline.tv\/at\/#organization\",\"name\":\"Kultur Online TV\",\"url\":\"https:\/\/kulturonline.tv\/at\/\",\"logo\":{\"@type\":\"ImageObject\",\"inLanguage\":\"de-AT\",\"@id\":\"https:\/\/kulturonline.tv\/at\/#\/schema\/logo\/image\/\",\"url\":\"https:\/\/kulturonline.tv\/wp-content\/uploads\/2021\/08\/Kultur-Online-Tv-Logo-Endversion-neu.png\",\"contentUrl\":\"https:\/\/kulturonline.tv\/wp-content\/uploads\/2021\/08\/Kultur-Online-Tv-Logo-Endversion-neu.png\",\"width\":200,\"height\":200,\"caption\":\"Kultur Online TV\"},\"image\":{\"@id\":\"https:\/\/kulturonline.tv\/at\/#\/schema\/logo\/image\/\"},\"sameAs\":[\"https:\/\/www.facebook.com\/kulturonline.tv\",\"https:\/\/www.instagram.com\/kulturonline.tv\"]},{\"@type\":\"Person\",\"@id\":\"https:\/\/kulturonline.tv\/at\/#\/schema\/person\/b0fac729bb9a0c193fb1df23449df4fe\",\"name\":\"guenter.wolfgang\"}]}<\/script>\n<!-- \/ Yoast SEO plugin. -->","yoast_head_json":{"title":"Die Frauen von Kilcarrion\u201c ist Jojo Moyes\u2018 Deb\u00fctroman - Kultur Online TV &amp; FM","description":"Kultur sehen und H\u00f6ren","robots":{"index":"index","follow":"follow","max-snippet":"max-snippet:-1","max-image-preview":"max-image-preview:large","max-video-preview":"max-video-preview:-1"},"canonical":"https:\/\/kulturonline.tv\/at\/die-frauen-von-kilcarrion-ist-jojo-moyes-debuetroman\/","og_locale":"de_DE","og_type":"article","og_title":"Die Frauen von Kilcarrion\u201c ist Jojo Moyes\u2018 Deb\u00fctroman - Kultur Online TV &amp; FM","og_description":"Kultur sehen und H\u00f6ren","og_url":"https:\/\/kulturonline.tv\/at\/die-frauen-von-kilcarrion-ist-jojo-moyes-debuetroman\/","og_site_name":"Kultur Online TV &amp; FM","article_publisher":"https:\/\/www.facebook.com\/kulturonline.tv","article_published_time":"2021-08-17T20:44:08+00:00","og_image":[{"width":1380,"height":720,"url":"https:\/\/kulturonline.tv\/wp-content\/uploads\/2021\/08\/Buchtipp-1.png","type":"image\/png"}],"author":"guenter.wolfgang","twitter_card":"summary_large_image","twitter_misc":{"Verfasst von":"guenter.wolfgang","Gesch\u00e4tzte Lesezeit":"2 Minuten"},"schema":{"@context":"https:\/\/schema.org","@graph":[{"@type":"Article","@id":"https:\/\/kulturonline.tv\/at\/die-frauen-von-kilcarrion-ist-jojo-moyes-debuetroman\/#article","isPartOf":{"@id":"https:\/\/kulturonline.tv\/at\/die-frauen-von-kilcarrion-ist-jojo-moyes-debuetroman\/"},"author":{"name":"guenter.wolfgang","@id":"https:\/\/kulturonline.tv\/at\/#\/schema\/person\/b0fac729bb9a0c193fb1df23449df4fe"},"headline":"Die Frauen von Kilcarrion\u201c ist Jojo Moyes\u2018 Deb\u00fctroman","datePublished":"2021-08-17T20:44:08+00:00","mainEntityOfPage":{"@id":"https:\/\/kulturonline.tv\/at\/die-frauen-von-kilcarrion-ist-jojo-moyes-debuetroman\/"},"wordCount":264,"publisher":{"@id":"https:\/\/kulturonline.tv\/at\/#organization"},"image":{"@id":"https:\/\/kulturonline.tv\/at\/die-frauen-von-kilcarrion-ist-jojo-moyes-debuetroman\/#primaryimage"},"thumbnailUrl":"https:\/\/kulturonline.tv\/wp-content\/uploads\/2021\/08\/Buchtipp-1.png","articleSection":["Literatur"],"inLanguage":"de-AT"},{"@type":"WebPage","@id":"https:\/\/kulturonline.tv\/at\/die-frauen-von-kilcarrion-ist-jojo-moyes-debuetroman\/","url":"https:\/\/kulturonline.tv\/at\/die-frauen-von-kilcarrion-ist-jojo-moyes-debuetroman\/","name":"Die Frauen von Kilcarrion\u201c ist Jojo Moyes\u2018 Deb\u00fctroman - Kultur Online TV &amp; FM","isPartOf":{"@id":"https:\/\/kulturonline.tv\/at\/#website"},"primaryImageOfPage":{"@id":"https:\/\/kulturonline.tv\/at\/die-frauen-von-kilcarrion-ist-jojo-moyes-debuetroman\/#primaryimage"},"image":{"@id":"https:\/\/kulturonline.tv\/at\/die-frauen-von-kilcarrion-ist-jojo-moyes-debuetroman\/#primaryimage"},"thumbnailUrl":"https:\/\/kulturonline.tv\/wp-content\/uploads\/2021\/08\/Buchtipp-1.png","datePublished":"2021-08-17T20:44:08+00:00","description":"Kultur sehen und H\u00f6ren","breadcrumb":{"@id":"https:\/\/kulturonline.tv\/at\/die-frauen-von-kilcarrion-ist-jojo-moyes-debuetroman\/#breadcrumb"},"inLanguage":"de-AT","potentialAction":[{"@type":"ReadAction","target":["https:\/\/kulturonline.tv\/at\/die-frauen-von-kilcarrion-ist-jojo-moyes-debuetroman\/"]}]},{"@type":"ImageObject","inLanguage":"de-AT","@id":"https:\/\/kulturonline.tv\/at\/die-frauen-von-kilcarrion-ist-jojo-moyes-debuetroman\/#primaryimage","url":"https:\/\/kulturonline.tv\/wp-content\/uploads\/2021\/08\/Buchtipp-1.png","contentUrl":"https:\/\/kulturonline.tv\/wp-content\/uploads\/2021\/08\/Buchtipp-1.png","width":1380,"height":720},{"@type":"BreadcrumbList","@id":"https:\/\/kulturonline.tv\/at\/die-frauen-von-kilcarrion-ist-jojo-moyes-debuetroman\/#breadcrumb","itemListElement":[{"@type":"ListItem","position":1,"name":"Startseite","item":"https:\/\/kulturonline.tv\/at\/"},{"@type":"ListItem","position":2,"name":"Die Frauen von Kilcarrion\u201c ist Jojo Moyes\u2018 Deb\u00fctroman"}]},{"@type":"WebSite","@id":"https:\/\/kulturonline.tv\/at\/#website","url":"https:\/\/kulturonline.tv\/at\/","name":"Kultur Online TV &amp; FM","description":"Wir sind Kultur 2.0 zum sehen &amp; h\u00f6ren","publisher":{"@id":"https:\/\/kulturonline.tv\/at\/#organization"},"potentialAction":[{"@type":"SearchAction","target":{"@type":"EntryPoint","urlTemplate":"https:\/\/kulturonline.tv\/at\/?s={search_term_string}"},"query-input":{"@type":"PropertyValueSpecification","valueRequired":true,"valueName":"search_term_string"}}],"inLanguage":"de-AT"},{"@type":"Organization","@id":"https:\/\/kulturonline.tv\/at\/#organization","name":"Kultur Online TV","url":"https:\/\/kulturonline.tv\/at\/","logo":{"@type":"ImageObject","inLanguage":"de-AT","@id":"https:\/\/kulturonline.tv\/at\/#\/schema\/logo\/image\/","url":"https:\/\/kulturonline.tv\/wp-content\/uploads\/2021\/08\/Kultur-Online-Tv-Logo-Endversion-neu.png","contentUrl":"https:\/\/kulturonline.tv\/wp-content\/uploads\/2021\/08\/Kultur-Online-Tv-Logo-Endversion-neu.png","width":200,"height":200,"caption":"Kultur Online TV"},"image":{"@id":"https:\/\/kulturonline.tv\/at\/#\/schema\/logo\/image\/"},"sameAs":["https:\/\/www.facebook.com\/kulturonline.tv","https:\/\/www.instagram.com\/kulturonline.tv"]},{"@type":"Person","@id":"https:\/\/kulturonline.tv\/at\/#\/schema\/person\/b0fac729bb9a0c193fb1df23449df4fe","name":"guenter.wolfgang"}]}},"_links":{"self":[{"href":"https:\/\/kulturonline.tv\/at\/wp-json\/wp\/v2\/posts\/6706","targetHints":{"allow":["GET"]}}],"collection":[{"href":"https:\/\/kulturonline.tv\/at\/wp-json\/wp\/v2\/posts"}],"about":[{"href":"https:\/\/kulturonline.tv\/at\/wp-json\/wp\/v2\/types\/post"}],"author":[{"embeddable":true,"href":"https:\/\/kulturonline.tv\/at\/wp-json\/wp\/v2\/users\/2"}],"replies":[{"embeddable":true,"href":"https:\/\/kulturonline.tv\/at\/wp-json\/wp\/v2\/comments?post=6706"}],"version-history":[{"count":0,"href":"https:\/\/kulturonline.tv\/at\/wp-json\/wp\/v2\/posts\/6706\/revisions"}],"wp:featuredmedia":[{"embeddable":true,"href":"https:\/\/kulturonline.tv\/at\/wp-json\/wp\/v2\/media\/4635"}],"wp:attachment":[{"href":"https:\/\/kulturonline.tv\/at\/wp-json\/wp\/v2\/media?parent=6706"}],"wp:term":[{"taxonomy":"category","embeddable":true,"href":"https:\/\/kulturonline.tv\/at\/wp-json\/wp\/v2\/categories?post=6706"},{"taxonomy":"post_tag","embeddable":true,"href":"https:\/\/kulturonline.tv\/at\/wp-json\/wp\/v2\/tags?post=6706"}],"curies":[{"name":"wp","href":"https:\/\/api.w.org\/{rel}","templated":true}]}}