{"id":6707,"date":"2021-08-17T22:27:52","date_gmt":"2021-08-17T20:27:52","guid":{"rendered":"https:\/\/kulturonline.tv\/uncategorized\/die-shortlist-des-crime-cologne-awards-2021-steht-fest"},"modified":"2021-08-17T22:27:52","modified_gmt":"2021-08-17T20:27:52","slug":"die-shortlist-des-crime-cologne-awards-2021-steht-fest","status":"publish","type":"post","link":"https:\/\/kulturonline.tv\/at\/die-shortlist-des-crime-cologne-awards-2021-steht-fest\/","title":{"rendered":"Die Shortlist des Crime Cologne Awards 2021 steht fest"},"content":{"rendered":"\n<p>Das dazugeh\u00f6rige Festival zeichnet damit j\u00e4hrlich den besten deutschsprachigen Krimi des Jahres aus.<\/p>\n\n\n\n<figure class=\"wp-block-image size-full\"><img fetchpriority=\"high\" decoding=\"async\" width=\"934\" height=\"700\" src=\"https:\/\/kulturonline.tv\/wp-content\/uploads\/2021\/08\/Orkun-Ertener-Was-bisher-geschah.jpg\" alt=\"\" class=\"wp-image-4613\" srcset=\"https:\/\/kulturonline.tv\/wp-content\/uploads\/2021\/08\/Orkun-Ertener-Was-bisher-geschah.jpg 934w, https:\/\/kulturonline.tv\/wp-content\/uploads\/2021\/08\/Orkun-Ertener-Was-bisher-geschah-600x450.jpg 600w, https:\/\/kulturonline.tv\/wp-content\/uploads\/2021\/08\/Orkun-Ertener-Was-bisher-geschah-300x225.jpg 300w, https:\/\/kulturonline.tv\/wp-content\/uploads\/2021\/08\/Orkun-Ertener-Was-bisher-geschah-768x576.jpg 768w\" sizes=\"(max-width: 934px) 100vw, 934px\" \/><figcaption><strong>Orkun Ertener:<\/strong>\u00a0Was bisher geschah<\/figcaption><\/figure>\n\n\n\n<p>Eigentlich wird der Crime Cologne Award anl\u00e4sslich des Krimifestivals Crime Cologne vergeben. Dieses muss 2021 jedoch leider ausfallen. Der Gewinner wird im Oktober 2021 verk\u00fcndet und erh\u00e4lt ein Preisgeld von 3000 Euro. Alle Shortlist-Nominierten erhalten den Ehrenpreis \u201eDie silberne Lupe\u201c.<\/p>\n\n\n\n<p>Ziel des Preises ist es, dem deutschsprachigen Kriminalroman eine B\u00fchne zu bereiten.<\/p>\n\n\n\n<p>Auf der Shortlist des Crime Cologne Awards 2021 stehen:<\/p>\n\n\n\n<p><\/p>\n\n\n\n<figure class=\"wp-block-image size-full is-resized\"><img decoding=\"async\" src=\"https:\/\/kulturonline.tv\/wp-content\/uploads\/2021\/08\/Orkun-Ertener-Was-bisher-geschah-Scherz.jpeg\" alt=\"\" class=\"wp-image-4615\" width=\"141\" height=\"224\" srcset=\"https:\/\/kulturonline.tv\/wp-content\/uploads\/2021\/08\/Orkun-Ertener-Was-bisher-geschah-Scherz.jpeg 377w, https:\/\/kulturonline.tv\/wp-content\/uploads\/2021\/08\/Orkun-Ertener-Was-bisher-geschah-Scherz-189x300.jpeg 189w\" sizes=\"(max-width: 141px) 100vw, 141px\" \/><\/figure>\n\n\n\n<p><strong>Orkun Ertener: Was bisher geschah (Scherz)<\/strong><\/p>\n\n\n\n<p>Der neue Roman von Grimme-Preistr\u00e4ger Orkun Ertener<\/p>\n\n\n\n<p>Finn und Paul sind seit Kindertagen unzertrennlich. Jetzt, kurz vor dem Abitur, ist nichts mehr wie fr\u00fcher. Was die Zukunft f\u00fcr sie bereith\u00e4lt, ist ungewiss und macht Angst, und dann ist da noch Khalil, der pl\u00f6tzlich zwischen ihnen steht. Khalil, der Unberechenbare, den Paul verg\u00f6ttert, obwohl Finn ihm nicht \u00fcber den Weg traut.<\/p>\n\n\n\n<p>Nachdem Paul einen schweren Unfall hat, muss er damit klarkommen, dass sein Ged\u00e4chtnis nicht \u00fcber einen Tag hinausreicht. In der Reha erh\u00e4lt Paul einen Brief von Khalil, der Entsetzliches bef\u00fcrchten l\u00e4sst. Paul \u00fcberzeugt Finn, dass sie Khalil aufhalten m\u00fcssen. So beginnt ein Roadtrip, der sie von K\u00f6ln \u00fcber Berlin, London bis nach Hamburg zum G20-Gipfel f\u00fchrt. Und der alles f\u00fcr immer ver\u00e4ndert.<\/p>\n\n\n\n<p>\u00bbJung zu sein ist wie ein Thriller. Orkun Erteners neuer Roman setzt Ma\u00dfst\u00e4be f\u00fcr das Genre.\u00ab Max Annas<\/p>\n\n\n\n<p><\/p>\n\n\n\n<figure class=\"wp-block-image size-full is-resized\"><img decoding=\"async\" src=\"https:\/\/kulturonline.tv\/wp-content\/uploads\/2021\/08\/Marcel-Huwyler-Frau-Morgenstern-und-der-Verrat-Grafit.jpg\" alt=\"\" class=\"wp-image-4617\" width=\"142\" height=\"234\"\/><\/figure>\n\n\n\n<p><strong>Marcel Huwyler: Frau Morgenstern und der Verrat (Grafit)<\/strong><\/p>\n\n\n\n<p><br>Merle Kr\u00f6ger: Die Experten (Suhrkamp)<\/p>\n\n\n\n<p>Bissiger Humor, abgedrehte Charaktere, aberwitzige Twists \u2013 Marcel Huwyler in Hochform<\/p>\n\n\n\n<p>Violetta Morgenstern hat eine ganz eigene Vorstellung von Gut und B\u00f6se \u2013 und die kann sie in ihrem Job als Auftragsm\u00f6rderin im Namen des Staates ungestraft in die Tat umsetzen. Ihr neuester Auftrag ist jedoch ungew\u00f6hnlich: Gemeinsam mit Ex-S\u00f6ldner Miguel Schlunegger soll Violetta den Anschlag auf eine beliebte Politikerin aufkl\u00e4ren. Felicitas Saminada wurde vor laufender Kamera angeschossen \u2013 ein Querschl\u00e4ger t\u00f6tete ihre kleine Tochter. Das Ermittlerduo kommt einer Verschw\u00f6rung auf die Spur, die die nationale Sicherheit gef\u00e4hrdet. Mysteri\u00f6se Beweise tauchen auf, Mitwisser sterben, neue Anschl\u00e4ge geschehen. W\u00e4hrend Schlunegger selbst ins Schussfeld des Komplotts ger\u00e4t, erf\u00e4hrt Morgenstern ein Familiengeheimnis, das sie fast um den Verstand bringt.<\/p>\n\n\n\n<p><\/p>\n\n\n\n<p><br><\/p>\n\n\n\n<p><\/p>\n\n\n\n<figure class=\"wp-block-image size-full is-resized\"><img loading=\"lazy\" decoding=\"async\" src=\"https:\/\/kulturonline.tv\/wp-content\/uploads\/2021\/08\/Ben-Riffko-Gruenes-Oel-Heyne.jpeg\" alt=\"\" class=\"wp-image-4619\" width=\"159\" height=\"239\" srcset=\"https:\/\/kulturonline.tv\/wp-content\/uploads\/2021\/08\/Ben-Riffko-Gruenes-Oel-Heyne.jpeg 397w, https:\/\/kulturonline.tv\/wp-content\/uploads\/2021\/08\/Ben-Riffko-Gruenes-Oel-Heyne-199x300.jpeg 199w\" sizes=\"(max-width: 159px) 100vw, 159px\" \/><\/figure>\n\n\n\n<p><strong>Ben Riffko: Gr\u00fcnes \u00d6l (Heyne)<\/strong><\/p>\n\n\n\n<p>Was w\u00e4re, wenn das \u00d6l-Monopol f\u00e4llt und jeder seinen eigenen Brennstoff produzieren k\u00f6nnte?<\/p>\n\n\n\n<p>Weltweit ist der Kampf um begrenzte Rohstoffe in vollem Gange. Wasser und \u00d6l werden immer knapper. Staaten und ihre Geheimdienste m\u00fcssen handeln. Als Venture Capital Investor der CIA soll Peter Miller in Europa neue Wege erschlie\u00dfen, die amerikanische Energieversorgung zu sichern. In Belgien wird er f\u00fcndig: Zwei junge Unternehmer sind auf dem besten Weg, aus genmanipulierten Algen Treibstoff zu gewinnen, der sowohl umweltfreundlich als auch preiswert ist. Diese Erfindung k\u00f6nnte die bestehende Weltordnung auf den Kopf stellen. Miller ist nicht der Einzige, der das au\u00dfergew\u00f6hnliche Wissen des belgischen Start-ups und seiner Gr\u00fcnder erkennt. Die Jagd auf das Gr\u00fcne \u00d6l ist er\u00f6ffnet \u2026<\/p>\n\n\n\n<p><br><\/p>\n\n\n\n<figure class=\"wp-block-image size-full is-resized\"><img loading=\"lazy\" decoding=\"async\" src=\"https:\/\/kulturonline.tv\/wp-content\/uploads\/2021\/08\/Joachim-B.-Schmidt-Kalmann-Diogenes.jpeg\" alt=\"\" class=\"wp-image-4621\" width=\"195\" height=\"307\" srcset=\"https:\/\/kulturonline.tv\/wp-content\/uploads\/2021\/08\/Joachim-B.-Schmidt-Kalmann-Diogenes.jpeg 380w, https:\/\/kulturonline.tv\/wp-content\/uploads\/2021\/08\/Joachim-B.-Schmidt-Kalmann-Diogenes-190x300.jpeg 190w\" sizes=\"(max-width: 195px) 100vw, 195px\" \/><\/figure>\n\n\n\n<p><br><strong>Joachim B. Schmidt: Kalmann (Diogenes)<\/strong><\/p>\n\n\n\n<p>Er ist der selbsternannte Sheriff von Raufarh\u00f6fn. Er hat alles im Griff. Kein Grund zur Sorge. Tag f\u00fcr Tag wandert er \u00fcber die weiten Ebene um das beinahe ausgestorbene Dorf, jagt Polarf\u00fcchse und legt Haik\u00f6der im Meer aus, um den Fang zu Gammelhai zu verarbeiten. Doch in Kalmanns Kopf laufen die R\u00e4der manchmal r\u00fcckw\u00e4rts. Als er eines Winters eine Blutlache im Schnee entdeckt, \u00fcberrollen ihn die Ereignisse. Mit seiner naiven Weisheit und dem Mut des reinen Herzens wendet er alles zum Guten. Kein Grund zur Sorge.<\/p>\n\n\n\n<p><\/p>\n\n\n\n<figure class=\"wp-block-image size-full is-resized\"><img loading=\"lazy\" decoding=\"async\" src=\"https:\/\/kulturonline.tv\/wp-content\/uploads\/2021\/08\/Matthias-Wittekindt-Vor-Gericht-Kampa.jpeg\" alt=\"\" class=\"wp-image-4623\" width=\"187\" height=\"297\"\/><\/figure>\n\n\n\n<p><strong>Matthias Wittekindt: Vor Gericht (Kampa)<\/strong><\/p>\n\n\n\n<p>Kriminaldirektor a. D. Manz hat sich behaglich eingerichtet in seinem Ruhestand im Dresdner Umland. Er rudert auf der Elbe, k\u00fcmmert sich um seine Enkelkinder. Doch dann rei\u00dft ihn ein Brief der Staatsanwaltschaft Berlin aus seinem Alltag: Manz soll vor Gericht aussagen. Es geht um einen Mord im Jahr 1990, seinen letzten Fall in Berlin, den er nicht mehr abschlie\u00dfen konnte, weil er versetzt wurde. Jetzt, \u00fcber zwanzig Jahre sp\u00e4ter, scheint der M\u00f6rder gefunden. Und es geschieht, was Manz nie wollte: Er versinkt in der Vergangenheit, in alten Denkmustern, und auch Vera erscheint vor seinem inneren Auge, die Kollegin, mit der er damals zusammengearbeitet hat und die sich kurz darauf das Leben genommen hat. Haben sie bei ihren Ermittlungen einen Fehler gemacht? Beim Prozess in Berlin muss Manz feststellen, dass etwas gr\u00fcndlich schiefl\u00e4uft. Steht ein Unschuldiger vor Gericht?<\/p>\n\n\n\n<p><\/p>\n\n\n\n<figure class=\"wp-block-image size-full is-resized\"><img loading=\"lazy\" decoding=\"async\" src=\"https:\/\/kulturonline.tv\/wp-content\/uploads\/2021\/08\/Merle-Kroeger-Die-Experten-Suhrkamp.jpeg\" alt=\"\" class=\"wp-image-4625\" width=\"179\" height=\"284\" srcset=\"https:\/\/kulturonline.tv\/wp-content\/uploads\/2021\/08\/Merle-Kroeger-Die-Experten-Suhrkamp.jpeg 377w, https:\/\/kulturonline.tv\/wp-content\/uploads\/2021\/08\/Merle-Kroeger-Die-Experten-Suhrkamp-189x300.jpeg 189w\" sizes=\"(max-width: 179px) 100vw, 179px\" \/><\/figure>\n\n\n\n<p><strong>M<\/strong>erle Kr\u00f6ger:\u00a0Die Experten (Suhrkamp)<\/p>\n\n\n\n<p>Die Sechziger Jahre haben begonnen und mit ihnen das Zeitalter des Wassermanns. Adolf Eichmann wird in Jerusalem zum Tode verurteilt. Konrad Adenauer sagt Milit\u00e4rhilfe f\u00fcr Israel zu. Gleichzeitig jedoch zieht es deutsche Flugzeugkonstrukteure, Triebwerksbauer und Raketentechniker in gro\u00dfer Zahl nach \u00c4gypten.<\/p>\n\n\n\n<p>Rita Hellberg, Tochter eines Ingenieurs, will ihre Eltern in Kairo eigentlich nur besuchen. Doch der Vater entscheidet: Die Familie geh\u00f6rt zusammen. \u00c4gyptens Pr\u00e4sident Nasser tr\u00e4umt von einer afrikanischen R\u00fcstungsindustrie, und so baut der Vater einen Jagdbomber. W\u00e4hrend ihre Mutter sich dem Leben in Kairo verweigert, erkennt Rita bald, dass es f\u00fcr sie keinen besseren Ort geben kann, um ihre eigene Zukunft zu betreten. Sie l\u00e4sst sich mitrei\u00dfen in eine faszinierende Welt im Umbruch. Erst mit der Zeit wird ihr klar, dass sie mitten in einem Konflikt gelandet ist, in dem um historische und zuk\u00fcnftige, um weltpolitische und regionale Interessen mit allen Mitteln gek\u00e4mpft wird.<\/p>\n\n\n\n<p>Kultur Online TV<\/p>\n\n\n\n<p>#literatur #buchtipp #krimi<\/p>\n","protected":false},"excerpt":{"rendered":"<p>Das dazugeh\u00f6rige Festival zeichnet damit j\u00e4hrlich den besten deutschsprachigen Krimi des Jahres aus. Eigentlich wird der Crime Cologne Award anl\u00e4sslich des Krimifestivals Crime Cologne vergeben. Dieses muss 2021 jedoch leider ausfallen. Der Gewinner wird im Oktober 2021 verk\u00fcndet und erh\u00e4lt ein Preisgeld von 3000 Euro. Alle Shortlist-Nominierten erhalten den Ehrenpreis \u201eDie silberne Lupe\u201c. Ziel des [&hellip;]<\/p>\n","protected":false},"author":2,"featured_media":4614,"comment_status":"closed","ping_status":"closed","sticky":false,"template":"","format":"standard","meta":{"_acf_changed":false,"footnotes":""},"categories":[133],"tags":[],"class_list":["post-6707","post","type-post","status-publish","format-standard","has-post-thumbnail","hentry","category-literatur"],"acf":[],"yoast_head":"<!-- This site is optimized with the Yoast SEO plugin v26.1.1 - https:\/\/yoast.com\/wordpress\/plugins\/seo\/ -->\n<title>Die Shortlist des Crime Cologne Awards 2021 steht fest - Kultur Online TV &amp; FM<\/title>\n<meta name=\"description\" content=\"Kultur sehen und H\u00f6ren\" \/>\n<meta name=\"robots\" content=\"index, follow, max-snippet:-1, max-image-preview:large, max-video-preview:-1\" \/>\n<link rel=\"canonical\" href=\"https:\/\/kulturonline.tv\/at\/die-shortlist-des-crime-cologne-awards-2021-steht-fest\/\" \/>\n<meta property=\"og:locale\" content=\"de_DE\" \/>\n<meta property=\"og:type\" content=\"article\" \/>\n<meta property=\"og:title\" content=\"Die Shortlist des Crime Cologne Awards 2021 steht fest - Kultur Online TV &amp; FM\" \/>\n<meta property=\"og:description\" content=\"Kultur sehen und H\u00f6ren\" \/>\n<meta property=\"og:url\" content=\"https:\/\/kulturonline.tv\/at\/die-shortlist-des-crime-cologne-awards-2021-steht-fest\/\" \/>\n<meta property=\"og:site_name\" content=\"Kultur Online TV &amp; FM\" \/>\n<meta property=\"article:publisher\" content=\"https:\/\/www.facebook.com\/kulturonline.tv\" \/>\n<meta property=\"article:published_time\" content=\"2021-08-17T20:27:52+00:00\" \/>\n<meta property=\"og:image\" content=\"https:\/\/kulturonline.tv\/wp-content\/uploads\/2021\/08\/Orkun-Ertener-Was-bisher-geschah.jpg\" \/>\n\t<meta property=\"og:image:width\" content=\"934\" \/>\n\t<meta property=\"og:image:height\" content=\"700\" \/>\n\t<meta property=\"og:image:type\" content=\"image\/jpeg\" \/>\n<meta name=\"author\" content=\"guenter.wolfgang\" \/>\n<meta name=\"twitter:card\" content=\"summary_large_image\" \/>\n<meta name=\"twitter:label1\" content=\"Verfasst von\" \/>\n\t<meta name=\"twitter:data1\" content=\"guenter.wolfgang\" \/>\n\t<meta name=\"twitter:label2\" content=\"Gesch\u00e4tzte Lesezeit\" \/>\n\t<meta name=\"twitter:data2\" content=\"6 Minuten\" \/>\n<script type=\"application\/ld+json\" class=\"yoast-schema-graph\">{\"@context\":\"https:\/\/schema.org\",\"@graph\":[{\"@type\":\"Article\",\"@id\":\"https:\/\/kulturonline.tv\/at\/die-shortlist-des-crime-cologne-awards-2021-steht-fest\/#article\",\"isPartOf\":{\"@id\":\"https:\/\/kulturonline.tv\/at\/die-shortlist-des-crime-cologne-awards-2021-steht-fest\/\"},\"author\":{\"name\":\"guenter.wolfgang\",\"@id\":\"https:\/\/kulturonline.tv\/at\/#\/schema\/person\/b0fac729bb9a0c193fb1df23449df4fe\"},\"headline\":\"Die Shortlist des Crime Cologne Awards 2021 steht fest\",\"datePublished\":\"2021-08-17T20:27:52+00:00\",\"mainEntityOfPage\":{\"@id\":\"https:\/\/kulturonline.tv\/at\/die-shortlist-des-crime-cologne-awards-2021-steht-fest\/\"},\"wordCount\":943,\"publisher\":{\"@id\":\"https:\/\/kulturonline.tv\/at\/#organization\"},\"image\":{\"@id\":\"https:\/\/kulturonline.tv\/at\/die-shortlist-des-crime-cologne-awards-2021-steht-fest\/#primaryimage\"},\"thumbnailUrl\":\"https:\/\/kulturonline.tv\/wp-content\/uploads\/2021\/08\/Orkun-Ertener-Was-bisher-geschah.jpg\",\"articleSection\":[\"Literatur\"],\"inLanguage\":\"de-AT\"},{\"@type\":\"WebPage\",\"@id\":\"https:\/\/kulturonline.tv\/at\/die-shortlist-des-crime-cologne-awards-2021-steht-fest\/\",\"url\":\"https:\/\/kulturonline.tv\/at\/die-shortlist-des-crime-cologne-awards-2021-steht-fest\/\",\"name\":\"Die Shortlist des Crime Cologne Awards 2021 steht fest - Kultur Online TV &amp; FM\",\"isPartOf\":{\"@id\":\"https:\/\/kulturonline.tv\/at\/#website\"},\"primaryImageOfPage\":{\"@id\":\"https:\/\/kulturonline.tv\/at\/die-shortlist-des-crime-cologne-awards-2021-steht-fest\/#primaryimage\"},\"image\":{\"@id\":\"https:\/\/kulturonline.tv\/at\/die-shortlist-des-crime-cologne-awards-2021-steht-fest\/#primaryimage\"},\"thumbnailUrl\":\"https:\/\/kulturonline.tv\/wp-content\/uploads\/2021\/08\/Orkun-Ertener-Was-bisher-geschah.jpg\",\"datePublished\":\"2021-08-17T20:27:52+00:00\",\"description\":\"Kultur sehen und H\u00f6ren\",\"breadcrumb\":{\"@id\":\"https:\/\/kulturonline.tv\/at\/die-shortlist-des-crime-cologne-awards-2021-steht-fest\/#breadcrumb\"},\"inLanguage\":\"de-AT\",\"potentialAction\":[{\"@type\":\"ReadAction\",\"target\":[\"https:\/\/kulturonline.tv\/at\/die-shortlist-des-crime-cologne-awards-2021-steht-fest\/\"]}]},{\"@type\":\"ImageObject\",\"inLanguage\":\"de-AT\",\"@id\":\"https:\/\/kulturonline.tv\/at\/die-shortlist-des-crime-cologne-awards-2021-steht-fest\/#primaryimage\",\"url\":\"https:\/\/kulturonline.tv\/wp-content\/uploads\/2021\/08\/Orkun-Ertener-Was-bisher-geschah.jpg\",\"contentUrl\":\"https:\/\/kulturonline.tv\/wp-content\/uploads\/2021\/08\/Orkun-Ertener-Was-bisher-geschah.jpg\",\"width\":934,\"height\":700},{\"@type\":\"BreadcrumbList\",\"@id\":\"https:\/\/kulturonline.tv\/at\/die-shortlist-des-crime-cologne-awards-2021-steht-fest\/#breadcrumb\",\"itemListElement\":[{\"@type\":\"ListItem\",\"position\":1,\"name\":\"Startseite\",\"item\":\"https:\/\/kulturonline.tv\/at\/\"},{\"@type\":\"ListItem\",\"position\":2,\"name\":\"Die Shortlist des Crime Cologne Awards 2021 steht fest\"}]},{\"@type\":\"WebSite\",\"@id\":\"https:\/\/kulturonline.tv\/at\/#website\",\"url\":\"https:\/\/kulturonline.tv\/at\/\",\"name\":\"Kultur Online TV &amp; FM\",\"description\":\"Wir sind Kultur 2.0 zum sehen &amp; h\u00f6ren\",\"publisher\":{\"@id\":\"https:\/\/kulturonline.tv\/at\/#organization\"},\"potentialAction\":[{\"@type\":\"SearchAction\",\"target\":{\"@type\":\"EntryPoint\",\"urlTemplate\":\"https:\/\/kulturonline.tv\/at\/?s={search_term_string}\"},\"query-input\":{\"@type\":\"PropertyValueSpecification\",\"valueRequired\":true,\"valueName\":\"search_term_string\"}}],\"inLanguage\":\"de-AT\"},{\"@type\":\"Organization\",\"@id\":\"https:\/\/kulturonline.tv\/at\/#organization\",\"name\":\"Kultur Online TV\",\"url\":\"https:\/\/kulturonline.tv\/at\/\",\"logo\":{\"@type\":\"ImageObject\",\"inLanguage\":\"de-AT\",\"@id\":\"https:\/\/kulturonline.tv\/at\/#\/schema\/logo\/image\/\",\"url\":\"https:\/\/kulturonline.tv\/wp-content\/uploads\/2021\/08\/Kultur-Online-Tv-Logo-Endversion-neu.png\",\"contentUrl\":\"https:\/\/kulturonline.tv\/wp-content\/uploads\/2021\/08\/Kultur-Online-Tv-Logo-Endversion-neu.png\",\"width\":200,\"height\":200,\"caption\":\"Kultur Online TV\"},\"image\":{\"@id\":\"https:\/\/kulturonline.tv\/at\/#\/schema\/logo\/image\/\"},\"sameAs\":[\"https:\/\/www.facebook.com\/kulturonline.tv\",\"https:\/\/www.instagram.com\/kulturonline.tv\"]},{\"@type\":\"Person\",\"@id\":\"https:\/\/kulturonline.tv\/at\/#\/schema\/person\/b0fac729bb9a0c193fb1df23449df4fe\",\"name\":\"guenter.wolfgang\"}]}<\/script>\n<!-- \/ Yoast SEO plugin. -->","yoast_head_json":{"title":"Die Shortlist des Crime Cologne Awards 2021 steht fest - Kultur Online TV &amp; FM","description":"Kultur sehen und H\u00f6ren","robots":{"index":"index","follow":"follow","max-snippet":"max-snippet:-1","max-image-preview":"max-image-preview:large","max-video-preview":"max-video-preview:-1"},"canonical":"https:\/\/kulturonline.tv\/at\/die-shortlist-des-crime-cologne-awards-2021-steht-fest\/","og_locale":"de_DE","og_type":"article","og_title":"Die Shortlist des Crime Cologne Awards 2021 steht fest - Kultur Online TV &amp; FM","og_description":"Kultur sehen und H\u00f6ren","og_url":"https:\/\/kulturonline.tv\/at\/die-shortlist-des-crime-cologne-awards-2021-steht-fest\/","og_site_name":"Kultur Online TV &amp; FM","article_publisher":"https:\/\/www.facebook.com\/kulturonline.tv","article_published_time":"2021-08-17T20:27:52+00:00","og_image":[{"width":934,"height":700,"url":"https:\/\/kulturonline.tv\/wp-content\/uploads\/2021\/08\/Orkun-Ertener-Was-bisher-geschah.jpg","type":"image\/jpeg"}],"author":"guenter.wolfgang","twitter_card":"summary_large_image","twitter_misc":{"Verfasst von":"guenter.wolfgang","Gesch\u00e4tzte Lesezeit":"6 Minuten"},"schema":{"@context":"https:\/\/schema.org","@graph":[{"@type":"Article","@id":"https:\/\/kulturonline.tv\/at\/die-shortlist-des-crime-cologne-awards-2021-steht-fest\/#article","isPartOf":{"@id":"https:\/\/kulturonline.tv\/at\/die-shortlist-des-crime-cologne-awards-2021-steht-fest\/"},"author":{"name":"guenter.wolfgang","@id":"https:\/\/kulturonline.tv\/at\/#\/schema\/person\/b0fac729bb9a0c193fb1df23449df4fe"},"headline":"Die Shortlist des Crime Cologne Awards 2021 steht fest","datePublished":"2021-08-17T20:27:52+00:00","mainEntityOfPage":{"@id":"https:\/\/kulturonline.tv\/at\/die-shortlist-des-crime-cologne-awards-2021-steht-fest\/"},"wordCount":943,"publisher":{"@id":"https:\/\/kulturonline.tv\/at\/#organization"},"image":{"@id":"https:\/\/kulturonline.tv\/at\/die-shortlist-des-crime-cologne-awards-2021-steht-fest\/#primaryimage"},"thumbnailUrl":"https:\/\/kulturonline.tv\/wp-content\/uploads\/2021\/08\/Orkun-Ertener-Was-bisher-geschah.jpg","articleSection":["Literatur"],"inLanguage":"de-AT"},{"@type":"WebPage","@id":"https:\/\/kulturonline.tv\/at\/die-shortlist-des-crime-cologne-awards-2021-steht-fest\/","url":"https:\/\/kulturonline.tv\/at\/die-shortlist-des-crime-cologne-awards-2021-steht-fest\/","name":"Die Shortlist des Crime Cologne Awards 2021 steht fest - Kultur Online TV &amp; FM","isPartOf":{"@id":"https:\/\/kulturonline.tv\/at\/#website"},"primaryImageOfPage":{"@id":"https:\/\/kulturonline.tv\/at\/die-shortlist-des-crime-cologne-awards-2021-steht-fest\/#primaryimage"},"image":{"@id":"https:\/\/kulturonline.tv\/at\/die-shortlist-des-crime-cologne-awards-2021-steht-fest\/#primaryimage"},"thumbnailUrl":"https:\/\/kulturonline.tv\/wp-content\/uploads\/2021\/08\/Orkun-Ertener-Was-bisher-geschah.jpg","datePublished":"2021-08-17T20:27:52+00:00","description":"Kultur sehen und H\u00f6ren","breadcrumb":{"@id":"https:\/\/kulturonline.tv\/at\/die-shortlist-des-crime-cologne-awards-2021-steht-fest\/#breadcrumb"},"inLanguage":"de-AT","potentialAction":[{"@type":"ReadAction","target":["https:\/\/kulturonline.tv\/at\/die-shortlist-des-crime-cologne-awards-2021-steht-fest\/"]}]},{"@type":"ImageObject","inLanguage":"de-AT","@id":"https:\/\/kulturonline.tv\/at\/die-shortlist-des-crime-cologne-awards-2021-steht-fest\/#primaryimage","url":"https:\/\/kulturonline.tv\/wp-content\/uploads\/2021\/08\/Orkun-Ertener-Was-bisher-geschah.jpg","contentUrl":"https:\/\/kulturonline.tv\/wp-content\/uploads\/2021\/08\/Orkun-Ertener-Was-bisher-geschah.jpg","width":934,"height":700},{"@type":"BreadcrumbList","@id":"https:\/\/kulturonline.tv\/at\/die-shortlist-des-crime-cologne-awards-2021-steht-fest\/#breadcrumb","itemListElement":[{"@type":"ListItem","position":1,"name":"Startseite","item":"https:\/\/kulturonline.tv\/at\/"},{"@type":"ListItem","position":2,"name":"Die Shortlist des Crime Cologne Awards 2021 steht fest"}]},{"@type":"WebSite","@id":"https:\/\/kulturonline.tv\/at\/#website","url":"https:\/\/kulturonline.tv\/at\/","name":"Kultur Online TV &amp; FM","description":"Wir sind Kultur 2.0 zum sehen &amp; h\u00f6ren","publisher":{"@id":"https:\/\/kulturonline.tv\/at\/#organization"},"potentialAction":[{"@type":"SearchAction","target":{"@type":"EntryPoint","urlTemplate":"https:\/\/kulturonline.tv\/at\/?s={search_term_string}"},"query-input":{"@type":"PropertyValueSpecification","valueRequired":true,"valueName":"search_term_string"}}],"inLanguage":"de-AT"},{"@type":"Organization","@id":"https:\/\/kulturonline.tv\/at\/#organization","name":"Kultur Online TV","url":"https:\/\/kulturonline.tv\/at\/","logo":{"@type":"ImageObject","inLanguage":"de-AT","@id":"https:\/\/kulturonline.tv\/at\/#\/schema\/logo\/image\/","url":"https:\/\/kulturonline.tv\/wp-content\/uploads\/2021\/08\/Kultur-Online-Tv-Logo-Endversion-neu.png","contentUrl":"https:\/\/kulturonline.tv\/wp-content\/uploads\/2021\/08\/Kultur-Online-Tv-Logo-Endversion-neu.png","width":200,"height":200,"caption":"Kultur Online TV"},"image":{"@id":"https:\/\/kulturonline.tv\/at\/#\/schema\/logo\/image\/"},"sameAs":["https:\/\/www.facebook.com\/kulturonline.tv","https:\/\/www.instagram.com\/kulturonline.tv"]},{"@type":"Person","@id":"https:\/\/kulturonline.tv\/at\/#\/schema\/person\/b0fac729bb9a0c193fb1df23449df4fe","name":"guenter.wolfgang"}]}},"_links":{"self":[{"href":"https:\/\/kulturonline.tv\/at\/wp-json\/wp\/v2\/posts\/6707","targetHints":{"allow":["GET"]}}],"collection":[{"href":"https:\/\/kulturonline.tv\/at\/wp-json\/wp\/v2\/posts"}],"about":[{"href":"https:\/\/kulturonline.tv\/at\/wp-json\/wp\/v2\/types\/post"}],"author":[{"embeddable":true,"href":"https:\/\/kulturonline.tv\/at\/wp-json\/wp\/v2\/users\/2"}],"replies":[{"embeddable":true,"href":"https:\/\/kulturonline.tv\/at\/wp-json\/wp\/v2\/comments?post=6707"}],"version-history":[{"count":0,"href":"https:\/\/kulturonline.tv\/at\/wp-json\/wp\/v2\/posts\/6707\/revisions"}],"wp:featuredmedia":[{"embeddable":true,"href":"https:\/\/kulturonline.tv\/at\/wp-json\/wp\/v2\/media\/4614"}],"wp:attachment":[{"href":"https:\/\/kulturonline.tv\/at\/wp-json\/wp\/v2\/media?parent=6707"}],"wp:term":[{"taxonomy":"category","embeddable":true,"href":"https:\/\/kulturonline.tv\/at\/wp-json\/wp\/v2\/categories?post=6707"},{"taxonomy":"post_tag","embeddable":true,"href":"https:\/\/kulturonline.tv\/at\/wp-json\/wp\/v2\/tags?post=6707"}],"curies":[{"name":"wp","href":"https:\/\/api.w.org\/{rel}","templated":true}]}}