{"id":6733,"date":"2021-07-26T12:24:50","date_gmt":"2021-07-26T10:24:50","guid":{"rendered":"https:\/\/kulturonline.tv\/uncategorized\/schauspieler-herbert-koefer-mit-100-jahren-gestorben"},"modified":"2022-08-12T16:23:49","modified_gmt":"2022-08-12T14:23:49","slug":"schauspieler-herbert-koefer-mit-100-jahren-gestorben","status":"publish","type":"post","link":"https:\/\/kulturonline.tv\/at\/schauspieler-herbert-koefer-mit-100-jahren-gestorben\/","title":{"rendered":"Schauspieler Herbert K\u00f6fer mit 100 Jahren gestorben"},"content":{"rendered":"\n<p>Seine Paraderolle war der Opa Paul Schmidt in der DDR-Fernsehserie \u201eRentner haben niemals Zeit\u201c.<\/p>\n\n\n\n<p><\/p>\n\n\n\n<figure class=\"wp-block-gallery columns-1 is-cropped wp-block-gallery-1 is-layout-flex wp-block-gallery-is-layout-flex\"><ul class=\"blocks-gallery-grid\"><li class=\"blocks-gallery-item\"><figure><img fetchpriority=\"high\" decoding=\"async\" width=\"1024\" height=\"1001\" src=\"https:\/\/kulturonline.tv\/wp-content\/uploads\/2021\/07\/Kultur-Online-Tv-Herbert-Koefer-1.jpg\" alt=\"\" data-id=\"3420\" data-full-url=\"https:\/\/kulturonline.tv\/wp-content\/uploads\/2021\/07\/Kultur-Online-Tv-Herbert-Koefer-1.jpg\" data-link=\"https:\/\/kulturonline.tv\/?attachment_id=3420\" class=\"wp-image-3420\" srcset=\"https:\/\/kulturonline.tv\/wp-content\/uploads\/2021\/07\/Kultur-Online-Tv-Herbert-Koefer-1.jpg 1024w, https:\/\/kulturonline.tv\/wp-content\/uploads\/2021\/07\/Kultur-Online-Tv-Herbert-Koefer-1-600x587.jpg 600w, https:\/\/kulturonline.tv\/wp-content\/uploads\/2021\/07\/Kultur-Online-Tv-Herbert-Koefer-1-300x293.jpg 300w, https:\/\/kulturonline.tv\/wp-content\/uploads\/2021\/07\/Kultur-Online-Tv-Herbert-Koefer-1-768x751.jpg 768w\" sizes=\"(max-width: 1024px) 100vw, 1024px\" \/><\/figure><\/li><\/ul><\/figure>\n\n\n\n<p>Er stand mehr als 80 Jahre lang auf B\u00fchnen und vor Kameras und galt zuletzt als der \u00e4lteste noch aktive Schauspieler der Welt. Jetzt ist der legend\u00e4re Darsteller am Samstag im Alter von 100 Jahren in seiner Heimat Berlin verstorben. Das best\u00e4tigte mittlerweile seine Witwe Heike K\u00f6fer der Deutschen Presse-Agentur. Insgesamt spielte er in mehr als 300 Film- und Fernsehproduktionen mit und hatte parallel zahlreiche Theater-Engagements.<\/p>\n\n\n\n<p>Bis kurz vor seinem Tode war K\u00f6fer aktiv. Seine letzte Rolle hatte er in der Kom\u00f6die &#8222;Krauses Zukunft&#8220;. Der Fernsehfilm wurde erst im Februar 2021 zu seinem 100. Geburtstag zum ersten Mal im Ersten ausgestrahlt. Bereits seit September 2017 ist K\u00f6fer nach einem Eintrag im deutschen Rekordinstitut der &#8222;\u00e4lteste, aktive Schauspieler der Welt&#8220; gewesen.<\/p>\n\n\n\n<figure class=\"wp-block-embed is-type-video is-provider-youtube wp-block-embed-youtube wp-embed-aspect-16-9 wp-has-aspect-ratio\"><div class=\"wp-block-embed__wrapper\">\n<iframe title=\"Herbert Ko\u0308fer - 100. Geburtstag\" width=\"800\" height=\"450\" src=\"https:\/\/www.youtube.com\/embed\/Jf_XR6dDSRo?feature=oembed\" frameborder=\"0\" allow=\"accelerometer; autoplay; clipboard-write; encrypted-media; gyroscope; picture-in-picture; web-share\" referrerpolicy=\"strict-origin-when-cross-origin\" allowfullscreen><\/iframe>\n<\/div><\/figure>\n\n\n\n<p>Kultur Online TV<\/p>\n\n\n\n<p>#Film #Schauspieler #Theater<\/p>\n","protected":false},"excerpt":{"rendered":"<p>Seine Paraderolle war der Opa Paul Schmidt in der DDR-Fernsehserie \u201eRentner haben niemals Zeit\u201c. Er stand mehr als 80 Jahre lang auf B\u00fchnen und vor Kameras und galt zuletzt als der \u00e4lteste noch aktive Schauspieler der Welt. Jetzt ist der legend\u00e4re Darsteller am Samstag im Alter von 100 Jahren in seiner Heimat Berlin verstorben. Das [&hellip;]<\/p>\n","protected":false},"author":2,"featured_media":3421,"comment_status":"closed","ping_status":"closed","sticky":false,"template":"","format":"standard","meta":{"_acf_changed":false,"footnotes":""},"categories":[188,193,1],"tags":[],"class_list":{"0":"post-6733","1":"post","2":"type-post","3":"status-publish","4":"format-standard","5":"has-post-thumbnail","6":"hentry","7":"category-medien","9":"category-unkategorisiert"},"acf":[],"yoast_head":"<!-- This site is optimized with the Yoast SEO plugin v26.1.1 - https:\/\/yoast.com\/wordpress\/plugins\/seo\/ -->\n<title>Schauspieler Herbert K\u00f6fer mit 100 Jahren gestorben - Kultur Online TV &amp; FM<\/title>\n<meta name=\"description\" content=\"Kultur sehen und H\u00f6ren\" \/>\n<meta name=\"robots\" content=\"index, follow, max-snippet:-1, max-image-preview:large, max-video-preview:-1\" \/>\n<link rel=\"canonical\" href=\"https:\/\/kulturonline.tv\/at\/schauspieler-herbert-koefer-mit-100-jahren-gestorben\/\" \/>\n<meta property=\"og:locale\" content=\"de_DE\" \/>\n<meta property=\"og:type\" content=\"article\" \/>\n<meta property=\"og:title\" content=\"Schauspieler Herbert K\u00f6fer mit 100 Jahren gestorben - Kultur Online TV &amp; FM\" \/>\n<meta property=\"og:description\" content=\"Kultur sehen und H\u00f6ren\" \/>\n<meta property=\"og:url\" content=\"https:\/\/kulturonline.tv\/at\/schauspieler-herbert-koefer-mit-100-jahren-gestorben\/\" \/>\n<meta property=\"og:site_name\" content=\"Kultur Online TV &amp; FM\" \/>\n<meta property=\"article:publisher\" content=\"https:\/\/www.facebook.com\/kulturonline.tv\" \/>\n<meta property=\"article:published_time\" content=\"2021-07-26T10:24:50+00:00\" \/>\n<meta property=\"article:modified_time\" content=\"2022-08-12T14:23:49+00:00\" \/>\n<meta property=\"og:image\" content=\"https:\/\/kulturonline.tv\/wp-content\/uploads\/2021\/07\/Kultur-Online-Tv-Herbert-Koefer-1.jpg\" \/>\n\t<meta property=\"og:image:width\" content=\"1024\" \/>\n\t<meta property=\"og:image:height\" content=\"1001\" \/>\n\t<meta property=\"og:image:type\" content=\"image\/jpeg\" \/>\n<meta name=\"author\" content=\"guenter.wolfgang\" \/>\n<meta name=\"twitter:card\" content=\"summary_large_image\" \/>\n<meta name=\"twitter:label1\" content=\"Verfasst von\" \/>\n\t<meta name=\"twitter:data1\" content=\"guenter.wolfgang\" \/>\n\t<meta name=\"twitter:label2\" content=\"Gesch\u00e4tzte Lesezeit\" \/>\n\t<meta name=\"twitter:data2\" content=\"1 Minute\" \/>\n<script type=\"application\/ld+json\" class=\"yoast-schema-graph\">{\"@context\":\"https:\/\/schema.org\",\"@graph\":[{\"@type\":\"Article\",\"@id\":\"https:\/\/kulturonline.tv\/at\/schauspieler-herbert-koefer-mit-100-jahren-gestorben\/#article\",\"isPartOf\":{\"@id\":\"https:\/\/kulturonline.tv\/at\/schauspieler-herbert-koefer-mit-100-jahren-gestorben\/\"},\"author\":{\"name\":\"guenter.wolfgang\",\"@id\":\"https:\/\/kulturonline.tv\/at\/#\/schema\/person\/b0fac729bb9a0c193fb1df23449df4fe\"},\"headline\":\"Schauspieler Herbert K\u00f6fer mit 100 Jahren gestorben\",\"datePublished\":\"2021-07-26T10:24:50+00:00\",\"dateModified\":\"2022-08-12T14:23:49+00:00\",\"mainEntityOfPage\":{\"@id\":\"https:\/\/kulturonline.tv\/at\/schauspieler-herbert-koefer-mit-100-jahren-gestorben\/\"},\"wordCount\":157,\"publisher\":{\"@id\":\"https:\/\/kulturonline.tv\/at\/#organization\"},\"image\":{\"@id\":\"https:\/\/kulturonline.tv\/at\/schauspieler-herbert-koefer-mit-100-jahren-gestorben\/#primaryimage\"},\"thumbnailUrl\":\"https:\/\/kulturonline.tv\/wp-content\/uploads\/2021\/07\/Kultur-Online-Tv-Herbert-Koefer-1.jpg\",\"articleSection\":[\"Medien\",\"Medien\",\"Unkategorisiert\"],\"inLanguage\":\"de-AT\"},{\"@type\":\"WebPage\",\"@id\":\"https:\/\/kulturonline.tv\/at\/schauspieler-herbert-koefer-mit-100-jahren-gestorben\/\",\"url\":\"https:\/\/kulturonline.tv\/at\/schauspieler-herbert-koefer-mit-100-jahren-gestorben\/\",\"name\":\"Schauspieler Herbert K\u00f6fer mit 100 Jahren gestorben - Kultur Online TV &amp; FM\",\"isPartOf\":{\"@id\":\"https:\/\/kulturonline.tv\/at\/#website\"},\"primaryImageOfPage\":{\"@id\":\"https:\/\/kulturonline.tv\/at\/schauspieler-herbert-koefer-mit-100-jahren-gestorben\/#primaryimage\"},\"image\":{\"@id\":\"https:\/\/kulturonline.tv\/at\/schauspieler-herbert-koefer-mit-100-jahren-gestorben\/#primaryimage\"},\"thumbnailUrl\":\"https:\/\/kulturonline.tv\/wp-content\/uploads\/2021\/07\/Kultur-Online-Tv-Herbert-Koefer-1.jpg\",\"datePublished\":\"2021-07-26T10:24:50+00:00\",\"dateModified\":\"2022-08-12T14:23:49+00:00\",\"description\":\"Kultur sehen und H\u00f6ren\",\"breadcrumb\":{\"@id\":\"https:\/\/kulturonline.tv\/at\/schauspieler-herbert-koefer-mit-100-jahren-gestorben\/#breadcrumb\"},\"inLanguage\":\"de-AT\",\"potentialAction\":[{\"@type\":\"ReadAction\",\"target\":[\"https:\/\/kulturonline.tv\/at\/schauspieler-herbert-koefer-mit-100-jahren-gestorben\/\"]}]},{\"@type\":\"ImageObject\",\"inLanguage\":\"de-AT\",\"@id\":\"https:\/\/kulturonline.tv\/at\/schauspieler-herbert-koefer-mit-100-jahren-gestorben\/#primaryimage\",\"url\":\"https:\/\/kulturonline.tv\/wp-content\/uploads\/2021\/07\/Kultur-Online-Tv-Herbert-Koefer-1.jpg\",\"contentUrl\":\"https:\/\/kulturonline.tv\/wp-content\/uploads\/2021\/07\/Kultur-Online-Tv-Herbert-Koefer-1.jpg\",\"width\":1024,\"height\":1001},{\"@type\":\"BreadcrumbList\",\"@id\":\"https:\/\/kulturonline.tv\/at\/schauspieler-herbert-koefer-mit-100-jahren-gestorben\/#breadcrumb\",\"itemListElement\":[{\"@type\":\"ListItem\",\"position\":1,\"name\":\"Startseite\",\"item\":\"https:\/\/kulturonline.tv\/at\/\"},{\"@type\":\"ListItem\",\"position\":2,\"name\":\"Schauspieler Herbert K\u00f6fer mit 100 Jahren gestorben\"}]},{\"@type\":\"WebSite\",\"@id\":\"https:\/\/kulturonline.tv\/at\/#website\",\"url\":\"https:\/\/kulturonline.tv\/at\/\",\"name\":\"Kultur Online TV &amp; FM\",\"description\":\"Wir sind Kultur 2.0 zum sehen &amp; h\u00f6ren\",\"publisher\":{\"@id\":\"https:\/\/kulturonline.tv\/at\/#organization\"},\"potentialAction\":[{\"@type\":\"SearchAction\",\"target\":{\"@type\":\"EntryPoint\",\"urlTemplate\":\"https:\/\/kulturonline.tv\/at\/?s={search_term_string}\"},\"query-input\":{\"@type\":\"PropertyValueSpecification\",\"valueRequired\":true,\"valueName\":\"search_term_string\"}}],\"inLanguage\":\"de-AT\"},{\"@type\":\"Organization\",\"@id\":\"https:\/\/kulturonline.tv\/at\/#organization\",\"name\":\"Kultur Online TV\",\"url\":\"https:\/\/kulturonline.tv\/at\/\",\"logo\":{\"@type\":\"ImageObject\",\"inLanguage\":\"de-AT\",\"@id\":\"https:\/\/kulturonline.tv\/at\/#\/schema\/logo\/image\/\",\"url\":\"https:\/\/kulturonline.tv\/wp-content\/uploads\/2021\/08\/Kultur-Online-Tv-Logo-Endversion-neu.png\",\"contentUrl\":\"https:\/\/kulturonline.tv\/wp-content\/uploads\/2021\/08\/Kultur-Online-Tv-Logo-Endversion-neu.png\",\"width\":200,\"height\":200,\"caption\":\"Kultur Online TV\"},\"image\":{\"@id\":\"https:\/\/kulturonline.tv\/at\/#\/schema\/logo\/image\/\"},\"sameAs\":[\"https:\/\/www.facebook.com\/kulturonline.tv\",\"https:\/\/www.instagram.com\/kulturonline.tv\"]},{\"@type\":\"Person\",\"@id\":\"https:\/\/kulturonline.tv\/at\/#\/schema\/person\/b0fac729bb9a0c193fb1df23449df4fe\",\"name\":\"guenter.wolfgang\"}]}<\/script>\n<!-- \/ Yoast SEO plugin. -->","yoast_head_json":{"title":"Schauspieler Herbert K\u00f6fer mit 100 Jahren gestorben - Kultur Online TV &amp; FM","description":"Kultur sehen und H\u00f6ren","robots":{"index":"index","follow":"follow","max-snippet":"max-snippet:-1","max-image-preview":"max-image-preview:large","max-video-preview":"max-video-preview:-1"},"canonical":"https:\/\/kulturonline.tv\/at\/schauspieler-herbert-koefer-mit-100-jahren-gestorben\/","og_locale":"de_DE","og_type":"article","og_title":"Schauspieler Herbert K\u00f6fer mit 100 Jahren gestorben - Kultur Online TV &amp; FM","og_description":"Kultur sehen und H\u00f6ren","og_url":"https:\/\/kulturonline.tv\/at\/schauspieler-herbert-koefer-mit-100-jahren-gestorben\/","og_site_name":"Kultur Online TV &amp; FM","article_publisher":"https:\/\/www.facebook.com\/kulturonline.tv","article_published_time":"2021-07-26T10:24:50+00:00","article_modified_time":"2022-08-12T14:23:49+00:00","og_image":[{"width":1024,"height":1001,"url":"https:\/\/kulturonline.tv\/wp-content\/uploads\/2021\/07\/Kultur-Online-Tv-Herbert-Koefer-1.jpg","type":"image\/jpeg"}],"author":"guenter.wolfgang","twitter_card":"summary_large_image","twitter_misc":{"Verfasst von":"guenter.wolfgang","Gesch\u00e4tzte Lesezeit":"1 Minute"},"schema":{"@context":"https:\/\/schema.org","@graph":[{"@type":"Article","@id":"https:\/\/kulturonline.tv\/at\/schauspieler-herbert-koefer-mit-100-jahren-gestorben\/#article","isPartOf":{"@id":"https:\/\/kulturonline.tv\/at\/schauspieler-herbert-koefer-mit-100-jahren-gestorben\/"},"author":{"name":"guenter.wolfgang","@id":"https:\/\/kulturonline.tv\/at\/#\/schema\/person\/b0fac729bb9a0c193fb1df23449df4fe"},"headline":"Schauspieler Herbert K\u00f6fer mit 100 Jahren gestorben","datePublished":"2021-07-26T10:24:50+00:00","dateModified":"2022-08-12T14:23:49+00:00","mainEntityOfPage":{"@id":"https:\/\/kulturonline.tv\/at\/schauspieler-herbert-koefer-mit-100-jahren-gestorben\/"},"wordCount":157,"publisher":{"@id":"https:\/\/kulturonline.tv\/at\/#organization"},"image":{"@id":"https:\/\/kulturonline.tv\/at\/schauspieler-herbert-koefer-mit-100-jahren-gestorben\/#primaryimage"},"thumbnailUrl":"https:\/\/kulturonline.tv\/wp-content\/uploads\/2021\/07\/Kultur-Online-Tv-Herbert-Koefer-1.jpg","articleSection":["Medien","Medien","Unkategorisiert"],"inLanguage":"de-AT"},{"@type":"WebPage","@id":"https:\/\/kulturonline.tv\/at\/schauspieler-herbert-koefer-mit-100-jahren-gestorben\/","url":"https:\/\/kulturonline.tv\/at\/schauspieler-herbert-koefer-mit-100-jahren-gestorben\/","name":"Schauspieler Herbert K\u00f6fer mit 100 Jahren gestorben - Kultur Online TV &amp; FM","isPartOf":{"@id":"https:\/\/kulturonline.tv\/at\/#website"},"primaryImageOfPage":{"@id":"https:\/\/kulturonline.tv\/at\/schauspieler-herbert-koefer-mit-100-jahren-gestorben\/#primaryimage"},"image":{"@id":"https:\/\/kulturonline.tv\/at\/schauspieler-herbert-koefer-mit-100-jahren-gestorben\/#primaryimage"},"thumbnailUrl":"https:\/\/kulturonline.tv\/wp-content\/uploads\/2021\/07\/Kultur-Online-Tv-Herbert-Koefer-1.jpg","datePublished":"2021-07-26T10:24:50+00:00","dateModified":"2022-08-12T14:23:49+00:00","description":"Kultur sehen und H\u00f6ren","breadcrumb":{"@id":"https:\/\/kulturonline.tv\/at\/schauspieler-herbert-koefer-mit-100-jahren-gestorben\/#breadcrumb"},"inLanguage":"de-AT","potentialAction":[{"@type":"ReadAction","target":["https:\/\/kulturonline.tv\/at\/schauspieler-herbert-koefer-mit-100-jahren-gestorben\/"]}]},{"@type":"ImageObject","inLanguage":"de-AT","@id":"https:\/\/kulturonline.tv\/at\/schauspieler-herbert-koefer-mit-100-jahren-gestorben\/#primaryimage","url":"https:\/\/kulturonline.tv\/wp-content\/uploads\/2021\/07\/Kultur-Online-Tv-Herbert-Koefer-1.jpg","contentUrl":"https:\/\/kulturonline.tv\/wp-content\/uploads\/2021\/07\/Kultur-Online-Tv-Herbert-Koefer-1.jpg","width":1024,"height":1001},{"@type":"BreadcrumbList","@id":"https:\/\/kulturonline.tv\/at\/schauspieler-herbert-koefer-mit-100-jahren-gestorben\/#breadcrumb","itemListElement":[{"@type":"ListItem","position":1,"name":"Startseite","item":"https:\/\/kulturonline.tv\/at\/"},{"@type":"ListItem","position":2,"name":"Schauspieler Herbert K\u00f6fer mit 100 Jahren gestorben"}]},{"@type":"WebSite","@id":"https:\/\/kulturonline.tv\/at\/#website","url":"https:\/\/kulturonline.tv\/at\/","name":"Kultur Online TV &amp; FM","description":"Wir sind Kultur 2.0 zum sehen &amp; h\u00f6ren","publisher":{"@id":"https:\/\/kulturonline.tv\/at\/#organization"},"potentialAction":[{"@type":"SearchAction","target":{"@type":"EntryPoint","urlTemplate":"https:\/\/kulturonline.tv\/at\/?s={search_term_string}"},"query-input":{"@type":"PropertyValueSpecification","valueRequired":true,"valueName":"search_term_string"}}],"inLanguage":"de-AT"},{"@type":"Organization","@id":"https:\/\/kulturonline.tv\/at\/#organization","name":"Kultur Online TV","url":"https:\/\/kulturonline.tv\/at\/","logo":{"@type":"ImageObject","inLanguage":"de-AT","@id":"https:\/\/kulturonline.tv\/at\/#\/schema\/logo\/image\/","url":"https:\/\/kulturonline.tv\/wp-content\/uploads\/2021\/08\/Kultur-Online-Tv-Logo-Endversion-neu.png","contentUrl":"https:\/\/kulturonline.tv\/wp-content\/uploads\/2021\/08\/Kultur-Online-Tv-Logo-Endversion-neu.png","width":200,"height":200,"caption":"Kultur Online TV"},"image":{"@id":"https:\/\/kulturonline.tv\/at\/#\/schema\/logo\/image\/"},"sameAs":["https:\/\/www.facebook.com\/kulturonline.tv","https:\/\/www.instagram.com\/kulturonline.tv"]},{"@type":"Person","@id":"https:\/\/kulturonline.tv\/at\/#\/schema\/person\/b0fac729bb9a0c193fb1df23449df4fe","name":"guenter.wolfgang"}]}},"_links":{"self":[{"href":"https:\/\/kulturonline.tv\/at\/wp-json\/wp\/v2\/posts\/6733","targetHints":{"allow":["GET"]}}],"collection":[{"href":"https:\/\/kulturonline.tv\/at\/wp-json\/wp\/v2\/posts"}],"about":[{"href":"https:\/\/kulturonline.tv\/at\/wp-json\/wp\/v2\/types\/post"}],"author":[{"embeddable":true,"href":"https:\/\/kulturonline.tv\/at\/wp-json\/wp\/v2\/users\/2"}],"replies":[{"embeddable":true,"href":"https:\/\/kulturonline.tv\/at\/wp-json\/wp\/v2\/comments?post=6733"}],"version-history":[{"count":0,"href":"https:\/\/kulturonline.tv\/at\/wp-json\/wp\/v2\/posts\/6733\/revisions"}],"wp:featuredmedia":[{"embeddable":true,"href":"https:\/\/kulturonline.tv\/at\/wp-json\/wp\/v2\/media\/3421"}],"wp:attachment":[{"href":"https:\/\/kulturonline.tv\/at\/wp-json\/wp\/v2\/media?parent=6733"}],"wp:term":[{"taxonomy":"category","embeddable":true,"href":"https:\/\/kulturonline.tv\/at\/wp-json\/wp\/v2\/categories?post=6733"},{"taxonomy":"post_tag","embeddable":true,"href":"https:\/\/kulturonline.tv\/at\/wp-json\/wp\/v2\/tags?post=6733"}],"curies":[{"name":"wp","href":"https:\/\/api.w.org\/{rel}","templated":true}]}}