{"id":6773,"date":"2020-10-08T18:11:01","date_gmt":"2020-10-08T16:11:01","guid":{"rendered":"https:\/\/kulturonline.tv\/uncategorized\/louise-glueck-erhaelt-literaturnobelpreis"},"modified":"2020-10-08T18:11:01","modified_gmt":"2020-10-08T16:11:01","slug":"louise-glueck-erhaelt-literaturnobelpreis","status":"publish","type":"post","link":"https:\/\/kulturonline.tv\/at\/louise-glueck-erhaelt-literaturnobelpreis\/","title":{"rendered":"Louise Gl\u00fcck erh\u00e4lt Literaturnobelpreis"},"content":{"rendered":"<p>Nach den Preisen f\u00fcr Medizin, Physik und Chemie hat die Schwedische Akademie nun den Nobelpreis f\u00fcr Literatur vergeben. Ausgezeichnet wird in diesem Jahr die Amerikanerin Louise Gl\u00fcck.<\/p>\n<p>Der Literaturnobelpreis ist mit neun Millionen schwedischen Kronen und damit derzeit fast 860.000 Euro dotiert. Er zeichnet das Gesamtwerk der Preistr\u00e4ger aus. Die Lyrikerin Gl\u00fcck erh\u00e4lt ihn \u201ef\u00fcr ihre unverkennbare poetische Stimme, die mit strenger Sch\u00f6nheit individuelle Existenz universell\u201c mache, wie der St\u00e4ndige Sekret\u00e4r der Akademie mitteilte.<\/p>\n<p>Louise Gl\u00fcck wurde 1943 in New York geboren und lebt in Cambridge, Massachusetts. Neben ihrer schriftstellerischen T\u00e4tigkeit arbeitet sie als Englisch-Professorin in Yale. Zw\u00f6lf Gedichtb\u00e4nde und mehrere Essays \u00fcber Lyrik liegen von ihr vor. Ihre zentralen Themen sind Familie, Kindheit und die Beziehungen zu Eltern und Geschwistern.<\/p>\n<p>Bild Content APA\/AFP\/SAUL LOEB<\/p>\n<p>APA\/AFP\/SAUL LOEB<\/p>\n<p>APA\/AFP\/SAUL LOEB<\/p>\n","protected":false},"excerpt":{"rendered":"<p>Nach den Preisen f\u00fcr Medizin, Physik und Chemie hat die Schwedische Akademie nun den Nobelpreis f\u00fcr Literatur vergeben. Ausgezeichnet wird in diesem Jahr die Amerikanerin Louise Gl\u00fcck. Der Literaturnobelpreis ist mit neun Millionen schwedischen Kronen und damit derzeit fast 860.000 Euro dotiert. Er zeichnet das Gesamtwerk der Preistr\u00e4ger aus. Die Lyrikerin Gl\u00fcck erh\u00e4lt ihn \u201ef\u00fcr [&hellip;]<\/p>\n","protected":false},"author":1,"featured_media":4532,"comment_status":"closed","ping_status":"closed","sticky":false,"template":"","format":"standard","meta":{"_acf_changed":false,"footnotes":""},"categories":[133],"tags":[162,144],"class_list":["post-6773","post","type-post","status-publish","format-standard","has-post-thumbnail","hentry","category-literatur","tag-kulturonlinetv-at","tag-literatur-at"],"acf":[],"yoast_head":"<!-- This site is optimized with the Yoast SEO plugin v26.1.1 - https:\/\/yoast.com\/wordpress\/plugins\/seo\/ -->\n<title>Louise Gl\u00fcck erh\u00e4lt Literaturnobelpreis - Kultur Online TV &amp; FM<\/title>\n<meta name=\"description\" content=\"Kultur sehen und H\u00f6ren\" \/>\n<meta name=\"robots\" content=\"index, follow, max-snippet:-1, max-image-preview:large, max-video-preview:-1\" \/>\n<link rel=\"canonical\" href=\"https:\/\/kulturonline.tv\/at\/louise-glueck-erhaelt-literaturnobelpreis\/\" \/>\n<meta property=\"og:locale\" content=\"de_DE\" \/>\n<meta property=\"og:type\" content=\"article\" \/>\n<meta property=\"og:title\" content=\"Louise Gl\u00fcck erh\u00e4lt Literaturnobelpreis - Kultur Online TV &amp; FM\" \/>\n<meta property=\"og:description\" content=\"Kultur sehen und H\u00f6ren\" \/>\n<meta property=\"og:url\" content=\"https:\/\/kulturonline.tv\/at\/louise-glueck-erhaelt-literaturnobelpreis\/\" \/>\n<meta property=\"og:site_name\" content=\"Kultur Online TV &amp; FM\" \/>\n<meta property=\"article:publisher\" content=\"https:\/\/www.facebook.com\/kulturonline.tv\" \/>\n<meta property=\"article:published_time\" content=\"2020-10-08T16:11:01+00:00\" \/>\n<meta property=\"og:image\" content=\"https:\/\/kulturonline.tv\/wp-content\/uploads\/2021\/06\/d1bfac_4d21373fac824251b0a90159b9a11eb3~mv2.jpg\" \/>\n\t<meta property=\"og:image:width\" content=\"600\" \/>\n\t<meta property=\"og:image:height\" content=\"360\" \/>\n\t<meta property=\"og:image:type\" content=\"image\/jpeg\" \/>\n<meta name=\"author\" content=\"stefanrehbein\" \/>\n<meta name=\"twitter:card\" content=\"summary_large_image\" \/>\n<meta name=\"twitter:label1\" content=\"Verfasst von\" \/>\n\t<meta name=\"twitter:data1\" content=\"stefanrehbein\" \/>\n\t<meta name=\"twitter:label2\" content=\"Gesch\u00e4tzte Lesezeit\" \/>\n\t<meta name=\"twitter:data2\" content=\"1 Minute\" \/>\n<script type=\"application\/ld+json\" class=\"yoast-schema-graph\">{\"@context\":\"https:\/\/schema.org\",\"@graph\":[{\"@type\":\"Article\",\"@id\":\"https:\/\/kulturonline.tv\/at\/louise-glueck-erhaelt-literaturnobelpreis\/#article\",\"isPartOf\":{\"@id\":\"https:\/\/kulturonline.tv\/at\/louise-glueck-erhaelt-literaturnobelpreis\/\"},\"author\":{\"name\":\"stefanrehbein\",\"@id\":\"https:\/\/kulturonline.tv\/at\/#\/schema\/person\/a1ae2833a59ac52fb9a01a676de7b600\"},\"headline\":\"Louise Gl\u00fcck erh\u00e4lt Literaturnobelpreis\",\"datePublished\":\"2020-10-08T16:11:01+00:00\",\"mainEntityOfPage\":{\"@id\":\"https:\/\/kulturonline.tv\/at\/louise-glueck-erhaelt-literaturnobelpreis\/\"},\"wordCount\":153,\"publisher\":{\"@id\":\"https:\/\/kulturonline.tv\/at\/#organization\"},\"image\":{\"@id\":\"https:\/\/kulturonline.tv\/at\/louise-glueck-erhaelt-literaturnobelpreis\/#primaryimage\"},\"thumbnailUrl\":\"https:\/\/kulturonline.tv\/wp-content\/uploads\/2021\/06\/d1bfac_4d21373fac824251b0a90159b9a11eb3~mv2.jpg\",\"keywords\":[\"#kulturonlinetv\",\"Literatur\"],\"articleSection\":[\"Literatur\"],\"inLanguage\":\"de-AT\"},{\"@type\":\"WebPage\",\"@id\":\"https:\/\/kulturonline.tv\/at\/louise-glueck-erhaelt-literaturnobelpreis\/\",\"url\":\"https:\/\/kulturonline.tv\/at\/louise-glueck-erhaelt-literaturnobelpreis\/\",\"name\":\"Louise Gl\u00fcck erh\u00e4lt Literaturnobelpreis - Kultur Online TV &amp; FM\",\"isPartOf\":{\"@id\":\"https:\/\/kulturonline.tv\/at\/#website\"},\"primaryImageOfPage\":{\"@id\":\"https:\/\/kulturonline.tv\/at\/louise-glueck-erhaelt-literaturnobelpreis\/#primaryimage\"},\"image\":{\"@id\":\"https:\/\/kulturonline.tv\/at\/louise-glueck-erhaelt-literaturnobelpreis\/#primaryimage\"},\"thumbnailUrl\":\"https:\/\/kulturonline.tv\/wp-content\/uploads\/2021\/06\/d1bfac_4d21373fac824251b0a90159b9a11eb3~mv2.jpg\",\"datePublished\":\"2020-10-08T16:11:01+00:00\",\"description\":\"Kultur sehen und H\u00f6ren\",\"breadcrumb\":{\"@id\":\"https:\/\/kulturonline.tv\/at\/louise-glueck-erhaelt-literaturnobelpreis\/#breadcrumb\"},\"inLanguage\":\"de-AT\",\"potentialAction\":[{\"@type\":\"ReadAction\",\"target\":[\"https:\/\/kulturonline.tv\/at\/louise-glueck-erhaelt-literaturnobelpreis\/\"]}]},{\"@type\":\"ImageObject\",\"inLanguage\":\"de-AT\",\"@id\":\"https:\/\/kulturonline.tv\/at\/louise-glueck-erhaelt-literaturnobelpreis\/#primaryimage\",\"url\":\"https:\/\/kulturonline.tv\/wp-content\/uploads\/2021\/06\/d1bfac_4d21373fac824251b0a90159b9a11eb3~mv2.jpg\",\"contentUrl\":\"https:\/\/kulturonline.tv\/wp-content\/uploads\/2021\/06\/d1bfac_4d21373fac824251b0a90159b9a11eb3~mv2.jpg\",\"width\":600,\"height\":360},{\"@type\":\"BreadcrumbList\",\"@id\":\"https:\/\/kulturonline.tv\/at\/louise-glueck-erhaelt-literaturnobelpreis\/#breadcrumb\",\"itemListElement\":[{\"@type\":\"ListItem\",\"position\":1,\"name\":\"Startseite\",\"item\":\"https:\/\/kulturonline.tv\/at\/\"},{\"@type\":\"ListItem\",\"position\":2,\"name\":\"Louise Gl\u00fcck erh\u00e4lt Literaturnobelpreis\"}]},{\"@type\":\"WebSite\",\"@id\":\"https:\/\/kulturonline.tv\/at\/#website\",\"url\":\"https:\/\/kulturonline.tv\/at\/\",\"name\":\"Kultur Online TV &amp; FM\",\"description\":\"Wir sind Kultur 2.0 zum sehen &amp; h\u00f6ren\",\"publisher\":{\"@id\":\"https:\/\/kulturonline.tv\/at\/#organization\"},\"potentialAction\":[{\"@type\":\"SearchAction\",\"target\":{\"@type\":\"EntryPoint\",\"urlTemplate\":\"https:\/\/kulturonline.tv\/at\/?s={search_term_string}\"},\"query-input\":{\"@type\":\"PropertyValueSpecification\",\"valueRequired\":true,\"valueName\":\"search_term_string\"}}],\"inLanguage\":\"de-AT\"},{\"@type\":\"Organization\",\"@id\":\"https:\/\/kulturonline.tv\/at\/#organization\",\"name\":\"Kultur Online TV\",\"url\":\"https:\/\/kulturonline.tv\/at\/\",\"logo\":{\"@type\":\"ImageObject\",\"inLanguage\":\"de-AT\",\"@id\":\"https:\/\/kulturonline.tv\/at\/#\/schema\/logo\/image\/\",\"url\":\"https:\/\/kulturonline.tv\/wp-content\/uploads\/2021\/08\/Kultur-Online-Tv-Logo-Endversion-neu.png\",\"contentUrl\":\"https:\/\/kulturonline.tv\/wp-content\/uploads\/2021\/08\/Kultur-Online-Tv-Logo-Endversion-neu.png\",\"width\":200,\"height\":200,\"caption\":\"Kultur Online TV\"},\"image\":{\"@id\":\"https:\/\/kulturonline.tv\/at\/#\/schema\/logo\/image\/\"},\"sameAs\":[\"https:\/\/www.facebook.com\/kulturonline.tv\",\"https:\/\/www.instagram.com\/kulturonline.tv\"]},{\"@type\":\"Person\",\"@id\":\"https:\/\/kulturonline.tv\/at\/#\/schema\/person\/a1ae2833a59ac52fb9a01a676de7b600\",\"name\":\"stefanrehbein\",\"sameAs\":[\"http:\/\/kulturonline.tv\"]}]}<\/script>\n<!-- \/ Yoast SEO plugin. -->","yoast_head_json":{"title":"Louise Gl\u00fcck erh\u00e4lt Literaturnobelpreis - Kultur Online TV &amp; FM","description":"Kultur sehen und H\u00f6ren","robots":{"index":"index","follow":"follow","max-snippet":"max-snippet:-1","max-image-preview":"max-image-preview:large","max-video-preview":"max-video-preview:-1"},"canonical":"https:\/\/kulturonline.tv\/at\/louise-glueck-erhaelt-literaturnobelpreis\/","og_locale":"de_DE","og_type":"article","og_title":"Louise Gl\u00fcck erh\u00e4lt Literaturnobelpreis - Kultur Online TV &amp; FM","og_description":"Kultur sehen und H\u00f6ren","og_url":"https:\/\/kulturonline.tv\/at\/louise-glueck-erhaelt-literaturnobelpreis\/","og_site_name":"Kultur Online TV &amp; FM","article_publisher":"https:\/\/www.facebook.com\/kulturonline.tv","article_published_time":"2020-10-08T16:11:01+00:00","og_image":[{"width":600,"height":360,"url":"https:\/\/kulturonline.tv\/wp-content\/uploads\/2021\/06\/d1bfac_4d21373fac824251b0a90159b9a11eb3~mv2.jpg","type":"image\/jpeg"}],"author":"stefanrehbein","twitter_card":"summary_large_image","twitter_misc":{"Verfasst von":"stefanrehbein","Gesch\u00e4tzte Lesezeit":"1 Minute"},"schema":{"@context":"https:\/\/schema.org","@graph":[{"@type":"Article","@id":"https:\/\/kulturonline.tv\/at\/louise-glueck-erhaelt-literaturnobelpreis\/#article","isPartOf":{"@id":"https:\/\/kulturonline.tv\/at\/louise-glueck-erhaelt-literaturnobelpreis\/"},"author":{"name":"stefanrehbein","@id":"https:\/\/kulturonline.tv\/at\/#\/schema\/person\/a1ae2833a59ac52fb9a01a676de7b600"},"headline":"Louise Gl\u00fcck erh\u00e4lt Literaturnobelpreis","datePublished":"2020-10-08T16:11:01+00:00","mainEntityOfPage":{"@id":"https:\/\/kulturonline.tv\/at\/louise-glueck-erhaelt-literaturnobelpreis\/"},"wordCount":153,"publisher":{"@id":"https:\/\/kulturonline.tv\/at\/#organization"},"image":{"@id":"https:\/\/kulturonline.tv\/at\/louise-glueck-erhaelt-literaturnobelpreis\/#primaryimage"},"thumbnailUrl":"https:\/\/kulturonline.tv\/wp-content\/uploads\/2021\/06\/d1bfac_4d21373fac824251b0a90159b9a11eb3~mv2.jpg","keywords":["#kulturonlinetv","Literatur"],"articleSection":["Literatur"],"inLanguage":"de-AT"},{"@type":"WebPage","@id":"https:\/\/kulturonline.tv\/at\/louise-glueck-erhaelt-literaturnobelpreis\/","url":"https:\/\/kulturonline.tv\/at\/louise-glueck-erhaelt-literaturnobelpreis\/","name":"Louise Gl\u00fcck erh\u00e4lt Literaturnobelpreis - Kultur Online TV &amp; FM","isPartOf":{"@id":"https:\/\/kulturonline.tv\/at\/#website"},"primaryImageOfPage":{"@id":"https:\/\/kulturonline.tv\/at\/louise-glueck-erhaelt-literaturnobelpreis\/#primaryimage"},"image":{"@id":"https:\/\/kulturonline.tv\/at\/louise-glueck-erhaelt-literaturnobelpreis\/#primaryimage"},"thumbnailUrl":"https:\/\/kulturonline.tv\/wp-content\/uploads\/2021\/06\/d1bfac_4d21373fac824251b0a90159b9a11eb3~mv2.jpg","datePublished":"2020-10-08T16:11:01+00:00","description":"Kultur sehen und H\u00f6ren","breadcrumb":{"@id":"https:\/\/kulturonline.tv\/at\/louise-glueck-erhaelt-literaturnobelpreis\/#breadcrumb"},"inLanguage":"de-AT","potentialAction":[{"@type":"ReadAction","target":["https:\/\/kulturonline.tv\/at\/louise-glueck-erhaelt-literaturnobelpreis\/"]}]},{"@type":"ImageObject","inLanguage":"de-AT","@id":"https:\/\/kulturonline.tv\/at\/louise-glueck-erhaelt-literaturnobelpreis\/#primaryimage","url":"https:\/\/kulturonline.tv\/wp-content\/uploads\/2021\/06\/d1bfac_4d21373fac824251b0a90159b9a11eb3~mv2.jpg","contentUrl":"https:\/\/kulturonline.tv\/wp-content\/uploads\/2021\/06\/d1bfac_4d21373fac824251b0a90159b9a11eb3~mv2.jpg","width":600,"height":360},{"@type":"BreadcrumbList","@id":"https:\/\/kulturonline.tv\/at\/louise-glueck-erhaelt-literaturnobelpreis\/#breadcrumb","itemListElement":[{"@type":"ListItem","position":1,"name":"Startseite","item":"https:\/\/kulturonline.tv\/at\/"},{"@type":"ListItem","position":2,"name":"Louise Gl\u00fcck erh\u00e4lt Literaturnobelpreis"}]},{"@type":"WebSite","@id":"https:\/\/kulturonline.tv\/at\/#website","url":"https:\/\/kulturonline.tv\/at\/","name":"Kultur Online TV &amp; FM","description":"Wir sind Kultur 2.0 zum sehen &amp; h\u00f6ren","publisher":{"@id":"https:\/\/kulturonline.tv\/at\/#organization"},"potentialAction":[{"@type":"SearchAction","target":{"@type":"EntryPoint","urlTemplate":"https:\/\/kulturonline.tv\/at\/?s={search_term_string}"},"query-input":{"@type":"PropertyValueSpecification","valueRequired":true,"valueName":"search_term_string"}}],"inLanguage":"de-AT"},{"@type":"Organization","@id":"https:\/\/kulturonline.tv\/at\/#organization","name":"Kultur Online TV","url":"https:\/\/kulturonline.tv\/at\/","logo":{"@type":"ImageObject","inLanguage":"de-AT","@id":"https:\/\/kulturonline.tv\/at\/#\/schema\/logo\/image\/","url":"https:\/\/kulturonline.tv\/wp-content\/uploads\/2021\/08\/Kultur-Online-Tv-Logo-Endversion-neu.png","contentUrl":"https:\/\/kulturonline.tv\/wp-content\/uploads\/2021\/08\/Kultur-Online-Tv-Logo-Endversion-neu.png","width":200,"height":200,"caption":"Kultur Online TV"},"image":{"@id":"https:\/\/kulturonline.tv\/at\/#\/schema\/logo\/image\/"},"sameAs":["https:\/\/www.facebook.com\/kulturonline.tv","https:\/\/www.instagram.com\/kulturonline.tv"]},{"@type":"Person","@id":"https:\/\/kulturonline.tv\/at\/#\/schema\/person\/a1ae2833a59ac52fb9a01a676de7b600","name":"stefanrehbein","sameAs":["http:\/\/kulturonline.tv"]}]}},"_links":{"self":[{"href":"https:\/\/kulturonline.tv\/at\/wp-json\/wp\/v2\/posts\/6773","targetHints":{"allow":["GET"]}}],"collection":[{"href":"https:\/\/kulturonline.tv\/at\/wp-json\/wp\/v2\/posts"}],"about":[{"href":"https:\/\/kulturonline.tv\/at\/wp-json\/wp\/v2\/types\/post"}],"author":[{"embeddable":true,"href":"https:\/\/kulturonline.tv\/at\/wp-json\/wp\/v2\/users\/1"}],"replies":[{"embeddable":true,"href":"https:\/\/kulturonline.tv\/at\/wp-json\/wp\/v2\/comments?post=6773"}],"version-history":[{"count":0,"href":"https:\/\/kulturonline.tv\/at\/wp-json\/wp\/v2\/posts\/6773\/revisions"}],"wp:featuredmedia":[{"embeddable":true,"href":"https:\/\/kulturonline.tv\/at\/wp-json\/wp\/v2\/media\/4532"}],"wp:attachment":[{"href":"https:\/\/kulturonline.tv\/at\/wp-json\/wp\/v2\/media?parent=6773"}],"wp:term":[{"taxonomy":"category","embeddable":true,"href":"https:\/\/kulturonline.tv\/at\/wp-json\/wp\/v2\/categories?post=6773"},{"taxonomy":"post_tag","embeddable":true,"href":"https:\/\/kulturonline.tv\/at\/wp-json\/wp\/v2\/tags?post=6773"}],"curies":[{"name":"wp","href":"https:\/\/api.w.org\/{rel}","templated":true}]}}