{"id":6778,"date":"2020-09-30T21:07:07","date_gmt":"2020-09-30T19:07:07","guid":{"rendered":"https:\/\/kulturonline.tv\/uncategorized\/orf-zum-75er-von-alfred-komarek-neue-portraets"},"modified":"2020-09-30T21:07:07","modified_gmt":"2020-09-30T19:07:07","slug":"orf-zum-75er-von-alfred-komarek-neue-portraets","status":"publish","type":"post","link":"https:\/\/kulturonline.tv\/at\/orf-zum-75er-von-alfred-komarek-neue-portraets\/","title":{"rendered":"ORF zum 75er von Alfred Komarek: Neue Portr\u00e4ts"},"content":{"rendered":"<p><img decoding=\"async\" aria-hidden=\"true\" data-pin-url=\"https:\/\/www.kulturonline.tv\/post\/orf-zum-75er-von-alfred-komarek-neue-portr\u00e4ts\" data-pin-media=\"https:\/\/static.wixstatic.com\/media\/d1bfac_72b8bfa2111b48c69294edbd274edd9c~mv2.jpg\/v1\/fit\/w_989{3856b621f8f9b12a9d7e530f990c7d312d5849aa5fb15fbaec4658ad8a578492}2Ch_1000{3856b621f8f9b12a9d7e530f990c7d312d5849aa5fb15fbaec4658ad8a578492}2Cal_c{3856b621f8f9b12a9d7e530f990c7d312d5849aa5fb15fbaec4658ad8a578492}2Cq_80\/file.jpg\" class=\"_5JW6l _2ERz3\" src=\"https:\/\/static.wixstatic.com\/media\/d1bfac_72b8bfa2111b48c69294edbd274edd9c~mv2.jpg\/v1\/fit\/w_750,h_1000,al_c,q_20\/file.jpg\"><\/p>\n<p>Ab 3. Oktober in ORF 2, ORF III, 3sat und \u00d61<\/p>\n<p>Wien (OTS) \u2013 Mit seinem eigenbr\u00f6tlerischen Weinviertler Gendarmen Simon Polt hat Alfred Komarek eine Kultfigur der deutschsprachigen Kriminalliteratur geschaffen, die durch Julian Roman P\u00f6lslers ORF-Verfilmungen mit Erwin Steinhauer zum Leben erweckt wurde. Am 5. Oktober 2020 feiert der vielfach preisgekr\u00f6nte Autor zahlreicher B\u00fccher, H\u00f6rspiele, Essays, Erz\u00e4hlungen und TV-Drehb\u00fccher sowie \u00d63-Pionier, der als Gestalter der beliebten Reihe \u201eMelodie exklusiv \u2013 Sentimentale Beispiele\u201c fungierte, seinen 75 Geburtstag. Der ORF w\u00fcrdigt den Jubilar im Fernsehen und Radio und gratuliert mit dem neuen Filmportr\u00e4t \u201eAlfred Komarek \u2013 Der Geschichtensammler\u201c (5. Oktober, ORF 2), zwei \u201ePolt\u201c-Dacapos (am 3. und 5. Oktober, ORF 2 und ORF III) und einer von Komarek mitgeschriebenen \u201eUniversum\u201c-Folge \u00fcber das Weltkulturerbe Hallstatt (3sat) sowie einer Ausgabe der \u00d61-Portr\u00e4treihe \u201eMenschenbilder\u201c (4. Oktober).<\/p>\n<p>Die Sendungen im chronologischen \u00dcberblick:<\/p>\n<p>Samstag, 3. Oktober: \u201ePolt muss weinen\u201c (15.00 Uhr, ORF III) und \u201ePolt.\u201c (23.20 Uhr, ORF 2)<\/p>\n<p>Im Jahr 2000 entstand unter der Regie von Julian Roman P\u00f6lsler die erste Verfilmung von Alfred Komareks \u201ePolt\u201c-Reihe: \u201ePolt muss weinen\u201c. Im nieder\u00f6sterreichischen Pulkautal, in authentischer Umgebung \u2013 in idyllischen Kellergassen, malerischen Weinbergen und romantischen Kellern \u2013 untersucht Erwin Steinhauer alias Gendarmerieinspektor Simon Polt einen ungew\u00f6hnlichen Todesfall. Umso unangenehmer ist es dem eigenbr\u00f6tlerischen Ordnungsh\u00fcter, als ein unliebsamer Gemeindeb\u00fcrger in dessen Weinkeller tief unter den Pressh\u00e4usern der Kellergasse tot aufgefunden wird und sich der Verdacht des Mordes aufdr\u00e4ngt. Polt, der fast jeden in der Gegend seit Jahren pers\u00f6nlich kennt, muss nun unter ihnen ermitteln. Ein Dacapo des Films ist am Montag, dem 5. Oktober um 0.00 Uhr in ORF 2 zu sehen.<\/p>\n<p>Mit der 2013 entstandenen f\u00fcnften \u201ePolt\u201c-Verfilmung nach Alfred Komareks Romanvorlage feierte das bew\u00e4hrte Trio Komarek, P\u00f6lsler und Steinhauer nach zehnj\u00e4hriger Pause sein Comeback. Der ehemalige Landgendarm Simon Polt ist mittlerweile in Pension und hat auch kaum noch Kontakt zu seinen Arbeitskollegen. Sein Leben ist wesentlich ruhiger geworden, entspannt blickt er der gemeinsamen Zukunft mit seiner Langzeitfreundin entgegen. Doch das \u00e4ndert sich schlagartig, als eine Leiche gefunden wird. Niemand will den Toten gekannt haben, aber einige scheinen doch mehr von ihm zu wissen, als sie der Polizei gegen\u00fcber zugeben wollen. Und so kommt es zu einem weiteren Auftritt von Simon Polt \u2013 voller Spannung, psychologischer Raffinesse und hintergr\u00fcndigem Humor.<\/p>\n<p>Sonntag, 4. Oktober, 14.10 Uhr, \u00d61: \u201eMenschenbilder \u2013 Anstiftung zum Innehalten\u201c<\/p>\n<p>\u201eAnstiftung zum Innehalten\u201c lautet der Titel dieser Ausgabe der \u00d61-Portr\u00e4treihe \u201eMenschenbilder\u201c \u00fcber den Schriftsteller Alfred Komarek. Er fing als Student zu schreiben an, weil er dringend Geld brauchte: Glossen und Reportagen f\u00fcr Zeitungen, bald aber auch Texte f\u00fcr das Radio. Es folgten Erz\u00e4hlungen, TV-Drehb\u00fccher und Romane. Sein erster Kriminalroman \u201ePolt muss weinen\u201c wurde mit dem Friedrich-Glauser-Preis als bester deutschsprachiger Krimi ausgezeichnet. Sechs seiner sieben \u201ePolt\u201c-Romane wurden als ORF-Koproduktionen mit ARTE f\u00fcr das Fernsehen verfilmt. W\u00e4hrend die Polt-Romane von Alfred Komarek ins Weinviertel f\u00fchren, erz\u00e4hlen Romane wie \u201eDie Villen der Frau H\u00fcrsch\u201c, \u201eDie Schattenuhr\u201c, \u201eNarrenwinter\u201c oder \u201eDoppelblick\u201c vom Leben im Salzkammergut. Alfred Komarek lebt heute abwechselnd in Wien, in seinem Geburtsort Bad Aussee und in Nieder\u00f6sterreich. Der genaue Blick auf Menschen und Landschaften zeichnet die Texte des Schriftstellers aus. Mit seinem umfangreichen Werk wurde er zu einem vielgelesenen, literarischen Wegbegleiter durch \u00f6sterreichische und europ\u00e4ische Kulturlandschaften.<\/p>\n<p>Montag, 5. Oktober, ORF 2: Neues \u201ekulturMontag\u201c-Portr\u00e4t \u201eAlfred Komarek \u2013 Der Geschichtensammler\u201c (23.40 Uhr), danach \u201ePolt muss weinen\u201c (0.00 Uhr)<\/p>\n<p>Mit seinem Inspektor Simon Polt erschuf der geb\u00fcrtige Bad Ausseer Alfred Komarek eine \u00f6sterreichische Figur, die aus der deutschsprachigen Krimilandschaft nicht mehr wegzudenken ist. Kongenial wurde er von Erwin Steinhauer in der vom ORF verfilmten, beliebten \u201ePolt\u201c-Reihe dargestellt. Der brummige, dem Wein nicht abgeneigte Ermittler ist allen Leserinnen und Lesern ans Herz gewachsen. Komareks Romane sind aber vor allem ironische und liebevolle Milieustudien des Weinviertels. In Bad Aussee geboren, kam er als Student nach Wien, und begann zu schreiben, da er laut eigenen Angaben \u201edringend Geld brauchte\u201c. Die ersten schriftstellerischen Arbeiten waren Glossen und Reportagen f\u00fcr Zeitungen. Mit Texten f\u00fcr das Radio gewann er in den 1970er Jahren eine gro\u00dfe Fangemeinde \u2013 die \u00d63-Sendung \u201eMelodie exklusiv\u201c wurde legend\u00e4r. F\u00fcr das neue Filmportr\u00e4t von Sandra Krieger zum 75. Geburtstag \u00f6ffnet der passionierte Sammler die T\u00fcren zu seinen \u201edrei H\u00f6hlen\u201c, wie er seine Wohnsitze in Wien, im Salzkammergut und im Weinviertel nennt. Darin befinden sich allerhand sch\u00f6ne, wunderliche und besondere Dinge.<\/p>\n<p>Textquelle: OTS Presseaussendung<\/p>\n","protected":false},"excerpt":{"rendered":"<p>Ab 3. Oktober in ORF 2, ORF III, 3sat und \u00d61 Wien (OTS) \u2013 Mit seinem eigenbr\u00f6tlerischen Weinviertler Gendarmen Simon Polt hat Alfred Komarek eine Kultfigur der deutschsprachigen Kriminalliteratur geschaffen, die durch Julian Roman P\u00f6lslers ORF-Verfilmungen mit Erwin Steinhauer zum Leben erweckt wurde. Am 5. Oktober 2020 feiert der vielfach preisgekr\u00f6nte Autor zahlreicher B\u00fccher, H\u00f6rspiele, [&hellip;]<\/p>\n","protected":false},"author":1,"featured_media":4541,"comment_status":"closed","ping_status":"closed","sticky":false,"template":"","format":"standard","meta":{"_acf_changed":false,"footnotes":""},"categories":[133,118],"tags":[164,165],"class_list":["post-6778","post","type-post","status-publish","format-standard","has-post-thumbnail","hentry","category-literatur","category-uncategorized","tag-kulturtv-at","tag-tvtipp-at"],"acf":[],"yoast_head":"<!-- This site is optimized with the Yoast SEO plugin v26.1.1 - https:\/\/yoast.com\/wordpress\/plugins\/seo\/ -->\n<title>ORF zum 75er von Alfred Komarek: Neue Portr\u00e4ts - Kultur Online TV &amp; FM<\/title>\n<meta name=\"description\" content=\"Kultur sehen und H\u00f6ren\" \/>\n<meta name=\"robots\" content=\"index, follow, max-snippet:-1, max-image-preview:large, max-video-preview:-1\" \/>\n<link rel=\"canonical\" href=\"https:\/\/kulturonline.tv\/at\/orf-zum-75er-von-alfred-komarek-neue-portraets\/\" \/>\n<meta property=\"og:locale\" content=\"de_DE\" \/>\n<meta property=\"og:type\" content=\"article\" \/>\n<meta property=\"og:title\" content=\"ORF zum 75er von Alfred Komarek: Neue Portr\u00e4ts - Kultur Online TV &amp; FM\" \/>\n<meta property=\"og:description\" content=\"Kultur sehen und H\u00f6ren\" \/>\n<meta property=\"og:url\" content=\"https:\/\/kulturonline.tv\/at\/orf-zum-75er-von-alfred-komarek-neue-portraets\/\" \/>\n<meta property=\"og:site_name\" content=\"Kultur Online TV &amp; FM\" \/>\n<meta property=\"article:publisher\" content=\"https:\/\/www.facebook.com\/kulturonline.tv\" \/>\n<meta property=\"article:published_time\" content=\"2020-09-30T19:07:07+00:00\" \/>\n<meta property=\"og:image\" content=\"https:\/\/kulturonline.tv\/wp-content\/uploads\/2021\/06\/d1bfac_72b8bfa2111b48c69294edbd274edd9c~mv2.jpg\" \/>\n\t<meta property=\"og:image:width\" content=\"989\" \/>\n\t<meta property=\"og:image:height\" content=\"1318\" \/>\n\t<meta property=\"og:image:type\" content=\"image\/jpeg\" \/>\n<meta name=\"author\" content=\"stefanrehbein\" \/>\n<meta name=\"twitter:card\" content=\"summary_large_image\" \/>\n<meta name=\"twitter:label1\" content=\"Verfasst von\" \/>\n\t<meta name=\"twitter:data1\" content=\"stefanrehbein\" \/>\n\t<meta name=\"twitter:label2\" content=\"Gesch\u00e4tzte Lesezeit\" \/>\n\t<meta name=\"twitter:data2\" content=\"4 Minuten\" \/>\n<script type=\"application\/ld+json\" class=\"yoast-schema-graph\">{\"@context\":\"https:\/\/schema.org\",\"@graph\":[{\"@type\":\"Article\",\"@id\":\"https:\/\/kulturonline.tv\/at\/orf-zum-75er-von-alfred-komarek-neue-portraets\/#article\",\"isPartOf\":{\"@id\":\"https:\/\/kulturonline.tv\/at\/orf-zum-75er-von-alfred-komarek-neue-portraets\/\"},\"author\":{\"name\":\"stefanrehbein\",\"@id\":\"https:\/\/kulturonline.tv\/at\/#\/schema\/person\/a1ae2833a59ac52fb9a01a676de7b600\"},\"headline\":\"ORF zum 75er von Alfred Komarek: Neue Portr\u00e4ts\",\"datePublished\":\"2020-09-30T19:07:07+00:00\",\"mainEntityOfPage\":{\"@id\":\"https:\/\/kulturonline.tv\/at\/orf-zum-75er-von-alfred-komarek-neue-portraets\/\"},\"wordCount\":734,\"publisher\":{\"@id\":\"https:\/\/kulturonline.tv\/at\/#organization\"},\"image\":{\"@id\":\"https:\/\/kulturonline.tv\/at\/orf-zum-75er-von-alfred-komarek-neue-portraets\/#primaryimage\"},\"thumbnailUrl\":\"https:\/\/kulturonline.tv\/wp-content\/uploads\/2021\/06\/d1bfac_72b8bfa2111b48c69294edbd274edd9c~mv2.jpg\",\"keywords\":[\"#kulturtv\",\"#tvtipp\"],\"articleSection\":[\"Literatur\",\"Uncategorized @at\"],\"inLanguage\":\"de-AT\"},{\"@type\":\"WebPage\",\"@id\":\"https:\/\/kulturonline.tv\/at\/orf-zum-75er-von-alfred-komarek-neue-portraets\/\",\"url\":\"https:\/\/kulturonline.tv\/at\/orf-zum-75er-von-alfred-komarek-neue-portraets\/\",\"name\":\"ORF zum 75er von Alfred Komarek: Neue Portr\u00e4ts - Kultur Online TV &amp; FM\",\"isPartOf\":{\"@id\":\"https:\/\/kulturonline.tv\/at\/#website\"},\"primaryImageOfPage\":{\"@id\":\"https:\/\/kulturonline.tv\/at\/orf-zum-75er-von-alfred-komarek-neue-portraets\/#primaryimage\"},\"image\":{\"@id\":\"https:\/\/kulturonline.tv\/at\/orf-zum-75er-von-alfred-komarek-neue-portraets\/#primaryimage\"},\"thumbnailUrl\":\"https:\/\/kulturonline.tv\/wp-content\/uploads\/2021\/06\/d1bfac_72b8bfa2111b48c69294edbd274edd9c~mv2.jpg\",\"datePublished\":\"2020-09-30T19:07:07+00:00\",\"description\":\"Kultur sehen und H\u00f6ren\",\"breadcrumb\":{\"@id\":\"https:\/\/kulturonline.tv\/at\/orf-zum-75er-von-alfred-komarek-neue-portraets\/#breadcrumb\"},\"inLanguage\":\"de-AT\",\"potentialAction\":[{\"@type\":\"ReadAction\",\"target\":[\"https:\/\/kulturonline.tv\/at\/orf-zum-75er-von-alfred-komarek-neue-portraets\/\"]}]},{\"@type\":\"ImageObject\",\"inLanguage\":\"de-AT\",\"@id\":\"https:\/\/kulturonline.tv\/at\/orf-zum-75er-von-alfred-komarek-neue-portraets\/#primaryimage\",\"url\":\"https:\/\/kulturonline.tv\/wp-content\/uploads\/2021\/06\/d1bfac_72b8bfa2111b48c69294edbd274edd9c~mv2.jpg\",\"contentUrl\":\"https:\/\/kulturonline.tv\/wp-content\/uploads\/2021\/06\/d1bfac_72b8bfa2111b48c69294edbd274edd9c~mv2.jpg\",\"width\":989,\"height\":1318},{\"@type\":\"BreadcrumbList\",\"@id\":\"https:\/\/kulturonline.tv\/at\/orf-zum-75er-von-alfred-komarek-neue-portraets\/#breadcrumb\",\"itemListElement\":[{\"@type\":\"ListItem\",\"position\":1,\"name\":\"Startseite\",\"item\":\"https:\/\/kulturonline.tv\/at\/\"},{\"@type\":\"ListItem\",\"position\":2,\"name\":\"ORF zum 75er von Alfred Komarek: Neue Portr\u00e4ts\"}]},{\"@type\":\"WebSite\",\"@id\":\"https:\/\/kulturonline.tv\/at\/#website\",\"url\":\"https:\/\/kulturonline.tv\/at\/\",\"name\":\"Kultur Online TV &amp; FM\",\"description\":\"Wir sind Kultur 2.0 zum sehen &amp; h\u00f6ren\",\"publisher\":{\"@id\":\"https:\/\/kulturonline.tv\/at\/#organization\"},\"potentialAction\":[{\"@type\":\"SearchAction\",\"target\":{\"@type\":\"EntryPoint\",\"urlTemplate\":\"https:\/\/kulturonline.tv\/at\/?s={search_term_string}\"},\"query-input\":{\"@type\":\"PropertyValueSpecification\",\"valueRequired\":true,\"valueName\":\"search_term_string\"}}],\"inLanguage\":\"de-AT\"},{\"@type\":\"Organization\",\"@id\":\"https:\/\/kulturonline.tv\/at\/#organization\",\"name\":\"Kultur Online TV\",\"url\":\"https:\/\/kulturonline.tv\/at\/\",\"logo\":{\"@type\":\"ImageObject\",\"inLanguage\":\"de-AT\",\"@id\":\"https:\/\/kulturonline.tv\/at\/#\/schema\/logo\/image\/\",\"url\":\"https:\/\/kulturonline.tv\/wp-content\/uploads\/2021\/08\/Kultur-Online-Tv-Logo-Endversion-neu.png\",\"contentUrl\":\"https:\/\/kulturonline.tv\/wp-content\/uploads\/2021\/08\/Kultur-Online-Tv-Logo-Endversion-neu.png\",\"width\":200,\"height\":200,\"caption\":\"Kultur Online TV\"},\"image\":{\"@id\":\"https:\/\/kulturonline.tv\/at\/#\/schema\/logo\/image\/\"},\"sameAs\":[\"https:\/\/www.facebook.com\/kulturonline.tv\",\"https:\/\/www.instagram.com\/kulturonline.tv\"]},{\"@type\":\"Person\",\"@id\":\"https:\/\/kulturonline.tv\/at\/#\/schema\/person\/a1ae2833a59ac52fb9a01a676de7b600\",\"name\":\"stefanrehbein\",\"sameAs\":[\"http:\/\/kulturonline.tv\"]}]}<\/script>\n<!-- \/ Yoast SEO plugin. -->","yoast_head_json":{"title":"ORF zum 75er von Alfred Komarek: Neue Portr\u00e4ts - Kultur Online TV &amp; FM","description":"Kultur sehen und H\u00f6ren","robots":{"index":"index","follow":"follow","max-snippet":"max-snippet:-1","max-image-preview":"max-image-preview:large","max-video-preview":"max-video-preview:-1"},"canonical":"https:\/\/kulturonline.tv\/at\/orf-zum-75er-von-alfred-komarek-neue-portraets\/","og_locale":"de_DE","og_type":"article","og_title":"ORF zum 75er von Alfred Komarek: Neue Portr\u00e4ts - Kultur Online TV &amp; FM","og_description":"Kultur sehen und H\u00f6ren","og_url":"https:\/\/kulturonline.tv\/at\/orf-zum-75er-von-alfred-komarek-neue-portraets\/","og_site_name":"Kultur Online TV &amp; FM","article_publisher":"https:\/\/www.facebook.com\/kulturonline.tv","article_published_time":"2020-09-30T19:07:07+00:00","og_image":[{"width":989,"height":1318,"url":"https:\/\/kulturonline.tv\/wp-content\/uploads\/2021\/06\/d1bfac_72b8bfa2111b48c69294edbd274edd9c~mv2.jpg","type":"image\/jpeg"}],"author":"stefanrehbein","twitter_card":"summary_large_image","twitter_misc":{"Verfasst von":"stefanrehbein","Gesch\u00e4tzte Lesezeit":"4 Minuten"},"schema":{"@context":"https:\/\/schema.org","@graph":[{"@type":"Article","@id":"https:\/\/kulturonline.tv\/at\/orf-zum-75er-von-alfred-komarek-neue-portraets\/#article","isPartOf":{"@id":"https:\/\/kulturonline.tv\/at\/orf-zum-75er-von-alfred-komarek-neue-portraets\/"},"author":{"name":"stefanrehbein","@id":"https:\/\/kulturonline.tv\/at\/#\/schema\/person\/a1ae2833a59ac52fb9a01a676de7b600"},"headline":"ORF zum 75er von Alfred Komarek: Neue Portr\u00e4ts","datePublished":"2020-09-30T19:07:07+00:00","mainEntityOfPage":{"@id":"https:\/\/kulturonline.tv\/at\/orf-zum-75er-von-alfred-komarek-neue-portraets\/"},"wordCount":734,"publisher":{"@id":"https:\/\/kulturonline.tv\/at\/#organization"},"image":{"@id":"https:\/\/kulturonline.tv\/at\/orf-zum-75er-von-alfred-komarek-neue-portraets\/#primaryimage"},"thumbnailUrl":"https:\/\/kulturonline.tv\/wp-content\/uploads\/2021\/06\/d1bfac_72b8bfa2111b48c69294edbd274edd9c~mv2.jpg","keywords":["#kulturtv","#tvtipp"],"articleSection":["Literatur","Uncategorized @at"],"inLanguage":"de-AT"},{"@type":"WebPage","@id":"https:\/\/kulturonline.tv\/at\/orf-zum-75er-von-alfred-komarek-neue-portraets\/","url":"https:\/\/kulturonline.tv\/at\/orf-zum-75er-von-alfred-komarek-neue-portraets\/","name":"ORF zum 75er von Alfred Komarek: Neue Portr\u00e4ts - Kultur Online TV &amp; FM","isPartOf":{"@id":"https:\/\/kulturonline.tv\/at\/#website"},"primaryImageOfPage":{"@id":"https:\/\/kulturonline.tv\/at\/orf-zum-75er-von-alfred-komarek-neue-portraets\/#primaryimage"},"image":{"@id":"https:\/\/kulturonline.tv\/at\/orf-zum-75er-von-alfred-komarek-neue-portraets\/#primaryimage"},"thumbnailUrl":"https:\/\/kulturonline.tv\/wp-content\/uploads\/2021\/06\/d1bfac_72b8bfa2111b48c69294edbd274edd9c~mv2.jpg","datePublished":"2020-09-30T19:07:07+00:00","description":"Kultur sehen und H\u00f6ren","breadcrumb":{"@id":"https:\/\/kulturonline.tv\/at\/orf-zum-75er-von-alfred-komarek-neue-portraets\/#breadcrumb"},"inLanguage":"de-AT","potentialAction":[{"@type":"ReadAction","target":["https:\/\/kulturonline.tv\/at\/orf-zum-75er-von-alfred-komarek-neue-portraets\/"]}]},{"@type":"ImageObject","inLanguage":"de-AT","@id":"https:\/\/kulturonline.tv\/at\/orf-zum-75er-von-alfred-komarek-neue-portraets\/#primaryimage","url":"https:\/\/kulturonline.tv\/wp-content\/uploads\/2021\/06\/d1bfac_72b8bfa2111b48c69294edbd274edd9c~mv2.jpg","contentUrl":"https:\/\/kulturonline.tv\/wp-content\/uploads\/2021\/06\/d1bfac_72b8bfa2111b48c69294edbd274edd9c~mv2.jpg","width":989,"height":1318},{"@type":"BreadcrumbList","@id":"https:\/\/kulturonline.tv\/at\/orf-zum-75er-von-alfred-komarek-neue-portraets\/#breadcrumb","itemListElement":[{"@type":"ListItem","position":1,"name":"Startseite","item":"https:\/\/kulturonline.tv\/at\/"},{"@type":"ListItem","position":2,"name":"ORF zum 75er von Alfred Komarek: Neue Portr\u00e4ts"}]},{"@type":"WebSite","@id":"https:\/\/kulturonline.tv\/at\/#website","url":"https:\/\/kulturonline.tv\/at\/","name":"Kultur Online TV &amp; FM","description":"Wir sind Kultur 2.0 zum sehen &amp; h\u00f6ren","publisher":{"@id":"https:\/\/kulturonline.tv\/at\/#organization"},"potentialAction":[{"@type":"SearchAction","target":{"@type":"EntryPoint","urlTemplate":"https:\/\/kulturonline.tv\/at\/?s={search_term_string}"},"query-input":{"@type":"PropertyValueSpecification","valueRequired":true,"valueName":"search_term_string"}}],"inLanguage":"de-AT"},{"@type":"Organization","@id":"https:\/\/kulturonline.tv\/at\/#organization","name":"Kultur Online TV","url":"https:\/\/kulturonline.tv\/at\/","logo":{"@type":"ImageObject","inLanguage":"de-AT","@id":"https:\/\/kulturonline.tv\/at\/#\/schema\/logo\/image\/","url":"https:\/\/kulturonline.tv\/wp-content\/uploads\/2021\/08\/Kultur-Online-Tv-Logo-Endversion-neu.png","contentUrl":"https:\/\/kulturonline.tv\/wp-content\/uploads\/2021\/08\/Kultur-Online-Tv-Logo-Endversion-neu.png","width":200,"height":200,"caption":"Kultur Online TV"},"image":{"@id":"https:\/\/kulturonline.tv\/at\/#\/schema\/logo\/image\/"},"sameAs":["https:\/\/www.facebook.com\/kulturonline.tv","https:\/\/www.instagram.com\/kulturonline.tv"]},{"@type":"Person","@id":"https:\/\/kulturonline.tv\/at\/#\/schema\/person\/a1ae2833a59ac52fb9a01a676de7b600","name":"stefanrehbein","sameAs":["http:\/\/kulturonline.tv"]}]}},"_links":{"self":[{"href":"https:\/\/kulturonline.tv\/at\/wp-json\/wp\/v2\/posts\/6778","targetHints":{"allow":["GET"]}}],"collection":[{"href":"https:\/\/kulturonline.tv\/at\/wp-json\/wp\/v2\/posts"}],"about":[{"href":"https:\/\/kulturonline.tv\/at\/wp-json\/wp\/v2\/types\/post"}],"author":[{"embeddable":true,"href":"https:\/\/kulturonline.tv\/at\/wp-json\/wp\/v2\/users\/1"}],"replies":[{"embeddable":true,"href":"https:\/\/kulturonline.tv\/at\/wp-json\/wp\/v2\/comments?post=6778"}],"version-history":[{"count":0,"href":"https:\/\/kulturonline.tv\/at\/wp-json\/wp\/v2\/posts\/6778\/revisions"}],"wp:featuredmedia":[{"embeddable":true,"href":"https:\/\/kulturonline.tv\/at\/wp-json\/wp\/v2\/media\/4541"}],"wp:attachment":[{"href":"https:\/\/kulturonline.tv\/at\/wp-json\/wp\/v2\/media?parent=6778"}],"wp:term":[{"taxonomy":"category","embeddable":true,"href":"https:\/\/kulturonline.tv\/at\/wp-json\/wp\/v2\/categories?post=6778"},{"taxonomy":"post_tag","embeddable":true,"href":"https:\/\/kulturonline.tv\/at\/wp-json\/wp\/v2\/tags?post=6778"}],"curies":[{"name":"wp","href":"https:\/\/api.w.org\/{rel}","templated":true}]}}