{"id":6779,"date":"2020-09-30T20:58:59","date_gmt":"2020-09-30T18:58:59","guid":{"rendered":"https:\/\/kulturonline.tv\/uncategorized\/10-jahre-virtuelle-buecherei-wien"},"modified":"2020-09-30T20:58:59","modified_gmt":"2020-09-30T18:58:59","slug":"10-jahre-virtuelle-buecherei-wien","status":"publish","type":"post","link":"https:\/\/kulturonline.tv\/at\/10-jahre-virtuelle-buecherei-wien\/","title":{"rendered":"10 Jahre Virtuelle B\u00fccherei Wien"},"content":{"rendered":"<p><img decoding=\"async\" aria-hidden=\"true\" data-pin-url=\"https:\/\/www.kulturonline.tv\/post\/10-jahre-virtuelle-b\u00fccherei-wien\" data-pin-media=\"https:\/\/static.wixstatic.com\/media\/d1bfac_71db42f9a6594cc5b56118295305d410~mv2.jpg\/v1\/fit\/w_1000{3856b621f8f9b12a9d7e530f990c7d312d5849aa5fb15fbaec4658ad8a578492}2Ch_1000{3856b621f8f9b12a9d7e530f990c7d312d5849aa5fb15fbaec4658ad8a578492}2Cal_c{3856b621f8f9b12a9d7e530f990c7d312d5849aa5fb15fbaec4658ad8a578492}2Cq_80\/file.jpg\" class=\"_5JW6l _2ERz3\" src=\"https:\/\/static.wixstatic.com\/media\/d1bfac_71db42f9a6594cc5b56118295305d410~mv2.jpg\/v1\/fit\/w_750,h_500,al_c,q_20\/file.jpg\"><\/p>\n<p>Vor 10 Jahren, am 30. September 2010, ging die Virtuelle B\u00fccherei Wien an den Start: Mit dem neuen Online-Service erm\u00f6glichten die Stadt Wien-B\u00fcchereien die Ausleihe von digitalen Medien rund um die Uhr und reagierten damit auf den ver\u00e4nderten Medienkonsum. Derzeit bieten die B\u00fcchereien digital 70.000 Titel von aktuellen Romanen, Krimis und Literaturklassikern \u00fcber Kinder- und Jugendliteratur bis hin zu Sach- und Fachb\u00fcchern stehen zur Auswahl. 70 verschiedene Zeitschriften zu Themen wie Kunst, Reisen, Politik, Musik, Technik, Informatik, Lifestyle und Handarbeiten sowie f\u00fcnf Tageszeitungen runden das Angebot ab. Seit 2018 beinhaltet die Virtuelle B\u00fccherei auch eLearning-Kurse: \u00dcber 1.500 Videotrainings zur beruflichen und privaten Weiterbildung k\u00f6nnen jederzeit ausgeliehen werden. Zum Vergleich: Rund 2.300 eBooks, eAudios, eMagazines und ePapers standen 2010 zum Download zur Verf\u00fcgung, der Schwerpunkt lag auf Ratgeberliteratur.<\/p>\n<p>Von den Wienerinnen und Wienern wurde das Angebot von Beginn an begeistert aufgenommen; seit ihrem Start wurden \u00fcber 4,3 Millionen Entlehnungen in der Virtuellen B\u00fccherei get\u00e4tigt, pro Tag erfolgen mittlerweile durchschnittlich 2.300 Downloads.<\/p>\n<p>Coronavirus: B\u00fcchereien machen Zugang zu digitalen Angeboten kostenlos<\/p>\n<p>W\u00e4hrend der Coronavirus-bedingten Schlie\u00dfzeit im Fr\u00fchjahr 2020 konnte man sich formlos einen kostenlosen Zugang zu den digitalen Angeboten der B\u00fcchereien \u2013 und damit auch der Virtuellen B\u00fccherei \u2013 holen. 15.000 Menschen machten davon Gebrauch, rund 2.800 entschieden sich nach der Wieder\u00f6ffnung der B\u00fcchereien f\u00fcr eine regul\u00e4re Mitgliedschaft. W\u00e4hrend der Schlie\u00dfzeit verzeichnete die Virtuelle B\u00fccherei Rekordzugriffe \u2013 rund 209.000 Entlehnungen waren es im April und Mai 2020.<\/p>\n<p>Bestleiher: Drei \u00d6sterreicherInnen unter den ersten drei<\/p>\n<p>Besonders beliebt sind Romane, Krimis &amp; Thriller, Kinderliteratur und Ratgeber. Die Bestleiher sind derzeit Marc Elsbergs Wissenschaftsthriller \u201eHelix\u201c, Thomas Stipsits Burgenland-Krimi \u201eKopftuchmafia\u201c und Monika Helfers Roman \u201eDie Bagage\u201c. Die gegenw\u00e4rtige Pandemie beeinflusst auch das Leihverhalten: Unter den H\u00f6rb\u00fcchern f\u00fchrt seit M\u00e4rz 2020 Albert Camus \u201eDie Pest\u201c die Rangliste an.<\/p>\n<p>Ausbau der Virtuellen B\u00fccherei um 300 Titel pro Monat<\/p>\n<p>Der Bestand der Virtuellen B\u00fccherei wird kontinuierlich ausgebaut, pro Monat kommen mindestens 300 neue Titel hinzu.nDie digitalen Medien der Virtuellen B\u00fccherei k\u00f6nnen an jedem Ort mit Internetzugang bequem per Mausklick ausgeliehen und auf zahlreichen Endger\u00e4ten genutzt werden: PC\/Laptop, E-Reader, Tablet, Smartphone. F\u00fcr das mobile Lese- und H\u00f6rvergn\u00fcgen am Tablet und Smartphone steht die kostenlose Onleihe-App zur Verf\u00fcgung. Die R\u00fcckgabe erfolgt automatisch, es k\u00f6nnen also keine \u00dcberziehungsgeb\u00fchren entstehen.nDer Service ist f\u00fcr alle Nutzerinnen und Nutzer mit einer g\u00fcltigen B\u00fcchereikarte kostenlos.nwww.virtuellebuecherei.wien.gv.at<\/p>\n<p>Textquelle: OTS Presseaussendung<\/p>\n","protected":false},"excerpt":{"rendered":"<p>Vor 10 Jahren, am 30. September 2010, ging die Virtuelle B\u00fccherei Wien an den Start: Mit dem neuen Online-Service erm\u00f6glichten die Stadt Wien-B\u00fcchereien die Ausleihe von digitalen Medien rund um die Uhr und reagierten damit auf den ver\u00e4nderten Medienkonsum. Derzeit bieten die B\u00fcchereien digital 70.000 Titel von aktuellen Romanen, Krimis und Literaturklassikern \u00fcber Kinder- und [&hellip;]<\/p>\n","protected":false},"author":1,"featured_media":4543,"comment_status":"closed","ping_status":"closed","sticky":false,"template":"","format":"standard","meta":{"_acf_changed":false,"footnotes":""},"categories":[133],"tags":[164],"class_list":["post-6779","post","type-post","status-publish","format-standard","has-post-thumbnail","hentry","category-literatur","tag-kulturtv-at"],"acf":[],"yoast_head":"<!-- This site is optimized with the Yoast SEO plugin v26.1.1 - https:\/\/yoast.com\/wordpress\/plugins\/seo\/ -->\n<title>10 Jahre Virtuelle B\u00fccherei Wien - Kultur Online TV &amp; FM<\/title>\n<meta name=\"description\" content=\"Kultur sehen und H\u00f6ren\" \/>\n<meta name=\"robots\" content=\"index, follow, max-snippet:-1, max-image-preview:large, max-video-preview:-1\" \/>\n<link rel=\"canonical\" href=\"https:\/\/kulturonline.tv\/at\/10-jahre-virtuelle-buecherei-wien\/\" \/>\n<meta property=\"og:locale\" content=\"de_DE\" \/>\n<meta property=\"og:type\" content=\"article\" \/>\n<meta property=\"og:title\" content=\"10 Jahre Virtuelle B\u00fccherei Wien - Kultur Online TV &amp; FM\" \/>\n<meta property=\"og:description\" content=\"Kultur sehen und H\u00f6ren\" \/>\n<meta property=\"og:url\" content=\"https:\/\/kulturonline.tv\/at\/10-jahre-virtuelle-buecherei-wien\/\" \/>\n<meta property=\"og:site_name\" content=\"Kultur Online TV &amp; FM\" \/>\n<meta property=\"article:publisher\" content=\"https:\/\/www.facebook.com\/kulturonline.tv\" \/>\n<meta property=\"article:published_time\" content=\"2020-09-30T18:58:59+00:00\" \/>\n<meta property=\"og:image\" content=\"https:\/\/kulturonline.tv\/wp-content\/uploads\/2021\/06\/d1bfac_71db42f9a6594cc5b56118295305d410~mv2.jpg\" \/>\n\t<meta property=\"og:image:width\" content=\"1920\" \/>\n\t<meta property=\"og:image:height\" content=\"1280\" \/>\n\t<meta property=\"og:image:type\" content=\"image\/jpeg\" \/>\n<meta name=\"author\" content=\"stefanrehbein\" \/>\n<meta name=\"twitter:card\" content=\"summary_large_image\" \/>\n<meta name=\"twitter:label1\" content=\"Verfasst von\" \/>\n\t<meta name=\"twitter:data1\" content=\"stefanrehbein\" \/>\n\t<meta name=\"twitter:label2\" content=\"Gesch\u00e4tzte Lesezeit\" \/>\n\t<meta name=\"twitter:data2\" content=\"2 Minuten\" \/>\n<script type=\"application\/ld+json\" class=\"yoast-schema-graph\">{\"@context\":\"https:\/\/schema.org\",\"@graph\":[{\"@type\":\"Article\",\"@id\":\"https:\/\/kulturonline.tv\/at\/10-jahre-virtuelle-buecherei-wien\/#article\",\"isPartOf\":{\"@id\":\"https:\/\/kulturonline.tv\/at\/10-jahre-virtuelle-buecherei-wien\/\"},\"author\":{\"name\":\"stefanrehbein\",\"@id\":\"https:\/\/kulturonline.tv\/at\/#\/schema\/person\/a1ae2833a59ac52fb9a01a676de7b600\"},\"headline\":\"10 Jahre Virtuelle B\u00fccherei Wien\",\"datePublished\":\"2020-09-30T18:58:59+00:00\",\"mainEntityOfPage\":{\"@id\":\"https:\/\/kulturonline.tv\/at\/10-jahre-virtuelle-buecherei-wien\/\"},\"wordCount\":417,\"publisher\":{\"@id\":\"https:\/\/kulturonline.tv\/at\/#organization\"},\"image\":{\"@id\":\"https:\/\/kulturonline.tv\/at\/10-jahre-virtuelle-buecherei-wien\/#primaryimage\"},\"thumbnailUrl\":\"https:\/\/kulturonline.tv\/wp-content\/uploads\/2021\/06\/d1bfac_71db42f9a6594cc5b56118295305d410~mv2.jpg\",\"keywords\":[\"#kulturtv\"],\"articleSection\":[\"Literatur\"],\"inLanguage\":\"de-AT\"},{\"@type\":\"WebPage\",\"@id\":\"https:\/\/kulturonline.tv\/at\/10-jahre-virtuelle-buecherei-wien\/\",\"url\":\"https:\/\/kulturonline.tv\/at\/10-jahre-virtuelle-buecherei-wien\/\",\"name\":\"10 Jahre Virtuelle B\u00fccherei Wien - Kultur Online TV &amp; FM\",\"isPartOf\":{\"@id\":\"https:\/\/kulturonline.tv\/at\/#website\"},\"primaryImageOfPage\":{\"@id\":\"https:\/\/kulturonline.tv\/at\/10-jahre-virtuelle-buecherei-wien\/#primaryimage\"},\"image\":{\"@id\":\"https:\/\/kulturonline.tv\/at\/10-jahre-virtuelle-buecherei-wien\/#primaryimage\"},\"thumbnailUrl\":\"https:\/\/kulturonline.tv\/wp-content\/uploads\/2021\/06\/d1bfac_71db42f9a6594cc5b56118295305d410~mv2.jpg\",\"datePublished\":\"2020-09-30T18:58:59+00:00\",\"description\":\"Kultur sehen und H\u00f6ren\",\"breadcrumb\":{\"@id\":\"https:\/\/kulturonline.tv\/at\/10-jahre-virtuelle-buecherei-wien\/#breadcrumb\"},\"inLanguage\":\"de-AT\",\"potentialAction\":[{\"@type\":\"ReadAction\",\"target\":[\"https:\/\/kulturonline.tv\/at\/10-jahre-virtuelle-buecherei-wien\/\"]}]},{\"@type\":\"ImageObject\",\"inLanguage\":\"de-AT\",\"@id\":\"https:\/\/kulturonline.tv\/at\/10-jahre-virtuelle-buecherei-wien\/#primaryimage\",\"url\":\"https:\/\/kulturonline.tv\/wp-content\/uploads\/2021\/06\/d1bfac_71db42f9a6594cc5b56118295305d410~mv2.jpg\",\"contentUrl\":\"https:\/\/kulturonline.tv\/wp-content\/uploads\/2021\/06\/d1bfac_71db42f9a6594cc5b56118295305d410~mv2.jpg\",\"width\":1920,\"height\":1280},{\"@type\":\"BreadcrumbList\",\"@id\":\"https:\/\/kulturonline.tv\/at\/10-jahre-virtuelle-buecherei-wien\/#breadcrumb\",\"itemListElement\":[{\"@type\":\"ListItem\",\"position\":1,\"name\":\"Startseite\",\"item\":\"https:\/\/kulturonline.tv\/at\/\"},{\"@type\":\"ListItem\",\"position\":2,\"name\":\"10 Jahre Virtuelle B\u00fccherei Wien\"}]},{\"@type\":\"WebSite\",\"@id\":\"https:\/\/kulturonline.tv\/at\/#website\",\"url\":\"https:\/\/kulturonline.tv\/at\/\",\"name\":\"Kultur Online TV &amp; FM\",\"description\":\"Wir sind Kultur 2.0 zum sehen &amp; h\u00f6ren\",\"publisher\":{\"@id\":\"https:\/\/kulturonline.tv\/at\/#organization\"},\"potentialAction\":[{\"@type\":\"SearchAction\",\"target\":{\"@type\":\"EntryPoint\",\"urlTemplate\":\"https:\/\/kulturonline.tv\/at\/?s={search_term_string}\"},\"query-input\":{\"@type\":\"PropertyValueSpecification\",\"valueRequired\":true,\"valueName\":\"search_term_string\"}}],\"inLanguage\":\"de-AT\"},{\"@type\":\"Organization\",\"@id\":\"https:\/\/kulturonline.tv\/at\/#organization\",\"name\":\"Kultur Online TV\",\"url\":\"https:\/\/kulturonline.tv\/at\/\",\"logo\":{\"@type\":\"ImageObject\",\"inLanguage\":\"de-AT\",\"@id\":\"https:\/\/kulturonline.tv\/at\/#\/schema\/logo\/image\/\",\"url\":\"https:\/\/kulturonline.tv\/wp-content\/uploads\/2021\/08\/Kultur-Online-Tv-Logo-Endversion-neu.png\",\"contentUrl\":\"https:\/\/kulturonline.tv\/wp-content\/uploads\/2021\/08\/Kultur-Online-Tv-Logo-Endversion-neu.png\",\"width\":200,\"height\":200,\"caption\":\"Kultur Online TV\"},\"image\":{\"@id\":\"https:\/\/kulturonline.tv\/at\/#\/schema\/logo\/image\/\"},\"sameAs\":[\"https:\/\/www.facebook.com\/kulturonline.tv\",\"https:\/\/www.instagram.com\/kulturonline.tv\"]},{\"@type\":\"Person\",\"@id\":\"https:\/\/kulturonline.tv\/at\/#\/schema\/person\/a1ae2833a59ac52fb9a01a676de7b600\",\"name\":\"stefanrehbein\",\"sameAs\":[\"http:\/\/kulturonline.tv\"]}]}<\/script>\n<!-- \/ Yoast SEO plugin. -->","yoast_head_json":{"title":"10 Jahre Virtuelle B\u00fccherei Wien - Kultur Online TV &amp; FM","description":"Kultur sehen und H\u00f6ren","robots":{"index":"index","follow":"follow","max-snippet":"max-snippet:-1","max-image-preview":"max-image-preview:large","max-video-preview":"max-video-preview:-1"},"canonical":"https:\/\/kulturonline.tv\/at\/10-jahre-virtuelle-buecherei-wien\/","og_locale":"de_DE","og_type":"article","og_title":"10 Jahre Virtuelle B\u00fccherei Wien - Kultur Online TV &amp; FM","og_description":"Kultur sehen und H\u00f6ren","og_url":"https:\/\/kulturonline.tv\/at\/10-jahre-virtuelle-buecherei-wien\/","og_site_name":"Kultur Online TV &amp; FM","article_publisher":"https:\/\/www.facebook.com\/kulturonline.tv","article_published_time":"2020-09-30T18:58:59+00:00","og_image":[{"width":1920,"height":1280,"url":"https:\/\/kulturonline.tv\/wp-content\/uploads\/2021\/06\/d1bfac_71db42f9a6594cc5b56118295305d410~mv2.jpg","type":"image\/jpeg"}],"author":"stefanrehbein","twitter_card":"summary_large_image","twitter_misc":{"Verfasst von":"stefanrehbein","Gesch\u00e4tzte Lesezeit":"2 Minuten"},"schema":{"@context":"https:\/\/schema.org","@graph":[{"@type":"Article","@id":"https:\/\/kulturonline.tv\/at\/10-jahre-virtuelle-buecherei-wien\/#article","isPartOf":{"@id":"https:\/\/kulturonline.tv\/at\/10-jahre-virtuelle-buecherei-wien\/"},"author":{"name":"stefanrehbein","@id":"https:\/\/kulturonline.tv\/at\/#\/schema\/person\/a1ae2833a59ac52fb9a01a676de7b600"},"headline":"10 Jahre Virtuelle B\u00fccherei Wien","datePublished":"2020-09-30T18:58:59+00:00","mainEntityOfPage":{"@id":"https:\/\/kulturonline.tv\/at\/10-jahre-virtuelle-buecherei-wien\/"},"wordCount":417,"publisher":{"@id":"https:\/\/kulturonline.tv\/at\/#organization"},"image":{"@id":"https:\/\/kulturonline.tv\/at\/10-jahre-virtuelle-buecherei-wien\/#primaryimage"},"thumbnailUrl":"https:\/\/kulturonline.tv\/wp-content\/uploads\/2021\/06\/d1bfac_71db42f9a6594cc5b56118295305d410~mv2.jpg","keywords":["#kulturtv"],"articleSection":["Literatur"],"inLanguage":"de-AT"},{"@type":"WebPage","@id":"https:\/\/kulturonline.tv\/at\/10-jahre-virtuelle-buecherei-wien\/","url":"https:\/\/kulturonline.tv\/at\/10-jahre-virtuelle-buecherei-wien\/","name":"10 Jahre Virtuelle B\u00fccherei Wien - Kultur Online TV &amp; FM","isPartOf":{"@id":"https:\/\/kulturonline.tv\/at\/#website"},"primaryImageOfPage":{"@id":"https:\/\/kulturonline.tv\/at\/10-jahre-virtuelle-buecherei-wien\/#primaryimage"},"image":{"@id":"https:\/\/kulturonline.tv\/at\/10-jahre-virtuelle-buecherei-wien\/#primaryimage"},"thumbnailUrl":"https:\/\/kulturonline.tv\/wp-content\/uploads\/2021\/06\/d1bfac_71db42f9a6594cc5b56118295305d410~mv2.jpg","datePublished":"2020-09-30T18:58:59+00:00","description":"Kultur sehen und H\u00f6ren","breadcrumb":{"@id":"https:\/\/kulturonline.tv\/at\/10-jahre-virtuelle-buecherei-wien\/#breadcrumb"},"inLanguage":"de-AT","potentialAction":[{"@type":"ReadAction","target":["https:\/\/kulturonline.tv\/at\/10-jahre-virtuelle-buecherei-wien\/"]}]},{"@type":"ImageObject","inLanguage":"de-AT","@id":"https:\/\/kulturonline.tv\/at\/10-jahre-virtuelle-buecherei-wien\/#primaryimage","url":"https:\/\/kulturonline.tv\/wp-content\/uploads\/2021\/06\/d1bfac_71db42f9a6594cc5b56118295305d410~mv2.jpg","contentUrl":"https:\/\/kulturonline.tv\/wp-content\/uploads\/2021\/06\/d1bfac_71db42f9a6594cc5b56118295305d410~mv2.jpg","width":1920,"height":1280},{"@type":"BreadcrumbList","@id":"https:\/\/kulturonline.tv\/at\/10-jahre-virtuelle-buecherei-wien\/#breadcrumb","itemListElement":[{"@type":"ListItem","position":1,"name":"Startseite","item":"https:\/\/kulturonline.tv\/at\/"},{"@type":"ListItem","position":2,"name":"10 Jahre Virtuelle B\u00fccherei Wien"}]},{"@type":"WebSite","@id":"https:\/\/kulturonline.tv\/at\/#website","url":"https:\/\/kulturonline.tv\/at\/","name":"Kultur Online TV &amp; FM","description":"Wir sind Kultur 2.0 zum sehen &amp; h\u00f6ren","publisher":{"@id":"https:\/\/kulturonline.tv\/at\/#organization"},"potentialAction":[{"@type":"SearchAction","target":{"@type":"EntryPoint","urlTemplate":"https:\/\/kulturonline.tv\/at\/?s={search_term_string}"},"query-input":{"@type":"PropertyValueSpecification","valueRequired":true,"valueName":"search_term_string"}}],"inLanguage":"de-AT"},{"@type":"Organization","@id":"https:\/\/kulturonline.tv\/at\/#organization","name":"Kultur Online TV","url":"https:\/\/kulturonline.tv\/at\/","logo":{"@type":"ImageObject","inLanguage":"de-AT","@id":"https:\/\/kulturonline.tv\/at\/#\/schema\/logo\/image\/","url":"https:\/\/kulturonline.tv\/wp-content\/uploads\/2021\/08\/Kultur-Online-Tv-Logo-Endversion-neu.png","contentUrl":"https:\/\/kulturonline.tv\/wp-content\/uploads\/2021\/08\/Kultur-Online-Tv-Logo-Endversion-neu.png","width":200,"height":200,"caption":"Kultur Online TV"},"image":{"@id":"https:\/\/kulturonline.tv\/at\/#\/schema\/logo\/image\/"},"sameAs":["https:\/\/www.facebook.com\/kulturonline.tv","https:\/\/www.instagram.com\/kulturonline.tv"]},{"@type":"Person","@id":"https:\/\/kulturonline.tv\/at\/#\/schema\/person\/a1ae2833a59ac52fb9a01a676de7b600","name":"stefanrehbein","sameAs":["http:\/\/kulturonline.tv"]}]}},"_links":{"self":[{"href":"https:\/\/kulturonline.tv\/at\/wp-json\/wp\/v2\/posts\/6779","targetHints":{"allow":["GET"]}}],"collection":[{"href":"https:\/\/kulturonline.tv\/at\/wp-json\/wp\/v2\/posts"}],"about":[{"href":"https:\/\/kulturonline.tv\/at\/wp-json\/wp\/v2\/types\/post"}],"author":[{"embeddable":true,"href":"https:\/\/kulturonline.tv\/at\/wp-json\/wp\/v2\/users\/1"}],"replies":[{"embeddable":true,"href":"https:\/\/kulturonline.tv\/at\/wp-json\/wp\/v2\/comments?post=6779"}],"version-history":[{"count":0,"href":"https:\/\/kulturonline.tv\/at\/wp-json\/wp\/v2\/posts\/6779\/revisions"}],"wp:featuredmedia":[{"embeddable":true,"href":"https:\/\/kulturonline.tv\/at\/wp-json\/wp\/v2\/media\/4543"}],"wp:attachment":[{"href":"https:\/\/kulturonline.tv\/at\/wp-json\/wp\/v2\/media?parent=6779"}],"wp:term":[{"taxonomy":"category","embeddable":true,"href":"https:\/\/kulturonline.tv\/at\/wp-json\/wp\/v2\/categories?post=6779"},{"taxonomy":"post_tag","embeddable":true,"href":"https:\/\/kulturonline.tv\/at\/wp-json\/wp\/v2\/tags?post=6779"}],"curies":[{"name":"wp","href":"https:\/\/api.w.org\/{rel}","templated":true}]}}