{"id":67922,"date":"2023-11-17T22:28:51","date_gmt":"2023-11-17T21:28:51","guid":{"rendered":"https:\/\/kulturonline.tv\/?p=67922"},"modified":"2023-11-17T22:28:53","modified_gmt":"2023-11-17T21:28:53","slug":"schwanda-der-dudelsackpfeifer-im-musiktheater-an-der-wien","status":"publish","type":"post","link":"https:\/\/kulturonline.tv\/at\/schwanda-der-dudelsackpfeifer-im-musiktheater-an-der-wien\/","title":{"rendered":"Schwanda, der Dudelsackpfeifer im MusikTheater an der Wien"},"content":{"rendered":"\n<p>Mit Jaromir Weinbergers Volksoper\u00a0<em>Schwanda, der Dudelsackpfeifer<\/em>\u00a0findet sich die slawische Oper im Programm der Saison 2023\/24 im MusikTheater an der Wien der Vereinigten B\u00fchnen Wien, ein Unternehmen der Wien Holding, wieder.Schwanda, der Dudelsackpfeifer im MusikTheater an der Wien:<\/p>\n\n\n\n<figure class=\"wp-block-image size-large\"><img fetchpriority=\"high\" decoding=\"async\" width=\"1676\" height=\"943\" src=\"https:\/\/kulturonline.tv\/wp-content\/uploads\/2023\/11\/Kultur-Online.tv-n-edited.jpg\" alt=\"\" class=\"wp-image-67929\" srcset=\"https:\/\/kulturonline.tv\/wp-content\/uploads\/2023\/11\/Kultur-Online.tv-n-edited.jpg 1676w, https:\/\/kulturonline.tv\/wp-content\/uploads\/2023\/11\/Kultur-Online.tv-n-edited-800x450.jpg 800w, https:\/\/kulturonline.tv\/wp-content\/uploads\/2023\/11\/Kultur-Online.tv-n-edited-1600x900.jpg 1600w, https:\/\/kulturonline.tv\/wp-content\/uploads\/2023\/11\/Kultur-Online.tv-n-edited-768x432.jpg 768w, https:\/\/kulturonline.tv\/wp-content\/uploads\/2023\/11\/Kultur-Online.tv-n-edited-1536x864.jpg 1536w, https:\/\/kulturonline.tv\/wp-content\/uploads\/2023\/11\/Kultur-Online.tv-n-edited-600x338.jpg 600w\" sizes=\"(max-width: 1676px) 100vw, 1676px\" \/><\/figure>\n\n\n\n<p>Der tschechische Dirigent Petr Popelka wird die Wiener Symphoniker sowie ein herausragendes S\u00e4nger*innenensemble leiten \u2013 darunter gro\u00dfe Namen der Opernszene wie Andr\u00e8 Schuen, Vera-Lotte Boecker und Pavol Breslik. Regisseur Tobias Kratzer, designierter Leiter der Staatsoper in Hamburg, kehrt mit dieser Inszenierung zur\u00fcck nach Wien und sp\u00fcrt nicht nur der bunten Oberfl\u00e4che, sondern gerade den tiefenpsychologischen Abgr\u00fcnden dieser M\u00e4rchenwelt f\u00fcr Erwachsene nach. Empfohlen wird die Oper ab 16 Jahren.<\/p>\n\n\n\n<p><strong>B\u00f6hmische Folklore mit Sp\u00e4tromantik<\/strong><br>Oh, wie sch\u00f6n ist das Eheleben! Die traute Zweisamkeit des Dudelsackpfeifers Schwanda und seiner Frau Dorota hat es allerdings in sich \u2013 umso mehr, als bald der R\u00e4uberhauptmann Babinsky auf der Bildfl\u00e4che erscheint, um den Ehemann zu allen m\u00f6glichen Abenteuern und die Ehefrau zum Fremdgehen zu verf\u00fchren. Die Begegnung mit einer verliebten Eisk\u00f6nigin, eine im letzten Moment verhinderte Hinrichtung und gar der Abstieg in die H\u00f6lle versprechen einen hintergr\u00fcndigen Spa\u00df.<\/p>\n\n\n\n<p>Jarom\u00edr Weinbergers Oper \u0160vanda dud\u00e1k wurde 1927 in Prag uraufgef\u00fchrt und fand in der \u00dcbersetzung von Max Brod Eingang in den deutschen Sprachraum. Die Nationalsozialisten setzten dem Erfolg des Werkes und Weinbergers Karriere \u00fcberhaupt jedoch ein j\u00e4hes Ende. In den letzten Jahren hat zumindest seine Erfolgsoper Schwanda, der Dudelsackpfeifer, in der sich b\u00f6hmische Folklore mit Sp\u00e4tromantik verbindet, die B\u00fchne wieder erobert.<\/p>\n\n\n\n<p><strong>Premiere<\/strong>:<br>Samstag, 18. November 2023 um 19.00 Uhr<\/p>\n\n\n\n<p><strong>Termine<\/strong>:<br>Montag, 20. November<br>Mittwoch, 22. November<br>Freitag, 24. November<br>Sonntag, 26. November<br>Dienstag, 28. November<\/p>\n\n\n\n<p>Jeweils um 19.00 Uhr in der Halle E im Museums Quartier &#8211; Museumsplatz 1, 1070 Wien<\/p>\n\n\n\n<p><strong>Tickets<\/strong>:<br>Tickets sind in an den Tageskassen der Theater der Vereinigten B\u00fchnen Wien (Ronacher, Raimund Theater und Halle E) sowie auf www.theater-wien.at und bei Wien Ticket im Callcenter (01\/588 85, t\u00e4glich von 08.00 \u2013 20.00 Uhr), im Wien Ticket-Pavillon bei der Staatsoper (Herbert von Karajan Platz, 1010 Wien, t\u00e4glich von 10.00 \u2013 19.00 Uhr), auf www.wien-ticket.at und in allen weiteren Wien Ticket-Vorverkaufsstellen erh\u00e4ltlich.<\/p>\n\n\n\n<p>Kultur Online TV-FM<\/p>\n\n\n\n<p>#news #theater<\/p>\n","protected":false},"excerpt":{"rendered":"<p>Mit Jaromir Weinbergers Volksoper\u00a0Schwanda, der Dudelsackpfeifer\u00a0findet sich die slawische Oper im Programm der Saison 2023\/24 im MusikTheater an der Wien der Vereinigten B\u00fchnen Wien, ein Unternehmen der Wien Holding, wieder.Schwanda, der Dudelsackpfeifer im MusikTheater an der Wien: Der tschechische Dirigent Petr Popelka wird die Wiener Symphoniker sowie ein herausragendes S\u00e4nger*innenensemble leiten \u2013 darunter gro\u00dfe Namen [&hellip;]<\/p>\n","protected":false},"author":2,"featured_media":67929,"comment_status":"open","ping_status":"closed","sticky":false,"template":"","format":"standard","meta":{"_acf_changed":false,"footnotes":""},"categories":[495],"tags":[],"class_list":["post-67922","post","type-post","status-publish","format-standard","has-post-thumbnail","hentry","category-theater-headline-at"],"acf":[],"yoast_head":"<!-- This site is optimized with the Yoast SEO plugin v26.1.1 - https:\/\/yoast.com\/wordpress\/plugins\/seo\/ -->\n<title>Schwanda, der Dudelsackpfeifer im MusikTheater an der Wien - Kultur Online TV &amp; FM<\/title>\n<meta name=\"description\" content=\"Mit Jaromir Weinbergers Volksoper\u00a0Schwanda, der Dudelsackpfeifer\u00a0findet sich die slawische Oper im Programm der Saison 2023\/24 im MusikTheater an der Wien der Vereinigten B\u00fchnen Wien, ein Unternehmen der Wien Holding, wieder.Schwanda, der Dudelsackpfeifer im MusikTheater an der Wien:\" \/>\n<meta name=\"robots\" content=\"index, follow, max-snippet:-1, max-image-preview:large, max-video-preview:-1\" \/>\n<link rel=\"canonical\" href=\"https:\/\/kulturonline.tv\/at\/schwanda-der-dudelsackpfeifer-im-musiktheater-an-der-wien\/\" \/>\n<meta property=\"og:locale\" content=\"de_DE\" \/>\n<meta property=\"og:type\" content=\"article\" \/>\n<meta property=\"og:title\" content=\"Schwanda, der Dudelsackpfeifer im MusikTheater an der Wien - Kultur Online TV &amp; FM\" \/>\n<meta property=\"og:description\" content=\"Mit Jaromir Weinbergers Volksoper\u00a0Schwanda, der Dudelsackpfeifer\u00a0findet sich die slawische Oper im Programm der Saison 2023\/24 im MusikTheater an der Wien der Vereinigten B\u00fchnen Wien, ein Unternehmen der Wien Holding, wieder.Schwanda, der Dudelsackpfeifer im MusikTheater an der Wien:\" \/>\n<meta property=\"og:url\" content=\"https:\/\/kulturonline.tv\/at\/schwanda-der-dudelsackpfeifer-im-musiktheater-an-der-wien\/\" \/>\n<meta property=\"og:site_name\" content=\"Kultur Online TV &amp; FM\" \/>\n<meta property=\"article:publisher\" content=\"https:\/\/www.facebook.com\/kulturonline.tv\" \/>\n<meta property=\"article:published_time\" content=\"2023-11-17T21:28:51+00:00\" \/>\n<meta property=\"article:modified_time\" content=\"2023-11-17T21:28:53+00:00\" \/>\n<meta property=\"og:image\" content=\"https:\/\/kulturonline.tv\/wp-content\/uploads\/2023\/11\/Kultur-Online.tv-n-edited.jpg\" \/>\n\t<meta property=\"og:image:width\" content=\"1676\" \/>\n\t<meta property=\"og:image:height\" content=\"943\" \/>\n\t<meta property=\"og:image:type\" content=\"image\/jpeg\" \/>\n<meta name=\"author\" content=\"guenter.wolfgang\" \/>\n<meta name=\"twitter:card\" content=\"summary_large_image\" \/>\n<meta name=\"twitter:label1\" content=\"Verfasst von\" \/>\n\t<meta name=\"twitter:data1\" content=\"guenter.wolfgang\" \/>\n\t<meta name=\"twitter:label2\" content=\"Gesch\u00e4tzte Lesezeit\" \/>\n\t<meta name=\"twitter:data2\" content=\"2 Minuten\" \/>\n<script type=\"application\/ld+json\" class=\"yoast-schema-graph\">{\"@context\":\"https:\/\/schema.org\",\"@graph\":[{\"@type\":\"Article\",\"@id\":\"https:\/\/kulturonline.tv\/at\/schwanda-der-dudelsackpfeifer-im-musiktheater-an-der-wien\/#article\",\"isPartOf\":{\"@id\":\"https:\/\/kulturonline.tv\/at\/schwanda-der-dudelsackpfeifer-im-musiktheater-an-der-wien\/\"},\"author\":{\"name\":\"guenter.wolfgang\",\"@id\":\"https:\/\/kulturonline.tv\/at\/#\/schema\/person\/b0fac729bb9a0c193fb1df23449df4fe\"},\"headline\":\"Schwanda, der Dudelsackpfeifer im MusikTheater an der Wien\",\"datePublished\":\"2023-11-17T21:28:51+00:00\",\"dateModified\":\"2023-11-17T21:28:53+00:00\",\"mainEntityOfPage\":{\"@id\":\"https:\/\/kulturonline.tv\/at\/schwanda-der-dudelsackpfeifer-im-musiktheater-an-der-wien\/\"},\"wordCount\":365,\"commentCount\":0,\"publisher\":{\"@id\":\"https:\/\/kulturonline.tv\/at\/#organization\"},\"image\":{\"@id\":\"https:\/\/kulturonline.tv\/at\/schwanda-der-dudelsackpfeifer-im-musiktheater-an-der-wien\/#primaryimage\"},\"thumbnailUrl\":\"https:\/\/kulturonline.tv\/wp-content\/uploads\/2023\/11\/Kultur-Online.tv-n-edited.jpg\",\"articleSection\":[\"Theater Headline\"],\"inLanguage\":\"de-AT\",\"potentialAction\":[{\"@type\":\"CommentAction\",\"name\":\"Comment\",\"target\":[\"https:\/\/kulturonline.tv\/at\/schwanda-der-dudelsackpfeifer-im-musiktheater-an-der-wien\/#respond\"]}]},{\"@type\":\"WebPage\",\"@id\":\"https:\/\/kulturonline.tv\/at\/schwanda-der-dudelsackpfeifer-im-musiktheater-an-der-wien\/\",\"url\":\"https:\/\/kulturonline.tv\/at\/schwanda-der-dudelsackpfeifer-im-musiktheater-an-der-wien\/\",\"name\":\"Schwanda, der Dudelsackpfeifer im MusikTheater an der Wien - Kultur Online TV &amp; FM\",\"isPartOf\":{\"@id\":\"https:\/\/kulturonline.tv\/at\/#website\"},\"primaryImageOfPage\":{\"@id\":\"https:\/\/kulturonline.tv\/at\/schwanda-der-dudelsackpfeifer-im-musiktheater-an-der-wien\/#primaryimage\"},\"image\":{\"@id\":\"https:\/\/kulturonline.tv\/at\/schwanda-der-dudelsackpfeifer-im-musiktheater-an-der-wien\/#primaryimage\"},\"thumbnailUrl\":\"https:\/\/kulturonline.tv\/wp-content\/uploads\/2023\/11\/Kultur-Online.tv-n-edited.jpg\",\"datePublished\":\"2023-11-17T21:28:51+00:00\",\"dateModified\":\"2023-11-17T21:28:53+00:00\",\"description\":\"Mit Jaromir Weinbergers Volksoper\u00a0Schwanda, der Dudelsackpfeifer\u00a0findet sich die slawische Oper im Programm der Saison 2023\/24 im MusikTheater an der Wien der Vereinigten B\u00fchnen Wien, ein Unternehmen der Wien Holding, wieder.Schwanda, der Dudelsackpfeifer im MusikTheater an der Wien:\",\"breadcrumb\":{\"@id\":\"https:\/\/kulturonline.tv\/at\/schwanda-der-dudelsackpfeifer-im-musiktheater-an-der-wien\/#breadcrumb\"},\"inLanguage\":\"de-AT\",\"potentialAction\":[{\"@type\":\"ReadAction\",\"target\":[\"https:\/\/kulturonline.tv\/at\/schwanda-der-dudelsackpfeifer-im-musiktheater-an-der-wien\/\"]}]},{\"@type\":\"ImageObject\",\"inLanguage\":\"de-AT\",\"@id\":\"https:\/\/kulturonline.tv\/at\/schwanda-der-dudelsackpfeifer-im-musiktheater-an-der-wien\/#primaryimage\",\"url\":\"https:\/\/kulturonline.tv\/wp-content\/uploads\/2023\/11\/Kultur-Online.tv-n-edited.jpg\",\"contentUrl\":\"https:\/\/kulturonline.tv\/wp-content\/uploads\/2023\/11\/Kultur-Online.tv-n-edited.jpg\",\"width\":1676,\"height\":943},{\"@type\":\"BreadcrumbList\",\"@id\":\"https:\/\/kulturonline.tv\/at\/schwanda-der-dudelsackpfeifer-im-musiktheater-an-der-wien\/#breadcrumb\",\"itemListElement\":[{\"@type\":\"ListItem\",\"position\":1,\"name\":\"Startseite\",\"item\":\"https:\/\/kulturonline.tv\/at\/\"},{\"@type\":\"ListItem\",\"position\":2,\"name\":\"Schwanda, der Dudelsackpfeifer im MusikTheater an der Wien\"}]},{\"@type\":\"WebSite\",\"@id\":\"https:\/\/kulturonline.tv\/at\/#website\",\"url\":\"https:\/\/kulturonline.tv\/at\/\",\"name\":\"Kultur Online TV &amp; FM\",\"description\":\"Wir sind Kultur 2.0 zum sehen &amp; h\u00f6ren\",\"publisher\":{\"@id\":\"https:\/\/kulturonline.tv\/at\/#organization\"},\"potentialAction\":[{\"@type\":\"SearchAction\",\"target\":{\"@type\":\"EntryPoint\",\"urlTemplate\":\"https:\/\/kulturonline.tv\/at\/?s={search_term_string}\"},\"query-input\":{\"@type\":\"PropertyValueSpecification\",\"valueRequired\":true,\"valueName\":\"search_term_string\"}}],\"inLanguage\":\"de-AT\"},{\"@type\":\"Organization\",\"@id\":\"https:\/\/kulturonline.tv\/at\/#organization\",\"name\":\"Kultur Online TV\",\"url\":\"https:\/\/kulturonline.tv\/at\/\",\"logo\":{\"@type\":\"ImageObject\",\"inLanguage\":\"de-AT\",\"@id\":\"https:\/\/kulturonline.tv\/at\/#\/schema\/logo\/image\/\",\"url\":\"https:\/\/kulturonline.tv\/wp-content\/uploads\/2021\/08\/Kultur-Online-Tv-Logo-Endversion-neu.png\",\"contentUrl\":\"https:\/\/kulturonline.tv\/wp-content\/uploads\/2021\/08\/Kultur-Online-Tv-Logo-Endversion-neu.png\",\"width\":200,\"height\":200,\"caption\":\"Kultur Online TV\"},\"image\":{\"@id\":\"https:\/\/kulturonline.tv\/at\/#\/schema\/logo\/image\/\"},\"sameAs\":[\"https:\/\/www.facebook.com\/kulturonline.tv\",\"https:\/\/www.instagram.com\/kulturonline.tv\"]},{\"@type\":\"Person\",\"@id\":\"https:\/\/kulturonline.tv\/at\/#\/schema\/person\/b0fac729bb9a0c193fb1df23449df4fe\",\"name\":\"guenter.wolfgang\"}]}<\/script>\n<!-- \/ Yoast SEO plugin. -->","yoast_head_json":{"title":"Schwanda, der Dudelsackpfeifer im MusikTheater an der Wien - Kultur Online TV &amp; FM","description":"Mit Jaromir Weinbergers Volksoper\u00a0Schwanda, der Dudelsackpfeifer\u00a0findet sich die slawische Oper im Programm der Saison 2023\/24 im MusikTheater an der Wien der Vereinigten B\u00fchnen Wien, ein Unternehmen der Wien Holding, wieder.Schwanda, der Dudelsackpfeifer im MusikTheater an der Wien:","robots":{"index":"index","follow":"follow","max-snippet":"max-snippet:-1","max-image-preview":"max-image-preview:large","max-video-preview":"max-video-preview:-1"},"canonical":"https:\/\/kulturonline.tv\/at\/schwanda-der-dudelsackpfeifer-im-musiktheater-an-der-wien\/","og_locale":"de_DE","og_type":"article","og_title":"Schwanda, der Dudelsackpfeifer im MusikTheater an der Wien - Kultur Online TV &amp; FM","og_description":"Mit Jaromir Weinbergers Volksoper\u00a0Schwanda, der Dudelsackpfeifer\u00a0findet sich die slawische Oper im Programm der Saison 2023\/24 im MusikTheater an der Wien der Vereinigten B\u00fchnen Wien, ein Unternehmen der Wien Holding, wieder.Schwanda, der Dudelsackpfeifer im MusikTheater an der Wien:","og_url":"https:\/\/kulturonline.tv\/at\/schwanda-der-dudelsackpfeifer-im-musiktheater-an-der-wien\/","og_site_name":"Kultur Online TV &amp; FM","article_publisher":"https:\/\/www.facebook.com\/kulturonline.tv","article_published_time":"2023-11-17T21:28:51+00:00","article_modified_time":"2023-11-17T21:28:53+00:00","og_image":[{"width":1676,"height":943,"url":"https:\/\/kulturonline.tv\/wp-content\/uploads\/2023\/11\/Kultur-Online.tv-n-edited.jpg","type":"image\/jpeg"}],"author":"guenter.wolfgang","twitter_card":"summary_large_image","twitter_misc":{"Verfasst von":"guenter.wolfgang","Gesch\u00e4tzte Lesezeit":"2 Minuten"},"schema":{"@context":"https:\/\/schema.org","@graph":[{"@type":"Article","@id":"https:\/\/kulturonline.tv\/at\/schwanda-der-dudelsackpfeifer-im-musiktheater-an-der-wien\/#article","isPartOf":{"@id":"https:\/\/kulturonline.tv\/at\/schwanda-der-dudelsackpfeifer-im-musiktheater-an-der-wien\/"},"author":{"name":"guenter.wolfgang","@id":"https:\/\/kulturonline.tv\/at\/#\/schema\/person\/b0fac729bb9a0c193fb1df23449df4fe"},"headline":"Schwanda, der Dudelsackpfeifer im MusikTheater an der Wien","datePublished":"2023-11-17T21:28:51+00:00","dateModified":"2023-11-17T21:28:53+00:00","mainEntityOfPage":{"@id":"https:\/\/kulturonline.tv\/at\/schwanda-der-dudelsackpfeifer-im-musiktheater-an-der-wien\/"},"wordCount":365,"commentCount":0,"publisher":{"@id":"https:\/\/kulturonline.tv\/at\/#organization"},"image":{"@id":"https:\/\/kulturonline.tv\/at\/schwanda-der-dudelsackpfeifer-im-musiktheater-an-der-wien\/#primaryimage"},"thumbnailUrl":"https:\/\/kulturonline.tv\/wp-content\/uploads\/2023\/11\/Kultur-Online.tv-n-edited.jpg","articleSection":["Theater Headline"],"inLanguage":"de-AT","potentialAction":[{"@type":"CommentAction","name":"Comment","target":["https:\/\/kulturonline.tv\/at\/schwanda-der-dudelsackpfeifer-im-musiktheater-an-der-wien\/#respond"]}]},{"@type":"WebPage","@id":"https:\/\/kulturonline.tv\/at\/schwanda-der-dudelsackpfeifer-im-musiktheater-an-der-wien\/","url":"https:\/\/kulturonline.tv\/at\/schwanda-der-dudelsackpfeifer-im-musiktheater-an-der-wien\/","name":"Schwanda, der Dudelsackpfeifer im MusikTheater an der Wien - Kultur Online TV &amp; FM","isPartOf":{"@id":"https:\/\/kulturonline.tv\/at\/#website"},"primaryImageOfPage":{"@id":"https:\/\/kulturonline.tv\/at\/schwanda-der-dudelsackpfeifer-im-musiktheater-an-der-wien\/#primaryimage"},"image":{"@id":"https:\/\/kulturonline.tv\/at\/schwanda-der-dudelsackpfeifer-im-musiktheater-an-der-wien\/#primaryimage"},"thumbnailUrl":"https:\/\/kulturonline.tv\/wp-content\/uploads\/2023\/11\/Kultur-Online.tv-n-edited.jpg","datePublished":"2023-11-17T21:28:51+00:00","dateModified":"2023-11-17T21:28:53+00:00","description":"Mit Jaromir Weinbergers Volksoper\u00a0Schwanda, der Dudelsackpfeifer\u00a0findet sich die slawische Oper im Programm der Saison 2023\/24 im MusikTheater an der Wien der Vereinigten B\u00fchnen Wien, ein Unternehmen der Wien Holding, wieder.Schwanda, der Dudelsackpfeifer im MusikTheater an der Wien:","breadcrumb":{"@id":"https:\/\/kulturonline.tv\/at\/schwanda-der-dudelsackpfeifer-im-musiktheater-an-der-wien\/#breadcrumb"},"inLanguage":"de-AT","potentialAction":[{"@type":"ReadAction","target":["https:\/\/kulturonline.tv\/at\/schwanda-der-dudelsackpfeifer-im-musiktheater-an-der-wien\/"]}]},{"@type":"ImageObject","inLanguage":"de-AT","@id":"https:\/\/kulturonline.tv\/at\/schwanda-der-dudelsackpfeifer-im-musiktheater-an-der-wien\/#primaryimage","url":"https:\/\/kulturonline.tv\/wp-content\/uploads\/2023\/11\/Kultur-Online.tv-n-edited.jpg","contentUrl":"https:\/\/kulturonline.tv\/wp-content\/uploads\/2023\/11\/Kultur-Online.tv-n-edited.jpg","width":1676,"height":943},{"@type":"BreadcrumbList","@id":"https:\/\/kulturonline.tv\/at\/schwanda-der-dudelsackpfeifer-im-musiktheater-an-der-wien\/#breadcrumb","itemListElement":[{"@type":"ListItem","position":1,"name":"Startseite","item":"https:\/\/kulturonline.tv\/at\/"},{"@type":"ListItem","position":2,"name":"Schwanda, der Dudelsackpfeifer im MusikTheater an der Wien"}]},{"@type":"WebSite","@id":"https:\/\/kulturonline.tv\/at\/#website","url":"https:\/\/kulturonline.tv\/at\/","name":"Kultur Online TV &amp; FM","description":"Wir sind Kultur 2.0 zum sehen &amp; h\u00f6ren","publisher":{"@id":"https:\/\/kulturonline.tv\/at\/#organization"},"potentialAction":[{"@type":"SearchAction","target":{"@type":"EntryPoint","urlTemplate":"https:\/\/kulturonline.tv\/at\/?s={search_term_string}"},"query-input":{"@type":"PropertyValueSpecification","valueRequired":true,"valueName":"search_term_string"}}],"inLanguage":"de-AT"},{"@type":"Organization","@id":"https:\/\/kulturonline.tv\/at\/#organization","name":"Kultur Online TV","url":"https:\/\/kulturonline.tv\/at\/","logo":{"@type":"ImageObject","inLanguage":"de-AT","@id":"https:\/\/kulturonline.tv\/at\/#\/schema\/logo\/image\/","url":"https:\/\/kulturonline.tv\/wp-content\/uploads\/2021\/08\/Kultur-Online-Tv-Logo-Endversion-neu.png","contentUrl":"https:\/\/kulturonline.tv\/wp-content\/uploads\/2021\/08\/Kultur-Online-Tv-Logo-Endversion-neu.png","width":200,"height":200,"caption":"Kultur Online TV"},"image":{"@id":"https:\/\/kulturonline.tv\/at\/#\/schema\/logo\/image\/"},"sameAs":["https:\/\/www.facebook.com\/kulturonline.tv","https:\/\/www.instagram.com\/kulturonline.tv"]},{"@type":"Person","@id":"https:\/\/kulturonline.tv\/at\/#\/schema\/person\/b0fac729bb9a0c193fb1df23449df4fe","name":"guenter.wolfgang"}]}},"_links":{"self":[{"href":"https:\/\/kulturonline.tv\/at\/wp-json\/wp\/v2\/posts\/67922","targetHints":{"allow":["GET"]}}],"collection":[{"href":"https:\/\/kulturonline.tv\/at\/wp-json\/wp\/v2\/posts"}],"about":[{"href":"https:\/\/kulturonline.tv\/at\/wp-json\/wp\/v2\/types\/post"}],"author":[{"embeddable":true,"href":"https:\/\/kulturonline.tv\/at\/wp-json\/wp\/v2\/users\/2"}],"replies":[{"embeddable":true,"href":"https:\/\/kulturonline.tv\/at\/wp-json\/wp\/v2\/comments?post=67922"}],"version-history":[{"count":0,"href":"https:\/\/kulturonline.tv\/at\/wp-json\/wp\/v2\/posts\/67922\/revisions"}],"wp:featuredmedia":[{"embeddable":true,"href":"https:\/\/kulturonline.tv\/at\/wp-json\/wp\/v2\/media\/67929"}],"wp:attachment":[{"href":"https:\/\/kulturonline.tv\/at\/wp-json\/wp\/v2\/media?parent=67922"}],"wp:term":[{"taxonomy":"category","embeddable":true,"href":"https:\/\/kulturonline.tv\/at\/wp-json\/wp\/v2\/categories?post=67922"},{"taxonomy":"post_tag","embeddable":true,"href":"https:\/\/kulturonline.tv\/at\/wp-json\/wp\/v2\/tags?post=67922"}],"curies":[{"name":"wp","href":"https:\/\/api.w.org\/{rel}","templated":true}]}}