{"id":68041,"date":"2023-11-18T15:29:18","date_gmt":"2023-11-18T14:29:18","guid":{"rendered":"https:\/\/kulturonline.tv\/?p=68041"},"modified":"2023-11-18T15:29:19","modified_gmt":"2023-11-18T14:29:19","slug":"musik-theater-wien-la-finta-giardiniera-von-wolfgang-amadeus-mozart","status":"publish","type":"post","link":"https:\/\/kulturonline.tv\/at\/musik-theater-wien-la-finta-giardiniera-von-wolfgang-amadeus-mozart\/","title":{"rendered":"Musik Theater Wien: La Finta Giardiniera von Wolfgang Amadeus Mozart"},"content":{"rendered":"\n<p><strong>Sieben Liebende werden in drei Akten durch s\u00e4mtliche H\u00f6hen und Tiefen ihrer Leidenschaften geschickt, bis sich am Ende drei Paare finden und eine Figur das Nachsehen hat<\/strong>.<\/p>\n\n\n\n<figure class=\"wp-block-image size-full is-resized\"><img fetchpriority=\"high\" decoding=\"async\" width=\"1280\" height=\"720\" src=\"https:\/\/kulturonline.tv\/wp-content\/uploads\/2023\/11\/kultur-online-tv-6-edited.jpg\" alt=\"\" class=\"wp-image-68044\" style=\"width:840px;height:auto\" srcset=\"https:\/\/kulturonline.tv\/wp-content\/uploads\/2023\/11\/kultur-online-tv-6-edited.jpg 1280w, https:\/\/kulturonline.tv\/wp-content\/uploads\/2023\/11\/kultur-online-tv-6-edited-800x450.jpg 800w, https:\/\/kulturonline.tv\/wp-content\/uploads\/2023\/11\/kultur-online-tv-6-edited-768x432.jpg 768w, https:\/\/kulturonline.tv\/wp-content\/uploads\/2023\/11\/kultur-online-tv-6-edited-600x338.jpg 600w\" sizes=\"(max-width: 1280px) 100vw, 1280px\" \/><\/figure>\n\n\n\n<p>Im Mittelpunkt der amour\u00f6sen Verwicklungen in Mozarts La finta giardiniera (Die G\u00e4rtnerin aus Liebe) steht Gr\u00e4fin Violante Onesti, die ihren ehemaligen Geliebten zur\u00fcckerobern will und sich zu diesem Zweck als G\u00e4rtnerin Sandrina ausgibt. Doch so wild wie die Pflanzen im Garten ihres Arbeitgebers wuchern alsbald auch ihre Gef\u00fchle. Wer verstellt sich, und wer meint es ernst? Kein Wunder, dass alle Protagonist*innen irgendwann glauben, den Verstand zu verlieren! <\/p>\n\n\n\n<p>Maskenspiel und wildes Treiben stellten auch den \u00e4u\u00dferen Anlass der Komposition dar, denn Mozart schrieb La finta giardiniera 1775 f\u00fcr den M\u00fcnchner Karneval. Der damals 18-j\u00e4hrige Komponist setzte sich hier erstmals mit einem Thema auseinander, das ihn in seinem weiteren Schaffen st\u00e4ndig begleiten sollte: Auch die innigsten Treueschw\u00fcre und die aufrichtigsten Eheversprechen verm\u00f6gen nichts gegen die Macht des Eros. Meisterhaft verschr\u00e4nkt er tragische und buffoneske Szenen miteinander und schreibt mit dieser Oper seine erste aufkl\u00e4rende \u201eSchule der Liebenden\u201c.<\/p>\n\n\n\n<p>In italienischer Sprache mit deutschen und englischen \u00dcbertiteln.<\/p>\n\n\n\n<p><a href=\"https:\/\/www.theater-wien.at\/de\/spielplan\/saison2023-24\/1231\/La-finta-giardiniera\">Kartenverkauf \/ Spielplan:<\/a> <\/p>\n\n\n\n<p>Kultur Online TV-FM<\/p>\n\n\n\n<p>#news #theater<\/p>\n","protected":false},"excerpt":{"rendered":"<p>Sieben Liebende werden in drei Akten durch s\u00e4mtliche H\u00f6hen und Tiefen ihrer Leidenschaften geschickt, bis sich am Ende drei Paare finden und eine Figur das Nachsehen hat. Im Mittelpunkt der amour\u00f6sen Verwicklungen in Mozarts La finta giardiniera (Die G\u00e4rtnerin aus Liebe) steht Gr\u00e4fin Violante Onesti, die ihren ehemaligen Geliebten zur\u00fcckerobern will und sich zu diesem [&hellip;]<\/p>\n","protected":false},"author":2,"featured_media":68044,"comment_status":"open","ping_status":"closed","sticky":false,"template":"","format":"standard","meta":{"_acf_changed":false,"footnotes":""},"categories":[495],"tags":[],"class_list":["post-68041","post","type-post","status-publish","format-standard","has-post-thumbnail","hentry","category-theater-headline-at"],"acf":[],"yoast_head":"<!-- This site is optimized with the Yoast SEO plugin v26.1.1 - https:\/\/yoast.com\/wordpress\/plugins\/seo\/ -->\n<title>Musik Theater Wien: La Finta Giardiniera von Wolfgang Amadeus Mozart - Kultur Online TV &amp; FM<\/title>\n<meta name=\"description\" content=\"Sieben Liebende werden in drei Akten durch s\u00e4mtliche H\u00f6hen und Tiefen ihrer Leidenschaften geschickt, bis sich am Ende drei Paare finden und eine Figur das Nachsehen hat.\" \/>\n<meta name=\"robots\" content=\"index, follow, max-snippet:-1, max-image-preview:large, max-video-preview:-1\" \/>\n<link rel=\"canonical\" href=\"https:\/\/kulturonline.tv\/at\/musik-theater-wien-la-finta-giardiniera-von-wolfgang-amadeus-mozart\/\" \/>\n<meta property=\"og:locale\" content=\"de_DE\" \/>\n<meta property=\"og:type\" content=\"article\" \/>\n<meta property=\"og:title\" content=\"Musik Theater Wien: La Finta Giardiniera von Wolfgang Amadeus Mozart - Kultur Online TV &amp; FM\" \/>\n<meta property=\"og:description\" content=\"Sieben Liebende werden in drei Akten durch s\u00e4mtliche H\u00f6hen und Tiefen ihrer Leidenschaften geschickt, bis sich am Ende drei Paare finden und eine Figur das Nachsehen hat.\" \/>\n<meta property=\"og:url\" content=\"https:\/\/kulturonline.tv\/at\/musik-theater-wien-la-finta-giardiniera-von-wolfgang-amadeus-mozart\/\" \/>\n<meta property=\"og:site_name\" content=\"Kultur Online TV &amp; FM\" \/>\n<meta property=\"article:publisher\" content=\"https:\/\/www.facebook.com\/kulturonline.tv\" \/>\n<meta property=\"article:published_time\" content=\"2023-11-18T14:29:18+00:00\" \/>\n<meta property=\"article:modified_time\" content=\"2023-11-18T14:29:19+00:00\" \/>\n<meta property=\"og:image\" content=\"https:\/\/kulturonline.tv\/wp-content\/uploads\/2023\/11\/kultur-online-tv-6-edited.jpg\" \/>\n\t<meta property=\"og:image:width\" content=\"1280\" \/>\n\t<meta property=\"og:image:height\" content=\"720\" \/>\n\t<meta property=\"og:image:type\" content=\"image\/jpeg\" \/>\n<meta name=\"author\" content=\"guenter.wolfgang\" \/>\n<meta name=\"twitter:card\" content=\"summary_large_image\" \/>\n<meta name=\"twitter:label1\" content=\"Verfasst von\" \/>\n\t<meta name=\"twitter:data1\" content=\"guenter.wolfgang\" \/>\n\t<meta name=\"twitter:label2\" content=\"Gesch\u00e4tzte Lesezeit\" \/>\n\t<meta name=\"twitter:data2\" content=\"1 Minute\" \/>\n<script type=\"application\/ld+json\" class=\"yoast-schema-graph\">{\"@context\":\"https:\/\/schema.org\",\"@graph\":[{\"@type\":\"Article\",\"@id\":\"https:\/\/kulturonline.tv\/at\/musik-theater-wien-la-finta-giardiniera-von-wolfgang-amadeus-mozart\/#article\",\"isPartOf\":{\"@id\":\"https:\/\/kulturonline.tv\/at\/musik-theater-wien-la-finta-giardiniera-von-wolfgang-amadeus-mozart\/\"},\"author\":{\"name\":\"guenter.wolfgang\",\"@id\":\"https:\/\/kulturonline.tv\/at\/#\/schema\/person\/b0fac729bb9a0c193fb1df23449df4fe\"},\"headline\":\"Musik Theater Wien: La Finta Giardiniera von Wolfgang Amadeus Mozart\",\"datePublished\":\"2023-11-18T14:29:18+00:00\",\"dateModified\":\"2023-11-18T14:29:19+00:00\",\"mainEntityOfPage\":{\"@id\":\"https:\/\/kulturonline.tv\/at\/musik-theater-wien-la-finta-giardiniera-von-wolfgang-amadeus-mozart\/\"},\"wordCount\":214,\"commentCount\":0,\"publisher\":{\"@id\":\"https:\/\/kulturonline.tv\/at\/#organization\"},\"image\":{\"@id\":\"https:\/\/kulturonline.tv\/at\/musik-theater-wien-la-finta-giardiniera-von-wolfgang-amadeus-mozart\/#primaryimage\"},\"thumbnailUrl\":\"https:\/\/kulturonline.tv\/wp-content\/uploads\/2023\/11\/kultur-online-tv-6-edited.jpg\",\"articleSection\":[\"Theater Headline\"],\"inLanguage\":\"de-AT\",\"potentialAction\":[{\"@type\":\"CommentAction\",\"name\":\"Comment\",\"target\":[\"https:\/\/kulturonline.tv\/at\/musik-theater-wien-la-finta-giardiniera-von-wolfgang-amadeus-mozart\/#respond\"]}]},{\"@type\":\"WebPage\",\"@id\":\"https:\/\/kulturonline.tv\/at\/musik-theater-wien-la-finta-giardiniera-von-wolfgang-amadeus-mozart\/\",\"url\":\"https:\/\/kulturonline.tv\/at\/musik-theater-wien-la-finta-giardiniera-von-wolfgang-amadeus-mozart\/\",\"name\":\"Musik Theater Wien: La Finta Giardiniera von Wolfgang Amadeus Mozart - Kultur Online TV &amp; FM\",\"isPartOf\":{\"@id\":\"https:\/\/kulturonline.tv\/at\/#website\"},\"primaryImageOfPage\":{\"@id\":\"https:\/\/kulturonline.tv\/at\/musik-theater-wien-la-finta-giardiniera-von-wolfgang-amadeus-mozart\/#primaryimage\"},\"image\":{\"@id\":\"https:\/\/kulturonline.tv\/at\/musik-theater-wien-la-finta-giardiniera-von-wolfgang-amadeus-mozart\/#primaryimage\"},\"thumbnailUrl\":\"https:\/\/kulturonline.tv\/wp-content\/uploads\/2023\/11\/kultur-online-tv-6-edited.jpg\",\"datePublished\":\"2023-11-18T14:29:18+00:00\",\"dateModified\":\"2023-11-18T14:29:19+00:00\",\"description\":\"Sieben Liebende werden in drei Akten durch s\u00e4mtliche H\u00f6hen und Tiefen ihrer Leidenschaften geschickt, bis sich am Ende drei Paare finden und eine Figur das Nachsehen hat.\",\"breadcrumb\":{\"@id\":\"https:\/\/kulturonline.tv\/at\/musik-theater-wien-la-finta-giardiniera-von-wolfgang-amadeus-mozart\/#breadcrumb\"},\"inLanguage\":\"de-AT\",\"potentialAction\":[{\"@type\":\"ReadAction\",\"target\":[\"https:\/\/kulturonline.tv\/at\/musik-theater-wien-la-finta-giardiniera-von-wolfgang-amadeus-mozart\/\"]}]},{\"@type\":\"ImageObject\",\"inLanguage\":\"de-AT\",\"@id\":\"https:\/\/kulturonline.tv\/at\/musik-theater-wien-la-finta-giardiniera-von-wolfgang-amadeus-mozart\/#primaryimage\",\"url\":\"https:\/\/kulturonline.tv\/wp-content\/uploads\/2023\/11\/kultur-online-tv-6-edited.jpg\",\"contentUrl\":\"https:\/\/kulturonline.tv\/wp-content\/uploads\/2023\/11\/kultur-online-tv-6-edited.jpg\",\"width\":1280,\"height\":720},{\"@type\":\"BreadcrumbList\",\"@id\":\"https:\/\/kulturonline.tv\/at\/musik-theater-wien-la-finta-giardiniera-von-wolfgang-amadeus-mozart\/#breadcrumb\",\"itemListElement\":[{\"@type\":\"ListItem\",\"position\":1,\"name\":\"Startseite\",\"item\":\"https:\/\/kulturonline.tv\/at\/\"},{\"@type\":\"ListItem\",\"position\":2,\"name\":\"Musik Theater Wien: La Finta Giardiniera von Wolfgang Amadeus Mozart\"}]},{\"@type\":\"WebSite\",\"@id\":\"https:\/\/kulturonline.tv\/at\/#website\",\"url\":\"https:\/\/kulturonline.tv\/at\/\",\"name\":\"Kultur Online TV &amp; FM\",\"description\":\"Wir sind Kultur 2.0 zum sehen &amp; h\u00f6ren\",\"publisher\":{\"@id\":\"https:\/\/kulturonline.tv\/at\/#organization\"},\"potentialAction\":[{\"@type\":\"SearchAction\",\"target\":{\"@type\":\"EntryPoint\",\"urlTemplate\":\"https:\/\/kulturonline.tv\/at\/?s={search_term_string}\"},\"query-input\":{\"@type\":\"PropertyValueSpecification\",\"valueRequired\":true,\"valueName\":\"search_term_string\"}}],\"inLanguage\":\"de-AT\"},{\"@type\":\"Organization\",\"@id\":\"https:\/\/kulturonline.tv\/at\/#organization\",\"name\":\"Kultur Online TV\",\"url\":\"https:\/\/kulturonline.tv\/at\/\",\"logo\":{\"@type\":\"ImageObject\",\"inLanguage\":\"de-AT\",\"@id\":\"https:\/\/kulturonline.tv\/at\/#\/schema\/logo\/image\/\",\"url\":\"https:\/\/kulturonline.tv\/wp-content\/uploads\/2021\/08\/Kultur-Online-Tv-Logo-Endversion-neu.png\",\"contentUrl\":\"https:\/\/kulturonline.tv\/wp-content\/uploads\/2021\/08\/Kultur-Online-Tv-Logo-Endversion-neu.png\",\"width\":200,\"height\":200,\"caption\":\"Kultur Online TV\"},\"image\":{\"@id\":\"https:\/\/kulturonline.tv\/at\/#\/schema\/logo\/image\/\"},\"sameAs\":[\"https:\/\/www.facebook.com\/kulturonline.tv\",\"https:\/\/www.instagram.com\/kulturonline.tv\"]},{\"@type\":\"Person\",\"@id\":\"https:\/\/kulturonline.tv\/at\/#\/schema\/person\/b0fac729bb9a0c193fb1df23449df4fe\",\"name\":\"guenter.wolfgang\"}]}<\/script>\n<!-- \/ Yoast SEO plugin. -->","yoast_head_json":{"title":"Musik Theater Wien: La Finta Giardiniera von Wolfgang Amadeus Mozart - Kultur Online TV &amp; FM","description":"Sieben Liebende werden in drei Akten durch s\u00e4mtliche H\u00f6hen und Tiefen ihrer Leidenschaften geschickt, bis sich am Ende drei Paare finden und eine Figur das Nachsehen hat.","robots":{"index":"index","follow":"follow","max-snippet":"max-snippet:-1","max-image-preview":"max-image-preview:large","max-video-preview":"max-video-preview:-1"},"canonical":"https:\/\/kulturonline.tv\/at\/musik-theater-wien-la-finta-giardiniera-von-wolfgang-amadeus-mozart\/","og_locale":"de_DE","og_type":"article","og_title":"Musik Theater Wien: La Finta Giardiniera von Wolfgang Amadeus Mozart - Kultur Online TV &amp; FM","og_description":"Sieben Liebende werden in drei Akten durch s\u00e4mtliche H\u00f6hen und Tiefen ihrer Leidenschaften geschickt, bis sich am Ende drei Paare finden und eine Figur das Nachsehen hat.","og_url":"https:\/\/kulturonline.tv\/at\/musik-theater-wien-la-finta-giardiniera-von-wolfgang-amadeus-mozart\/","og_site_name":"Kultur Online TV &amp; FM","article_publisher":"https:\/\/www.facebook.com\/kulturonline.tv","article_published_time":"2023-11-18T14:29:18+00:00","article_modified_time":"2023-11-18T14:29:19+00:00","og_image":[{"width":1280,"height":720,"url":"https:\/\/kulturonline.tv\/wp-content\/uploads\/2023\/11\/kultur-online-tv-6-edited.jpg","type":"image\/jpeg"}],"author":"guenter.wolfgang","twitter_card":"summary_large_image","twitter_misc":{"Verfasst von":"guenter.wolfgang","Gesch\u00e4tzte Lesezeit":"1 Minute"},"schema":{"@context":"https:\/\/schema.org","@graph":[{"@type":"Article","@id":"https:\/\/kulturonline.tv\/at\/musik-theater-wien-la-finta-giardiniera-von-wolfgang-amadeus-mozart\/#article","isPartOf":{"@id":"https:\/\/kulturonline.tv\/at\/musik-theater-wien-la-finta-giardiniera-von-wolfgang-amadeus-mozart\/"},"author":{"name":"guenter.wolfgang","@id":"https:\/\/kulturonline.tv\/at\/#\/schema\/person\/b0fac729bb9a0c193fb1df23449df4fe"},"headline":"Musik Theater Wien: La Finta Giardiniera von Wolfgang Amadeus Mozart","datePublished":"2023-11-18T14:29:18+00:00","dateModified":"2023-11-18T14:29:19+00:00","mainEntityOfPage":{"@id":"https:\/\/kulturonline.tv\/at\/musik-theater-wien-la-finta-giardiniera-von-wolfgang-amadeus-mozart\/"},"wordCount":214,"commentCount":0,"publisher":{"@id":"https:\/\/kulturonline.tv\/at\/#organization"},"image":{"@id":"https:\/\/kulturonline.tv\/at\/musik-theater-wien-la-finta-giardiniera-von-wolfgang-amadeus-mozart\/#primaryimage"},"thumbnailUrl":"https:\/\/kulturonline.tv\/wp-content\/uploads\/2023\/11\/kultur-online-tv-6-edited.jpg","articleSection":["Theater Headline"],"inLanguage":"de-AT","potentialAction":[{"@type":"CommentAction","name":"Comment","target":["https:\/\/kulturonline.tv\/at\/musik-theater-wien-la-finta-giardiniera-von-wolfgang-amadeus-mozart\/#respond"]}]},{"@type":"WebPage","@id":"https:\/\/kulturonline.tv\/at\/musik-theater-wien-la-finta-giardiniera-von-wolfgang-amadeus-mozart\/","url":"https:\/\/kulturonline.tv\/at\/musik-theater-wien-la-finta-giardiniera-von-wolfgang-amadeus-mozart\/","name":"Musik Theater Wien: La Finta Giardiniera von Wolfgang Amadeus Mozart - Kultur Online TV &amp; FM","isPartOf":{"@id":"https:\/\/kulturonline.tv\/at\/#website"},"primaryImageOfPage":{"@id":"https:\/\/kulturonline.tv\/at\/musik-theater-wien-la-finta-giardiniera-von-wolfgang-amadeus-mozart\/#primaryimage"},"image":{"@id":"https:\/\/kulturonline.tv\/at\/musik-theater-wien-la-finta-giardiniera-von-wolfgang-amadeus-mozart\/#primaryimage"},"thumbnailUrl":"https:\/\/kulturonline.tv\/wp-content\/uploads\/2023\/11\/kultur-online-tv-6-edited.jpg","datePublished":"2023-11-18T14:29:18+00:00","dateModified":"2023-11-18T14:29:19+00:00","description":"Sieben Liebende werden in drei Akten durch s\u00e4mtliche H\u00f6hen und Tiefen ihrer Leidenschaften geschickt, bis sich am Ende drei Paare finden und eine Figur das Nachsehen hat.","breadcrumb":{"@id":"https:\/\/kulturonline.tv\/at\/musik-theater-wien-la-finta-giardiniera-von-wolfgang-amadeus-mozart\/#breadcrumb"},"inLanguage":"de-AT","potentialAction":[{"@type":"ReadAction","target":["https:\/\/kulturonline.tv\/at\/musik-theater-wien-la-finta-giardiniera-von-wolfgang-amadeus-mozart\/"]}]},{"@type":"ImageObject","inLanguage":"de-AT","@id":"https:\/\/kulturonline.tv\/at\/musik-theater-wien-la-finta-giardiniera-von-wolfgang-amadeus-mozart\/#primaryimage","url":"https:\/\/kulturonline.tv\/wp-content\/uploads\/2023\/11\/kultur-online-tv-6-edited.jpg","contentUrl":"https:\/\/kulturonline.tv\/wp-content\/uploads\/2023\/11\/kultur-online-tv-6-edited.jpg","width":1280,"height":720},{"@type":"BreadcrumbList","@id":"https:\/\/kulturonline.tv\/at\/musik-theater-wien-la-finta-giardiniera-von-wolfgang-amadeus-mozart\/#breadcrumb","itemListElement":[{"@type":"ListItem","position":1,"name":"Startseite","item":"https:\/\/kulturonline.tv\/at\/"},{"@type":"ListItem","position":2,"name":"Musik Theater Wien: La Finta Giardiniera von Wolfgang Amadeus Mozart"}]},{"@type":"WebSite","@id":"https:\/\/kulturonline.tv\/at\/#website","url":"https:\/\/kulturonline.tv\/at\/","name":"Kultur Online TV &amp; FM","description":"Wir sind Kultur 2.0 zum sehen &amp; h\u00f6ren","publisher":{"@id":"https:\/\/kulturonline.tv\/at\/#organization"},"potentialAction":[{"@type":"SearchAction","target":{"@type":"EntryPoint","urlTemplate":"https:\/\/kulturonline.tv\/at\/?s={search_term_string}"},"query-input":{"@type":"PropertyValueSpecification","valueRequired":true,"valueName":"search_term_string"}}],"inLanguage":"de-AT"},{"@type":"Organization","@id":"https:\/\/kulturonline.tv\/at\/#organization","name":"Kultur Online TV","url":"https:\/\/kulturonline.tv\/at\/","logo":{"@type":"ImageObject","inLanguage":"de-AT","@id":"https:\/\/kulturonline.tv\/at\/#\/schema\/logo\/image\/","url":"https:\/\/kulturonline.tv\/wp-content\/uploads\/2021\/08\/Kultur-Online-Tv-Logo-Endversion-neu.png","contentUrl":"https:\/\/kulturonline.tv\/wp-content\/uploads\/2021\/08\/Kultur-Online-Tv-Logo-Endversion-neu.png","width":200,"height":200,"caption":"Kultur Online TV"},"image":{"@id":"https:\/\/kulturonline.tv\/at\/#\/schema\/logo\/image\/"},"sameAs":["https:\/\/www.facebook.com\/kulturonline.tv","https:\/\/www.instagram.com\/kulturonline.tv"]},{"@type":"Person","@id":"https:\/\/kulturonline.tv\/at\/#\/schema\/person\/b0fac729bb9a0c193fb1df23449df4fe","name":"guenter.wolfgang"}]}},"_links":{"self":[{"href":"https:\/\/kulturonline.tv\/at\/wp-json\/wp\/v2\/posts\/68041","targetHints":{"allow":["GET"]}}],"collection":[{"href":"https:\/\/kulturonline.tv\/at\/wp-json\/wp\/v2\/posts"}],"about":[{"href":"https:\/\/kulturonline.tv\/at\/wp-json\/wp\/v2\/types\/post"}],"author":[{"embeddable":true,"href":"https:\/\/kulturonline.tv\/at\/wp-json\/wp\/v2\/users\/2"}],"replies":[{"embeddable":true,"href":"https:\/\/kulturonline.tv\/at\/wp-json\/wp\/v2\/comments?post=68041"}],"version-history":[{"count":0,"href":"https:\/\/kulturonline.tv\/at\/wp-json\/wp\/v2\/posts\/68041\/revisions"}],"wp:featuredmedia":[{"embeddable":true,"href":"https:\/\/kulturonline.tv\/at\/wp-json\/wp\/v2\/media\/68044"}],"wp:attachment":[{"href":"https:\/\/kulturonline.tv\/at\/wp-json\/wp\/v2\/media?parent=68041"}],"wp:term":[{"taxonomy":"category","embeddable":true,"href":"https:\/\/kulturonline.tv\/at\/wp-json\/wp\/v2\/categories?post=68041"},{"taxonomy":"post_tag","embeddable":true,"href":"https:\/\/kulturonline.tv\/at\/wp-json\/wp\/v2\/tags?post=68041"}],"curies":[{"name":"wp","href":"https:\/\/api.w.org\/{rel}","templated":true}]}}