{"id":69818,"date":"2023-12-31T13:13:56","date_gmt":"2023-12-31T12:13:56","guid":{"rendered":"https:\/\/kulturonline.tv\/?p=69818"},"modified":"2023-12-31T13:13:58","modified_gmt":"2023-12-31T12:13:58","slug":"150-geburtstag-von-karl-kraus-in-der-wienbibliothek-im-rathaus","status":"publish","type":"post","link":"https:\/\/kulturonline.tv\/at\/150-geburtstag-von-karl-kraus-in-der-wienbibliothek-im-rathaus\/","title":{"rendered":"150. Geburtstag von Karl Kraus in der Wienbibliothek im Rathaus"},"content":{"rendered":"\n<p>Ankauf hochkar\u00e4tiger Sammlung erg\u00e4nzt Karl Kraus-Archiv &#8211; Ausstellung zur Familiengeschichte<\/p>\n\n\n\n<figure class=\"wp-block-image size-full\"><img fetchpriority=\"high\" decoding=\"async\" width=\"1280\" height=\"720\" src=\"https:\/\/kulturonline.tv\/wp-content\/uploads\/2023\/12\/Bibliothek-Kultur-Online-TV-edited.jpg\" alt=\"\" class=\"wp-image-69821\" srcset=\"https:\/\/kulturonline.tv\/wp-content\/uploads\/2023\/12\/Bibliothek-Kultur-Online-TV-edited.jpg 1280w, https:\/\/kulturonline.tv\/wp-content\/uploads\/2023\/12\/Bibliothek-Kultur-Online-TV-edited-800x450.jpg 800w, https:\/\/kulturonline.tv\/wp-content\/uploads\/2023\/12\/Bibliothek-Kultur-Online-TV-edited-768x432.jpg 768w, https:\/\/kulturonline.tv\/wp-content\/uploads\/2023\/12\/Bibliothek-Kultur-Online-TV-edited-600x338.jpg 600w\" sizes=\"(max-width: 1280px) 100vw, 1280px\" \/><\/figure>\n\n\n\n<p>\u00a9 bild pixabay<\/p>\n\n\n\n<p>Anl\u00e4sslich des 150. Geburtstages von Karl Kraus am 28. April 1874 nimmt die Wienbibliothek im Rathaus dieser zentralen Figur der europ\u00e4ischen Moderne in den Fokus: Der Ankauf einer bemerkenswerten Sammlung mit Manuskripten, unver\u00f6ffentlichten Essays sowie knapp 50 Korrespondenzst\u00fccken an Irma Karczewska erg\u00e4nzt den bereits bisher ma\u00dfgeblichen Bestand des Karl Kraus-Archivs. Mit dem neuen, digitalen Karl Kraus-Portal auf Wien Geschichte Wiki ist ein erweiterter, partizipativer Diskurs zu Leben und Wirken des Sprach- und Kulturkritikers, Satirikers, Publizisten und Schriftstellers m\u00f6glich. Und die Ausstellung \u00bbDas Familienleben ist ein Eingriff in das Privatleben\u00ab zeigt Kraus ab 26. April erstmals mittels privater Postkarten, Briefe und Memorabilien als Teil einer faszinierenden j\u00fcdischen Gro\u00dffamilie.<\/p>\n\n\n\n<p>\u00bbDie unsch\u00e4tzbare Bedeutung von Sammlungs- und Forschungschwerpunkten zum kulturellen Ged\u00e4chtnis der Stadt zeigt sich im internationalen Kontext: Seit 2016 ist das Karl Kraus-Archiv der Wienbibliothek im Rathaus Teil des UNESCO National Memory of the World-Registers, welches das dokumentarische Erbe der Menschheit bewahrt. Ein gro\u00dfer Teil des Kraus-Archivs ist bereits \u2013 ganz im Sinne des Digitalen Humanismus \u2013 als interdisziplin\u00e4rer Wissens- und Erinnerungsraum digital f\u00fcr alle Interessierten zug\u00e4nglich. Umso mehr freut es mich, dass der umfangreiche Bestand nun mit dem Ankauf einer bisher nicht \u00f6ffentlichen Sammlung zu Karl Kraus erweitert werden kann\u00ab, so Veronica Kaup-Hasler, Stadtr\u00e4tin f\u00fcr Kultur und Wissenschaft. \u00bbAu\u00dferdem begr\u00fc\u00dfe ich die geplante Kooperation mit den Wiener Festwochen: Zahlreiche Veranstaltungen werden rund um die Karl Kraus-Ausstellung der Wienbibliothek im Rathaus eine<br>breitere \u00d6ffentlichkeit mit dem Leben und Wirken des Satirikers bekannt machen.\u00ab<\/p>\n\n\n\n<p>Ankauf hochkar\u00e4tiger Privatsammlung zu Karl Kraus<\/p>\n\n\n\n<p>Karl Kraus (1874\u20131936) pr\u00e4gte mit seinem monumentalen Werk seine Zeit ebenso, wie sie ihn pr\u00e4gte: Seine Medienkritik, sein pr\u00e4zises Sprachdenken und aufkl\u00e4rerischer Witz haben in Essays, Aphorismen, Gedichten und Dramen, erschienen gro\u00dfteils in seiner Zeitschrift \u00bbDie Fackel\u00ab, sowie durch Vorlesungen, Radiosendungen, Plakatkampagnen und in Form von Rechtsf\u00e4llen das kritische Denken seiner Epoche beeinflusst und zeigen bis heute, was es hei\u00dft, ein \u00f6ffentlicher Akteur zu sein.<\/p>\n\n\n\n<p>Die Wienbibliothek im Rathaus, die seit den 1950er-Jahren das Karl Kraus-Archiv beherbergt und mit mittlerweile tausenden von Manuskripten, Fahnen, Briefen und Lebensdokumenten zur einem der Zentren der Kraus-Forschung z\u00e4hlt, konnte eine hochkar\u00e4tige Sammlung, die sich bisher in Privatbesitz befunden hat, erwerben: Sie umfasst u. a. originale Manuskripte von sechs bisher unver\u00f6ffentlichten Essays sowie Korrespondenzst\u00fccke und Texte von Hermann Bahr, Felix Salten und Frank Wedekind. Zur \u00bbDritten Walpurgisnacht\u00ab, jenem Sprachkunstwerk, mit dem Kraus zu Adolf Hitler und dessen auf Propagandal\u00fcgen aufgebauter Gewaltherrschaft h\u00f6chst Bedeutendes einfiel, enth\u00e4lt die Sammlung ein fr\u00fches, vom Autor eingehend \u00fcberarbeitetes Typoskript.<\/p>\n\n\n\n<p>Von zentraler Bedeutung sind die knapp 50 Korrespondenzst\u00fccke, die Kraus ab 1906 an Irma Karczewska gerichtet hat. Kraus l\u00f6ste Karczewska als Vierzehnj\u00e4hrige aus der elterlichen Obhut, um sie als Schauspielerin zu f\u00f6rdern, rasch verband die beiden auch eine intime Beziehung. An ihrer Person wurde vom Psychoanalytiker und Schriftsteller Fritz Wittels die zweifelhafte Vorstellung um das \u00bbKindweib\u00ab entwickelt: Diese m\u00e4nnliche Fantasie, die auch Kraus best\u00e4rkte, blieb ein einflussreiches und problematisches Erbe der Wiener Moderne, etwa in der Frage des sexuellen Schutzalters von Kindern. In den fr\u00fchen 1930er-Jahren schrieb Karczewska f\u00fcr Kraus ein vorwurfsvolles Tagebuch. Diese Abrechnung mit dem vermeintlichen Retter befindet sich bereits seit den 1990er-Jahren im Bestand der Wienbibliothek im Rathaus und erh\u00e4lt jetzt mit den Briefen an Karczewska ein gewichtiges Gegenst\u00fcck, das der wissenschaltlichen Forschung f\u00fcr eine kritische Auseinandersetzung zur Verf\u00fcgung gestellt wird. \u00bbDokumente wie die erworbenen Korrespondenzst\u00fccke erm\u00f6glichen es der Wissenschaft, unter allen Aspekten zu Leben und Werk zu forschen. Das beinhaltet eine kritische Auseinandersetzung im historischen Kontext ihrer Entstehung ebenso wie in der Lesart von heute, die noch einmal neue Zug\u00e4nge er\u00f6ffnet\u00ab, zeigt sich Katharina Prager, Leiterin f\u00fcr Forschung und Partizipation der Wienbibliothek im Rathaus sowie Herausgeberin des \u00bbKarl Kraus-Handbuch\u00ab, \u00fcberzeugt.<\/p>\n\n\n\n<p>KARL KRAUS-PORTAL AUF WIEN GESCHICHTE WIKI<\/p>\n\n\n\n<p>Zum 150. Geburtstag entsteht auf der digitalen Plattform Wien Geschichte Wiki derzeit das Karl Kraus-Portal, das einen erweiterten Diskurs erm\u00f6glicht. Zu Kraus und zur Wiener Moderne Forschende wie Interessierte sind eingeladen, mit eigenen Eintr\u00e4gen ihr Wissen einzuschreiben und mit den bestehenden Quellen der Wienbibliothek Digital zu verkn\u00fcpfen.<\/p>\n\n\n\n<p>\u00bbBereits seit zehn Jahren laden wir mit dem Wien Geschichte Wiki ein die (Kultur-)Geschichte Wiens partizipativ zu schreiben. Indem wir unsere Sammlungen zum Ged\u00e4chtnis der Stadt auch digital f\u00fcr alle zug\u00e4nglich machen, entstehen durch das Wissen der Vielen neue Erkenntnisse und Perspektiven\u00ab, so Wienbibliothek-Direktorin Anita Eichinger. \u00bbEs ist f\u00fcr unsere demokratische Gesellschaft von immenser Wichtigkeit, im digitalen Raum gesichertes, fakten- und quellenbasiertes Wissen zu schaffen und anzubieten.\u00ab<\/p>\n\n\n\n<p>AUSSTELLUNG<\/p>\n\n\n\n<p>\u00bbDas Familienleben ist ein Eingriff in das Privatleben \u2013<br>Die Familie des Satirikers Karl Kraus\u00ab (ab 26. April 2024)<\/p>\n\n\n\n<p>Karl Kraus wurde mit seiner Zeitschrift \u00bbDie Fackel\u00ab sowie durch \u00f6ffentliche Kampagnen und Auftritte zur gefeierten wie gef\u00fcrchteten kritischen Instanz seiner Zeit. Zum privaten Kraus ist bisher nur wenig bekannt, hielt er doch seine Familie sowie seine Lieb- wie Freundschaften aus der \u00d6ffentlichkeit heraus. Die mond\u00e4ne und progressive Kraus-Dynastie, die sich vom b\u00f6hmischen Ji\u010d\u00edn aus in der Welt des mitteleurop\u00e4ischen Gro\u00dfb\u00fcrgertums etablierte, blieb daher bis heute gro\u00dfteils im Verborgenen. Die Wienbibliothek im Rathaus zeigt mit der Ausstellung \u00bbDas Familienleben ist ein Eingriff in das Privatleben \u2013 Die Familie des Satirikers Karl Kraus\u00ab (ab 26. April 2024), dass Kraus zeitlebens Teil einer faszinierenden j\u00fcdischen Gro\u00dffamilie war, \u00fcber der heute der Schatten der Shoah liegt. Im Rahmen einer Kooperation mit den Wiener Festwochen sind zahlreiche Veranstaltungen in Planung.<\/p>\n\n\n\n<p>Kultur Online TV-FM<\/p>\n\n\n\n<p>#news #literatur<\/p>\n","protected":false},"excerpt":{"rendered":"<p>Ankauf hochkar\u00e4tiger Sammlung erg\u00e4nzt Karl Kraus-Archiv &#8211; Ausstellung zur Familiengeschichte \u00a9 bild pixabay Anl\u00e4sslich des 150. Geburtstages von Karl Kraus am 28. April 1874 nimmt die Wienbibliothek im Rathaus dieser zentralen Figur der europ\u00e4ischen Moderne in den Fokus: Der Ankauf einer bemerkenswerten Sammlung mit Manuskripten, unver\u00f6ffentlichten Essays sowie knapp 50 Korrespondenzst\u00fccken an Irma Karczewska erg\u00e4nzt [&hellip;]<\/p>\n","protected":false},"author":2,"featured_media":69821,"comment_status":"open","ping_status":"closed","sticky":false,"template":"","format":"standard","meta":{"_acf_changed":false,"footnotes":""},"categories":[133],"tags":[],"class_list":["post-69818","post","type-post","status-publish","format-standard","has-post-thumbnail","hentry","category-literatur"],"acf":[],"yoast_head":"<!-- This site is optimized with the Yoast SEO plugin v26.1.1 - https:\/\/yoast.com\/wordpress\/plugins\/seo\/ -->\n<title>150. Geburtstag von Karl Kraus in der Wienbibliothek im Rathaus - Kultur Online TV &amp; FM<\/title>\n<meta name=\"description\" content=\"Kultur sehen und H\u00f6ren\" \/>\n<meta name=\"robots\" content=\"index, follow, max-snippet:-1, max-image-preview:large, max-video-preview:-1\" \/>\n<link rel=\"canonical\" href=\"https:\/\/kulturonline.tv\/at\/150-geburtstag-von-karl-kraus-in-der-wienbibliothek-im-rathaus\/\" \/>\n<meta property=\"og:locale\" content=\"de_DE\" \/>\n<meta property=\"og:type\" content=\"article\" \/>\n<meta property=\"og:title\" content=\"150. Geburtstag von Karl Kraus in der Wienbibliothek im Rathaus - Kultur Online TV &amp; FM\" \/>\n<meta property=\"og:description\" content=\"Kultur sehen und H\u00f6ren\" \/>\n<meta property=\"og:url\" content=\"https:\/\/kulturonline.tv\/at\/150-geburtstag-von-karl-kraus-in-der-wienbibliothek-im-rathaus\/\" \/>\n<meta property=\"og:site_name\" content=\"Kultur Online TV &amp; FM\" \/>\n<meta property=\"article:publisher\" content=\"https:\/\/www.facebook.com\/kulturonline.tv\" \/>\n<meta property=\"article:published_time\" content=\"2023-12-31T12:13:56+00:00\" \/>\n<meta property=\"article:modified_time\" content=\"2023-12-31T12:13:58+00:00\" \/>\n<meta property=\"og:image\" content=\"https:\/\/kulturonline.tv\/wp-content\/uploads\/2023\/12\/Bibliothek-Kultur-Online-TV-edited.jpg\" \/>\n\t<meta property=\"og:image:width\" content=\"1280\" \/>\n\t<meta property=\"og:image:height\" content=\"720\" \/>\n\t<meta property=\"og:image:type\" content=\"image\/jpeg\" \/>\n<meta name=\"author\" content=\"guenter.wolfgang\" \/>\n<meta name=\"twitter:card\" content=\"summary_large_image\" \/>\n<meta name=\"twitter:label1\" content=\"Verfasst von\" \/>\n\t<meta name=\"twitter:data1\" content=\"guenter.wolfgang\" \/>\n\t<meta name=\"twitter:label2\" content=\"Gesch\u00e4tzte Lesezeit\" \/>\n\t<meta name=\"twitter:data2\" content=\"5 Minuten\" \/>\n<script type=\"application\/ld+json\" class=\"yoast-schema-graph\">{\"@context\":\"https:\/\/schema.org\",\"@graph\":[{\"@type\":\"Article\",\"@id\":\"https:\/\/kulturonline.tv\/at\/150-geburtstag-von-karl-kraus-in-der-wienbibliothek-im-rathaus\/#article\",\"isPartOf\":{\"@id\":\"https:\/\/kulturonline.tv\/at\/150-geburtstag-von-karl-kraus-in-der-wienbibliothek-im-rathaus\/\"},\"author\":{\"name\":\"guenter.wolfgang\",\"@id\":\"https:\/\/kulturonline.tv\/at\/#\/schema\/person\/b0fac729bb9a0c193fb1df23449df4fe\"},\"headline\":\"150. Geburtstag von Karl Kraus in der Wienbibliothek im Rathaus\",\"datePublished\":\"2023-12-31T12:13:56+00:00\",\"dateModified\":\"2023-12-31T12:13:58+00:00\",\"mainEntityOfPage\":{\"@id\":\"https:\/\/kulturonline.tv\/at\/150-geburtstag-von-karl-kraus-in-der-wienbibliothek-im-rathaus\/\"},\"wordCount\":944,\"commentCount\":0,\"publisher\":{\"@id\":\"https:\/\/kulturonline.tv\/at\/#organization\"},\"image\":{\"@id\":\"https:\/\/kulturonline.tv\/at\/150-geburtstag-von-karl-kraus-in-der-wienbibliothek-im-rathaus\/#primaryimage\"},\"thumbnailUrl\":\"https:\/\/kulturonline.tv\/wp-content\/uploads\/2023\/12\/Bibliothek-Kultur-Online-TV-edited.jpg\",\"articleSection\":[\"Literatur\"],\"inLanguage\":\"de-AT\",\"potentialAction\":[{\"@type\":\"CommentAction\",\"name\":\"Comment\",\"target\":[\"https:\/\/kulturonline.tv\/at\/150-geburtstag-von-karl-kraus-in-der-wienbibliothek-im-rathaus\/#respond\"]}]},{\"@type\":\"WebPage\",\"@id\":\"https:\/\/kulturonline.tv\/at\/150-geburtstag-von-karl-kraus-in-der-wienbibliothek-im-rathaus\/\",\"url\":\"https:\/\/kulturonline.tv\/at\/150-geburtstag-von-karl-kraus-in-der-wienbibliothek-im-rathaus\/\",\"name\":\"150. Geburtstag von Karl Kraus in der Wienbibliothek im Rathaus - Kultur Online TV &amp; FM\",\"isPartOf\":{\"@id\":\"https:\/\/kulturonline.tv\/at\/#website\"},\"primaryImageOfPage\":{\"@id\":\"https:\/\/kulturonline.tv\/at\/150-geburtstag-von-karl-kraus-in-der-wienbibliothek-im-rathaus\/#primaryimage\"},\"image\":{\"@id\":\"https:\/\/kulturonline.tv\/at\/150-geburtstag-von-karl-kraus-in-der-wienbibliothek-im-rathaus\/#primaryimage\"},\"thumbnailUrl\":\"https:\/\/kulturonline.tv\/wp-content\/uploads\/2023\/12\/Bibliothek-Kultur-Online-TV-edited.jpg\",\"datePublished\":\"2023-12-31T12:13:56+00:00\",\"dateModified\":\"2023-12-31T12:13:58+00:00\",\"description\":\"Kultur sehen und H\u00f6ren\",\"breadcrumb\":{\"@id\":\"https:\/\/kulturonline.tv\/at\/150-geburtstag-von-karl-kraus-in-der-wienbibliothek-im-rathaus\/#breadcrumb\"},\"inLanguage\":\"de-AT\",\"potentialAction\":[{\"@type\":\"ReadAction\",\"target\":[\"https:\/\/kulturonline.tv\/at\/150-geburtstag-von-karl-kraus-in-der-wienbibliothek-im-rathaus\/\"]}]},{\"@type\":\"ImageObject\",\"inLanguage\":\"de-AT\",\"@id\":\"https:\/\/kulturonline.tv\/at\/150-geburtstag-von-karl-kraus-in-der-wienbibliothek-im-rathaus\/#primaryimage\",\"url\":\"https:\/\/kulturonline.tv\/wp-content\/uploads\/2023\/12\/Bibliothek-Kultur-Online-TV-edited.jpg\",\"contentUrl\":\"https:\/\/kulturonline.tv\/wp-content\/uploads\/2023\/12\/Bibliothek-Kultur-Online-TV-edited.jpg\",\"width\":1280,\"height\":720},{\"@type\":\"BreadcrumbList\",\"@id\":\"https:\/\/kulturonline.tv\/at\/150-geburtstag-von-karl-kraus-in-der-wienbibliothek-im-rathaus\/#breadcrumb\",\"itemListElement\":[{\"@type\":\"ListItem\",\"position\":1,\"name\":\"Startseite\",\"item\":\"https:\/\/kulturonline.tv\/at\/\"},{\"@type\":\"ListItem\",\"position\":2,\"name\":\"150. Geburtstag von Karl Kraus in der Wienbibliothek im Rathaus\"}]},{\"@type\":\"WebSite\",\"@id\":\"https:\/\/kulturonline.tv\/at\/#website\",\"url\":\"https:\/\/kulturonline.tv\/at\/\",\"name\":\"Kultur Online TV &amp; FM\",\"description\":\"Wir sind Kultur 2.0 zum sehen &amp; h\u00f6ren\",\"publisher\":{\"@id\":\"https:\/\/kulturonline.tv\/at\/#organization\"},\"potentialAction\":[{\"@type\":\"SearchAction\",\"target\":{\"@type\":\"EntryPoint\",\"urlTemplate\":\"https:\/\/kulturonline.tv\/at\/?s={search_term_string}\"},\"query-input\":{\"@type\":\"PropertyValueSpecification\",\"valueRequired\":true,\"valueName\":\"search_term_string\"}}],\"inLanguage\":\"de-AT\"},{\"@type\":\"Organization\",\"@id\":\"https:\/\/kulturonline.tv\/at\/#organization\",\"name\":\"Kultur Online TV\",\"url\":\"https:\/\/kulturonline.tv\/at\/\",\"logo\":{\"@type\":\"ImageObject\",\"inLanguage\":\"de-AT\",\"@id\":\"https:\/\/kulturonline.tv\/at\/#\/schema\/logo\/image\/\",\"url\":\"https:\/\/kulturonline.tv\/wp-content\/uploads\/2021\/08\/Kultur-Online-Tv-Logo-Endversion-neu.png\",\"contentUrl\":\"https:\/\/kulturonline.tv\/wp-content\/uploads\/2021\/08\/Kultur-Online-Tv-Logo-Endversion-neu.png\",\"width\":200,\"height\":200,\"caption\":\"Kultur Online TV\"},\"image\":{\"@id\":\"https:\/\/kulturonline.tv\/at\/#\/schema\/logo\/image\/\"},\"sameAs\":[\"https:\/\/www.facebook.com\/kulturonline.tv\",\"https:\/\/www.instagram.com\/kulturonline.tv\"]},{\"@type\":\"Person\",\"@id\":\"https:\/\/kulturonline.tv\/at\/#\/schema\/person\/b0fac729bb9a0c193fb1df23449df4fe\",\"name\":\"guenter.wolfgang\"}]}<\/script>\n<!-- \/ Yoast SEO plugin. -->","yoast_head_json":{"title":"150. Geburtstag von Karl Kraus in der Wienbibliothek im Rathaus - Kultur Online TV &amp; FM","description":"Kultur sehen und H\u00f6ren","robots":{"index":"index","follow":"follow","max-snippet":"max-snippet:-1","max-image-preview":"max-image-preview:large","max-video-preview":"max-video-preview:-1"},"canonical":"https:\/\/kulturonline.tv\/at\/150-geburtstag-von-karl-kraus-in-der-wienbibliothek-im-rathaus\/","og_locale":"de_DE","og_type":"article","og_title":"150. Geburtstag von Karl Kraus in der Wienbibliothek im Rathaus - Kultur Online TV &amp; FM","og_description":"Kultur sehen und H\u00f6ren","og_url":"https:\/\/kulturonline.tv\/at\/150-geburtstag-von-karl-kraus-in-der-wienbibliothek-im-rathaus\/","og_site_name":"Kultur Online TV &amp; FM","article_publisher":"https:\/\/www.facebook.com\/kulturonline.tv","article_published_time":"2023-12-31T12:13:56+00:00","article_modified_time":"2023-12-31T12:13:58+00:00","og_image":[{"width":1280,"height":720,"url":"https:\/\/kulturonline.tv\/wp-content\/uploads\/2023\/12\/Bibliothek-Kultur-Online-TV-edited.jpg","type":"image\/jpeg"}],"author":"guenter.wolfgang","twitter_card":"summary_large_image","twitter_misc":{"Verfasst von":"guenter.wolfgang","Gesch\u00e4tzte Lesezeit":"5 Minuten"},"schema":{"@context":"https:\/\/schema.org","@graph":[{"@type":"Article","@id":"https:\/\/kulturonline.tv\/at\/150-geburtstag-von-karl-kraus-in-der-wienbibliothek-im-rathaus\/#article","isPartOf":{"@id":"https:\/\/kulturonline.tv\/at\/150-geburtstag-von-karl-kraus-in-der-wienbibliothek-im-rathaus\/"},"author":{"name":"guenter.wolfgang","@id":"https:\/\/kulturonline.tv\/at\/#\/schema\/person\/b0fac729bb9a0c193fb1df23449df4fe"},"headline":"150. Geburtstag von Karl Kraus in der Wienbibliothek im Rathaus","datePublished":"2023-12-31T12:13:56+00:00","dateModified":"2023-12-31T12:13:58+00:00","mainEntityOfPage":{"@id":"https:\/\/kulturonline.tv\/at\/150-geburtstag-von-karl-kraus-in-der-wienbibliothek-im-rathaus\/"},"wordCount":944,"commentCount":0,"publisher":{"@id":"https:\/\/kulturonline.tv\/at\/#organization"},"image":{"@id":"https:\/\/kulturonline.tv\/at\/150-geburtstag-von-karl-kraus-in-der-wienbibliothek-im-rathaus\/#primaryimage"},"thumbnailUrl":"https:\/\/kulturonline.tv\/wp-content\/uploads\/2023\/12\/Bibliothek-Kultur-Online-TV-edited.jpg","articleSection":["Literatur"],"inLanguage":"de-AT","potentialAction":[{"@type":"CommentAction","name":"Comment","target":["https:\/\/kulturonline.tv\/at\/150-geburtstag-von-karl-kraus-in-der-wienbibliothek-im-rathaus\/#respond"]}]},{"@type":"WebPage","@id":"https:\/\/kulturonline.tv\/at\/150-geburtstag-von-karl-kraus-in-der-wienbibliothek-im-rathaus\/","url":"https:\/\/kulturonline.tv\/at\/150-geburtstag-von-karl-kraus-in-der-wienbibliothek-im-rathaus\/","name":"150. Geburtstag von Karl Kraus in der Wienbibliothek im Rathaus - Kultur Online TV &amp; FM","isPartOf":{"@id":"https:\/\/kulturonline.tv\/at\/#website"},"primaryImageOfPage":{"@id":"https:\/\/kulturonline.tv\/at\/150-geburtstag-von-karl-kraus-in-der-wienbibliothek-im-rathaus\/#primaryimage"},"image":{"@id":"https:\/\/kulturonline.tv\/at\/150-geburtstag-von-karl-kraus-in-der-wienbibliothek-im-rathaus\/#primaryimage"},"thumbnailUrl":"https:\/\/kulturonline.tv\/wp-content\/uploads\/2023\/12\/Bibliothek-Kultur-Online-TV-edited.jpg","datePublished":"2023-12-31T12:13:56+00:00","dateModified":"2023-12-31T12:13:58+00:00","description":"Kultur sehen und H\u00f6ren","breadcrumb":{"@id":"https:\/\/kulturonline.tv\/at\/150-geburtstag-von-karl-kraus-in-der-wienbibliothek-im-rathaus\/#breadcrumb"},"inLanguage":"de-AT","potentialAction":[{"@type":"ReadAction","target":["https:\/\/kulturonline.tv\/at\/150-geburtstag-von-karl-kraus-in-der-wienbibliothek-im-rathaus\/"]}]},{"@type":"ImageObject","inLanguage":"de-AT","@id":"https:\/\/kulturonline.tv\/at\/150-geburtstag-von-karl-kraus-in-der-wienbibliothek-im-rathaus\/#primaryimage","url":"https:\/\/kulturonline.tv\/wp-content\/uploads\/2023\/12\/Bibliothek-Kultur-Online-TV-edited.jpg","contentUrl":"https:\/\/kulturonline.tv\/wp-content\/uploads\/2023\/12\/Bibliothek-Kultur-Online-TV-edited.jpg","width":1280,"height":720},{"@type":"BreadcrumbList","@id":"https:\/\/kulturonline.tv\/at\/150-geburtstag-von-karl-kraus-in-der-wienbibliothek-im-rathaus\/#breadcrumb","itemListElement":[{"@type":"ListItem","position":1,"name":"Startseite","item":"https:\/\/kulturonline.tv\/at\/"},{"@type":"ListItem","position":2,"name":"150. Geburtstag von Karl Kraus in der Wienbibliothek im Rathaus"}]},{"@type":"WebSite","@id":"https:\/\/kulturonline.tv\/at\/#website","url":"https:\/\/kulturonline.tv\/at\/","name":"Kultur Online TV &amp; FM","description":"Wir sind Kultur 2.0 zum sehen &amp; h\u00f6ren","publisher":{"@id":"https:\/\/kulturonline.tv\/at\/#organization"},"potentialAction":[{"@type":"SearchAction","target":{"@type":"EntryPoint","urlTemplate":"https:\/\/kulturonline.tv\/at\/?s={search_term_string}"},"query-input":{"@type":"PropertyValueSpecification","valueRequired":true,"valueName":"search_term_string"}}],"inLanguage":"de-AT"},{"@type":"Organization","@id":"https:\/\/kulturonline.tv\/at\/#organization","name":"Kultur Online TV","url":"https:\/\/kulturonline.tv\/at\/","logo":{"@type":"ImageObject","inLanguage":"de-AT","@id":"https:\/\/kulturonline.tv\/at\/#\/schema\/logo\/image\/","url":"https:\/\/kulturonline.tv\/wp-content\/uploads\/2021\/08\/Kultur-Online-Tv-Logo-Endversion-neu.png","contentUrl":"https:\/\/kulturonline.tv\/wp-content\/uploads\/2021\/08\/Kultur-Online-Tv-Logo-Endversion-neu.png","width":200,"height":200,"caption":"Kultur Online TV"},"image":{"@id":"https:\/\/kulturonline.tv\/at\/#\/schema\/logo\/image\/"},"sameAs":["https:\/\/www.facebook.com\/kulturonline.tv","https:\/\/www.instagram.com\/kulturonline.tv"]},{"@type":"Person","@id":"https:\/\/kulturonline.tv\/at\/#\/schema\/person\/b0fac729bb9a0c193fb1df23449df4fe","name":"guenter.wolfgang"}]}},"_links":{"self":[{"href":"https:\/\/kulturonline.tv\/at\/wp-json\/wp\/v2\/posts\/69818","targetHints":{"allow":["GET"]}}],"collection":[{"href":"https:\/\/kulturonline.tv\/at\/wp-json\/wp\/v2\/posts"}],"about":[{"href":"https:\/\/kulturonline.tv\/at\/wp-json\/wp\/v2\/types\/post"}],"author":[{"embeddable":true,"href":"https:\/\/kulturonline.tv\/at\/wp-json\/wp\/v2\/users\/2"}],"replies":[{"embeddable":true,"href":"https:\/\/kulturonline.tv\/at\/wp-json\/wp\/v2\/comments?post=69818"}],"version-history":[{"count":0,"href":"https:\/\/kulturonline.tv\/at\/wp-json\/wp\/v2\/posts\/69818\/revisions"}],"wp:featuredmedia":[{"embeddable":true,"href":"https:\/\/kulturonline.tv\/at\/wp-json\/wp\/v2\/media\/69821"}],"wp:attachment":[{"href":"https:\/\/kulturonline.tv\/at\/wp-json\/wp\/v2\/media?parent=69818"}],"wp:term":[{"taxonomy":"category","embeddable":true,"href":"https:\/\/kulturonline.tv\/at\/wp-json\/wp\/v2\/categories?post=69818"},{"taxonomy":"post_tag","embeddable":true,"href":"https:\/\/kulturonline.tv\/at\/wp-json\/wp\/v2\/tags?post=69818"}],"curies":[{"name":"wp","href":"https:\/\/api.w.org\/{rel}","templated":true}]}}