{"id":72449,"date":"2024-04-09T21:16:47","date_gmt":"2024-04-09T19:16:47","guid":{"rendered":"https:\/\/kulturonline.tv\/?p=72449"},"modified":"2024-04-09T21:16:49","modified_gmt":"2024-04-09T19:16:49","slug":"buchvorstellung-in-wien-am-internationalen-tag-der-roma-naked-identity-wer-ist-aya-k","status":"publish","type":"post","link":"https:\/\/kulturonline.tv\/at\/buchvorstellung-in-wien-am-internationalen-tag-der-roma-naked-identity-wer-ist-aya-k\/","title":{"rendered":"Buchvorstellung in Wien am Internationalen Tag der Roma: &#8222;Naked Identity \u2013 Wer ist Aya K&#8220;?"},"content":{"rendered":"\n<p>Kiew, Budapest, Wien, Paris &#8211; in Daniel Carinssons neuem Roman geht es quer durch das gereizte Europa und sprichw\u00f6rtlich um die nackte Haut. Preview auf der Leipziger Buchmnesse.<\/p>\n\n\n\n<figure class=\"wp-block-image size-full\"><img fetchpriority=\"high\" decoding=\"async\" width=\"1398\" height=\"786\" src=\"https:\/\/kulturonline.tv\/wp-content\/uploads\/2024\/04\/OBS_20240403_OBS0026-1.jpg\" alt=\"\" class=\"wp-image-72450\" srcset=\"https:\/\/kulturonline.tv\/wp-content\/uploads\/2024\/04\/OBS_20240403_OBS0026-1.jpg 1398w, https:\/\/kulturonline.tv\/wp-content\/uploads\/2024\/04\/OBS_20240403_OBS0026-1-800x450.jpg 800w, https:\/\/kulturonline.tv\/wp-content\/uploads\/2024\/04\/OBS_20240403_OBS0026-1-768x432.jpg 768w, https:\/\/kulturonline.tv\/wp-content\/uploads\/2024\/04\/OBS_20240403_OBS0026-1-600x337.jpg 600w\" sizes=\"(max-width: 1398px) 100vw, 1398px\" \/><figcaption class=\"wp-element-caption\">Buchcover des Romand von Daniel Carinsson<\/figcaption><\/figure>\n\n\n\n<p>Premiere am 8. April in Wien &#8211; Diskussion auf der Leipziger Buchmesse<br>Der 8. April ist internationaler Tag der Roma, genau der richtige Tag f\u00fcr die Ver\u00f6ffentlichung des Gypsy-Krimi &#8222;NAKED IDENTITY \u2013 WER IST AYA K?&#8220;, den der Autor gemeinsam mit der Journalistin und Roma-Aktivistin Gilda Horwath an diesem Tag im Wiener B\u00fccher-Caf\u00e9 phil vorstellt.der hinter spannender Unterhaltung einige Zumutungen f\u00fcr Leserinnen und Lesern bereith\u00e4lt. Denn wenn eine Romni als Neo-Femen-Aktivistin sich in der Ukraine Rechtsradikalen entgegen stellt, sich dabei aber selbst den Konventionen ihrer Community entzieht, stellen sich Fragen \u2013 auch au\u00dferhalb des Buchdeckels.<\/p>\n\n\n\n<div class=\"wp-block-media-text is-stacked-on-mobile\" style=\"grid-template-columns:24% auto\"><figure class=\"wp-block-media-text__media\"><img decoding=\"async\" width=\"993\" height=\"1600\" src=\"https:\/\/kulturonline.tv\/wp-content\/uploads\/2024\/04\/OBS_20240403_OBS0026-993x1600.jpg\" alt=\"\" class=\"wp-image-72452 size-full\" srcset=\"https:\/\/kulturonline.tv\/wp-content\/uploads\/2024\/04\/OBS_20240403_OBS0026-993x1600.jpg 993w, https:\/\/kulturonline.tv\/wp-content\/uploads\/2024\/04\/OBS_20240403_OBS0026-497x800.jpg 497w, https:\/\/kulturonline.tv\/wp-content\/uploads\/2024\/04\/OBS_20240403_OBS0026-768x1237.jpg 768w, https:\/\/kulturonline.tv\/wp-content\/uploads\/2024\/04\/OBS_20240403_OBS0026-953x1536.jpg 953w, https:\/\/kulturonline.tv\/wp-content\/uploads\/2024\/04\/OBS_20240403_OBS0026-1271x2048.jpg 1271w, https:\/\/kulturonline.tv\/wp-content\/uploads\/2024\/04\/OBS_20240403_OBS0026-600x967.jpg 600w, https:\/\/kulturonline.tv\/wp-content\/uploads\/2024\/04\/OBS_20240403_OBS0026.jpg 1576w\" sizes=\"(max-width: 993px) 100vw, 993px\" \/><\/figure><div class=\"wp-block-media-text__content\">\n<p>Premiere am 8. April in Wien &#8211; Diskussion auf der Leipziger Buchmesse<br>Der 8. April ist internationaler Tag der Roma, genau der richtige Tag f\u00fcr die Ver\u00f6ffentlichung des Gypsy-Krimi &#8222;NAKED IDENTITY \u2013 WER IST AYA K?&#8220;, den der Autor gemeinsam mit der Journalistin und Roma-Aktivistin Gilda Horwath an diesem Tag im Wiener B\u00fccher-Caf\u00e9 phil vorstellt.<\/p>\n<\/div><\/div>\n\n\n\n<p>Schon bereits drei Wochen davor sa\u00df Carinsson mit Kolleg:innen des Autorenverands SYNDIKAT, dem er von 2015 bis 2018 als Sprecher vorstand, auf einem Podium auf der Leipziger Buchmesse und diskutiert die Frage &#8222;Wieviel \u201aPolitical Correctness\u2018 vertr\u00e4gt der Krimi?&#8220;<\/p>\n\n\n\n<p>&#8222;Wokeness triggert manche Menschen ungemein &#8211; und l\u00e4dt damit nat\u00fcrlich zur Provokation ein. Mit Provokation arbeitet auch die Protagonistin in meinem Roman und ergo nat\u00fcrlich auch ich&#8220;, spannt der Autor den Bogen. Die Grenzen g\u00e4lte es dabei immer neu auszutarieren und &#8222;NAKED IDENTITY&#8220; sei hier sein aktueller Beitrag, &#8222;der das Ganze auch spannend und unterhaltsam verpackt&#8220;, gibt sich Carinsson hoffnungsvoll.<\/p>\n\n\n\n<p>Daniel Carinsson NAKED IDENTITY &#8211; WER IST AYA K?<br>Kriminalroman, ab 8. April erh\u00e4ltlich<br>Taschenbuch, 398 Seiten, 16,50 EUR<br>ISBN 978-3-75833-105-3<br>Auch als E-Book auf Amazon (kostenlos mit kindle unlimited\u00ae)<\/p>\n\n\n\n<p>Buchvorstellung: NAKED IDENTITY &#8211; WER IST AYA K?<br>Der 8. April ist internationaler Tag der Roma, genau der richtige Tag f\u00fcr die Ver\u00f6ffentlichung von Daniel Carinssons neuem \u201eGypsy-Krimi\u201c NAKED IDENTITY \u2013 WER IST AYA K?, den der Autor gemeinsam mit der Journalistin und Roma-Aktivistin Gilda Horwath an diesem Tag auch live im Wiener B\u00fccher-Caf\u00e9 phil vorstellt. Dabei soll nicht nur gelesen, sondern auch diskutiert werden. Was darf man? Was kann mann? Was soll man? Das Publikum ist gefordert.<\/p>\n\n\n\n<p>Datum: 08.04.2024, 18:30 &#8211; 20:30 Uhr<\/p>\n\n\n\n<p>Ort: phil<br>Gumpendorferstra\u00dfe 10-12, 1060 Wien, \u00d6sterreich<\/p>\n\n\n\n<p>Kultur Online TV-FM<\/p>\n\n\n\n<p>#news #literatur<\/p>\n","protected":false},"excerpt":{"rendered":"<p>Kiew, Budapest, Wien, Paris &#8211; in Daniel Carinssons neuem Roman geht es quer durch das gereizte Europa und sprichw\u00f6rtlich um die nackte Haut. Preview auf der Leipziger Buchmnesse. Premiere am 8. April in Wien &#8211; Diskussion auf der Leipziger BuchmesseDer 8. April ist internationaler Tag der Roma, genau der richtige Tag f\u00fcr die Ver\u00f6ffentlichung des [&hellip;]<\/p>\n","protected":false},"author":2,"featured_media":72450,"comment_status":"open","ping_status":"closed","sticky":false,"template":"","format":"standard","meta":{"_acf_changed":false,"footnotes":""},"categories":[133],"tags":[],"class_list":["post-72449","post","type-post","status-publish","format-standard","has-post-thumbnail","hentry","category-literatur"],"acf":[],"yoast_head":"<!-- This site is optimized with the Yoast SEO plugin v26.1.1 - https:\/\/yoast.com\/wordpress\/plugins\/seo\/ -->\n<title>Buchvorstellung in Wien am Internationalen Tag der Roma: &quot;Naked Identity \u2013 Wer ist Aya K&quot;? - Kultur Online TV &amp; FM<\/title>\n<meta name=\"description\" content=\"Premiere am 8. April in Wien - Diskussion auf der Leipziger Buchmesse\" \/>\n<meta name=\"robots\" content=\"index, follow, max-snippet:-1, max-image-preview:large, max-video-preview:-1\" \/>\n<link rel=\"canonical\" href=\"https:\/\/kulturonline.tv\/at\/buchvorstellung-in-wien-am-internationalen-tag-der-roma-naked-identity-wer-ist-aya-k\/\" \/>\n<meta property=\"og:locale\" content=\"de_DE\" \/>\n<meta property=\"og:type\" content=\"article\" \/>\n<meta property=\"og:title\" content=\"Buchvorstellung in Wien am Internationalen Tag der Roma: &quot;Naked Identity \u2013 Wer ist Aya K&quot;? - Kultur Online TV &amp; FM\" \/>\n<meta property=\"og:description\" content=\"Premiere am 8. April in Wien - Diskussion auf der Leipziger Buchmesse\" \/>\n<meta property=\"og:url\" content=\"https:\/\/kulturonline.tv\/at\/buchvorstellung-in-wien-am-internationalen-tag-der-roma-naked-identity-wer-ist-aya-k\/\" \/>\n<meta property=\"og:site_name\" content=\"Kultur Online TV &amp; FM\" \/>\n<meta property=\"article:publisher\" content=\"https:\/\/www.facebook.com\/kulturonline.tv\" \/>\n<meta property=\"article:published_time\" content=\"2024-04-09T19:16:47+00:00\" \/>\n<meta property=\"article:modified_time\" content=\"2024-04-09T19:16:49+00:00\" \/>\n<meta property=\"og:image\" content=\"https:\/\/kulturonline.tv\/wp-content\/uploads\/2024\/04\/OBS_20240403_OBS0026-1.jpg\" \/>\n\t<meta property=\"og:image:width\" content=\"1398\" \/>\n\t<meta property=\"og:image:height\" content=\"786\" \/>\n\t<meta property=\"og:image:type\" content=\"image\/jpeg\" \/>\n<meta name=\"author\" content=\"guenter.wolfgang\" \/>\n<meta name=\"twitter:card\" content=\"summary_large_image\" \/>\n<meta name=\"twitter:label1\" content=\"Verfasst von\" \/>\n\t<meta name=\"twitter:data1\" content=\"guenter.wolfgang\" \/>\n\t<meta name=\"twitter:label2\" content=\"Gesch\u00e4tzte Lesezeit\" \/>\n\t<meta name=\"twitter:data2\" content=\"2 Minuten\" \/>\n<script type=\"application\/ld+json\" class=\"yoast-schema-graph\">{\"@context\":\"https:\/\/schema.org\",\"@graph\":[{\"@type\":\"Article\",\"@id\":\"https:\/\/kulturonline.tv\/at\/buchvorstellung-in-wien-am-internationalen-tag-der-roma-naked-identity-wer-ist-aya-k\/#article\",\"isPartOf\":{\"@id\":\"https:\/\/kulturonline.tv\/at\/buchvorstellung-in-wien-am-internationalen-tag-der-roma-naked-identity-wer-ist-aya-k\/\"},\"author\":{\"name\":\"guenter.wolfgang\",\"@id\":\"https:\/\/kulturonline.tv\/at\/#\/schema\/person\/b0fac729bb9a0c193fb1df23449df4fe\"},\"headline\":\"Buchvorstellung in Wien am Internationalen Tag der Roma: &#8222;Naked Identity \u2013 Wer ist Aya K&#8220;?\",\"datePublished\":\"2024-04-09T19:16:47+00:00\",\"dateModified\":\"2024-04-09T19:16:49+00:00\",\"mainEntityOfPage\":{\"@id\":\"https:\/\/kulturonline.tv\/at\/buchvorstellung-in-wien-am-internationalen-tag-der-roma-naked-identity-wer-ist-aya-k\/\"},\"wordCount\":424,\"commentCount\":0,\"publisher\":{\"@id\":\"https:\/\/kulturonline.tv\/at\/#organization\"},\"image\":{\"@id\":\"https:\/\/kulturonline.tv\/at\/buchvorstellung-in-wien-am-internationalen-tag-der-roma-naked-identity-wer-ist-aya-k\/#primaryimage\"},\"thumbnailUrl\":\"https:\/\/kulturonline.tv\/wp-content\/uploads\/2024\/04\/OBS_20240403_OBS0026-1.jpg\",\"articleSection\":[\"Literatur\"],\"inLanguage\":\"de-AT\",\"potentialAction\":[{\"@type\":\"CommentAction\",\"name\":\"Comment\",\"target\":[\"https:\/\/kulturonline.tv\/at\/buchvorstellung-in-wien-am-internationalen-tag-der-roma-naked-identity-wer-ist-aya-k\/#respond\"]}]},{\"@type\":\"WebPage\",\"@id\":\"https:\/\/kulturonline.tv\/at\/buchvorstellung-in-wien-am-internationalen-tag-der-roma-naked-identity-wer-ist-aya-k\/\",\"url\":\"https:\/\/kulturonline.tv\/at\/buchvorstellung-in-wien-am-internationalen-tag-der-roma-naked-identity-wer-ist-aya-k\/\",\"name\":\"Buchvorstellung in Wien am Internationalen Tag der Roma: \\\"Naked Identity \u2013 Wer ist Aya K\\\"? - Kultur Online TV &amp; FM\",\"isPartOf\":{\"@id\":\"https:\/\/kulturonline.tv\/at\/#website\"},\"primaryImageOfPage\":{\"@id\":\"https:\/\/kulturonline.tv\/at\/buchvorstellung-in-wien-am-internationalen-tag-der-roma-naked-identity-wer-ist-aya-k\/#primaryimage\"},\"image\":{\"@id\":\"https:\/\/kulturonline.tv\/at\/buchvorstellung-in-wien-am-internationalen-tag-der-roma-naked-identity-wer-ist-aya-k\/#primaryimage\"},\"thumbnailUrl\":\"https:\/\/kulturonline.tv\/wp-content\/uploads\/2024\/04\/OBS_20240403_OBS0026-1.jpg\",\"datePublished\":\"2024-04-09T19:16:47+00:00\",\"dateModified\":\"2024-04-09T19:16:49+00:00\",\"description\":\"Premiere am 8. April in Wien - Diskussion auf der Leipziger Buchmesse\",\"breadcrumb\":{\"@id\":\"https:\/\/kulturonline.tv\/at\/buchvorstellung-in-wien-am-internationalen-tag-der-roma-naked-identity-wer-ist-aya-k\/#breadcrumb\"},\"inLanguage\":\"de-AT\",\"potentialAction\":[{\"@type\":\"ReadAction\",\"target\":[\"https:\/\/kulturonline.tv\/at\/buchvorstellung-in-wien-am-internationalen-tag-der-roma-naked-identity-wer-ist-aya-k\/\"]}]},{\"@type\":\"ImageObject\",\"inLanguage\":\"de-AT\",\"@id\":\"https:\/\/kulturonline.tv\/at\/buchvorstellung-in-wien-am-internationalen-tag-der-roma-naked-identity-wer-ist-aya-k\/#primaryimage\",\"url\":\"https:\/\/kulturonline.tv\/wp-content\/uploads\/2024\/04\/OBS_20240403_OBS0026-1.jpg\",\"contentUrl\":\"https:\/\/kulturonline.tv\/wp-content\/uploads\/2024\/04\/OBS_20240403_OBS0026-1.jpg\",\"width\":1398,\"height\":786,\"caption\":\"Buchcover des Romand von Daniel Carinsson.\"},{\"@type\":\"BreadcrumbList\",\"@id\":\"https:\/\/kulturonline.tv\/at\/buchvorstellung-in-wien-am-internationalen-tag-der-roma-naked-identity-wer-ist-aya-k\/#breadcrumb\",\"itemListElement\":[{\"@type\":\"ListItem\",\"position\":1,\"name\":\"Startseite\",\"item\":\"https:\/\/kulturonline.tv\/at\/\"},{\"@type\":\"ListItem\",\"position\":2,\"name\":\"Buchvorstellung in Wien am Internationalen Tag der Roma: &#8222;Naked Identity \u2013 Wer ist Aya K&#8220;?\"}]},{\"@type\":\"WebSite\",\"@id\":\"https:\/\/kulturonline.tv\/at\/#website\",\"url\":\"https:\/\/kulturonline.tv\/at\/\",\"name\":\"Kultur Online TV &amp; FM\",\"description\":\"Wir sind Kultur 2.0 zum sehen &amp; h\u00f6ren\",\"publisher\":{\"@id\":\"https:\/\/kulturonline.tv\/at\/#organization\"},\"potentialAction\":[{\"@type\":\"SearchAction\",\"target\":{\"@type\":\"EntryPoint\",\"urlTemplate\":\"https:\/\/kulturonline.tv\/at\/?s={search_term_string}\"},\"query-input\":{\"@type\":\"PropertyValueSpecification\",\"valueRequired\":true,\"valueName\":\"search_term_string\"}}],\"inLanguage\":\"de-AT\"},{\"@type\":\"Organization\",\"@id\":\"https:\/\/kulturonline.tv\/at\/#organization\",\"name\":\"Kultur Online TV\",\"url\":\"https:\/\/kulturonline.tv\/at\/\",\"logo\":{\"@type\":\"ImageObject\",\"inLanguage\":\"de-AT\",\"@id\":\"https:\/\/kulturonline.tv\/at\/#\/schema\/logo\/image\/\",\"url\":\"https:\/\/kulturonline.tv\/wp-content\/uploads\/2021\/08\/Kultur-Online-Tv-Logo-Endversion-neu.png\",\"contentUrl\":\"https:\/\/kulturonline.tv\/wp-content\/uploads\/2021\/08\/Kultur-Online-Tv-Logo-Endversion-neu.png\",\"width\":200,\"height\":200,\"caption\":\"Kultur Online TV\"},\"image\":{\"@id\":\"https:\/\/kulturonline.tv\/at\/#\/schema\/logo\/image\/\"},\"sameAs\":[\"https:\/\/www.facebook.com\/kulturonline.tv\",\"https:\/\/www.instagram.com\/kulturonline.tv\"]},{\"@type\":\"Person\",\"@id\":\"https:\/\/kulturonline.tv\/at\/#\/schema\/person\/b0fac729bb9a0c193fb1df23449df4fe\",\"name\":\"guenter.wolfgang\"}]}<\/script>\n<!-- \/ Yoast SEO plugin. -->","yoast_head_json":{"title":"Buchvorstellung in Wien am Internationalen Tag der Roma: \"Naked Identity \u2013 Wer ist Aya K\"? - Kultur Online TV &amp; FM","description":"Premiere am 8. April in Wien - Diskussion auf der Leipziger Buchmesse","robots":{"index":"index","follow":"follow","max-snippet":"max-snippet:-1","max-image-preview":"max-image-preview:large","max-video-preview":"max-video-preview:-1"},"canonical":"https:\/\/kulturonline.tv\/at\/buchvorstellung-in-wien-am-internationalen-tag-der-roma-naked-identity-wer-ist-aya-k\/","og_locale":"de_DE","og_type":"article","og_title":"Buchvorstellung in Wien am Internationalen Tag der Roma: \"Naked Identity \u2013 Wer ist Aya K\"? - Kultur Online TV &amp; FM","og_description":"Premiere am 8. April in Wien - Diskussion auf der Leipziger Buchmesse","og_url":"https:\/\/kulturonline.tv\/at\/buchvorstellung-in-wien-am-internationalen-tag-der-roma-naked-identity-wer-ist-aya-k\/","og_site_name":"Kultur Online TV &amp; FM","article_publisher":"https:\/\/www.facebook.com\/kulturonline.tv","article_published_time":"2024-04-09T19:16:47+00:00","article_modified_time":"2024-04-09T19:16:49+00:00","og_image":[{"width":1398,"height":786,"url":"https:\/\/kulturonline.tv\/wp-content\/uploads\/2024\/04\/OBS_20240403_OBS0026-1.jpg","type":"image\/jpeg"}],"author":"guenter.wolfgang","twitter_card":"summary_large_image","twitter_misc":{"Verfasst von":"guenter.wolfgang","Gesch\u00e4tzte Lesezeit":"2 Minuten"},"schema":{"@context":"https:\/\/schema.org","@graph":[{"@type":"Article","@id":"https:\/\/kulturonline.tv\/at\/buchvorstellung-in-wien-am-internationalen-tag-der-roma-naked-identity-wer-ist-aya-k\/#article","isPartOf":{"@id":"https:\/\/kulturonline.tv\/at\/buchvorstellung-in-wien-am-internationalen-tag-der-roma-naked-identity-wer-ist-aya-k\/"},"author":{"name":"guenter.wolfgang","@id":"https:\/\/kulturonline.tv\/at\/#\/schema\/person\/b0fac729bb9a0c193fb1df23449df4fe"},"headline":"Buchvorstellung in Wien am Internationalen Tag der Roma: &#8222;Naked Identity \u2013 Wer ist Aya K&#8220;?","datePublished":"2024-04-09T19:16:47+00:00","dateModified":"2024-04-09T19:16:49+00:00","mainEntityOfPage":{"@id":"https:\/\/kulturonline.tv\/at\/buchvorstellung-in-wien-am-internationalen-tag-der-roma-naked-identity-wer-ist-aya-k\/"},"wordCount":424,"commentCount":0,"publisher":{"@id":"https:\/\/kulturonline.tv\/at\/#organization"},"image":{"@id":"https:\/\/kulturonline.tv\/at\/buchvorstellung-in-wien-am-internationalen-tag-der-roma-naked-identity-wer-ist-aya-k\/#primaryimage"},"thumbnailUrl":"https:\/\/kulturonline.tv\/wp-content\/uploads\/2024\/04\/OBS_20240403_OBS0026-1.jpg","articleSection":["Literatur"],"inLanguage":"de-AT","potentialAction":[{"@type":"CommentAction","name":"Comment","target":["https:\/\/kulturonline.tv\/at\/buchvorstellung-in-wien-am-internationalen-tag-der-roma-naked-identity-wer-ist-aya-k\/#respond"]}]},{"@type":"WebPage","@id":"https:\/\/kulturonline.tv\/at\/buchvorstellung-in-wien-am-internationalen-tag-der-roma-naked-identity-wer-ist-aya-k\/","url":"https:\/\/kulturonline.tv\/at\/buchvorstellung-in-wien-am-internationalen-tag-der-roma-naked-identity-wer-ist-aya-k\/","name":"Buchvorstellung in Wien am Internationalen Tag der Roma: \"Naked Identity \u2013 Wer ist Aya K\"? - Kultur Online TV &amp; FM","isPartOf":{"@id":"https:\/\/kulturonline.tv\/at\/#website"},"primaryImageOfPage":{"@id":"https:\/\/kulturonline.tv\/at\/buchvorstellung-in-wien-am-internationalen-tag-der-roma-naked-identity-wer-ist-aya-k\/#primaryimage"},"image":{"@id":"https:\/\/kulturonline.tv\/at\/buchvorstellung-in-wien-am-internationalen-tag-der-roma-naked-identity-wer-ist-aya-k\/#primaryimage"},"thumbnailUrl":"https:\/\/kulturonline.tv\/wp-content\/uploads\/2024\/04\/OBS_20240403_OBS0026-1.jpg","datePublished":"2024-04-09T19:16:47+00:00","dateModified":"2024-04-09T19:16:49+00:00","description":"Premiere am 8. April in Wien - Diskussion auf der Leipziger Buchmesse","breadcrumb":{"@id":"https:\/\/kulturonline.tv\/at\/buchvorstellung-in-wien-am-internationalen-tag-der-roma-naked-identity-wer-ist-aya-k\/#breadcrumb"},"inLanguage":"de-AT","potentialAction":[{"@type":"ReadAction","target":["https:\/\/kulturonline.tv\/at\/buchvorstellung-in-wien-am-internationalen-tag-der-roma-naked-identity-wer-ist-aya-k\/"]}]},{"@type":"ImageObject","inLanguage":"de-AT","@id":"https:\/\/kulturonline.tv\/at\/buchvorstellung-in-wien-am-internationalen-tag-der-roma-naked-identity-wer-ist-aya-k\/#primaryimage","url":"https:\/\/kulturonline.tv\/wp-content\/uploads\/2024\/04\/OBS_20240403_OBS0026-1.jpg","contentUrl":"https:\/\/kulturonline.tv\/wp-content\/uploads\/2024\/04\/OBS_20240403_OBS0026-1.jpg","width":1398,"height":786,"caption":"Buchcover des Romand von Daniel Carinsson."},{"@type":"BreadcrumbList","@id":"https:\/\/kulturonline.tv\/at\/buchvorstellung-in-wien-am-internationalen-tag-der-roma-naked-identity-wer-ist-aya-k\/#breadcrumb","itemListElement":[{"@type":"ListItem","position":1,"name":"Startseite","item":"https:\/\/kulturonline.tv\/at\/"},{"@type":"ListItem","position":2,"name":"Buchvorstellung in Wien am Internationalen Tag der Roma: &#8222;Naked Identity \u2013 Wer ist Aya K&#8220;?"}]},{"@type":"WebSite","@id":"https:\/\/kulturonline.tv\/at\/#website","url":"https:\/\/kulturonline.tv\/at\/","name":"Kultur Online TV &amp; FM","description":"Wir sind Kultur 2.0 zum sehen &amp; h\u00f6ren","publisher":{"@id":"https:\/\/kulturonline.tv\/at\/#organization"},"potentialAction":[{"@type":"SearchAction","target":{"@type":"EntryPoint","urlTemplate":"https:\/\/kulturonline.tv\/at\/?s={search_term_string}"},"query-input":{"@type":"PropertyValueSpecification","valueRequired":true,"valueName":"search_term_string"}}],"inLanguage":"de-AT"},{"@type":"Organization","@id":"https:\/\/kulturonline.tv\/at\/#organization","name":"Kultur Online TV","url":"https:\/\/kulturonline.tv\/at\/","logo":{"@type":"ImageObject","inLanguage":"de-AT","@id":"https:\/\/kulturonline.tv\/at\/#\/schema\/logo\/image\/","url":"https:\/\/kulturonline.tv\/wp-content\/uploads\/2021\/08\/Kultur-Online-Tv-Logo-Endversion-neu.png","contentUrl":"https:\/\/kulturonline.tv\/wp-content\/uploads\/2021\/08\/Kultur-Online-Tv-Logo-Endversion-neu.png","width":200,"height":200,"caption":"Kultur Online TV"},"image":{"@id":"https:\/\/kulturonline.tv\/at\/#\/schema\/logo\/image\/"},"sameAs":["https:\/\/www.facebook.com\/kulturonline.tv","https:\/\/www.instagram.com\/kulturonline.tv"]},{"@type":"Person","@id":"https:\/\/kulturonline.tv\/at\/#\/schema\/person\/b0fac729bb9a0c193fb1df23449df4fe","name":"guenter.wolfgang"}]}},"_links":{"self":[{"href":"https:\/\/kulturonline.tv\/at\/wp-json\/wp\/v2\/posts\/72449","targetHints":{"allow":["GET"]}}],"collection":[{"href":"https:\/\/kulturonline.tv\/at\/wp-json\/wp\/v2\/posts"}],"about":[{"href":"https:\/\/kulturonline.tv\/at\/wp-json\/wp\/v2\/types\/post"}],"author":[{"embeddable":true,"href":"https:\/\/kulturonline.tv\/at\/wp-json\/wp\/v2\/users\/2"}],"replies":[{"embeddable":true,"href":"https:\/\/kulturonline.tv\/at\/wp-json\/wp\/v2\/comments?post=72449"}],"version-history":[{"count":0,"href":"https:\/\/kulturonline.tv\/at\/wp-json\/wp\/v2\/posts\/72449\/revisions"}],"wp:featuredmedia":[{"embeddable":true,"href":"https:\/\/kulturonline.tv\/at\/wp-json\/wp\/v2\/media\/72450"}],"wp:attachment":[{"href":"https:\/\/kulturonline.tv\/at\/wp-json\/wp\/v2\/media?parent=72449"}],"wp:term":[{"taxonomy":"category","embeddable":true,"href":"https:\/\/kulturonline.tv\/at\/wp-json\/wp\/v2\/categories?post=72449"},{"taxonomy":"post_tag","embeddable":true,"href":"https:\/\/kulturonline.tv\/at\/wp-json\/wp\/v2\/tags?post=72449"}],"curies":[{"name":"wp","href":"https:\/\/api.w.org\/{rel}","templated":true}]}}