{"id":72455,"date":"2024-04-09T21:31:58","date_gmt":"2024-04-09T19:31:58","guid":{"rendered":"https:\/\/kulturonline.tv\/?p=72455"},"modified":"2024-04-09T21:32:00","modified_gmt":"2024-04-09T19:32:00","slug":"lesung-von-franz-schuh-ein-mann-ohne-beschwerden-am-12-4-im-orf-radiokulturhaus","status":"publish","type":"post","link":"https:\/\/kulturonline.tv\/at\/lesung-von-franz-schuh-ein-mann-ohne-beschwerden-am-12-4-im-orf-radiokulturhaus\/","title":{"rendered":"Lesung von Franz Schuh: \u201eEin Mann ohne Beschwerden\u201c am 12.4. im ORF RadioKulturhaus"},"content":{"rendered":"\n<p>Franz Schuh ist am Freitag, den 12. April (19.30 Uhr) zu Gast im ORF RadioKulturhaus: Der Wiener Literat und Philosoph liest aus seinem neuen Buch, musikalisch umrahmt wird der Abend von Pianistin Suyang Kim und Saxofonist Bernhard Parkfrieder.<\/p>\n\n\n\n<figure class=\"wp-block-image size-full is-resized\"><img fetchpriority=\"high\" decoding=\"async\" width=\"425\" height=\"239\" src=\"https:\/\/kulturonline.tv\/wp-content\/uploads\/2024\/04\/Franz_Schuh_O-Toene2008a-1.jpg\" alt=\"\" class=\"wp-image-72456\" style=\"width:840px;height:auto\"\/><figcaption class=\"wp-element-caption\">copyright bild: Manfred Werner (Tsui), CC BY-SA 3.0 <a href=\"http:\/\/creativecommons.org\/licenses\/by-sa\/3.0\/\">http:\/\/creativecommons.org\/licenses\/by-sa\/3.0\/<\/a>, via Wikimedia CommonsAuthor Franz Schuh, reading from his works at the literary festival O-T\u00f6ne at the MuseumsQuartier in Vienna, Austria.<\/figcaption><\/figure>\n\n\n\n<p>Franz Schuh hat einen ausgepr\u00e4gten Sinn f\u00fcr das Komische im Tragischen, das Lachen auf gescheite Weise ist sein Metier. Sein neues Buch \u201eEin Mann ohne Beschwerden\u201c ist \u201evon der ersten bis zur letzten Seite dem Jahr 2022 gewidmet, dem annus horribilis im Lebenslauf vieler Menschen, auch in meinem\u201c. Schuh studierte Philosophie, Geschichte und Germanistik. <\/p>\n\n\n\n<p>Er ist Lehrbeauftragter an verschiedenen Universit\u00e4ten, Kolumnist f\u00fcr Zeitschriften und Rundfunkstationen und erhielt f\u00fcr seine Arbeit bereits zahlreiche Auszeichnungen, u.a. den \u00d6sterreichischen Kunstpreis (2011), den Johann-Heinrich-Merck-Preis und den Bruno-Kreisky-Preis (beide 2021). Die Lesung am Freitag, den 12. April (19.30 Uhr) im Gro\u00dfen Sendesaal wird musikalisch umrahmt von der Pianistin Suyang Kim und dem Saxofonisten Bernhard Parkfrieder mit Werken von Erwin Schulhoff, Gustav Mahler und Francis Poulenc. Der Eintritt betr\u00e4gt EUR 21,\u2013; mit der ORF RadioKulturhaus-Karte ist der Bezug eines um 50 % erm\u00e4\u00dfigten Tickets m\u00f6glich; \u00d61 Club-Mitglieder erhalten 10 % Erm\u00e4\u00dfigung.<\/p>\n\n\n\n<p>#news #literatur #medien<\/p>\n","protected":false},"excerpt":{"rendered":"<p>Franz Schuh ist am Freitag, den 12. April (19.30 Uhr) zu Gast im ORF RadioKulturhaus: Der Wiener Literat und Philosoph liest aus seinem neuen Buch, musikalisch umrahmt wird der Abend von Pianistin Suyang Kim und Saxofonist Bernhard Parkfrieder. Franz Schuh hat einen ausgepr\u00e4gten Sinn f\u00fcr das Komische im Tragischen, das Lachen auf gescheite Weise ist [&hellip;]<\/p>\n","protected":false},"author":2,"featured_media":72456,"comment_status":"open","ping_status":"closed","sticky":false,"template":"","format":"standard","meta":{"_acf_changed":false,"footnotes":""},"categories":[133],"tags":[],"class_list":["post-72455","post","type-post","status-publish","format-standard","has-post-thumbnail","hentry","category-literatur"],"acf":[],"yoast_head":"<!-- This site is optimized with the Yoast SEO plugin v26.1.1 - https:\/\/yoast.com\/wordpress\/plugins\/seo\/ -->\n<title>Lesung von Franz Schuh: \u201eEin Mann ohne Beschwerden\u201c am 12.4. im ORF RadioKulturhaus - Kultur Online TV &amp; FM<\/title>\n<meta name=\"description\" content=\"Der Wiener Literat und Philosoph liest aus seinem neuen Buch, musikalisch umrahmt wird der Abend von Pianistin Suyang Kim und Saxofonist Bernhard Parkfrieder.\" \/>\n<meta name=\"robots\" content=\"index, follow, max-snippet:-1, max-image-preview:large, max-video-preview:-1\" \/>\n<link rel=\"canonical\" href=\"https:\/\/kulturonline.tv\/at\/lesung-von-franz-schuh-ein-mann-ohne-beschwerden-am-12-4-im-orf-radiokulturhaus\/\" \/>\n<meta property=\"og:locale\" content=\"de_DE\" \/>\n<meta property=\"og:type\" content=\"article\" \/>\n<meta property=\"og:title\" content=\"Lesung von Franz Schuh: \u201eEin Mann ohne Beschwerden\u201c am 12.4. im ORF RadioKulturhaus - Kultur Online TV &amp; FM\" \/>\n<meta property=\"og:description\" content=\"Der Wiener Literat und Philosoph liest aus seinem neuen Buch, musikalisch umrahmt wird der Abend von Pianistin Suyang Kim und Saxofonist Bernhard Parkfrieder.\" \/>\n<meta property=\"og:url\" content=\"https:\/\/kulturonline.tv\/at\/lesung-von-franz-schuh-ein-mann-ohne-beschwerden-am-12-4-im-orf-radiokulturhaus\/\" \/>\n<meta property=\"og:site_name\" content=\"Kultur Online TV &amp; FM\" \/>\n<meta property=\"article:publisher\" content=\"https:\/\/www.facebook.com\/kulturonline.tv\" \/>\n<meta property=\"article:published_time\" content=\"2024-04-09T19:31:58+00:00\" \/>\n<meta property=\"article:modified_time\" content=\"2024-04-09T19:32:00+00:00\" \/>\n<meta property=\"og:image\" content=\"https:\/\/kulturonline.tv\/wp-content\/uploads\/2024\/04\/Franz_Schuh_O-Toene2008a-1.jpg\" \/>\n\t<meta property=\"og:image:width\" content=\"425\" \/>\n\t<meta property=\"og:image:height\" content=\"239\" \/>\n\t<meta property=\"og:image:type\" content=\"image\/jpeg\" \/>\n<meta name=\"author\" content=\"guenter.wolfgang\" \/>\n<meta name=\"twitter:card\" content=\"summary_large_image\" \/>\n<meta name=\"twitter:label1\" content=\"Verfasst von\" \/>\n\t<meta name=\"twitter:data1\" content=\"guenter.wolfgang\" \/>\n\t<meta name=\"twitter:label2\" content=\"Gesch\u00e4tzte Lesezeit\" \/>\n\t<meta name=\"twitter:data2\" content=\"1 Minute\" \/>\n<script type=\"application\/ld+json\" class=\"yoast-schema-graph\">{\"@context\":\"https:\/\/schema.org\",\"@graph\":[{\"@type\":\"Article\",\"@id\":\"https:\/\/kulturonline.tv\/at\/lesung-von-franz-schuh-ein-mann-ohne-beschwerden-am-12-4-im-orf-radiokulturhaus\/#article\",\"isPartOf\":{\"@id\":\"https:\/\/kulturonline.tv\/at\/lesung-von-franz-schuh-ein-mann-ohne-beschwerden-am-12-4-im-orf-radiokulturhaus\/\"},\"author\":{\"name\":\"guenter.wolfgang\",\"@id\":\"https:\/\/kulturonline.tv\/at\/#\/schema\/person\/b0fac729bb9a0c193fb1df23449df4fe\"},\"headline\":\"Lesung von Franz Schuh: \u201eEin Mann ohne Beschwerden\u201c am 12.4. im ORF RadioKulturhaus\",\"datePublished\":\"2024-04-09T19:31:58+00:00\",\"dateModified\":\"2024-04-09T19:32:00+00:00\",\"mainEntityOfPage\":{\"@id\":\"https:\/\/kulturonline.tv\/at\/lesung-von-franz-schuh-ein-mann-ohne-beschwerden-am-12-4-im-orf-radiokulturhaus\/\"},\"wordCount\":229,\"commentCount\":0,\"publisher\":{\"@id\":\"https:\/\/kulturonline.tv\/at\/#organization\"},\"image\":{\"@id\":\"https:\/\/kulturonline.tv\/at\/lesung-von-franz-schuh-ein-mann-ohne-beschwerden-am-12-4-im-orf-radiokulturhaus\/#primaryimage\"},\"thumbnailUrl\":\"https:\/\/kulturonline.tv\/wp-content\/uploads\/2024\/04\/Franz_Schuh_O-Toene2008a-1.jpg\",\"articleSection\":[\"Literatur\"],\"inLanguage\":\"de-AT\",\"potentialAction\":[{\"@type\":\"CommentAction\",\"name\":\"Comment\",\"target\":[\"https:\/\/kulturonline.tv\/at\/lesung-von-franz-schuh-ein-mann-ohne-beschwerden-am-12-4-im-orf-radiokulturhaus\/#respond\"]}]},{\"@type\":\"WebPage\",\"@id\":\"https:\/\/kulturonline.tv\/at\/lesung-von-franz-schuh-ein-mann-ohne-beschwerden-am-12-4-im-orf-radiokulturhaus\/\",\"url\":\"https:\/\/kulturonline.tv\/at\/lesung-von-franz-schuh-ein-mann-ohne-beschwerden-am-12-4-im-orf-radiokulturhaus\/\",\"name\":\"Lesung von Franz Schuh: \u201eEin Mann ohne Beschwerden\u201c am 12.4. im ORF RadioKulturhaus - Kultur Online TV &amp; FM\",\"isPartOf\":{\"@id\":\"https:\/\/kulturonline.tv\/at\/#website\"},\"primaryImageOfPage\":{\"@id\":\"https:\/\/kulturonline.tv\/at\/lesung-von-franz-schuh-ein-mann-ohne-beschwerden-am-12-4-im-orf-radiokulturhaus\/#primaryimage\"},\"image\":{\"@id\":\"https:\/\/kulturonline.tv\/at\/lesung-von-franz-schuh-ein-mann-ohne-beschwerden-am-12-4-im-orf-radiokulturhaus\/#primaryimage\"},\"thumbnailUrl\":\"https:\/\/kulturonline.tv\/wp-content\/uploads\/2024\/04\/Franz_Schuh_O-Toene2008a-1.jpg\",\"datePublished\":\"2024-04-09T19:31:58+00:00\",\"dateModified\":\"2024-04-09T19:32:00+00:00\",\"description\":\"Der Wiener Literat und Philosoph liest aus seinem neuen Buch, musikalisch umrahmt wird der Abend von Pianistin Suyang Kim und Saxofonist Bernhard Parkfrieder.\",\"breadcrumb\":{\"@id\":\"https:\/\/kulturonline.tv\/at\/lesung-von-franz-schuh-ein-mann-ohne-beschwerden-am-12-4-im-orf-radiokulturhaus\/#breadcrumb\"},\"inLanguage\":\"de-AT\",\"potentialAction\":[{\"@type\":\"ReadAction\",\"target\":[\"https:\/\/kulturonline.tv\/at\/lesung-von-franz-schuh-ein-mann-ohne-beschwerden-am-12-4-im-orf-radiokulturhaus\/\"]}]},{\"@type\":\"ImageObject\",\"inLanguage\":\"de-AT\",\"@id\":\"https:\/\/kulturonline.tv\/at\/lesung-von-franz-schuh-ein-mann-ohne-beschwerden-am-12-4-im-orf-radiokulturhaus\/#primaryimage\",\"url\":\"https:\/\/kulturonline.tv\/wp-content\/uploads\/2024\/04\/Franz_Schuh_O-Toene2008a-1.jpg\",\"contentUrl\":\"https:\/\/kulturonline.tv\/wp-content\/uploads\/2024\/04\/Franz_Schuh_O-Toene2008a-1.jpg\",\"width\":425,\"height\":239,\"caption\":\"Author Franz Schuh, reading from his works at the literary festival O-T\u00f6ne at the MuseumsQuartier in Vienna, Austria.\"},{\"@type\":\"BreadcrumbList\",\"@id\":\"https:\/\/kulturonline.tv\/at\/lesung-von-franz-schuh-ein-mann-ohne-beschwerden-am-12-4-im-orf-radiokulturhaus\/#breadcrumb\",\"itemListElement\":[{\"@type\":\"ListItem\",\"position\":1,\"name\":\"Startseite\",\"item\":\"https:\/\/kulturonline.tv\/at\/\"},{\"@type\":\"ListItem\",\"position\":2,\"name\":\"Lesung von Franz Schuh: \u201eEin Mann ohne Beschwerden\u201c am 12.4. im ORF RadioKulturhaus\"}]},{\"@type\":\"WebSite\",\"@id\":\"https:\/\/kulturonline.tv\/at\/#website\",\"url\":\"https:\/\/kulturonline.tv\/at\/\",\"name\":\"Kultur Online TV &amp; FM\",\"description\":\"Wir sind Kultur 2.0 zum sehen &amp; h\u00f6ren\",\"publisher\":{\"@id\":\"https:\/\/kulturonline.tv\/at\/#organization\"},\"potentialAction\":[{\"@type\":\"SearchAction\",\"target\":{\"@type\":\"EntryPoint\",\"urlTemplate\":\"https:\/\/kulturonline.tv\/at\/?s={search_term_string}\"},\"query-input\":{\"@type\":\"PropertyValueSpecification\",\"valueRequired\":true,\"valueName\":\"search_term_string\"}}],\"inLanguage\":\"de-AT\"},{\"@type\":\"Organization\",\"@id\":\"https:\/\/kulturonline.tv\/at\/#organization\",\"name\":\"Kultur Online TV\",\"url\":\"https:\/\/kulturonline.tv\/at\/\",\"logo\":{\"@type\":\"ImageObject\",\"inLanguage\":\"de-AT\",\"@id\":\"https:\/\/kulturonline.tv\/at\/#\/schema\/logo\/image\/\",\"url\":\"https:\/\/kulturonline.tv\/wp-content\/uploads\/2021\/08\/Kultur-Online-Tv-Logo-Endversion-neu.png\",\"contentUrl\":\"https:\/\/kulturonline.tv\/wp-content\/uploads\/2021\/08\/Kultur-Online-Tv-Logo-Endversion-neu.png\",\"width\":200,\"height\":200,\"caption\":\"Kultur Online TV\"},\"image\":{\"@id\":\"https:\/\/kulturonline.tv\/at\/#\/schema\/logo\/image\/\"},\"sameAs\":[\"https:\/\/www.facebook.com\/kulturonline.tv\",\"https:\/\/www.instagram.com\/kulturonline.tv\"]},{\"@type\":\"Person\",\"@id\":\"https:\/\/kulturonline.tv\/at\/#\/schema\/person\/b0fac729bb9a0c193fb1df23449df4fe\",\"name\":\"guenter.wolfgang\"}]}<\/script>\n<!-- \/ Yoast SEO plugin. -->","yoast_head_json":{"title":"Lesung von Franz Schuh: \u201eEin Mann ohne Beschwerden\u201c am 12.4. im ORF RadioKulturhaus - Kultur Online TV &amp; FM","description":"Der Wiener Literat und Philosoph liest aus seinem neuen Buch, musikalisch umrahmt wird der Abend von Pianistin Suyang Kim und Saxofonist Bernhard Parkfrieder.","robots":{"index":"index","follow":"follow","max-snippet":"max-snippet:-1","max-image-preview":"max-image-preview:large","max-video-preview":"max-video-preview:-1"},"canonical":"https:\/\/kulturonline.tv\/at\/lesung-von-franz-schuh-ein-mann-ohne-beschwerden-am-12-4-im-orf-radiokulturhaus\/","og_locale":"de_DE","og_type":"article","og_title":"Lesung von Franz Schuh: \u201eEin Mann ohne Beschwerden\u201c am 12.4. im ORF RadioKulturhaus - Kultur Online TV &amp; FM","og_description":"Der Wiener Literat und Philosoph liest aus seinem neuen Buch, musikalisch umrahmt wird der Abend von Pianistin Suyang Kim und Saxofonist Bernhard Parkfrieder.","og_url":"https:\/\/kulturonline.tv\/at\/lesung-von-franz-schuh-ein-mann-ohne-beschwerden-am-12-4-im-orf-radiokulturhaus\/","og_site_name":"Kultur Online TV &amp; FM","article_publisher":"https:\/\/www.facebook.com\/kulturonline.tv","article_published_time":"2024-04-09T19:31:58+00:00","article_modified_time":"2024-04-09T19:32:00+00:00","og_image":[{"width":425,"height":239,"url":"https:\/\/kulturonline.tv\/wp-content\/uploads\/2024\/04\/Franz_Schuh_O-Toene2008a-1.jpg","type":"image\/jpeg"}],"author":"guenter.wolfgang","twitter_card":"summary_large_image","twitter_misc":{"Verfasst von":"guenter.wolfgang","Gesch\u00e4tzte Lesezeit":"1 Minute"},"schema":{"@context":"https:\/\/schema.org","@graph":[{"@type":"Article","@id":"https:\/\/kulturonline.tv\/at\/lesung-von-franz-schuh-ein-mann-ohne-beschwerden-am-12-4-im-orf-radiokulturhaus\/#article","isPartOf":{"@id":"https:\/\/kulturonline.tv\/at\/lesung-von-franz-schuh-ein-mann-ohne-beschwerden-am-12-4-im-orf-radiokulturhaus\/"},"author":{"name":"guenter.wolfgang","@id":"https:\/\/kulturonline.tv\/at\/#\/schema\/person\/b0fac729bb9a0c193fb1df23449df4fe"},"headline":"Lesung von Franz Schuh: \u201eEin Mann ohne Beschwerden\u201c am 12.4. im ORF RadioKulturhaus","datePublished":"2024-04-09T19:31:58+00:00","dateModified":"2024-04-09T19:32:00+00:00","mainEntityOfPage":{"@id":"https:\/\/kulturonline.tv\/at\/lesung-von-franz-schuh-ein-mann-ohne-beschwerden-am-12-4-im-orf-radiokulturhaus\/"},"wordCount":229,"commentCount":0,"publisher":{"@id":"https:\/\/kulturonline.tv\/at\/#organization"},"image":{"@id":"https:\/\/kulturonline.tv\/at\/lesung-von-franz-schuh-ein-mann-ohne-beschwerden-am-12-4-im-orf-radiokulturhaus\/#primaryimage"},"thumbnailUrl":"https:\/\/kulturonline.tv\/wp-content\/uploads\/2024\/04\/Franz_Schuh_O-Toene2008a-1.jpg","articleSection":["Literatur"],"inLanguage":"de-AT","potentialAction":[{"@type":"CommentAction","name":"Comment","target":["https:\/\/kulturonline.tv\/at\/lesung-von-franz-schuh-ein-mann-ohne-beschwerden-am-12-4-im-orf-radiokulturhaus\/#respond"]}]},{"@type":"WebPage","@id":"https:\/\/kulturonline.tv\/at\/lesung-von-franz-schuh-ein-mann-ohne-beschwerden-am-12-4-im-orf-radiokulturhaus\/","url":"https:\/\/kulturonline.tv\/at\/lesung-von-franz-schuh-ein-mann-ohne-beschwerden-am-12-4-im-orf-radiokulturhaus\/","name":"Lesung von Franz Schuh: \u201eEin Mann ohne Beschwerden\u201c am 12.4. im ORF RadioKulturhaus - Kultur Online TV &amp; FM","isPartOf":{"@id":"https:\/\/kulturonline.tv\/at\/#website"},"primaryImageOfPage":{"@id":"https:\/\/kulturonline.tv\/at\/lesung-von-franz-schuh-ein-mann-ohne-beschwerden-am-12-4-im-orf-radiokulturhaus\/#primaryimage"},"image":{"@id":"https:\/\/kulturonline.tv\/at\/lesung-von-franz-schuh-ein-mann-ohne-beschwerden-am-12-4-im-orf-radiokulturhaus\/#primaryimage"},"thumbnailUrl":"https:\/\/kulturonline.tv\/wp-content\/uploads\/2024\/04\/Franz_Schuh_O-Toene2008a-1.jpg","datePublished":"2024-04-09T19:31:58+00:00","dateModified":"2024-04-09T19:32:00+00:00","description":"Der Wiener Literat und Philosoph liest aus seinem neuen Buch, musikalisch umrahmt wird der Abend von Pianistin Suyang Kim und Saxofonist Bernhard Parkfrieder.","breadcrumb":{"@id":"https:\/\/kulturonline.tv\/at\/lesung-von-franz-schuh-ein-mann-ohne-beschwerden-am-12-4-im-orf-radiokulturhaus\/#breadcrumb"},"inLanguage":"de-AT","potentialAction":[{"@type":"ReadAction","target":["https:\/\/kulturonline.tv\/at\/lesung-von-franz-schuh-ein-mann-ohne-beschwerden-am-12-4-im-orf-radiokulturhaus\/"]}]},{"@type":"ImageObject","inLanguage":"de-AT","@id":"https:\/\/kulturonline.tv\/at\/lesung-von-franz-schuh-ein-mann-ohne-beschwerden-am-12-4-im-orf-radiokulturhaus\/#primaryimage","url":"https:\/\/kulturonline.tv\/wp-content\/uploads\/2024\/04\/Franz_Schuh_O-Toene2008a-1.jpg","contentUrl":"https:\/\/kulturonline.tv\/wp-content\/uploads\/2024\/04\/Franz_Schuh_O-Toene2008a-1.jpg","width":425,"height":239,"caption":"Author Franz Schuh, reading from his works at the literary festival O-T\u00f6ne at the MuseumsQuartier in Vienna, Austria."},{"@type":"BreadcrumbList","@id":"https:\/\/kulturonline.tv\/at\/lesung-von-franz-schuh-ein-mann-ohne-beschwerden-am-12-4-im-orf-radiokulturhaus\/#breadcrumb","itemListElement":[{"@type":"ListItem","position":1,"name":"Startseite","item":"https:\/\/kulturonline.tv\/at\/"},{"@type":"ListItem","position":2,"name":"Lesung von Franz Schuh: \u201eEin Mann ohne Beschwerden\u201c am 12.4. im ORF RadioKulturhaus"}]},{"@type":"WebSite","@id":"https:\/\/kulturonline.tv\/at\/#website","url":"https:\/\/kulturonline.tv\/at\/","name":"Kultur Online TV &amp; FM","description":"Wir sind Kultur 2.0 zum sehen &amp; h\u00f6ren","publisher":{"@id":"https:\/\/kulturonline.tv\/at\/#organization"},"potentialAction":[{"@type":"SearchAction","target":{"@type":"EntryPoint","urlTemplate":"https:\/\/kulturonline.tv\/at\/?s={search_term_string}"},"query-input":{"@type":"PropertyValueSpecification","valueRequired":true,"valueName":"search_term_string"}}],"inLanguage":"de-AT"},{"@type":"Organization","@id":"https:\/\/kulturonline.tv\/at\/#organization","name":"Kultur Online TV","url":"https:\/\/kulturonline.tv\/at\/","logo":{"@type":"ImageObject","inLanguage":"de-AT","@id":"https:\/\/kulturonline.tv\/at\/#\/schema\/logo\/image\/","url":"https:\/\/kulturonline.tv\/wp-content\/uploads\/2021\/08\/Kultur-Online-Tv-Logo-Endversion-neu.png","contentUrl":"https:\/\/kulturonline.tv\/wp-content\/uploads\/2021\/08\/Kultur-Online-Tv-Logo-Endversion-neu.png","width":200,"height":200,"caption":"Kultur Online TV"},"image":{"@id":"https:\/\/kulturonline.tv\/at\/#\/schema\/logo\/image\/"},"sameAs":["https:\/\/www.facebook.com\/kulturonline.tv","https:\/\/www.instagram.com\/kulturonline.tv"]},{"@type":"Person","@id":"https:\/\/kulturonline.tv\/at\/#\/schema\/person\/b0fac729bb9a0c193fb1df23449df4fe","name":"guenter.wolfgang"}]}},"_links":{"self":[{"href":"https:\/\/kulturonline.tv\/at\/wp-json\/wp\/v2\/posts\/72455","targetHints":{"allow":["GET"]}}],"collection":[{"href":"https:\/\/kulturonline.tv\/at\/wp-json\/wp\/v2\/posts"}],"about":[{"href":"https:\/\/kulturonline.tv\/at\/wp-json\/wp\/v2\/types\/post"}],"author":[{"embeddable":true,"href":"https:\/\/kulturonline.tv\/at\/wp-json\/wp\/v2\/users\/2"}],"replies":[{"embeddable":true,"href":"https:\/\/kulturonline.tv\/at\/wp-json\/wp\/v2\/comments?post=72455"}],"version-history":[{"count":0,"href":"https:\/\/kulturonline.tv\/at\/wp-json\/wp\/v2\/posts\/72455\/revisions"}],"wp:featuredmedia":[{"embeddable":true,"href":"https:\/\/kulturonline.tv\/at\/wp-json\/wp\/v2\/media\/72456"}],"wp:attachment":[{"href":"https:\/\/kulturonline.tv\/at\/wp-json\/wp\/v2\/media?parent=72455"}],"wp:term":[{"taxonomy":"category","embeddable":true,"href":"https:\/\/kulturonline.tv\/at\/wp-json\/wp\/v2\/categories?post=72455"},{"taxonomy":"post_tag","embeddable":true,"href":"https:\/\/kulturonline.tv\/at\/wp-json\/wp\/v2\/tags?post=72455"}],"curies":[{"name":"wp","href":"https:\/\/api.w.org\/{rel}","templated":true}]}}