{"id":75962,"date":"2024-05-11T20:51:19","date_gmt":"2024-05-11T18:51:19","guid":{"rendered":"https:\/\/kulturonline.tv\/uncategorized\/kultur-online-fm-unser-24-7-live-radio-und-podcast"},"modified":"2024-05-11T21:07:20","modified_gmt":"2024-05-11T19:07:20","slug":"kultur-online-fm-unser-24-7-live-radio-und-podcast","status":"publish","type":"post","link":"https:\/\/kulturonline.tv\/at\/kultur-online-fm-unser-24-7-live-radio-und-podcast\/","title":{"rendered":"Unser 24\/7 Live Radio und Podcast"},"content":{"rendered":"\n<figure class=\"wp-block-image size-large\"><a href=\"https:\/\/kulturonline.tv\/de\/live-radio-podcast\"><img fetchpriority=\"high\" decoding=\"async\" width=\"1600\" height=\"901\" src=\"https:\/\/kulturonline.tv\/wp-content\/uploads\/2024\/05\/kultur-online-tv-fm-1600x901.png\" alt=\"\" class=\"wp-image-75959\" srcset=\"https:\/\/kulturonline.tv\/wp-content\/uploads\/2024\/05\/kultur-online-tv-fm-1600x901.png 1600w, https:\/\/kulturonline.tv\/wp-content\/uploads\/2024\/05\/kultur-online-tv-fm-800x451.png 800w, https:\/\/kulturonline.tv\/wp-content\/uploads\/2024\/05\/kultur-online-tv-fm-768x433.png 768w, https:\/\/kulturonline.tv\/wp-content\/uploads\/2024\/05\/kultur-online-tv-fm-1536x865.png 1536w, https:\/\/kulturonline.tv\/wp-content\/uploads\/2024\/05\/kultur-online-tv-fm.png 1640w\" sizes=\"(max-width: 1600px) 100vw, 1600px\" \/><\/a><\/figure>\n\n\n\n<p>Nach dem Motto Kultur zum H\u00f6ren, bieten wir ein 24 Stunden Online Radioprogramm mit aktuellen Beitr\u00e4gen aus Kunst und Kultur, sowie sonstigen Gesellschaftsthemen und Musik abseits vom Mainstream. <\/p>\n\n\n\n<ul class=\"wp-block-list\">\n<li><strong>Spannende Themen und tiefgr\u00fcndige Gespr\u00e4che:<\/strong> Unsere erfahrenen Redakteur<em>innen beleuchten aktuelle Kulturereignisse, interviewen interessante K\u00fcnstler<\/em>innen und Kulturschaffende und diskutieren gesellschaftsrelevante Themen.<\/li>\n\n\n\n<li><strong>Vielfalt f\u00fcr jeden Geschmack:<\/strong> Ob du dich f\u00fcr bildende Kunst, Musik, Literatur, Theater, Film, Geschichte, Philosophie oder Politik interessierst \u2013 bei uns findest du garantiert etwas Spannendes.<\/li>\n\n\n\n<li><strong>Entdecke neue Musik:<\/strong> Lass dich von unserer abwechslungsreichen Musikauswahl \u00fcberraschen, die abseits des Mainstreams angesiedelt ist.<\/li>\n\n\n\n<li><strong>Flexibel und immer dabei:<\/strong> H\u00f6re unser Programm wann immer du willst und wo immer du bist \u2013 auf deinem Computer, Smartphone, Tablet oder Smart Speaker.<\/li>\n\n\n\n<li><strong>Alle Beitr\u00e4ge als Podcast:<\/strong> Verpasse keine Sendung! Alle Beitr\u00e4ge sind auch als Podcast zum Nachh\u00f6ren verf\u00fcgbar.<\/li>\n<\/ul>\n\n\n\n<p><strong>Kultur Online TV-FM Radio: Mehr als nur Radio!<\/strong><\/p>\n\n\n\n<ul class=\"wp-block-list\">\n<li><strong>Werde Teil unserer Community:<\/strong> Tausche dich mit anderen H\u00f6rern in unserem Forum und in den sozialen Medien aus.<\/li>\n\n\n\n<li><strong>Entdecke neue K\u00fcnstler*innen und Kulturschaffende:<\/strong> Informiere dich \u00fcber aktuelle Ausstellungen, Veranstaltungen und Festivals in deiner Region.<\/li>\n\n\n\n<li><strong>Unterst\u00fctze unabh\u00e4ngige Kultur:<\/strong> Mit dem H\u00f6ren unseres Programms tr\u00e4gst du zur F\u00f6rderung der freien Kulturszene bei.<\/li>\n<\/ul>\n\n\n\n<p><\/p>\n","protected":false},"excerpt":{"rendered":"<p>Nach dem Motto Kultur zum H\u00f6ren, bieten wir ein 24 Stunden Online Radioprogramm mit aktuellen Beitr\u00e4gen aus Kunst und Kultur, sowie sonstigen Gesellschaftsthemen und Musik abseits vom Mainstream. Kultur Online TV-FM Radio: Mehr als nur Radio!<\/p>\n","protected":false},"author":2,"featured_media":75960,"comment_status":"open","ping_status":"closed","sticky":false,"template":"","format":"standard","meta":{"_acf_changed":false,"footnotes":""},"categories":[625],"tags":[],"class_list":["post-75962","post","type-post","status-publish","format-standard","has-post-thumbnail","hentry","category-ueber-kultur-online-fm-at"],"acf":[],"yoast_head":"<!-- This site is optimized with the Yoast SEO plugin v26.1.1 - https:\/\/yoast.com\/wordpress\/plugins\/seo\/ -->\n<title>Unser 24\/7 Live Radio und Podcast - Kultur Online TV &amp; FM<\/title>\n<meta name=\"description\" content=\"Kultur sehen und H\u00f6ren\" \/>\n<meta name=\"robots\" content=\"index, follow, max-snippet:-1, max-image-preview:large, max-video-preview:-1\" \/>\n<link rel=\"canonical\" href=\"https:\/\/kulturonline.tv\/at\/kultur-online-fm-unser-24-7-live-radio-und-podcast\/\" \/>\n<meta property=\"og:locale\" content=\"de_DE\" \/>\n<meta property=\"og:type\" content=\"article\" \/>\n<meta property=\"og:title\" content=\"Unser 24\/7 Live Radio und Podcast - Kultur Online TV &amp; FM\" \/>\n<meta property=\"og:description\" content=\"Kultur sehen und H\u00f6ren\" \/>\n<meta property=\"og:url\" content=\"https:\/\/kulturonline.tv\/at\/kultur-online-fm-unser-24-7-live-radio-und-podcast\/\" \/>\n<meta property=\"og:site_name\" content=\"Kultur Online TV &amp; FM\" \/>\n<meta property=\"article:publisher\" content=\"https:\/\/www.facebook.com\/kulturonline.tv\" \/>\n<meta property=\"article:published_time\" content=\"2024-05-11T18:51:19+00:00\" \/>\n<meta property=\"article:modified_time\" content=\"2024-05-11T19:07:20+00:00\" \/>\n<meta property=\"og:image\" content=\"https:\/\/kulturonline.tv\/wp-content\/uploads\/2024\/05\/kultur-online-tv-fm.png\" \/>\n\t<meta property=\"og:image:width\" content=\"1640\" \/>\n\t<meta property=\"og:image:height\" content=\"924\" \/>\n\t<meta property=\"og:image:type\" content=\"image\/png\" \/>\n<meta name=\"author\" content=\"guenter.wolfgang\" \/>\n<meta name=\"twitter:card\" content=\"summary_large_image\" \/>\n<meta name=\"twitter:label1\" content=\"Verfasst von\" \/>\n\t<meta name=\"twitter:data1\" content=\"guenter.wolfgang\" \/>\n\t<meta name=\"twitter:label2\" content=\"Gesch\u00e4tzte Lesezeit\" \/>\n\t<meta name=\"twitter:data2\" content=\"1 Minute\" \/>\n<script type=\"application\/ld+json\" class=\"yoast-schema-graph\">{\"@context\":\"https:\/\/schema.org\",\"@graph\":[{\"@type\":\"Article\",\"@id\":\"https:\/\/kulturonline.tv\/at\/kultur-online-fm-unser-24-7-live-radio-und-podcast\/#article\",\"isPartOf\":{\"@id\":\"https:\/\/kulturonline.tv\/at\/kultur-online-fm-unser-24-7-live-radio-und-podcast\/\"},\"author\":{\"name\":\"guenter.wolfgang\",\"@id\":\"https:\/\/kulturonline.tv\/at\/#\/schema\/person\/b0fac729bb9a0c193fb1df23449df4fe\"},\"headline\":\"Unser 24\/7 Live Radio und Podcast\",\"datePublished\":\"2024-05-11T18:51:19+00:00\",\"dateModified\":\"2024-05-11T19:07:20+00:00\",\"mainEntityOfPage\":{\"@id\":\"https:\/\/kulturonline.tv\/at\/kultur-online-fm-unser-24-7-live-radio-und-podcast\/\"},\"wordCount\":212,\"commentCount\":0,\"publisher\":{\"@id\":\"https:\/\/kulturonline.tv\/at\/#organization\"},\"image\":{\"@id\":\"https:\/\/kulturonline.tv\/at\/kultur-online-fm-unser-24-7-live-radio-und-podcast\/#primaryimage\"},\"thumbnailUrl\":\"https:\/\/kulturonline.tv\/wp-content\/uploads\/2024\/05\/kultur-online-tv-fm.png\",\"articleSection\":[\"\u00dcber Kultur Online FM\"],\"inLanguage\":\"de-AT\",\"potentialAction\":[{\"@type\":\"CommentAction\",\"name\":\"Comment\",\"target\":[\"https:\/\/kulturonline.tv\/at\/kultur-online-fm-unser-24-7-live-radio-und-podcast\/#respond\"]}]},{\"@type\":\"WebPage\",\"@id\":\"https:\/\/kulturonline.tv\/at\/kultur-online-fm-unser-24-7-live-radio-und-podcast\/\",\"url\":\"https:\/\/kulturonline.tv\/at\/kultur-online-fm-unser-24-7-live-radio-und-podcast\/\",\"name\":\"Unser 24\/7 Live Radio und Podcast - Kultur Online TV &amp; FM\",\"isPartOf\":{\"@id\":\"https:\/\/kulturonline.tv\/at\/#website\"},\"primaryImageOfPage\":{\"@id\":\"https:\/\/kulturonline.tv\/at\/kultur-online-fm-unser-24-7-live-radio-und-podcast\/#primaryimage\"},\"image\":{\"@id\":\"https:\/\/kulturonline.tv\/at\/kultur-online-fm-unser-24-7-live-radio-und-podcast\/#primaryimage\"},\"thumbnailUrl\":\"https:\/\/kulturonline.tv\/wp-content\/uploads\/2024\/05\/kultur-online-tv-fm.png\",\"datePublished\":\"2024-05-11T18:51:19+00:00\",\"dateModified\":\"2024-05-11T19:07:20+00:00\",\"description\":\"Kultur sehen und H\u00f6ren\",\"breadcrumb\":{\"@id\":\"https:\/\/kulturonline.tv\/at\/kultur-online-fm-unser-24-7-live-radio-und-podcast\/#breadcrumb\"},\"inLanguage\":\"de-AT\",\"potentialAction\":[{\"@type\":\"ReadAction\",\"target\":[\"https:\/\/kulturonline.tv\/at\/kultur-online-fm-unser-24-7-live-radio-und-podcast\/\"]}]},{\"@type\":\"ImageObject\",\"inLanguage\":\"de-AT\",\"@id\":\"https:\/\/kulturonline.tv\/at\/kultur-online-fm-unser-24-7-live-radio-und-podcast\/#primaryimage\",\"url\":\"https:\/\/kulturonline.tv\/wp-content\/uploads\/2024\/05\/kultur-online-tv-fm.png\",\"contentUrl\":\"https:\/\/kulturonline.tv\/wp-content\/uploads\/2024\/05\/kultur-online-tv-fm.png\",\"width\":1640,\"height\":924},{\"@type\":\"BreadcrumbList\",\"@id\":\"https:\/\/kulturonline.tv\/at\/kultur-online-fm-unser-24-7-live-radio-und-podcast\/#breadcrumb\",\"itemListElement\":[{\"@type\":\"ListItem\",\"position\":1,\"name\":\"Startseite\",\"item\":\"https:\/\/kulturonline.tv\/at\/\"},{\"@type\":\"ListItem\",\"position\":2,\"name\":\"Unser 24\/7 Live Radio und Podcast\"}]},{\"@type\":\"WebSite\",\"@id\":\"https:\/\/kulturonline.tv\/at\/#website\",\"url\":\"https:\/\/kulturonline.tv\/at\/\",\"name\":\"Kultur Online TV &amp; FM\",\"description\":\"Wir sind Kultur 2.0 zum sehen &amp; h\u00f6ren\",\"publisher\":{\"@id\":\"https:\/\/kulturonline.tv\/at\/#organization\"},\"potentialAction\":[{\"@type\":\"SearchAction\",\"target\":{\"@type\":\"EntryPoint\",\"urlTemplate\":\"https:\/\/kulturonline.tv\/at\/?s={search_term_string}\"},\"query-input\":{\"@type\":\"PropertyValueSpecification\",\"valueRequired\":true,\"valueName\":\"search_term_string\"}}],\"inLanguage\":\"de-AT\"},{\"@type\":\"Organization\",\"@id\":\"https:\/\/kulturonline.tv\/at\/#organization\",\"name\":\"Kultur Online TV\",\"url\":\"https:\/\/kulturonline.tv\/at\/\",\"logo\":{\"@type\":\"ImageObject\",\"inLanguage\":\"de-AT\",\"@id\":\"https:\/\/kulturonline.tv\/at\/#\/schema\/logo\/image\/\",\"url\":\"https:\/\/kulturonline.tv\/wp-content\/uploads\/2021\/08\/Kultur-Online-Tv-Logo-Endversion-neu.png\",\"contentUrl\":\"https:\/\/kulturonline.tv\/wp-content\/uploads\/2021\/08\/Kultur-Online-Tv-Logo-Endversion-neu.png\",\"width\":200,\"height\":200,\"caption\":\"Kultur Online TV\"},\"image\":{\"@id\":\"https:\/\/kulturonline.tv\/at\/#\/schema\/logo\/image\/\"},\"sameAs\":[\"https:\/\/www.facebook.com\/kulturonline.tv\",\"https:\/\/www.instagram.com\/kulturonline.tv\"]},{\"@type\":\"Person\",\"@id\":\"https:\/\/kulturonline.tv\/at\/#\/schema\/person\/b0fac729bb9a0c193fb1df23449df4fe\",\"name\":\"guenter.wolfgang\"}]}<\/script>\n<!-- \/ Yoast SEO plugin. -->","yoast_head_json":{"title":"Unser 24\/7 Live Radio und Podcast - Kultur Online TV &amp; FM","description":"Kultur sehen und H\u00f6ren","robots":{"index":"index","follow":"follow","max-snippet":"max-snippet:-1","max-image-preview":"max-image-preview:large","max-video-preview":"max-video-preview:-1"},"canonical":"https:\/\/kulturonline.tv\/at\/kultur-online-fm-unser-24-7-live-radio-und-podcast\/","og_locale":"de_DE","og_type":"article","og_title":"Unser 24\/7 Live Radio und Podcast - Kultur Online TV &amp; FM","og_description":"Kultur sehen und H\u00f6ren","og_url":"https:\/\/kulturonline.tv\/at\/kultur-online-fm-unser-24-7-live-radio-und-podcast\/","og_site_name":"Kultur Online TV &amp; FM","article_publisher":"https:\/\/www.facebook.com\/kulturonline.tv","article_published_time":"2024-05-11T18:51:19+00:00","article_modified_time":"2024-05-11T19:07:20+00:00","og_image":[{"width":1640,"height":924,"url":"https:\/\/kulturonline.tv\/wp-content\/uploads\/2024\/05\/kultur-online-tv-fm.png","type":"image\/png"}],"author":"guenter.wolfgang","twitter_card":"summary_large_image","twitter_misc":{"Verfasst von":"guenter.wolfgang","Gesch\u00e4tzte Lesezeit":"1 Minute"},"schema":{"@context":"https:\/\/schema.org","@graph":[{"@type":"Article","@id":"https:\/\/kulturonline.tv\/at\/kultur-online-fm-unser-24-7-live-radio-und-podcast\/#article","isPartOf":{"@id":"https:\/\/kulturonline.tv\/at\/kultur-online-fm-unser-24-7-live-radio-und-podcast\/"},"author":{"name":"guenter.wolfgang","@id":"https:\/\/kulturonline.tv\/at\/#\/schema\/person\/b0fac729bb9a0c193fb1df23449df4fe"},"headline":"Unser 24\/7 Live Radio und Podcast","datePublished":"2024-05-11T18:51:19+00:00","dateModified":"2024-05-11T19:07:20+00:00","mainEntityOfPage":{"@id":"https:\/\/kulturonline.tv\/at\/kultur-online-fm-unser-24-7-live-radio-und-podcast\/"},"wordCount":212,"commentCount":0,"publisher":{"@id":"https:\/\/kulturonline.tv\/at\/#organization"},"image":{"@id":"https:\/\/kulturonline.tv\/at\/kultur-online-fm-unser-24-7-live-radio-und-podcast\/#primaryimage"},"thumbnailUrl":"https:\/\/kulturonline.tv\/wp-content\/uploads\/2024\/05\/kultur-online-tv-fm.png","articleSection":["\u00dcber Kultur Online FM"],"inLanguage":"de-AT","potentialAction":[{"@type":"CommentAction","name":"Comment","target":["https:\/\/kulturonline.tv\/at\/kultur-online-fm-unser-24-7-live-radio-und-podcast\/#respond"]}]},{"@type":"WebPage","@id":"https:\/\/kulturonline.tv\/at\/kultur-online-fm-unser-24-7-live-radio-und-podcast\/","url":"https:\/\/kulturonline.tv\/at\/kultur-online-fm-unser-24-7-live-radio-und-podcast\/","name":"Unser 24\/7 Live Radio und Podcast - Kultur Online TV &amp; FM","isPartOf":{"@id":"https:\/\/kulturonline.tv\/at\/#website"},"primaryImageOfPage":{"@id":"https:\/\/kulturonline.tv\/at\/kultur-online-fm-unser-24-7-live-radio-und-podcast\/#primaryimage"},"image":{"@id":"https:\/\/kulturonline.tv\/at\/kultur-online-fm-unser-24-7-live-radio-und-podcast\/#primaryimage"},"thumbnailUrl":"https:\/\/kulturonline.tv\/wp-content\/uploads\/2024\/05\/kultur-online-tv-fm.png","datePublished":"2024-05-11T18:51:19+00:00","dateModified":"2024-05-11T19:07:20+00:00","description":"Kultur sehen und H\u00f6ren","breadcrumb":{"@id":"https:\/\/kulturonline.tv\/at\/kultur-online-fm-unser-24-7-live-radio-und-podcast\/#breadcrumb"},"inLanguage":"de-AT","potentialAction":[{"@type":"ReadAction","target":["https:\/\/kulturonline.tv\/at\/kultur-online-fm-unser-24-7-live-radio-und-podcast\/"]}]},{"@type":"ImageObject","inLanguage":"de-AT","@id":"https:\/\/kulturonline.tv\/at\/kultur-online-fm-unser-24-7-live-radio-und-podcast\/#primaryimage","url":"https:\/\/kulturonline.tv\/wp-content\/uploads\/2024\/05\/kultur-online-tv-fm.png","contentUrl":"https:\/\/kulturonline.tv\/wp-content\/uploads\/2024\/05\/kultur-online-tv-fm.png","width":1640,"height":924},{"@type":"BreadcrumbList","@id":"https:\/\/kulturonline.tv\/at\/kultur-online-fm-unser-24-7-live-radio-und-podcast\/#breadcrumb","itemListElement":[{"@type":"ListItem","position":1,"name":"Startseite","item":"https:\/\/kulturonline.tv\/at\/"},{"@type":"ListItem","position":2,"name":"Unser 24\/7 Live Radio und Podcast"}]},{"@type":"WebSite","@id":"https:\/\/kulturonline.tv\/at\/#website","url":"https:\/\/kulturonline.tv\/at\/","name":"Kultur Online TV &amp; FM","description":"Wir sind Kultur 2.0 zum sehen &amp; h\u00f6ren","publisher":{"@id":"https:\/\/kulturonline.tv\/at\/#organization"},"potentialAction":[{"@type":"SearchAction","target":{"@type":"EntryPoint","urlTemplate":"https:\/\/kulturonline.tv\/at\/?s={search_term_string}"},"query-input":{"@type":"PropertyValueSpecification","valueRequired":true,"valueName":"search_term_string"}}],"inLanguage":"de-AT"},{"@type":"Organization","@id":"https:\/\/kulturonline.tv\/at\/#organization","name":"Kultur Online TV","url":"https:\/\/kulturonline.tv\/at\/","logo":{"@type":"ImageObject","inLanguage":"de-AT","@id":"https:\/\/kulturonline.tv\/at\/#\/schema\/logo\/image\/","url":"https:\/\/kulturonline.tv\/wp-content\/uploads\/2021\/08\/Kultur-Online-Tv-Logo-Endversion-neu.png","contentUrl":"https:\/\/kulturonline.tv\/wp-content\/uploads\/2021\/08\/Kultur-Online-Tv-Logo-Endversion-neu.png","width":200,"height":200,"caption":"Kultur Online TV"},"image":{"@id":"https:\/\/kulturonline.tv\/at\/#\/schema\/logo\/image\/"},"sameAs":["https:\/\/www.facebook.com\/kulturonline.tv","https:\/\/www.instagram.com\/kulturonline.tv"]},{"@type":"Person","@id":"https:\/\/kulturonline.tv\/at\/#\/schema\/person\/b0fac729bb9a0c193fb1df23449df4fe","name":"guenter.wolfgang"}]}},"_links":{"self":[{"href":"https:\/\/kulturonline.tv\/at\/wp-json\/wp\/v2\/posts\/75962","targetHints":{"allow":["GET"]}}],"collection":[{"href":"https:\/\/kulturonline.tv\/at\/wp-json\/wp\/v2\/posts"}],"about":[{"href":"https:\/\/kulturonline.tv\/at\/wp-json\/wp\/v2\/types\/post"}],"author":[{"embeddable":true,"href":"https:\/\/kulturonline.tv\/at\/wp-json\/wp\/v2\/users\/2"}],"replies":[{"embeddable":true,"href":"https:\/\/kulturonline.tv\/at\/wp-json\/wp\/v2\/comments?post=75962"}],"version-history":[{"count":0,"href":"https:\/\/kulturonline.tv\/at\/wp-json\/wp\/v2\/posts\/75962\/revisions"}],"wp:featuredmedia":[{"embeddable":true,"href":"https:\/\/kulturonline.tv\/at\/wp-json\/wp\/v2\/media\/75960"}],"wp:attachment":[{"href":"https:\/\/kulturonline.tv\/at\/wp-json\/wp\/v2\/media?parent=75962"}],"wp:term":[{"taxonomy":"category","embeddable":true,"href":"https:\/\/kulturonline.tv\/at\/wp-json\/wp\/v2\/categories?post=75962"},{"taxonomy":"post_tag","embeddable":true,"href":"https:\/\/kulturonline.tv\/at\/wp-json\/wp\/v2\/tags?post=75962"}],"curies":[{"name":"wp","href":"https:\/\/api.w.org\/{rel}","templated":true}]}}